{"id":111271,"date":"2024-10-08T09:46:18","date_gmt":"2024-10-08T08:46:18","guid":{"rendered":"https:\/\/www.altominho.tv\/site\/?p=111271"},"modified":"2024-10-08T09:46:20","modified_gmt":"2024-10-08T08:46:20","slug":"ponte-de-lima-teatro-musica","status":"publish","type":"post","link":"https:\/\/www.altominho.tv\/site\/2024\/10\/08\/ponte-de-lima-teatro-musica\/","title":{"rendered":"Teatro Diogo Bernardes apresenta o espet\u00e1culo &#8220;Ac\u00fastico&#8221; dos Quinta do Bill a 26 de outubro"},"content":{"rendered":"\n<p>No dia 26 de outubro de 2024, \u00e0s 21h30, o Teatro Diogo Bernardes em Ponte de Lima, vai apresentar o espet\u00e1culo de m\u00fasica &#8220;Ac\u00fastico&#8221;, dos Quinta do Bill.<\/p>\n\n\n\n<p>O espa\u00e7o centen\u00e1rio, apresenta o grupo num formato &#8220;\u00fanico&#8221; que cruza &#8220;a emo\u00e7\u00e3o do ac\u00fastico com a energia do folk e do rock, a Quinta do Bill leva para palco um alinhamento exclusivo&#8221;.<\/p>\n\n\n\n<p>Em ac\u00fastico, num ambiente de maior proximidade entre a banda e o p\u00fablico, os Quinta do Bill &#8220;levam-nos numa viagem por can\u00e7\u00f5es intemporais que fazem parte da nossa vida&#8221;.<\/p>\n\n\n\n<p>Para al\u00e9m dos cl\u00e1ssicos como &#8220;Filhos da Na\u00e7\u00e3o&#8221;, &#8220;Se Te Amo, &#8220;Voa, voa&#8221; ou &#8220;Menino&#8221;, &#8220;a banda leva para palco alguns temas que ganham o seu espa\u00e7o neste concerto de maior proximidade&#8221;.<\/p>\n\n\n\n<p>Os bilhetes t\u00eam um pre\u00e7o de 5\u20ac.<\/p>\n","protected":false},"excerpt":{"rendered":"<p>No dia 26 de outubro de 2024, \u00e0s 21h30, o Teatro Diogo Bernardes em Ponte de Lima, vai apresentar o espet\u00e1culo de m\u00fasica &#8220;Ac\u00fastico&#8221;, dos Quinta do Bill. O espa\u00e7o centen\u00e1rio, apresenta o grupo num formato &#8220;\u00fanico&#8221; que cruza &#8220;a emo\u00e7\u00e3o do ac\u00fastico com a energia do folk e do rock, a Quinta do Bill [&hellip;]<\/p>\n","protected":false},"author":7,"featured_media":111273,"comment_status":"closed","ping_status":"closed","sticky":false,"template":"","format":"standard","meta":{"_exactmetrics_skip_tracking":false,"_exactmetrics_sitenote_active":false,"_exactmetrics_sitenote_note":"","_exactmetrics_sitenote_category":0,"footnotes":""},"categories":[12],"tags":[19,24],"class_list":["post-111271","post","type-post","status-publish","format-standard","has-post-thumbnail","hentry","category-ponte-de-lima","tag-cultura","tag-lazer"],"yoast_head":"<!-- This site is optimized with the Yoast SEO Premium plugin v27.5 (Yoast SEO v27.5) - https:\/\/yoast.com\/product\/yoast-seo-premium-wordpress\/ -->\n<title>Teatro Diogo Bernardes apresenta o espet\u00e1culo &quot;Ac\u00fastico&quot; dos Quinta do Bill a 26 de outubro<\/title>\n<meta name=\"description\" content=\"O Teatro Diogo Bernardes, em Ponte de Lima, vai apresentar o espet\u00e1culo &quot;Ac\u00fastico&quot;, dos Quinta do Bill, a 26 de outubro.\" \/>\n<meta name=\"robots\" content=\"index, follow, max-snippet:-1, max-image-preview:large, max-video-preview:-1\" \/>\n<link rel=\"canonical\" href=\"https:\/\/www.altominho.tv\/site\/2024\/10\/08\/ponte-de-lima-teatro-musica\/\" \/>\n<meta property=\"og:locale\" content=\"pt_PT\" \/>\n<meta property=\"og:type\" content=\"article\" \/>\n<meta property=\"og:title\" content=\"Teatro Diogo Bernardes apresenta o espet\u00e1culo &quot;Ac\u00fastico&quot; dos Quinta do Bill a 26 de outubro\" \/>\n<meta property=\"og:description\" content=\"O Teatro Diogo Bernardes, em Ponte de Lima, vai apresentar o espet\u00e1culo &quot;Ac\u00fastico&quot;, dos Quinta do Bill, a 26 de outubro.\" \/>\n<meta property=\"og:url\" content=\"https:\/\/www.altominho.tv\/site\/2024\/10\/08\/ponte-de-lima-teatro-musica\/\" \/>\n<meta property=\"og:site_name\" content=\"Altominho.tv\" \/>\n<meta property=\"article:publisher\" content=\"https:\/\/www.facebook.com\/altominhotv\" \/>\n<meta property=\"article:published_time\" content=\"2024-10-08T08:46:18+00:00\" \/>\n<meta property=\"article:modified_time\" content=\"2024-10-08T08:46:20+00:00\" \/>\n<meta property=\"og:image\" content=\"https:\/\/www.altominho.tv\/site\/wp-content\/uploads\/2024\/10\/quinta-do-bill.png\" \/>\n\t<meta property=\"og:image:width\" content=\"1140\" \/>\n\t<meta property=\"og:image:height\" content=\"700\" \/>\n\t<meta property=\"og:image:type\" content=\"image\/png\" \/>\n<meta name=\"author\" content=\"Andreia Cunha\" \/>\n<meta name=\"twitter:card\" content=\"summary_large_image\" \/>\n<meta name=\"twitter:creator\" content=\"@altominhoTV\" \/>\n<meta name=\"twitter:site\" content=\"@altominhoTV\" \/>\n<meta name=\"twitter:label1\" content=\"Escrito por\" \/>\n\t<meta name=\"twitter:data1\" content=\"Andreia Cunha\" \/>\n\t<meta name=\"twitter:label2\" content=\"Tempo estimado de leitura\" \/>\n\t<meta name=\"twitter:data2\" content=\"1 minuto\" \/>\n<script type=\"application\/ld+json\" class=\"yoast-schema-graph\">{\"@context\":\"https:\\\/\\\/schema.org\",\"@graph\":[{\"@type\":\"Article\",\"@id\":\"https:\\\/\\\/www.altominho.tv\\\/site\\\/2024\\\/10\\\/08\\\/ponte-de-lima-teatro-musica\\\/#article\",\"isPartOf\":{\"@id\":\"https:\\\/\\\/www.altominho.tv\\\/site\\\/2024\\\/10\\\/08\\\/ponte-de-lima-teatro-musica\\\/\"},\"author\":{\"name\":\"Andreia Cunha\",\"@id\":\"https:\\\/\\\/www.altominho.tv\\\/site\\\/#\\\/schema\\\/person\\\/a0e4ef6d041f98ca284393d8f1d97153\"},\"headline\":\"Teatro Diogo Bernardes apresenta o espet\u00e1culo &#8220;Ac\u00fastico&#8221; dos Quinta do Bill a 26 de outubro\",\"datePublished\":\"2024-10-08T08:46:18+00:00\",\"dateModified\":\"2024-10-08T08:46:20+00:00\",\"mainEntityOfPage\":{\"@id\":\"https:\\\/\\\/www.altominho.tv\\\/site\\\/2024\\\/10\\\/08\\\/ponte-de-lima-teatro-musica\\\/\"},\"wordCount\":158,\"image\":{\"@id\":\"https:\\\/\\\/www.altominho.tv\\\/site\\\/2024\\\/10\\\/08\\\/ponte-de-lima-teatro-musica\\\/#primaryimage\"},\"thumbnailUrl\":\"https:\\\/\\\/www.altominho.tv\\\/site\\\/wp-content\\\/uploads\\\/2024\\\/10\\\/quinta-do-bill.png\",\"keywords\":[\"Cultura\",\"Lazer\"],\"articleSection\":[\"Ponte de Lima\"],\"inLanguage\":\"pt-PT\",\"copyrightYear\":\"2024\",\"copyrightHolder\":{\"@id\":\"https:\\\/\\\/www.altominho.tv\\\/site\\\/#organization\"}},{\"@type\":\"WebPage\",\"@id\":\"https:\\\/\\\/www.altominho.tv\\\/site\\\/2024\\\/10\\\/08\\\/ponte-de-lima-teatro-musica\\\/\",\"url\":\"https:\\\/\\\/www.altominho.tv\\\/site\\\/2024\\\/10\\\/08\\\/ponte-de-lima-teatro-musica\\\/\",\"name\":\"Teatro Diogo Bernardes apresenta o espet\u00e1culo \\\"Ac\u00fastico\\\" dos Quinta do Bill a 26 de outubro\",\"isPartOf\":{\"@id\":\"https:\\\/\\\/www.altominho.tv\\\/site\\\/#website\"},\"primaryImageOfPage\":{\"@id\":\"https:\\\/\\\/www.altominho.tv\\\/site\\\/2024\\\/10\\\/08\\\/ponte-de-lima-teatro-musica\\\/#primaryimage\"},\"image\":{\"@id\":\"https:\\\/\\\/www.altominho.tv\\\/site\\\/2024\\\/10\\\/08\\\/ponte-de-lima-teatro-musica\\\/#primaryimage\"},\"thumbnailUrl\":\"https:\\\/\\\/www.altominho.tv\\\/site\\\/wp-content\\\/uploads\\\/2024\\\/10\\\/quinta-do-bill.png\",\"datePublished\":\"2024-10-08T08:46:18+00:00\",\"dateModified\":\"2024-10-08T08:46:20+00:00\",\"author\":{\"@id\":\"https:\\\/\\\/www.altominho.tv\\\/site\\\/#\\\/schema\\\/person\\\/a0e4ef6d041f98ca284393d8f1d97153\"},\"description\":\"O Teatro Diogo Bernardes, em Ponte de Lima, vai apresentar o espet\u00e1culo \\\"Ac\u00fastico\\\", dos Quinta do Bill, a 26 de outubro.\",\"breadcrumb\":{\"@id\":\"https:\\\/\\\/www.altominho.tv\\\/site\\\/2024\\\/10\\\/08\\\/ponte-de-lima-teatro-musica\\\/#breadcrumb\"},\"inLanguage\":\"pt-PT\",\"potentialAction\":[{\"@type\":\"ReadAction\",\"target\":[\"https:\\\/\\\/www.altominho.tv\\\/site\\\/2024\\\/10\\\/08\\\/ponte-de-lima-teatro-musica\\\/\"]}]},{\"@type\":\"ImageObject\",\"inLanguage\":\"pt-PT\",\"@id\":\"https:\\\/\\\/www.altominho.tv\\\/site\\\/2024\\\/10\\\/08\\\/ponte-de-lima-teatro-musica\\\/#primaryimage\",\"url\":\"https:\\\/\\\/www.altominho.tv\\\/site\\\/wp-content\\\/uploads\\\/2024\\\/10\\\/quinta-do-bill.png\",\"contentUrl\":\"https:\\\/\\\/www.altominho.tv\\\/site\\\/wp-content\\\/uploads\\\/2024\\\/10\\\/quinta-do-bill.png\",\"width\":1140,\"height\":700},{\"@type\":\"BreadcrumbList\",\"@id\":\"https:\\\/\\\/www.altominho.tv\\\/site\\\/2024\\\/10\\\/08\\\/ponte-de-lima-teatro-musica\\\/#breadcrumb\",\"itemListElement\":[{\"@type\":\"ListItem\",\"position\":1,\"name\":\"In\u00edcio\",\"item\":\"https:\\\/\\\/www.altominho.tv\\\/site\\\/\"},{\"@type\":\"ListItem\",\"position\":2,\"name\":\"Teatro Diogo Bernardes apresenta o espet\u00e1culo &#8220;Ac\u00fastico&#8221; dos Quinta do Bill a 26 de outubro\"}]},{\"@type\":\"WebSite\",\"@id\":\"https:\\\/\\\/www.altominho.tv\\\/site\\\/#website\",\"url\":\"https:\\\/\\\/www.altominho.tv\\\/site\\\/\",\"name\":\"Altominho.tv\",\"description\":\"A sua regi\u00e3o \u00e0 dist\u00e2ncia de um clique...\",\"potentialAction\":[{\"@type\":\"SearchAction\",\"target\":{\"@type\":\"EntryPoint\",\"urlTemplate\":\"https:\\\/\\\/www.altominho.tv\\\/site\\\/?s={search_term_string}\"},\"query-input\":{\"@type\":\"PropertyValueSpecification\",\"valueRequired\":true,\"valueName\":\"search_term_string\"}}],\"inLanguage\":\"pt-PT\"},{\"@type\":\"Person\",\"@id\":\"https:\\\/\\\/www.altominho.tv\\\/site\\\/#\\\/schema\\\/person\\\/a0e4ef6d041f98ca284393d8f1d97153\",\"name\":\"Andreia Cunha\",\"image\":{\"@type\":\"ImageObject\",\"inLanguage\":\"pt-PT\",\"@id\":\"https:\\\/\\\/www.altominho.tv\\\/site\\\/wp-content\\\/uploads\\\/2017\\\/11\\\/Andreia_Cunha-1-150x150.jpg\",\"url\":\"https:\\\/\\\/www.altominho.tv\\\/site\\\/wp-content\\\/uploads\\\/2017\\\/11\\\/Andreia_Cunha-1-150x150.jpg\",\"contentUrl\":\"https:\\\/\\\/www.altominho.tv\\\/site\\\/wp-content\\\/uploads\\\/2017\\\/11\\\/Andreia_Cunha-1-150x150.jpg\",\"caption\":\"Andreia Cunha\"},\"url\":\"https:\\\/\\\/www.altominho.tv\\\/site\\\/author\\\/andreiacunha\\\/\"}]}<\/script>\n<!-- \/ Yoast SEO Premium plugin. -->","yoast_head_json":{"title":"Teatro Diogo Bernardes apresenta o espet\u00e1culo \"Ac\u00fastico\" dos Quinta do Bill a 26 de outubro","description":"O Teatro Diogo Bernardes, em Ponte de Lima, vai apresentar o espet\u00e1culo \"Ac\u00fastico\", dos Quinta do Bill, a 26 de outubro.","robots":{"index":"index","follow":"follow","max-snippet":"max-snippet:-1","max-image-preview":"max-image-preview:large","max-video-preview":"max-video-preview:-1"},"canonical":"https:\/\/www.altominho.tv\/site\/2024\/10\/08\/ponte-de-lima-teatro-musica\/","og_locale":"pt_PT","og_type":"article","og_title":"Teatro Diogo Bernardes apresenta o espet\u00e1culo \"Ac\u00fastico\" dos Quinta do Bill a 26 de outubro","og_description":"O Teatro Diogo Bernardes, em Ponte de Lima, vai apresentar o espet\u00e1culo \"Ac\u00fastico\", dos Quinta do Bill, a 26 de outubro.","og_url":"https:\/\/www.altominho.tv\/site\/2024\/10\/08\/ponte-de-lima-teatro-musica\/","og_site_name":"Altominho.tv","article_publisher":"https:\/\/www.facebook.com\/altominhotv","article_published_time":"2024-10-08T08:46:18+00:00","article_modified_time":"2024-10-08T08:46:20+00:00","og_image":[{"width":1140,"height":700,"url":"https:\/\/www.altominho.tv\/site\/wp-content\/uploads\/2024\/10\/quinta-do-bill.png","type":"image\/png"}],"author":"Andreia Cunha","twitter_card":"summary_large_image","twitter_creator":"@altominhoTV","twitter_site":"@altominhoTV","twitter_misc":{"Escrito por":"Andreia Cunha","Tempo estimado de leitura":"1 minuto"},"schema":{"@context":"https:\/\/schema.org","@graph":[{"@type":"Article","@id":"https:\/\/www.altominho.tv\/site\/2024\/10\/08\/ponte-de-lima-teatro-musica\/#article","isPartOf":{"@id":"https:\/\/www.altominho.tv\/site\/2024\/10\/08\/ponte-de-lima-teatro-musica\/"},"author":{"name":"Andreia Cunha","@id":"https:\/\/www.altominho.tv\/site\/#\/schema\/person\/a0e4ef6d041f98ca284393d8f1d97153"},"headline":"Teatro Diogo Bernardes apresenta o espet\u00e1culo &#8220;Ac\u00fastico&#8221; dos Quinta do Bill a 26 de outubro","datePublished":"2024-10-08T08:46:18+00:00","dateModified":"2024-10-08T08:46:20+00:00","mainEntityOfPage":{"@id":"https:\/\/www.altominho.tv\/site\/2024\/10\/08\/ponte-de-lima-teatro-musica\/"},"wordCount":158,"image":{"@id":"https:\/\/www.altominho.tv\/site\/2024\/10\/08\/ponte-de-lima-teatro-musica\/#primaryimage"},"thumbnailUrl":"https:\/\/www.altominho.tv\/site\/wp-content\/uploads\/2024\/10\/quinta-do-bill.png","keywords":["Cultura","Lazer"],"articleSection":["Ponte de Lima"],"inLanguage":"pt-PT","copyrightYear":"2024","copyrightHolder":{"@id":"https:\/\/www.altominho.tv\/site\/#organization"}},{"@type":"WebPage","@id":"https:\/\/www.altominho.tv\/site\/2024\/10\/08\/ponte-de-lima-teatro-musica\/","url":"https:\/\/www.altominho.tv\/site\/2024\/10\/08\/ponte-de-lima-teatro-musica\/","name":"Teatro Diogo Bernardes apresenta o espet\u00e1culo \"Ac\u00fastico\" dos Quinta do Bill a 26 de outubro","isPartOf":{"@id":"https:\/\/www.altominho.tv\/site\/#website"},"primaryImageOfPage":{"@id":"https:\/\/www.altominho.tv\/site\/2024\/10\/08\/ponte-de-lima-teatro-musica\/#primaryimage"},"image":{"@id":"https:\/\/www.altominho.tv\/site\/2024\/10\/08\/ponte-de-lima-teatro-musica\/#primaryimage"},"thumbnailUrl":"https:\/\/www.altominho.tv\/site\/wp-content\/uploads\/2024\/10\/quinta-do-bill.png","datePublished":"2024-10-08T08:46:18+00:00","dateModified":"2024-10-08T08:46:20+00:00","author":{"@id":"https:\/\/www.altominho.tv\/site\/#\/schema\/person\/a0e4ef6d041f98ca284393d8f1d97153"},"description":"O Teatro Diogo Bernardes, em Ponte de Lima, vai apresentar o espet\u00e1culo \"Ac\u00fastico\", dos Quinta do Bill, a 26 de outubro.","breadcrumb":{"@id":"https:\/\/www.altominho.tv\/site\/2024\/10\/08\/ponte-de-lima-teatro-musica\/#breadcrumb"},"inLanguage":"pt-PT","potentialAction":[{"@type":"ReadAction","target":["https:\/\/www.altominho.tv\/site\/2024\/10\/08\/ponte-de-lima-teatro-musica\/"]}]},{"@type":"ImageObject","inLanguage":"pt-PT","@id":"https:\/\/www.altominho.tv\/site\/2024\/10\/08\/ponte-de-lima-teatro-musica\/#primaryimage","url":"https:\/\/www.altominho.tv\/site\/wp-content\/uploads\/2024\/10\/quinta-do-bill.png","contentUrl":"https:\/\/www.altominho.tv\/site\/wp-content\/uploads\/2024\/10\/quinta-do-bill.png","width":1140,"height":700},{"@type":"BreadcrumbList","@id":"https:\/\/www.altominho.tv\/site\/2024\/10\/08\/ponte-de-lima-teatro-musica\/#breadcrumb","itemListElement":[{"@type":"ListItem","position":1,"name":"In\u00edcio","item":"https:\/\/www.altominho.tv\/site\/"},{"@type":"ListItem","position":2,"name":"Teatro Diogo Bernardes apresenta o espet\u00e1culo &#8220;Ac\u00fastico&#8221; dos Quinta do Bill a 26 de outubro"}]},{"@type":"WebSite","@id":"https:\/\/www.altominho.tv\/site\/#website","url":"https:\/\/www.altominho.tv\/site\/","name":"Altominho.tv","description":"A sua regi\u00e3o \u00e0 dist\u00e2ncia de um clique...","potentialAction":[{"@type":"SearchAction","target":{"@type":"EntryPoint","urlTemplate":"https:\/\/www.altominho.tv\/site\/?s={search_term_string}"},"query-input":{"@type":"PropertyValueSpecification","valueRequired":true,"valueName":"search_term_string"}}],"inLanguage":"pt-PT"},{"@type":"Person","@id":"https:\/\/www.altominho.tv\/site\/#\/schema\/person\/a0e4ef6d041f98ca284393d8f1d97153","name":"Andreia Cunha","image":{"@type":"ImageObject","inLanguage":"pt-PT","@id":"https:\/\/www.altominho.tv\/site\/wp-content\/uploads\/2017\/11\/Andreia_Cunha-1-150x150.jpg","url":"https:\/\/www.altominho.tv\/site\/wp-content\/uploads\/2017\/11\/Andreia_Cunha-1-150x150.jpg","contentUrl":"https:\/\/www.altominho.tv\/site\/wp-content\/uploads\/2017\/11\/Andreia_Cunha-1-150x150.jpg","caption":"Andreia Cunha"},"url":"https:\/\/www.altominho.tv\/site\/author\/andreiacunha\/"}]}},"_links":{"self":[{"href":"https:\/\/www.altominho.tv\/site\/wp-json\/wp\/v2\/posts\/111271","targetHints":{"allow":["GET"]}}],"collection":[{"href":"https:\/\/www.altominho.tv\/site\/wp-json\/wp\/v2\/posts"}],"about":[{"href":"https:\/\/www.altominho.tv\/site\/wp-json\/wp\/v2\/types\/post"}],"author":[{"embeddable":true,"href":"https:\/\/www.altominho.tv\/site\/wp-json\/wp\/v2\/users\/7"}],"replies":[{"embeddable":true,"href":"https:\/\/www.altominho.tv\/site\/wp-json\/wp\/v2\/comments?post=111271"}],"version-history":[{"count":1,"href":"https:\/\/www.altominho.tv\/site\/wp-json\/wp\/v2\/posts\/111271\/revisions"}],"predecessor-version":[{"id":111274,"href":"https:\/\/www.altominho.tv\/site\/wp-json\/wp\/v2\/posts\/111271\/revisions\/111274"}],"wp:featuredmedia":[{"embeddable":true,"href":"https:\/\/www.altominho.tv\/site\/wp-json\/wp\/v2\/media\/111273"}],"wp:attachment":[{"href":"https:\/\/www.altominho.tv\/site\/wp-json\/wp\/v2\/media?parent=111271"}],"wp:term":[{"taxonomy":"category","embeddable":true,"href":"https:\/\/www.altominho.tv\/site\/wp-json\/wp\/v2\/categories?post=111271"},{"taxonomy":"post_tag","embeddable":true,"href":"https:\/\/www.altominho.tv\/site\/wp-json\/wp\/v2\/tags?post=111271"}],"curies":[{"name":"wp","href":"https:\/\/api.w.org\/{rel}","templated":true}]}}