{"id":111239,"date":"2024-10-07T16:25:25","date_gmt":"2024-10-07T15:25:25","guid":{"rendered":"https:\/\/www.altominho.tv\/site\/?p=111239"},"modified":"2024-10-07T16:25:28","modified_gmt":"2024-10-07T15:25:28","slug":"circuito-de-surf-semillero-olas-pro-tour-estreia-se-em-viana-do-castelo","status":"publish","type":"post","link":"https:\/\/www.altominho.tv\/site\/2024\/10\/07\/circuito-de-surf-semillero-olas-pro-tour-estreia-se-em-viana-do-castelo\/","title":{"rendered":"Circuito de surf \u201cSemillero Olas Pro Tour\u201d estreia-se em Viana do Castelo"},"content":{"rendered":"<p>O \u201cSemillero Olas Pro Tour\u201d, um dos principais circuitos de surf j\u00fanior da Am\u00e9rica Latina, vai realizar-se este ano, pela primeira na Europa, em Viana do Castelo e na Ericeira, foi hoje divulgado.<\/p>\n<p>Em comunicado, o Surf Clube de Viana (SCV) explica que este Encontro Final do \u201cSemillero Olas Pro Tour 2024\u201d vai decorrer no pr\u00f3ximo fim de semana, na praia do Cabedelo, em Darque, Viana do Castelo e vai ter entre os seus participantes os melhores surfistas juniores latino-americanos.<\/p>\n<p>Esta edi\u00e7\u00e3o portuguesa do circuito \u201cSemillero Olas Pro Tour\u201d da World Surf Cities Network (WSCN), terminar\u00e1 na Ericeira, concelho de Mafra, no dia 18.<\/p>\n","protected":false},"excerpt":{"rendered":"<p>O \u201cSemillero Olas Pro Tour\u201d, um dos principais circuitos de surf j\u00fanior da Am\u00e9rica Latina, vai realizar-se este ano, pela primeira na Europa, em Viana do Castelo e na Ericeira, foi hoje divulgado. Em comunicado, o Surf Clube de Viana (SCV) explica que este Encontro Final do \u201cSemillero Olas Pro Tour 2024\u201d vai decorrer no [&hellip;]<\/p>\n","protected":false},"author":13,"featured_media":111241,"comment_status":"closed","ping_status":"closed","sticky":false,"template":"","format":"standard","meta":{"_exactmetrics_skip_tracking":false,"_exactmetrics_sitenote_active":false,"_exactmetrics_sitenote_note":"","_exactmetrics_sitenote_category":0,"footnotes":""},"categories":[14],"tags":[20],"class_list":["post-111239","post","type-post","status-publish","format-standard","has-post-thumbnail","hentry","category-viana-do-castelo","tag-desporto"],"yoast_head":"<!-- This site is optimized with the Yoast SEO Premium plugin v27.4 (Yoast SEO v27.4) - https:\/\/yoast.com\/product\/yoast-seo-premium-wordpress\/ -->\n<title>Circuito de surf \u201cSemillero Olas Pro Tour\u201d estreia-se em Viana do Castelo<\/title>\n<meta name=\"description\" content=\"O \u201cSemillero Olas Pro Tour\u201d, um dos principais circuitos de surf j\u00fanior da Am\u00e9rica Latina, vai realizar-se este ano, pela primeira na Europa, em Viana do Castelo e na Ericeira, foi hoje divulgado.\" \/>\n<meta name=\"robots\" content=\"index, follow, max-snippet:-1, max-image-preview:large, max-video-preview:-1\" \/>\n<link rel=\"canonical\" href=\"https:\/\/www.altominho.tv\/site\/2024\/10\/07\/circuito-de-surf-semillero-olas-pro-tour-estreia-se-em-viana-do-castelo\/\" \/>\n<meta property=\"og:locale\" content=\"pt_PT\" \/>\n<meta property=\"og:type\" content=\"article\" \/>\n<meta property=\"og:title\" content=\"Circuito de surf \u201cSemillero Olas Pro Tour\u201d estreia-se em Viana do Castelo\" \/>\n<meta property=\"og:description\" content=\"O \u201cSemillero Olas Pro Tour\u201d, um dos principais circuitos de surf j\u00fanior da Am\u00e9rica Latina, vai realizar-se este ano, pela primeira na Europa, em Viana do Castelo e na Ericeira, foi hoje divulgado.\" \/>\n<meta property=\"og:url\" content=\"https:\/\/www.altominho.tv\/site\/2024\/10\/07\/circuito-de-surf-semillero-olas-pro-tour-estreia-se-em-viana-do-castelo\/\" \/>\n<meta property=\"og:site_name\" content=\"Altominho.tv\" \/>\n<meta property=\"article:publisher\" content=\"https:\/\/www.facebook.com\/altominhotv\" \/>\n<meta property=\"article:published_time\" content=\"2024-10-07T15:25:25+00:00\" \/>\n<meta property=\"article:modified_time\" content=\"2024-10-07T15:25:28+00:00\" \/>\n<meta property=\"og:image\" content=\"https:\/\/www.altominho.tv\/site\/wp-content\/uploads\/2024\/10\/surf-viana.jpg\" \/>\n\t<meta property=\"og:image:width\" content=\"2000\" \/>\n\t<meta property=\"og:image:height\" content=\"1125\" \/>\n\t<meta property=\"og:image:type\" content=\"image\/jpeg\" \/>\n<meta name=\"author\" content=\"Lusa\" \/>\n<meta name=\"twitter:card\" content=\"summary_large_image\" \/>\n<meta name=\"twitter:creator\" content=\"@altominhoTV\" \/>\n<meta name=\"twitter:site\" content=\"@altominhoTV\" \/>\n<meta name=\"twitter:label1\" content=\"Escrito por\" \/>\n\t<meta name=\"twitter:data1\" content=\"Lusa\" \/>\n\t<meta name=\"twitter:label2\" content=\"Tempo estimado de leitura\" \/>\n\t<meta name=\"twitter:data2\" content=\"1 minuto\" \/>\n<script type=\"application\/ld+json\" class=\"yoast-schema-graph\">{\"@context\":\"https:\\\/\\\/schema.org\",\"@graph\":[{\"@type\":\"Article\",\"@id\":\"https:\\\/\\\/www.altominho.tv\\\/site\\\/2024\\\/10\\\/07\\\/circuito-de-surf-semillero-olas-pro-tour-estreia-se-em-viana-do-castelo\\\/#article\",\"isPartOf\":{\"@id\":\"https:\\\/\\\/www.altominho.tv\\\/site\\\/2024\\\/10\\\/07\\\/circuito-de-surf-semillero-olas-pro-tour-estreia-se-em-viana-do-castelo\\\/\"},\"author\":{\"name\":\"Lusa\",\"@id\":\"https:\\\/\\\/www.altominho.tv\\\/site\\\/#\\\/schema\\\/person\\\/63f693da3e1899361cbe955c46f3232e\"},\"headline\":\"Circuito de surf \u201cSemillero Olas Pro Tour\u201d estreia-se em Viana do Castelo\",\"datePublished\":\"2024-10-07T15:25:25+00:00\",\"dateModified\":\"2024-10-07T15:25:28+00:00\",\"mainEntityOfPage\":{\"@id\":\"https:\\\/\\\/www.altominho.tv\\\/site\\\/2024\\\/10\\\/07\\\/circuito-de-surf-semillero-olas-pro-tour-estreia-se-em-viana-do-castelo\\\/\"},\"wordCount\":118,\"image\":{\"@id\":\"https:\\\/\\\/www.altominho.tv\\\/site\\\/2024\\\/10\\\/07\\\/circuito-de-surf-semillero-olas-pro-tour-estreia-se-em-viana-do-castelo\\\/#primaryimage\"},\"thumbnailUrl\":\"https:\\\/\\\/www.altominho.tv\\\/site\\\/wp-content\\\/uploads\\\/2024\\\/10\\\/surf-viana.jpg\",\"keywords\":[\"Desporto\"],\"articleSection\":[\"Viana do Castelo\"],\"inLanguage\":\"pt-PT\",\"copyrightYear\":\"2024\",\"copyrightHolder\":{\"@id\":\"https:\\\/\\\/www.altominho.tv\\\/site\\\/#organization\"}},{\"@type\":\"WebPage\",\"@id\":\"https:\\\/\\\/www.altominho.tv\\\/site\\\/2024\\\/10\\\/07\\\/circuito-de-surf-semillero-olas-pro-tour-estreia-se-em-viana-do-castelo\\\/\",\"url\":\"https:\\\/\\\/www.altominho.tv\\\/site\\\/2024\\\/10\\\/07\\\/circuito-de-surf-semillero-olas-pro-tour-estreia-se-em-viana-do-castelo\\\/\",\"name\":\"Circuito de surf \u201cSemillero Olas Pro Tour\u201d estreia-se em Viana do Castelo\",\"isPartOf\":{\"@id\":\"https:\\\/\\\/www.altominho.tv\\\/site\\\/#website\"},\"primaryImageOfPage\":{\"@id\":\"https:\\\/\\\/www.altominho.tv\\\/site\\\/2024\\\/10\\\/07\\\/circuito-de-surf-semillero-olas-pro-tour-estreia-se-em-viana-do-castelo\\\/#primaryimage\"},\"image\":{\"@id\":\"https:\\\/\\\/www.altominho.tv\\\/site\\\/2024\\\/10\\\/07\\\/circuito-de-surf-semillero-olas-pro-tour-estreia-se-em-viana-do-castelo\\\/#primaryimage\"},\"thumbnailUrl\":\"https:\\\/\\\/www.altominho.tv\\\/site\\\/wp-content\\\/uploads\\\/2024\\\/10\\\/surf-viana.jpg\",\"datePublished\":\"2024-10-07T15:25:25+00:00\",\"dateModified\":\"2024-10-07T15:25:28+00:00\",\"author\":{\"@id\":\"https:\\\/\\\/www.altominho.tv\\\/site\\\/#\\\/schema\\\/person\\\/63f693da3e1899361cbe955c46f3232e\"},\"description\":\"O \u201cSemillero Olas Pro Tour\u201d, um dos principais circuitos de surf j\u00fanior da Am\u00e9rica Latina, vai realizar-se este ano, pela primeira na Europa, em Viana do Castelo e na Ericeira, foi hoje divulgado.\",\"breadcrumb\":{\"@id\":\"https:\\\/\\\/www.altominho.tv\\\/site\\\/2024\\\/10\\\/07\\\/circuito-de-surf-semillero-olas-pro-tour-estreia-se-em-viana-do-castelo\\\/#breadcrumb\"},\"inLanguage\":\"pt-PT\",\"potentialAction\":[{\"@type\":\"ReadAction\",\"target\":[\"https:\\\/\\\/www.altominho.tv\\\/site\\\/2024\\\/10\\\/07\\\/circuito-de-surf-semillero-olas-pro-tour-estreia-se-em-viana-do-castelo\\\/\"]}]},{\"@type\":\"ImageObject\",\"inLanguage\":\"pt-PT\",\"@id\":\"https:\\\/\\\/www.altominho.tv\\\/site\\\/2024\\\/10\\\/07\\\/circuito-de-surf-semillero-olas-pro-tour-estreia-se-em-viana-do-castelo\\\/#primaryimage\",\"url\":\"https:\\\/\\\/www.altominho.tv\\\/site\\\/wp-content\\\/uploads\\\/2024\\\/10\\\/surf-viana.jpg\",\"contentUrl\":\"https:\\\/\\\/www.altominho.tv\\\/site\\\/wp-content\\\/uploads\\\/2024\\\/10\\\/surf-viana.jpg\",\"width\":2000,\"height\":1125},{\"@type\":\"BreadcrumbList\",\"@id\":\"https:\\\/\\\/www.altominho.tv\\\/site\\\/2024\\\/10\\\/07\\\/circuito-de-surf-semillero-olas-pro-tour-estreia-se-em-viana-do-castelo\\\/#breadcrumb\",\"itemListElement\":[{\"@type\":\"ListItem\",\"position\":1,\"name\":\"In\u00edcio\",\"item\":\"https:\\\/\\\/www.altominho.tv\\\/site\\\/\"},{\"@type\":\"ListItem\",\"position\":2,\"name\":\"Circuito de surf \u201cSemillero Olas Pro Tour\u201d estreia-se em Viana do Castelo\"}]},{\"@type\":\"WebSite\",\"@id\":\"https:\\\/\\\/www.altominho.tv\\\/site\\\/#website\",\"url\":\"https:\\\/\\\/www.altominho.tv\\\/site\\\/\",\"name\":\"Altominho.tv\",\"description\":\"A sua regi\u00e3o \u00e0 dist\u00e2ncia de um clique...\",\"potentialAction\":[{\"@type\":\"SearchAction\",\"target\":{\"@type\":\"EntryPoint\",\"urlTemplate\":\"https:\\\/\\\/www.altominho.tv\\\/site\\\/?s={search_term_string}\"},\"query-input\":{\"@type\":\"PropertyValueSpecification\",\"valueRequired\":true,\"valueName\":\"search_term_string\"}}],\"inLanguage\":\"pt-PT\"},{\"@type\":\"Person\",\"@id\":\"https:\\\/\\\/www.altominho.tv\\\/site\\\/#\\\/schema\\\/person\\\/63f693da3e1899361cbe955c46f3232e\",\"name\":\"Lusa\",\"image\":{\"@type\":\"ImageObject\",\"inLanguage\":\"pt-PT\",\"@id\":\"https:\\\/\\\/www.altominho.tv\\\/site\\\/wp-content\\\/uploads\\\/2019\\\/08\\\/LUSA_Logo.gif\",\"url\":\"https:\\\/\\\/www.altominho.tv\\\/site\\\/wp-content\\\/uploads\\\/2019\\\/08\\\/LUSA_Logo.gif\",\"contentUrl\":\"https:\\\/\\\/www.altominho.tv\\\/site\\\/wp-content\\\/uploads\\\/2019\\\/08\\\/LUSA_Logo.gif\",\"caption\":\"Lusa\"},\"sameAs\":[\"http:\\\/\\\/\\\/\\\/www.altominho.tv\\\/site\"],\"url\":\"https:\\\/\\\/www.altominho.tv\\\/site\\\/author\\\/lusa\\\/\"}]}<\/script>\n<!-- \/ Yoast SEO Premium plugin. -->","yoast_head_json":{"title":"Circuito de surf \u201cSemillero Olas Pro Tour\u201d estreia-se em Viana do Castelo","description":"O \u201cSemillero Olas Pro Tour\u201d, um dos principais circuitos de surf j\u00fanior da Am\u00e9rica Latina, vai realizar-se este ano, pela primeira na Europa, em Viana do Castelo e na Ericeira, foi hoje divulgado.","robots":{"index":"index","follow":"follow","max-snippet":"max-snippet:-1","max-image-preview":"max-image-preview:large","max-video-preview":"max-video-preview:-1"},"canonical":"https:\/\/www.altominho.tv\/site\/2024\/10\/07\/circuito-de-surf-semillero-olas-pro-tour-estreia-se-em-viana-do-castelo\/","og_locale":"pt_PT","og_type":"article","og_title":"Circuito de surf \u201cSemillero Olas Pro Tour\u201d estreia-se em Viana do Castelo","og_description":"O \u201cSemillero Olas Pro Tour\u201d, um dos principais circuitos de surf j\u00fanior da Am\u00e9rica Latina, vai realizar-se este ano, pela primeira na Europa, em Viana do Castelo e na Ericeira, foi hoje divulgado.","og_url":"https:\/\/www.altominho.tv\/site\/2024\/10\/07\/circuito-de-surf-semillero-olas-pro-tour-estreia-se-em-viana-do-castelo\/","og_site_name":"Altominho.tv","article_publisher":"https:\/\/www.facebook.com\/altominhotv","article_published_time":"2024-10-07T15:25:25+00:00","article_modified_time":"2024-10-07T15:25:28+00:00","og_image":[{"width":2000,"height":1125,"url":"https:\/\/www.altominho.tv\/site\/wp-content\/uploads\/2024\/10\/surf-viana.jpg","type":"image\/jpeg"}],"author":"Lusa","twitter_card":"summary_large_image","twitter_creator":"@altominhoTV","twitter_site":"@altominhoTV","twitter_misc":{"Escrito por":"Lusa","Tempo estimado de leitura":"1 minuto"},"schema":{"@context":"https:\/\/schema.org","@graph":[{"@type":"Article","@id":"https:\/\/www.altominho.tv\/site\/2024\/10\/07\/circuito-de-surf-semillero-olas-pro-tour-estreia-se-em-viana-do-castelo\/#article","isPartOf":{"@id":"https:\/\/www.altominho.tv\/site\/2024\/10\/07\/circuito-de-surf-semillero-olas-pro-tour-estreia-se-em-viana-do-castelo\/"},"author":{"name":"Lusa","@id":"https:\/\/www.altominho.tv\/site\/#\/schema\/person\/63f693da3e1899361cbe955c46f3232e"},"headline":"Circuito de surf \u201cSemillero Olas Pro Tour\u201d estreia-se em Viana do Castelo","datePublished":"2024-10-07T15:25:25+00:00","dateModified":"2024-10-07T15:25:28+00:00","mainEntityOfPage":{"@id":"https:\/\/www.altominho.tv\/site\/2024\/10\/07\/circuito-de-surf-semillero-olas-pro-tour-estreia-se-em-viana-do-castelo\/"},"wordCount":118,"image":{"@id":"https:\/\/www.altominho.tv\/site\/2024\/10\/07\/circuito-de-surf-semillero-olas-pro-tour-estreia-se-em-viana-do-castelo\/#primaryimage"},"thumbnailUrl":"https:\/\/www.altominho.tv\/site\/wp-content\/uploads\/2024\/10\/surf-viana.jpg","keywords":["Desporto"],"articleSection":["Viana do Castelo"],"inLanguage":"pt-PT","copyrightYear":"2024","copyrightHolder":{"@id":"https:\/\/www.altominho.tv\/site\/#organization"}},{"@type":"WebPage","@id":"https:\/\/www.altominho.tv\/site\/2024\/10\/07\/circuito-de-surf-semillero-olas-pro-tour-estreia-se-em-viana-do-castelo\/","url":"https:\/\/www.altominho.tv\/site\/2024\/10\/07\/circuito-de-surf-semillero-olas-pro-tour-estreia-se-em-viana-do-castelo\/","name":"Circuito de surf \u201cSemillero Olas Pro Tour\u201d estreia-se em Viana do Castelo","isPartOf":{"@id":"https:\/\/www.altominho.tv\/site\/#website"},"primaryImageOfPage":{"@id":"https:\/\/www.altominho.tv\/site\/2024\/10\/07\/circuito-de-surf-semillero-olas-pro-tour-estreia-se-em-viana-do-castelo\/#primaryimage"},"image":{"@id":"https:\/\/www.altominho.tv\/site\/2024\/10\/07\/circuito-de-surf-semillero-olas-pro-tour-estreia-se-em-viana-do-castelo\/#primaryimage"},"thumbnailUrl":"https:\/\/www.altominho.tv\/site\/wp-content\/uploads\/2024\/10\/surf-viana.jpg","datePublished":"2024-10-07T15:25:25+00:00","dateModified":"2024-10-07T15:25:28+00:00","author":{"@id":"https:\/\/www.altominho.tv\/site\/#\/schema\/person\/63f693da3e1899361cbe955c46f3232e"},"description":"O \u201cSemillero Olas Pro Tour\u201d, um dos principais circuitos de surf j\u00fanior da Am\u00e9rica Latina, vai realizar-se este ano, pela primeira na Europa, em Viana do Castelo e na Ericeira, foi hoje divulgado.","breadcrumb":{"@id":"https:\/\/www.altominho.tv\/site\/2024\/10\/07\/circuito-de-surf-semillero-olas-pro-tour-estreia-se-em-viana-do-castelo\/#breadcrumb"},"inLanguage":"pt-PT","potentialAction":[{"@type":"ReadAction","target":["https:\/\/www.altominho.tv\/site\/2024\/10\/07\/circuito-de-surf-semillero-olas-pro-tour-estreia-se-em-viana-do-castelo\/"]}]},{"@type":"ImageObject","inLanguage":"pt-PT","@id":"https:\/\/www.altominho.tv\/site\/2024\/10\/07\/circuito-de-surf-semillero-olas-pro-tour-estreia-se-em-viana-do-castelo\/#primaryimage","url":"https:\/\/www.altominho.tv\/site\/wp-content\/uploads\/2024\/10\/surf-viana.jpg","contentUrl":"https:\/\/www.altominho.tv\/site\/wp-content\/uploads\/2024\/10\/surf-viana.jpg","width":2000,"height":1125},{"@type":"BreadcrumbList","@id":"https:\/\/www.altominho.tv\/site\/2024\/10\/07\/circuito-de-surf-semillero-olas-pro-tour-estreia-se-em-viana-do-castelo\/#breadcrumb","itemListElement":[{"@type":"ListItem","position":1,"name":"In\u00edcio","item":"https:\/\/www.altominho.tv\/site\/"},{"@type":"ListItem","position":2,"name":"Circuito de surf \u201cSemillero Olas Pro Tour\u201d estreia-se em Viana do Castelo"}]},{"@type":"WebSite","@id":"https:\/\/www.altominho.tv\/site\/#website","url":"https:\/\/www.altominho.tv\/site\/","name":"Altominho.tv","description":"A sua regi\u00e3o \u00e0 dist\u00e2ncia de um clique...","potentialAction":[{"@type":"SearchAction","target":{"@type":"EntryPoint","urlTemplate":"https:\/\/www.altominho.tv\/site\/?s={search_term_string}"},"query-input":{"@type":"PropertyValueSpecification","valueRequired":true,"valueName":"search_term_string"}}],"inLanguage":"pt-PT"},{"@type":"Person","@id":"https:\/\/www.altominho.tv\/site\/#\/schema\/person\/63f693da3e1899361cbe955c46f3232e","name":"Lusa","image":{"@type":"ImageObject","inLanguage":"pt-PT","@id":"https:\/\/www.altominho.tv\/site\/wp-content\/uploads\/2019\/08\/LUSA_Logo.gif","url":"https:\/\/www.altominho.tv\/site\/wp-content\/uploads\/2019\/08\/LUSA_Logo.gif","contentUrl":"https:\/\/www.altominho.tv\/site\/wp-content\/uploads\/2019\/08\/LUSA_Logo.gif","caption":"Lusa"},"sameAs":["http:\/\/\/\/www.altominho.tv\/site"],"url":"https:\/\/www.altominho.tv\/site\/author\/lusa\/"}]}},"_links":{"self":[{"href":"https:\/\/www.altominho.tv\/site\/wp-json\/wp\/v2\/posts\/111239","targetHints":{"allow":["GET"]}}],"collection":[{"href":"https:\/\/www.altominho.tv\/site\/wp-json\/wp\/v2\/posts"}],"about":[{"href":"https:\/\/www.altominho.tv\/site\/wp-json\/wp\/v2\/types\/post"}],"author":[{"embeddable":true,"href":"https:\/\/www.altominho.tv\/site\/wp-json\/wp\/v2\/users\/13"}],"replies":[{"embeddable":true,"href":"https:\/\/www.altominho.tv\/site\/wp-json\/wp\/v2\/comments?post=111239"}],"version-history":[{"count":1,"href":"https:\/\/www.altominho.tv\/site\/wp-json\/wp\/v2\/posts\/111239\/revisions"}],"predecessor-version":[{"id":111242,"href":"https:\/\/www.altominho.tv\/site\/wp-json\/wp\/v2\/posts\/111239\/revisions\/111242"}],"wp:featuredmedia":[{"embeddable":true,"href":"https:\/\/www.altominho.tv\/site\/wp-json\/wp\/v2\/media\/111241"}],"wp:attachment":[{"href":"https:\/\/www.altominho.tv\/site\/wp-json\/wp\/v2\/media?parent=111239"}],"wp:term":[{"taxonomy":"category","embeddable":true,"href":"https:\/\/www.altominho.tv\/site\/wp-json\/wp\/v2\/categories?post=111239"},{"taxonomy":"post_tag","embeddable":true,"href":"https:\/\/www.altominho.tv\/site\/wp-json\/wp\/v2\/tags?post=111239"}],"curies":[{"name":"wp","href":"https:\/\/api.w.org\/{rel}","templated":true}]}}