{"id":11118,"date":"2018-03-28T09:58:40","date_gmt":"2018-03-28T09:58:40","guid":{"rendered":"http:\/\/www.altominho.tv\/site\/?p=11118"},"modified":"2018-07-26T10:23:49","modified_gmt":"2018-07-26T09:23:49","slug":"mais-de-50-pessoas-em-vigilia-contra-fecho-de-centro-para-criancas-em-risco-de-caminha","status":"publish","type":"post","link":"https:\/\/www.altominho.tv\/site\/2018\/03\/28\/mais-de-50-pessoas-em-vigilia-contra-fecho-de-centro-para-criancas-em-risco-de-caminha\/","title":{"rendered":"Mais de 50 pessoas em vig\u00edlia contra fecho de centro para crian\u00e7as em risco de Caminha"},"content":{"rendered":"<p>Mais de meia centena de pessoas participaram, hoje, numa vig\u00edlia promovida pelas 15 trabalhadoras do Centro de Acolhimento Tempor\u00e1rio (CAT) para crian\u00e7as e jovens em risco de Seixas, Caminha, para contestar o anunciado encerramento daquela estrutura.<\/p>\n<p>&#8220;N\u00e3o vamos baixar os bra\u00e7os. Acreditamos que podemos reverter o encerramento anunciado pela Associa\u00e7\u00e3o Portuguesa de Pais e Amigos do Cidad\u00e3o Deficiente Mental (APPACDM) de Viana do Castelo&#8221;, afirmou C\u00e2ndida Falc\u00e3o.<\/p>\n<p>O encerramento daquele equipamento, conhecido como CAT Benjamim, foi anunciado no in\u00edcio de mar\u00e7o pela APPACDM de Viana do Castelo, respons\u00e1vel pela gest\u00e3o daquela estrutura.<\/p>\n<p>Na altura, em declara\u00e7\u00f5es \u00e0 ag\u00eancia Lusa, o presidente da APPACDM de Viana do Castelo, Luiz Costa, explicou que o CAT Benjamim &#8220;\u00e9 a \u00fanica resposta da institui\u00e7\u00e3o que n\u00e3o \u00e9 vocacionada para a \u00e1rea da defici\u00eancia e que acumulou, desde 2008 um d\u00e9fice cr\u00f3nico, com d\u00edvidas superiores a 400 mil euros&#8221;.<\/p>\n<p>Adiantou que &#8220;as 11 crian\u00e7as e jovens em risco, atualmente a residir naquele centro v\u00e3o ser encaminhadas para a resposta mais pr\u00f3xima&#8221; e que &#8220;algumas das 15 trabalhadoras ser\u00e3o recolocadas noutras respostas que a institui\u00e7\u00e3o tem no Alto Minho, sendo que &#8220;com outros ser\u00e1 negociado o despedimento&#8221;, sem especificar o n\u00famero de trabalhadores naquela situa\u00e7\u00e3o.<\/p>\n<p>Os participantes na vig\u00edlia de hoje, que teve in\u00edcio cerca das 19:30 junto ao clube de remo de Caminha e terminou no terreiro daquela vila, onde durante mais de uma hora se fizeram ouvir v\u00e1rias interven\u00e7\u00f5es, empunharam velas e exibiram um cartaz onde se podia ler &#8220;Uma comunidade, um lar, uma fam\u00edlia&#8221;.<\/p>\n<p>No final, em declara\u00e7\u00f5es aos jornalistas, a funcion\u00e1ria, de 55 anos, disse &#8220;existir for\u00e7a politica e press\u00e3o da comunidade&#8221; para evitar o encerramento daquela resposta social. Questionada sobre a\u00e7\u00f5es futuras a realizar pelas 15 trabalhadoras, C\u00e2ndida Falc\u00e3o, funcion\u00e1ria do CAT Benjamim desde 2002, escusou-se a avan\u00e7ar pormenores sobre as iniciativas que est\u00e3o a ser planeadas.<\/p>\n<p>Presente na iniciativa o presidente da Junta de Freguesia de Seixas, Rui Ramalhosa sublinhou a import\u00e2ncia da continuidade da estrutura que funciona h\u00e1 15 anos na freguesia. &#8220;Estas crian\u00e7as ajudam a garantir o funcionamento escola da freguesia. Permanecem mais do que um ano na institui\u00e7\u00e3o e acabam por se integrar na comunidade e tamb\u00e9m nas escolas&#8221;, destacou, lamentando o insucesso das tentativas realizadas para encontrar nova institui\u00e7\u00e3o, interessada dar continuidade ao centro.<\/p>\n<p>&#8220;J\u00e1 foi tentando que v\u00e1rias institui\u00e7\u00f5es ficassem com o CAT Benjamim, n\u00e3o h\u00e1 vontade. N\u00e3o poss\u00edvel essa substitui\u00e7\u00e3o de entidades&#8221;, referiu, adiantando que o fecho da estrutura ir\u00e1 ter outras consequ\u00eancias.<\/p>\n<p>&#8220;A Casa de S\u00e3o Bento, propriet\u00e1ria do edif\u00edcio perder\u00e1 a renda de cerca de 10 mil euros anuais&#8221;, disse, garantindo que a autarquia ir\u00e1 &#8220;continuar a lutar pelo CAT Benjamim, para que Seixas permane\u00e7a com vida e com toda a juventude que beneficia a freguesia&#8221;.<\/p>\n<p>Na segunda-feira, o presidente da C\u00e2mara de Caminha anunciou a cria\u00e7\u00e3o, em Vila Praia de \u00c2ncora, at\u00e9 final do ano, de um novo Centro de Atividades Ocupacionais (CAO) com capacidade para 30 utentes.<\/p>\n<p>Miguel Alves revelou que a cria\u00e7\u00e3o do novo CAO, a instalar numa antiga escola daquela freguesia, resultou de um &#8220;entendimento&#8221; estabelecido entre o munic\u00edpio e a APPACDM de Viana do Castelo, na sequ\u00eancia do an\u00fancio do fecho do CAT, previsto para final de julho.<\/p>\n<p>Adiantou que a nova estrutura &#8220;vai ainda permitir absorver todas, ou grande parte&#8221; das 15 trabalhadoras do CAT Benjamim, com encerramento previsto para final de julho.<\/p>\n<p>&#8220;Estas trabalhadoras iriam entrar numa situa\u00e7\u00e3o de desemprego se n\u00e3o fosse poss\u00edvel encontrar esta solu\u00e7\u00e3o&#8221;, refor\u00e7ou, revelando que at\u00e9 \u00e0 abertura do novo CAO, as funcion\u00e1rias &#8220;ter\u00e3o de ser incorporadas, provisoriamente, noutros equipamentos da APPACDM, no distrito de Viana do Castelo&#8221;.<\/p>\n<p>Revelou que as 11 crian\u00e7as e jovens em risco, atualmente, no CAT Benjamim ser\u00e3o &#8220;encaminhadas&#8221; para outras estruturas.<\/p>\n<p>Anteriormente \u00e0 Lusa, C\u00e2ndida Falc\u00e3o disse que &#8220;uma resposta social n\u00e3o invalida a outra&#8221;. &#8220;O novo CAO que foi anunciado para Vila Praia de \u00c2ncora \u00e9 uma mais-valia para Caminha que n\u00e3o disp\u00f5e de nenhuma resposta na \u00e1rea da defici\u00eancia, mas o CAT tamb\u00e9m deve continuar a funcionar&#8221;, afirmou a funcion\u00e1ria.<\/p>\n","protected":false},"excerpt":{"rendered":"<p>Mais de meia centena de pessoas participaram, hoje, numa vig\u00edlia promovida pelas 15 trabalhadoras do Centro de Acolhimento Tempor\u00e1rio (CAT) para crian\u00e7as e jovens em risco de Seixas, Caminha, para contestar o anunciado encerramento daquela estrutura. &#8220;N\u00e3o vamos baixar os bra\u00e7os. Acreditamos que podemos reverter o encerramento anunciado pela Associa\u00e7\u00e3o Portuguesa de Pais e Amigos [&hellip;]<\/p>\n","protected":false},"author":11,"featured_media":11084,"comment_status":"closed","ping_status":"closed","sticky":false,"template":"","format":"standard","meta":{"_exactmetrics_skip_tracking":false,"_exactmetrics_sitenote_active":false,"_exactmetrics_sitenote_note":"","_exactmetrics_sitenote_category":0,"footnotes":""},"categories":[7],"tags":[27],"class_list":["post-11118","post","type-post","status-publish","format-standard","has-post-thumbnail","hentry","category-caminha","tag-sociedade"],"yoast_head":"<!-- This site is optimized with the Yoast SEO Premium plugin v27.5 (Yoast SEO v27.5) - https:\/\/yoast.com\/product\/yoast-seo-premium-wordpress\/ -->\n<title>Mais de 50 pessoas em vig\u00edlia contra fecho de centro para crian\u00e7as em risco de Caminha<\/title>\n<meta name=\"robots\" content=\"index, follow, max-snippet:-1, max-image-preview:large, max-video-preview:-1\" \/>\n<link rel=\"canonical\" href=\"https:\/\/www.altominho.tv\/site\/2018\/03\/28\/mais-de-50-pessoas-em-vigilia-contra-fecho-de-centro-para-criancas-em-risco-de-caminha\/\" \/>\n<meta property=\"og:locale\" content=\"pt_PT\" \/>\n<meta property=\"og:type\" content=\"article\" \/>\n<meta property=\"og:title\" content=\"Mais de 50 pessoas em vig\u00edlia contra fecho de centro para crian\u00e7as em risco de Caminha\" \/>\n<meta property=\"og:description\" content=\"Mais de meia centena de pessoas participaram, hoje, numa vig\u00edlia promovida pelas 15 trabalhadoras do Centro de Acolhimento Tempor\u00e1rio (CAT) para crian\u00e7as e jovens em risco de Seixas, Caminha, para contestar o anunciado encerramento daquela estrutura. &#8220;N\u00e3o vamos baixar os bra\u00e7os. Acreditamos que podemos reverter o encerramento anunciado pela Associa\u00e7\u00e3o Portuguesa de Pais e Amigos [&hellip;]\" \/>\n<meta property=\"og:url\" content=\"https:\/\/www.altominho.tv\/site\/2018\/03\/28\/mais-de-50-pessoas-em-vigilia-contra-fecho-de-centro-para-criancas-em-risco-de-caminha\/\" \/>\n<meta property=\"og:site_name\" content=\"Altominho.tv\" \/>\n<meta property=\"article:publisher\" content=\"https:\/\/www.facebook.com\/altominhotv\" \/>\n<meta property=\"article:published_time\" content=\"2018-03-28T09:58:40+00:00\" \/>\n<meta property=\"article:modified_time\" content=\"2018-07-26T09:23:49+00:00\" \/>\n<meta property=\"og:image\" content=\"https:\/\/www.altominho.tv\/site\/wp-content\/uploads\/2018\/03\/xtbenj.jpg\" \/>\n\t<meta property=\"og:image:width\" content=\"650\" \/>\n\t<meta property=\"og:image:height\" content=\"432\" \/>\n\t<meta property=\"og:image:type\" content=\"image\/jpeg\" \/>\n<meta name=\"author\" content=\"M\u00e1rcio Ferreira\" \/>\n<meta name=\"twitter:card\" content=\"summary_large_image\" \/>\n<meta name=\"twitter:creator\" content=\"@altominhoTV\" \/>\n<meta name=\"twitter:site\" content=\"@altominhoTV\" \/>\n<meta name=\"twitter:label1\" content=\"Escrito por\" \/>\n\t<meta name=\"twitter:data1\" content=\"M\u00e1rcio Ferreira\" \/>\n\t<meta name=\"twitter:label2\" content=\"Tempo estimado de leitura\" \/>\n\t<meta name=\"twitter:data2\" content=\"4 minutos\" \/>\n<script type=\"application\/ld+json\" class=\"yoast-schema-graph\">{\"@context\":\"https:\\\/\\\/schema.org\",\"@graph\":[{\"@type\":\"Article\",\"@id\":\"https:\\\/\\\/www.altominho.tv\\\/site\\\/2018\\\/03\\\/28\\\/mais-de-50-pessoas-em-vigilia-contra-fecho-de-centro-para-criancas-em-risco-de-caminha\\\/#article\",\"isPartOf\":{\"@id\":\"https:\\\/\\\/www.altominho.tv\\\/site\\\/2018\\\/03\\\/28\\\/mais-de-50-pessoas-em-vigilia-contra-fecho-de-centro-para-criancas-em-risco-de-caminha\\\/\"},\"author\":{\"name\":\"M\u00e1rcio Ferreira\",\"@id\":\"https:\\\/\\\/www.altominho.tv\\\/site\\\/#\\\/schema\\\/person\\\/f836e37082b5dabe9144f3eb724ed5a7\"},\"headline\":\"Mais de 50 pessoas em vig\u00edlia contra fecho de centro para crian\u00e7as em risco de Caminha\",\"datePublished\":\"2018-03-28T09:58:40+00:00\",\"dateModified\":\"2018-07-26T09:23:49+00:00\",\"mainEntityOfPage\":{\"@id\":\"https:\\\/\\\/www.altominho.tv\\\/site\\\/2018\\\/03\\\/28\\\/mais-de-50-pessoas-em-vigilia-contra-fecho-de-centro-para-criancas-em-risco-de-caminha\\\/\"},\"wordCount\":746,\"image\":{\"@id\":\"https:\\\/\\\/www.altominho.tv\\\/site\\\/2018\\\/03\\\/28\\\/mais-de-50-pessoas-em-vigilia-contra-fecho-de-centro-para-criancas-em-risco-de-caminha\\\/#primaryimage\"},\"thumbnailUrl\":\"https:\\\/\\\/www.altominho.tv\\\/site\\\/wp-content\\\/uploads\\\/2018\\\/03\\\/xtbenj.jpg\",\"keywords\":[\"Sociedade\"],\"articleSection\":[\"Caminha\"],\"inLanguage\":\"pt-PT\",\"copyrightYear\":\"2018\",\"copyrightHolder\":{\"@id\":\"https:\\\/\\\/www.altominho.tv\\\/site\\\/#organization\"}},{\"@type\":\"WebPage\",\"@id\":\"https:\\\/\\\/www.altominho.tv\\\/site\\\/2018\\\/03\\\/28\\\/mais-de-50-pessoas-em-vigilia-contra-fecho-de-centro-para-criancas-em-risco-de-caminha\\\/\",\"url\":\"https:\\\/\\\/www.altominho.tv\\\/site\\\/2018\\\/03\\\/28\\\/mais-de-50-pessoas-em-vigilia-contra-fecho-de-centro-para-criancas-em-risco-de-caminha\\\/\",\"name\":\"Mais de 50 pessoas em vig\u00edlia contra fecho de centro para crian\u00e7as em risco de Caminha\",\"isPartOf\":{\"@id\":\"https:\\\/\\\/www.altominho.tv\\\/site\\\/#website\"},\"primaryImageOfPage\":{\"@id\":\"https:\\\/\\\/www.altominho.tv\\\/site\\\/2018\\\/03\\\/28\\\/mais-de-50-pessoas-em-vigilia-contra-fecho-de-centro-para-criancas-em-risco-de-caminha\\\/#primaryimage\"},\"image\":{\"@id\":\"https:\\\/\\\/www.altominho.tv\\\/site\\\/2018\\\/03\\\/28\\\/mais-de-50-pessoas-em-vigilia-contra-fecho-de-centro-para-criancas-em-risco-de-caminha\\\/#primaryimage\"},\"thumbnailUrl\":\"https:\\\/\\\/www.altominho.tv\\\/site\\\/wp-content\\\/uploads\\\/2018\\\/03\\\/xtbenj.jpg\",\"datePublished\":\"2018-03-28T09:58:40+00:00\",\"dateModified\":\"2018-07-26T09:23:49+00:00\",\"author\":{\"@id\":\"https:\\\/\\\/www.altominho.tv\\\/site\\\/#\\\/schema\\\/person\\\/f836e37082b5dabe9144f3eb724ed5a7\"},\"breadcrumb\":{\"@id\":\"https:\\\/\\\/www.altominho.tv\\\/site\\\/2018\\\/03\\\/28\\\/mais-de-50-pessoas-em-vigilia-contra-fecho-de-centro-para-criancas-em-risco-de-caminha\\\/#breadcrumb\"},\"inLanguage\":\"pt-PT\",\"potentialAction\":[{\"@type\":\"ReadAction\",\"target\":[\"https:\\\/\\\/www.altominho.tv\\\/site\\\/2018\\\/03\\\/28\\\/mais-de-50-pessoas-em-vigilia-contra-fecho-de-centro-para-criancas-em-risco-de-caminha\\\/\"]}]},{\"@type\":\"ImageObject\",\"inLanguage\":\"pt-PT\",\"@id\":\"https:\\\/\\\/www.altominho.tv\\\/site\\\/2018\\\/03\\\/28\\\/mais-de-50-pessoas-em-vigilia-contra-fecho-de-centro-para-criancas-em-risco-de-caminha\\\/#primaryimage\",\"url\":\"https:\\\/\\\/www.altominho.tv\\\/site\\\/wp-content\\\/uploads\\\/2018\\\/03\\\/xtbenj.jpg\",\"contentUrl\":\"https:\\\/\\\/www.altominho.tv\\\/site\\\/wp-content\\\/uploads\\\/2018\\\/03\\\/xtbenj.jpg\",\"width\":650,\"height\":432},{\"@type\":\"BreadcrumbList\",\"@id\":\"https:\\\/\\\/www.altominho.tv\\\/site\\\/2018\\\/03\\\/28\\\/mais-de-50-pessoas-em-vigilia-contra-fecho-de-centro-para-criancas-em-risco-de-caminha\\\/#breadcrumb\",\"itemListElement\":[{\"@type\":\"ListItem\",\"position\":1,\"name\":\"In\u00edcio\",\"item\":\"https:\\\/\\\/www.altominho.tv\\\/site\\\/\"},{\"@type\":\"ListItem\",\"position\":2,\"name\":\"Mais de 50 pessoas em vig\u00edlia contra fecho de centro para crian\u00e7as em risco de Caminha\"}]},{\"@type\":\"WebSite\",\"@id\":\"https:\\\/\\\/www.altominho.tv\\\/site\\\/#website\",\"url\":\"https:\\\/\\\/www.altominho.tv\\\/site\\\/\",\"name\":\"Altominho.tv\",\"description\":\"A sua regi\u00e3o \u00e0 dist\u00e2ncia de um clique...\",\"potentialAction\":[{\"@type\":\"SearchAction\",\"target\":{\"@type\":\"EntryPoint\",\"urlTemplate\":\"https:\\\/\\\/www.altominho.tv\\\/site\\\/?s={search_term_string}\"},\"query-input\":{\"@type\":\"PropertyValueSpecification\",\"valueRequired\":true,\"valueName\":\"search_term_string\"}}],\"inLanguage\":\"pt-PT\"},{\"@type\":\"Person\",\"@id\":\"https:\\\/\\\/www.altominho.tv\\\/site\\\/#\\\/schema\\\/person\\\/f836e37082b5dabe9144f3eb724ed5a7\",\"name\":\"M\u00e1rcio Ferreira\",\"image\":{\"@type\":\"ImageObject\",\"inLanguage\":\"pt-PT\",\"@id\":\"https:\\\/\\\/www.altominho.tv\\\/site\\\/wp-content\\\/uploads\\\/2017\\\/11\\\/Marcio-150x150.jpg\",\"url\":\"https:\\\/\\\/www.altominho.tv\\\/site\\\/wp-content\\\/uploads\\\/2017\\\/11\\\/Marcio-150x150.jpg\",\"contentUrl\":\"https:\\\/\\\/www.altominho.tv\\\/site\\\/wp-content\\\/uploads\\\/2017\\\/11\\\/Marcio-150x150.jpg\",\"caption\":\"M\u00e1rcio Ferreira\"},\"url\":\"https:\\\/\\\/www.altominho.tv\\\/site\\\/author\\\/marcioferreira\\\/\"}]}<\/script>\n<!-- \/ Yoast SEO Premium plugin. -->","yoast_head_json":{"title":"Mais de 50 pessoas em vig\u00edlia contra fecho de centro para crian\u00e7as em risco de Caminha","robots":{"index":"index","follow":"follow","max-snippet":"max-snippet:-1","max-image-preview":"max-image-preview:large","max-video-preview":"max-video-preview:-1"},"canonical":"https:\/\/www.altominho.tv\/site\/2018\/03\/28\/mais-de-50-pessoas-em-vigilia-contra-fecho-de-centro-para-criancas-em-risco-de-caminha\/","og_locale":"pt_PT","og_type":"article","og_title":"Mais de 50 pessoas em vig\u00edlia contra fecho de centro para crian\u00e7as em risco de Caminha","og_description":"Mais de meia centena de pessoas participaram, hoje, numa vig\u00edlia promovida pelas 15 trabalhadoras do Centro de Acolhimento Tempor\u00e1rio (CAT) para crian\u00e7as e jovens em risco de Seixas, Caminha, para contestar o anunciado encerramento daquela estrutura. &#8220;N\u00e3o vamos baixar os bra\u00e7os. Acreditamos que podemos reverter o encerramento anunciado pela Associa\u00e7\u00e3o Portuguesa de Pais e Amigos [&hellip;]","og_url":"https:\/\/www.altominho.tv\/site\/2018\/03\/28\/mais-de-50-pessoas-em-vigilia-contra-fecho-de-centro-para-criancas-em-risco-de-caminha\/","og_site_name":"Altominho.tv","article_publisher":"https:\/\/www.facebook.com\/altominhotv","article_published_time":"2018-03-28T09:58:40+00:00","article_modified_time":"2018-07-26T09:23:49+00:00","og_image":[{"width":650,"height":432,"url":"https:\/\/www.altominho.tv\/site\/wp-content\/uploads\/2018\/03\/xtbenj.jpg","type":"image\/jpeg"}],"author":"M\u00e1rcio Ferreira","twitter_card":"summary_large_image","twitter_creator":"@altominhoTV","twitter_site":"@altominhoTV","twitter_misc":{"Escrito por":"M\u00e1rcio Ferreira","Tempo estimado de leitura":"4 minutos"},"schema":{"@context":"https:\/\/schema.org","@graph":[{"@type":"Article","@id":"https:\/\/www.altominho.tv\/site\/2018\/03\/28\/mais-de-50-pessoas-em-vigilia-contra-fecho-de-centro-para-criancas-em-risco-de-caminha\/#article","isPartOf":{"@id":"https:\/\/www.altominho.tv\/site\/2018\/03\/28\/mais-de-50-pessoas-em-vigilia-contra-fecho-de-centro-para-criancas-em-risco-de-caminha\/"},"author":{"name":"M\u00e1rcio Ferreira","@id":"https:\/\/www.altominho.tv\/site\/#\/schema\/person\/f836e37082b5dabe9144f3eb724ed5a7"},"headline":"Mais de 50 pessoas em vig\u00edlia contra fecho de centro para crian\u00e7as em risco de Caminha","datePublished":"2018-03-28T09:58:40+00:00","dateModified":"2018-07-26T09:23:49+00:00","mainEntityOfPage":{"@id":"https:\/\/www.altominho.tv\/site\/2018\/03\/28\/mais-de-50-pessoas-em-vigilia-contra-fecho-de-centro-para-criancas-em-risco-de-caminha\/"},"wordCount":746,"image":{"@id":"https:\/\/www.altominho.tv\/site\/2018\/03\/28\/mais-de-50-pessoas-em-vigilia-contra-fecho-de-centro-para-criancas-em-risco-de-caminha\/#primaryimage"},"thumbnailUrl":"https:\/\/www.altominho.tv\/site\/wp-content\/uploads\/2018\/03\/xtbenj.jpg","keywords":["Sociedade"],"articleSection":["Caminha"],"inLanguage":"pt-PT","copyrightYear":"2018","copyrightHolder":{"@id":"https:\/\/www.altominho.tv\/site\/#organization"}},{"@type":"WebPage","@id":"https:\/\/www.altominho.tv\/site\/2018\/03\/28\/mais-de-50-pessoas-em-vigilia-contra-fecho-de-centro-para-criancas-em-risco-de-caminha\/","url":"https:\/\/www.altominho.tv\/site\/2018\/03\/28\/mais-de-50-pessoas-em-vigilia-contra-fecho-de-centro-para-criancas-em-risco-de-caminha\/","name":"Mais de 50 pessoas em vig\u00edlia contra fecho de centro para crian\u00e7as em risco de Caminha","isPartOf":{"@id":"https:\/\/www.altominho.tv\/site\/#website"},"primaryImageOfPage":{"@id":"https:\/\/www.altominho.tv\/site\/2018\/03\/28\/mais-de-50-pessoas-em-vigilia-contra-fecho-de-centro-para-criancas-em-risco-de-caminha\/#primaryimage"},"image":{"@id":"https:\/\/www.altominho.tv\/site\/2018\/03\/28\/mais-de-50-pessoas-em-vigilia-contra-fecho-de-centro-para-criancas-em-risco-de-caminha\/#primaryimage"},"thumbnailUrl":"https:\/\/www.altominho.tv\/site\/wp-content\/uploads\/2018\/03\/xtbenj.jpg","datePublished":"2018-03-28T09:58:40+00:00","dateModified":"2018-07-26T09:23:49+00:00","author":{"@id":"https:\/\/www.altominho.tv\/site\/#\/schema\/person\/f836e37082b5dabe9144f3eb724ed5a7"},"breadcrumb":{"@id":"https:\/\/www.altominho.tv\/site\/2018\/03\/28\/mais-de-50-pessoas-em-vigilia-contra-fecho-de-centro-para-criancas-em-risco-de-caminha\/#breadcrumb"},"inLanguage":"pt-PT","potentialAction":[{"@type":"ReadAction","target":["https:\/\/www.altominho.tv\/site\/2018\/03\/28\/mais-de-50-pessoas-em-vigilia-contra-fecho-de-centro-para-criancas-em-risco-de-caminha\/"]}]},{"@type":"ImageObject","inLanguage":"pt-PT","@id":"https:\/\/www.altominho.tv\/site\/2018\/03\/28\/mais-de-50-pessoas-em-vigilia-contra-fecho-de-centro-para-criancas-em-risco-de-caminha\/#primaryimage","url":"https:\/\/www.altominho.tv\/site\/wp-content\/uploads\/2018\/03\/xtbenj.jpg","contentUrl":"https:\/\/www.altominho.tv\/site\/wp-content\/uploads\/2018\/03\/xtbenj.jpg","width":650,"height":432},{"@type":"BreadcrumbList","@id":"https:\/\/www.altominho.tv\/site\/2018\/03\/28\/mais-de-50-pessoas-em-vigilia-contra-fecho-de-centro-para-criancas-em-risco-de-caminha\/#breadcrumb","itemListElement":[{"@type":"ListItem","position":1,"name":"In\u00edcio","item":"https:\/\/www.altominho.tv\/site\/"},{"@type":"ListItem","position":2,"name":"Mais de 50 pessoas em vig\u00edlia contra fecho de centro para crian\u00e7as em risco de Caminha"}]},{"@type":"WebSite","@id":"https:\/\/www.altominho.tv\/site\/#website","url":"https:\/\/www.altominho.tv\/site\/","name":"Altominho.tv","description":"A sua regi\u00e3o \u00e0 dist\u00e2ncia de um clique...","potentialAction":[{"@type":"SearchAction","target":{"@type":"EntryPoint","urlTemplate":"https:\/\/www.altominho.tv\/site\/?s={search_term_string}"},"query-input":{"@type":"PropertyValueSpecification","valueRequired":true,"valueName":"search_term_string"}}],"inLanguage":"pt-PT"},{"@type":"Person","@id":"https:\/\/www.altominho.tv\/site\/#\/schema\/person\/f836e37082b5dabe9144f3eb724ed5a7","name":"M\u00e1rcio Ferreira","image":{"@type":"ImageObject","inLanguage":"pt-PT","@id":"https:\/\/www.altominho.tv\/site\/wp-content\/uploads\/2017\/11\/Marcio-150x150.jpg","url":"https:\/\/www.altominho.tv\/site\/wp-content\/uploads\/2017\/11\/Marcio-150x150.jpg","contentUrl":"https:\/\/www.altominho.tv\/site\/wp-content\/uploads\/2017\/11\/Marcio-150x150.jpg","caption":"M\u00e1rcio Ferreira"},"url":"https:\/\/www.altominho.tv\/site\/author\/marcioferreira\/"}]}},"_links":{"self":[{"href":"https:\/\/www.altominho.tv\/site\/wp-json\/wp\/v2\/posts\/11118","targetHints":{"allow":["GET"]}}],"collection":[{"href":"https:\/\/www.altominho.tv\/site\/wp-json\/wp\/v2\/posts"}],"about":[{"href":"https:\/\/www.altominho.tv\/site\/wp-json\/wp\/v2\/types\/post"}],"author":[{"embeddable":true,"href":"https:\/\/www.altominho.tv\/site\/wp-json\/wp\/v2\/users\/11"}],"replies":[{"embeddable":true,"href":"https:\/\/www.altominho.tv\/site\/wp-json\/wp\/v2\/comments?post=11118"}],"version-history":[{"count":0,"href":"https:\/\/www.altominho.tv\/site\/wp-json\/wp\/v2\/posts\/11118\/revisions"}],"wp:featuredmedia":[{"embeddable":true,"href":"https:\/\/www.altominho.tv\/site\/wp-json\/wp\/v2\/media\/11084"}],"wp:attachment":[{"href":"https:\/\/www.altominho.tv\/site\/wp-json\/wp\/v2\/media?parent=11118"}],"wp:term":[{"taxonomy":"category","embeddable":true,"href":"https:\/\/www.altominho.tv\/site\/wp-json\/wp\/v2\/categories?post=11118"},{"taxonomy":"post_tag","embeddable":true,"href":"https:\/\/www.altominho.tv\/site\/wp-json\/wp\/v2\/tags?post=11118"}],"curies":[{"name":"wp","href":"https:\/\/api.w.org\/{rel}","templated":true}]}}