{"id":111178,"date":"2024-10-06T12:43:56","date_gmt":"2024-10-06T11:43:56","guid":{"rendered":"https:\/\/www.altominho.tv\/site\/?p=111178"},"modified":"2024-10-06T12:43:58","modified_gmt":"2024-10-06T11:43:58","slug":"pais-alto-minho-chuva-tempo-2","status":"publish","type":"post","link":"https:\/\/www.altominho.tv\/site\/2024\/10\/06\/pais-alto-minho-chuva-tempo-2\/","title":{"rendered":"Cinco distritos sob aviso laranja e sete sob aviso amarelo devido a chuva forte"},"content":{"rendered":"\n<p>Cinco distritos est\u00e3o hoje sob aviso laranja e sete sob aviso amarelo, devido \u00e0 previs\u00e3o de chuva forte e persistente, informou hoje o Instituto Portugu\u00eas do Mar e da Atmosfera (IPMA).<\/p>\n\n\n\n<p>Vila Real, Porto, Viseu e Aveiro est\u00e3o desde as 06h00 com aviso laranja, que dever\u00e1 vigorar at\u00e9 \u00e0s 12h00 no caso do Porto, at\u00e9 \u00e0s 15h00 em Vila Real e at\u00e9 \u00e0s 18h00 em Aveiro e Viseu, ao passo que o distrito de Coimbra ficar\u00e1 sob aviso laranja entre as 12h00 e as 18h00.<\/p>\n\n\n\n<p>Segundo o IPMA, tamb\u00e9m o distrito de Castelo Branco, que se encontra sob aviso amarelo, dever\u00e1 subir o n\u00edvel de alerta para laranja a partir das 03h00 de segunda-feira e at\u00e9 \u00e0s 09h00 desse mesmo dia.<\/p>\n\n\n\n<p>Al\u00e9m destes casos, h\u00e1 mais seis distritos do pa\u00eds, todos situados nas regi\u00f5es norte e centro, sob aviso amarelo: Viana do Castelo, Braga, Bragan\u00e7a, Guarda, Leiria e Santar\u00e9m.<\/p>\n\n\n\n<p>Nos casos de Viana do Castelo e Braga, o aviso amarelo vigora entre as 05h49 e as 12h00 de hoje, em Bragan\u00e7a, entre as 06h00 e as 15h00, na Guarda, entre as 09h00 e as 12h00, em Leiria e Santar\u00e9m, entre as 15h00 e as 06h00 e 09h00 de segunda-feira, respetivamente.<\/p>\n\n\n\n<p>No caso de Castelo Branco, o aviso amarelo s\u00f3 vigorar\u00e1 a partir 21h00 e at\u00e9 \u00e0s 03h00 de segunda-feira, antes de passar a laranja.<\/p>\n\n\n\n<p>Ainda de acordo com o IPMA, o distrito de Set\u00fabal, Lisboa, Beja e Poralegre v\u00e3o ficar tamb\u00e9m sob aviso amarelo na segunda-feira de manh\u00e3, e, nos casos de Braga, Viana do Castelo e Porto, esse mesmo aviso de mau tempo vai voltar no in\u00edcio da semana, acrescido do risco de trovoadas a acompanhar as chuvas fortes.<\/p>\n\n\n\n<p>O aviso laranja \u00e9 emitido pelo IPMA sempre que existe situa\u00e7\u00e3o meteorol\u00f3gica de risco moderado a elevado e o amarelo quando h\u00e1 uma situa\u00e7\u00e3o de risco para determinadas atividades dependentes da situa\u00e7\u00e3o meteorol\u00f3gica.<\/p>\n\n\n\n<p>Para hoje, a previs\u00e3o do IPMA aponta para chuva persistente e por vezes forte no norte e centro do pa\u00eds, chegando ao Alto Alentejo e litoral oeste da regi\u00e3o Sul, onde ser\u00e1 fraca.<\/p>\n\n\n\n<p>Tamb\u00e9m est\u00e1 previsto vento forte no litoral e nas terras altas.<\/p>\n\n\n\n<p>No continente, as temperaturas m\u00ednimas v\u00e3o oscilar entre os 13\u00baC em Bragan\u00e7a e os 20\u00baC em Lisboa e Santar\u00e9m, enquanto as m\u00e1ximas dever\u00e3o andar entre os 18\u00baC em Vila Real e os 28\u00baC em Santar\u00e9m.<\/p>\n","protected":false},"excerpt":{"rendered":"<p>Cinco distritos est\u00e3o hoje sob aviso laranja e sete sob aviso amarelo, devido \u00e0 previs\u00e3o de chuva forte e persistente, informou hoje o Instituto Portugu\u00eas do Mar e da Atmosfera (IPMA). Vila Real, Porto, Viseu e Aveiro est\u00e3o desde as 06h00 com aviso laranja, que dever\u00e1 vigorar at\u00e9 \u00e0s 12h00 no caso do Porto, at\u00e9 [&hellip;]<\/p>\n","protected":false},"author":16,"featured_media":111179,"comment_status":"closed","ping_status":"closed","sticky":false,"template":"","format":"standard","meta":{"_exactmetrics_skip_tracking":false,"_exactmetrics_sitenote_active":false,"_exactmetrics_sitenote_note":"","_exactmetrics_sitenote_category":0,"footnotes":""},"categories":[56325],"tags":[27],"class_list":["post-111178","post","type-post","status-publish","format-standard","has-post-thumbnail","hentry","category-pais","tag-sociedade"],"yoast_head":"<!-- This site is optimized with the Yoast SEO Premium plugin v27.5 (Yoast SEO v27.5) - https:\/\/yoast.com\/product\/yoast-seo-premium-wordpress\/ -->\n<title>Cinco distritos sob aviso laranja e sete sob aviso amarelo devido a chuva forte<\/title>\n<meta name=\"description\" content=\"Cinco distritos sob aviso laranja e sete sob aviso amarelo devido a chuva forte.\" \/>\n<meta name=\"robots\" content=\"index, follow, max-snippet:-1, max-image-preview:large, max-video-preview:-1\" \/>\n<link rel=\"canonical\" href=\"https:\/\/www.altominho.tv\/site\/2024\/10\/06\/pais-alto-minho-chuva-tempo-2\/\" \/>\n<meta property=\"og:locale\" content=\"pt_PT\" \/>\n<meta property=\"og:type\" content=\"article\" \/>\n<meta property=\"og:title\" content=\"Cinco distritos sob aviso laranja e sete sob aviso amarelo devido a chuva forte\" \/>\n<meta property=\"og:description\" content=\"Cinco distritos sob aviso laranja e sete sob aviso amarelo devido a chuva forte.\" \/>\n<meta property=\"og:url\" content=\"https:\/\/www.altominho.tv\/site\/2024\/10\/06\/pais-alto-minho-chuva-tempo-2\/\" \/>\n<meta property=\"og:site_name\" content=\"Altominho.tv\" \/>\n<meta property=\"article:publisher\" content=\"https:\/\/www.facebook.com\/altominhotv\" \/>\n<meta property=\"article:published_time\" content=\"2024-10-06T11:43:56+00:00\" \/>\n<meta property=\"article:modified_time\" content=\"2024-10-06T11:43:58+00:00\" \/>\n<meta property=\"og:image\" content=\"https:\/\/www.altominho.tv\/site\/wp-content\/uploads\/2024\/10\/Chuva_Trovoada.jpg\" \/>\n\t<meta property=\"og:image:width\" content=\"1280\" \/>\n\t<meta property=\"og:image:height\" content=\"848\" \/>\n\t<meta property=\"og:image:type\" content=\"image\/jpeg\" \/>\n<meta name=\"author\" content=\"Andreia Cunha | Lusa\" \/>\n<meta name=\"twitter:card\" content=\"summary_large_image\" \/>\n<meta name=\"twitter:creator\" content=\"@altominhoTV\" \/>\n<meta name=\"twitter:site\" content=\"@altominhoTV\" \/>\n<meta name=\"twitter:label1\" content=\"Escrito por\" \/>\n\t<meta name=\"twitter:data1\" content=\"Andreia Cunha | Lusa\" \/>\n\t<meta name=\"twitter:label2\" content=\"Tempo estimado de leitura\" \/>\n\t<meta name=\"twitter:data2\" content=\"3 minutos\" \/>\n<script type=\"application\/ld+json\" class=\"yoast-schema-graph\">{\"@context\":\"https:\\\/\\\/schema.org\",\"@graph\":[{\"@type\":\"Article\",\"@id\":\"https:\\\/\\\/www.altominho.tv\\\/site\\\/2024\\\/10\\\/06\\\/pais-alto-minho-chuva-tempo-2\\\/#article\",\"isPartOf\":{\"@id\":\"https:\\\/\\\/www.altominho.tv\\\/site\\\/2024\\\/10\\\/06\\\/pais-alto-minho-chuva-tempo-2\\\/\"},\"author\":{\"name\":\"Andreia Cunha | Lusa\",\"@id\":\"https:\\\/\\\/www.altominho.tv\\\/site\\\/#\\\/schema\\\/person\\\/dbaf181c01b51ff40c9f461a905d321e\"},\"headline\":\"Cinco distritos sob aviso laranja e sete sob aviso amarelo devido a chuva forte\",\"datePublished\":\"2024-10-06T11:43:56+00:00\",\"dateModified\":\"2024-10-06T11:43:58+00:00\",\"mainEntityOfPage\":{\"@id\":\"https:\\\/\\\/www.altominho.tv\\\/site\\\/2024\\\/10\\\/06\\\/pais-alto-minho-chuva-tempo-2\\\/\"},\"wordCount\":437,\"image\":{\"@id\":\"https:\\\/\\\/www.altominho.tv\\\/site\\\/2024\\\/10\\\/06\\\/pais-alto-minho-chuva-tempo-2\\\/#primaryimage\"},\"thumbnailUrl\":\"https:\\\/\\\/www.altominho.tv\\\/site\\\/wp-content\\\/uploads\\\/2024\\\/10\\\/Chuva_Trovoada.jpg\",\"keywords\":[\"Sociedade\"],\"articleSection\":[\"Pa\u00eds\"],\"inLanguage\":\"pt-PT\",\"copyrightYear\":\"2024\",\"copyrightHolder\":{\"@id\":\"https:\\\/\\\/www.altominho.tv\\\/site\\\/#organization\"}},{\"@type\":\"WebPage\",\"@id\":\"https:\\\/\\\/www.altominho.tv\\\/site\\\/2024\\\/10\\\/06\\\/pais-alto-minho-chuva-tempo-2\\\/\",\"url\":\"https:\\\/\\\/www.altominho.tv\\\/site\\\/2024\\\/10\\\/06\\\/pais-alto-minho-chuva-tempo-2\\\/\",\"name\":\"Cinco distritos sob aviso laranja e sete sob aviso amarelo devido a chuva forte\",\"isPartOf\":{\"@id\":\"https:\\\/\\\/www.altominho.tv\\\/site\\\/#website\"},\"primaryImageOfPage\":{\"@id\":\"https:\\\/\\\/www.altominho.tv\\\/site\\\/2024\\\/10\\\/06\\\/pais-alto-minho-chuva-tempo-2\\\/#primaryimage\"},\"image\":{\"@id\":\"https:\\\/\\\/www.altominho.tv\\\/site\\\/2024\\\/10\\\/06\\\/pais-alto-minho-chuva-tempo-2\\\/#primaryimage\"},\"thumbnailUrl\":\"https:\\\/\\\/www.altominho.tv\\\/site\\\/wp-content\\\/uploads\\\/2024\\\/10\\\/Chuva_Trovoada.jpg\",\"datePublished\":\"2024-10-06T11:43:56+00:00\",\"dateModified\":\"2024-10-06T11:43:58+00:00\",\"author\":{\"@id\":\"https:\\\/\\\/www.altominho.tv\\\/site\\\/#\\\/schema\\\/person\\\/dbaf181c01b51ff40c9f461a905d321e\"},\"description\":\"Cinco distritos sob aviso laranja e sete sob aviso amarelo devido a chuva forte.\",\"breadcrumb\":{\"@id\":\"https:\\\/\\\/www.altominho.tv\\\/site\\\/2024\\\/10\\\/06\\\/pais-alto-minho-chuva-tempo-2\\\/#breadcrumb\"},\"inLanguage\":\"pt-PT\",\"potentialAction\":[{\"@type\":\"ReadAction\",\"target\":[\"https:\\\/\\\/www.altominho.tv\\\/site\\\/2024\\\/10\\\/06\\\/pais-alto-minho-chuva-tempo-2\\\/\"]}]},{\"@type\":\"ImageObject\",\"inLanguage\":\"pt-PT\",\"@id\":\"https:\\\/\\\/www.altominho.tv\\\/site\\\/2024\\\/10\\\/06\\\/pais-alto-minho-chuva-tempo-2\\\/#primaryimage\",\"url\":\"https:\\\/\\\/www.altominho.tv\\\/site\\\/wp-content\\\/uploads\\\/2024\\\/10\\\/Chuva_Trovoada.jpg\",\"contentUrl\":\"https:\\\/\\\/www.altominho.tv\\\/site\\\/wp-content\\\/uploads\\\/2024\\\/10\\\/Chuva_Trovoada.jpg\",\"width\":1280,\"height\":848},{\"@type\":\"BreadcrumbList\",\"@id\":\"https:\\\/\\\/www.altominho.tv\\\/site\\\/2024\\\/10\\\/06\\\/pais-alto-minho-chuva-tempo-2\\\/#breadcrumb\",\"itemListElement\":[{\"@type\":\"ListItem\",\"position\":1,\"name\":\"In\u00edcio\",\"item\":\"https:\\\/\\\/www.altominho.tv\\\/site\\\/\"},{\"@type\":\"ListItem\",\"position\":2,\"name\":\"Cinco distritos sob aviso laranja e sete sob aviso amarelo devido a chuva forte\"}]},{\"@type\":\"WebSite\",\"@id\":\"https:\\\/\\\/www.altominho.tv\\\/site\\\/#website\",\"url\":\"https:\\\/\\\/www.altominho.tv\\\/site\\\/\",\"name\":\"Altominho.tv\",\"description\":\"A sua regi\u00e3o \u00e0 dist\u00e2ncia de um clique...\",\"potentialAction\":[{\"@type\":\"SearchAction\",\"target\":{\"@type\":\"EntryPoint\",\"urlTemplate\":\"https:\\\/\\\/www.altominho.tv\\\/site\\\/?s={search_term_string}\"},\"query-input\":{\"@type\":\"PropertyValueSpecification\",\"valueRequired\":true,\"valueName\":\"search_term_string\"}}],\"inLanguage\":\"pt-PT\"},{\"@type\":\"Person\",\"@id\":\"https:\\\/\\\/www.altominho.tv\\\/site\\\/#\\\/schema\\\/person\\\/dbaf181c01b51ff40c9f461a905d321e\",\"name\":\"Andreia Cunha | Lusa\",\"image\":{\"@type\":\"ImageObject\",\"inLanguage\":\"pt-PT\",\"@id\":\"https:\\\/\\\/www.altominho.tv\\\/site\\\/wp-content\\\/uploads\\\/2017\\\/11\\\/Andreia_Cunha-1-150x150.jpg\",\"url\":\"https:\\\/\\\/www.altominho.tv\\\/site\\\/wp-content\\\/uploads\\\/2017\\\/11\\\/Andreia_Cunha-1-150x150.jpg\",\"contentUrl\":\"https:\\\/\\\/www.altominho.tv\\\/site\\\/wp-content\\\/uploads\\\/2017\\\/11\\\/Andreia_Cunha-1-150x150.jpg\",\"caption\":\"Andreia Cunha | Lusa\"},\"sameAs\":[\"https:\\\/\\\/www.altominho.tv\\\/site\"],\"url\":\"https:\\\/\\\/www.altominho.tv\\\/site\\\/author\\\/andreiacunhalusa\\\/\"}]}<\/script>\n<!-- \/ Yoast SEO Premium plugin. -->","yoast_head_json":{"title":"Cinco distritos sob aviso laranja e sete sob aviso amarelo devido a chuva forte","description":"Cinco distritos sob aviso laranja e sete sob aviso amarelo devido a chuva forte.","robots":{"index":"index","follow":"follow","max-snippet":"max-snippet:-1","max-image-preview":"max-image-preview:large","max-video-preview":"max-video-preview:-1"},"canonical":"https:\/\/www.altominho.tv\/site\/2024\/10\/06\/pais-alto-minho-chuva-tempo-2\/","og_locale":"pt_PT","og_type":"article","og_title":"Cinco distritos sob aviso laranja e sete sob aviso amarelo devido a chuva forte","og_description":"Cinco distritos sob aviso laranja e sete sob aviso amarelo devido a chuva forte.","og_url":"https:\/\/www.altominho.tv\/site\/2024\/10\/06\/pais-alto-minho-chuva-tempo-2\/","og_site_name":"Altominho.tv","article_publisher":"https:\/\/www.facebook.com\/altominhotv","article_published_time":"2024-10-06T11:43:56+00:00","article_modified_time":"2024-10-06T11:43:58+00:00","og_image":[{"width":1280,"height":848,"url":"https:\/\/www.altominho.tv\/site\/wp-content\/uploads\/2024\/10\/Chuva_Trovoada.jpg","type":"image\/jpeg"}],"author":"Andreia Cunha | Lusa","twitter_card":"summary_large_image","twitter_creator":"@altominhoTV","twitter_site":"@altominhoTV","twitter_misc":{"Escrito por":"Andreia Cunha | Lusa","Tempo estimado de leitura":"3 minutos"},"schema":{"@context":"https:\/\/schema.org","@graph":[{"@type":"Article","@id":"https:\/\/www.altominho.tv\/site\/2024\/10\/06\/pais-alto-minho-chuva-tempo-2\/#article","isPartOf":{"@id":"https:\/\/www.altominho.tv\/site\/2024\/10\/06\/pais-alto-minho-chuva-tempo-2\/"},"author":{"name":"Andreia Cunha | Lusa","@id":"https:\/\/www.altominho.tv\/site\/#\/schema\/person\/dbaf181c01b51ff40c9f461a905d321e"},"headline":"Cinco distritos sob aviso laranja e sete sob aviso amarelo devido a chuva forte","datePublished":"2024-10-06T11:43:56+00:00","dateModified":"2024-10-06T11:43:58+00:00","mainEntityOfPage":{"@id":"https:\/\/www.altominho.tv\/site\/2024\/10\/06\/pais-alto-minho-chuva-tempo-2\/"},"wordCount":437,"image":{"@id":"https:\/\/www.altominho.tv\/site\/2024\/10\/06\/pais-alto-minho-chuva-tempo-2\/#primaryimage"},"thumbnailUrl":"https:\/\/www.altominho.tv\/site\/wp-content\/uploads\/2024\/10\/Chuva_Trovoada.jpg","keywords":["Sociedade"],"articleSection":["Pa\u00eds"],"inLanguage":"pt-PT","copyrightYear":"2024","copyrightHolder":{"@id":"https:\/\/www.altominho.tv\/site\/#organization"}},{"@type":"WebPage","@id":"https:\/\/www.altominho.tv\/site\/2024\/10\/06\/pais-alto-minho-chuva-tempo-2\/","url":"https:\/\/www.altominho.tv\/site\/2024\/10\/06\/pais-alto-minho-chuva-tempo-2\/","name":"Cinco distritos sob aviso laranja e sete sob aviso amarelo devido a chuva forte","isPartOf":{"@id":"https:\/\/www.altominho.tv\/site\/#website"},"primaryImageOfPage":{"@id":"https:\/\/www.altominho.tv\/site\/2024\/10\/06\/pais-alto-minho-chuva-tempo-2\/#primaryimage"},"image":{"@id":"https:\/\/www.altominho.tv\/site\/2024\/10\/06\/pais-alto-minho-chuva-tempo-2\/#primaryimage"},"thumbnailUrl":"https:\/\/www.altominho.tv\/site\/wp-content\/uploads\/2024\/10\/Chuva_Trovoada.jpg","datePublished":"2024-10-06T11:43:56+00:00","dateModified":"2024-10-06T11:43:58+00:00","author":{"@id":"https:\/\/www.altominho.tv\/site\/#\/schema\/person\/dbaf181c01b51ff40c9f461a905d321e"},"description":"Cinco distritos sob aviso laranja e sete sob aviso amarelo devido a chuva forte.","breadcrumb":{"@id":"https:\/\/www.altominho.tv\/site\/2024\/10\/06\/pais-alto-minho-chuva-tempo-2\/#breadcrumb"},"inLanguage":"pt-PT","potentialAction":[{"@type":"ReadAction","target":["https:\/\/www.altominho.tv\/site\/2024\/10\/06\/pais-alto-minho-chuva-tempo-2\/"]}]},{"@type":"ImageObject","inLanguage":"pt-PT","@id":"https:\/\/www.altominho.tv\/site\/2024\/10\/06\/pais-alto-minho-chuva-tempo-2\/#primaryimage","url":"https:\/\/www.altominho.tv\/site\/wp-content\/uploads\/2024\/10\/Chuva_Trovoada.jpg","contentUrl":"https:\/\/www.altominho.tv\/site\/wp-content\/uploads\/2024\/10\/Chuva_Trovoada.jpg","width":1280,"height":848},{"@type":"BreadcrumbList","@id":"https:\/\/www.altominho.tv\/site\/2024\/10\/06\/pais-alto-minho-chuva-tempo-2\/#breadcrumb","itemListElement":[{"@type":"ListItem","position":1,"name":"In\u00edcio","item":"https:\/\/www.altominho.tv\/site\/"},{"@type":"ListItem","position":2,"name":"Cinco distritos sob aviso laranja e sete sob aviso amarelo devido a chuva forte"}]},{"@type":"WebSite","@id":"https:\/\/www.altominho.tv\/site\/#website","url":"https:\/\/www.altominho.tv\/site\/","name":"Altominho.tv","description":"A sua regi\u00e3o \u00e0 dist\u00e2ncia de um clique...","potentialAction":[{"@type":"SearchAction","target":{"@type":"EntryPoint","urlTemplate":"https:\/\/www.altominho.tv\/site\/?s={search_term_string}"},"query-input":{"@type":"PropertyValueSpecification","valueRequired":true,"valueName":"search_term_string"}}],"inLanguage":"pt-PT"},{"@type":"Person","@id":"https:\/\/www.altominho.tv\/site\/#\/schema\/person\/dbaf181c01b51ff40c9f461a905d321e","name":"Andreia Cunha | Lusa","image":{"@type":"ImageObject","inLanguage":"pt-PT","@id":"https:\/\/www.altominho.tv\/site\/wp-content\/uploads\/2017\/11\/Andreia_Cunha-1-150x150.jpg","url":"https:\/\/www.altominho.tv\/site\/wp-content\/uploads\/2017\/11\/Andreia_Cunha-1-150x150.jpg","contentUrl":"https:\/\/www.altominho.tv\/site\/wp-content\/uploads\/2017\/11\/Andreia_Cunha-1-150x150.jpg","caption":"Andreia Cunha | Lusa"},"sameAs":["https:\/\/www.altominho.tv\/site"],"url":"https:\/\/www.altominho.tv\/site\/author\/andreiacunhalusa\/"}]}},"_links":{"self":[{"href":"https:\/\/www.altominho.tv\/site\/wp-json\/wp\/v2\/posts\/111178","targetHints":{"allow":["GET"]}}],"collection":[{"href":"https:\/\/www.altominho.tv\/site\/wp-json\/wp\/v2\/posts"}],"about":[{"href":"https:\/\/www.altominho.tv\/site\/wp-json\/wp\/v2\/types\/post"}],"author":[{"embeddable":true,"href":"https:\/\/www.altominho.tv\/site\/wp-json\/wp\/v2\/users\/16"}],"replies":[{"embeddable":true,"href":"https:\/\/www.altominho.tv\/site\/wp-json\/wp\/v2\/comments?post=111178"}],"version-history":[{"count":1,"href":"https:\/\/www.altominho.tv\/site\/wp-json\/wp\/v2\/posts\/111178\/revisions"}],"predecessor-version":[{"id":111180,"href":"https:\/\/www.altominho.tv\/site\/wp-json\/wp\/v2\/posts\/111178\/revisions\/111180"}],"wp:featuredmedia":[{"embeddable":true,"href":"https:\/\/www.altominho.tv\/site\/wp-json\/wp\/v2\/media\/111179"}],"wp:attachment":[{"href":"https:\/\/www.altominho.tv\/site\/wp-json\/wp\/v2\/media?parent=111178"}],"wp:term":[{"taxonomy":"category","embeddable":true,"href":"https:\/\/www.altominho.tv\/site\/wp-json\/wp\/v2\/categories?post=111178"},{"taxonomy":"post_tag","embeddable":true,"href":"https:\/\/www.altominho.tv\/site\/wp-json\/wp\/v2\/tags?post=111178"}],"curies":[{"name":"wp","href":"https:\/\/api.w.org\/{rel}","templated":true}]}}