{"id":111141,"date":"2024-10-05T09:19:03","date_gmt":"2024-10-05T08:19:03","guid":{"rendered":"https:\/\/www.altominho.tv\/site\/?p=111141"},"modified":"2024-10-05T09:19:05","modified_gmt":"2024-10-05T08:19:05","slug":"arrendamento-ihru-habitacao","status":"publish","type":"post","link":"https:\/\/www.altominho.tv\/site\/2024\/10\/05\/arrendamento-ihru-habitacao\/","title":{"rendered":"IHRU coloca a concurso 130 casas para arrendamento acess\u00edvel no pa\u00eds"},"content":{"rendered":"\n<p>O Instituto da Habita\u00e7\u00e3o e da Reabilita\u00e7\u00e3o Urbana (IHRU) abriu concurso para 130 casas de renda acess\u00edvel, em 24 concelhos, com prioridade para agregados at\u00e9 aos 35 anos, fam\u00edlias monoparentais e com quebras de rendimento.<\/p>\n\n\n\n<p>Segundo an\u00fancio no Portal da Habita\u00e7\u00e3o, abriram \u201cdois concursos para sorteio de 130 casas de renda acess\u00edvel, no \u00e2mbito do Programa Arrendar para Subarrendar\u201d, que ir\u00e3o atribuir \u201chabita\u00e7\u00f5es de tipologias T1 a T5, em 24 concelhos\u201d do pa\u00eds.<\/p>\n\n\n\n<p>As habita\u00e7\u00f5es a sortear situam-se em Albufeira (distrito de Faro), Almada, Amadora, Cascais, Lisboa, Loures, Odivelas, Oeiras, Sintra, Vila Franca de Xira, Seixal (\u00c1rea Metropolitana de Lisboa), Gondomar, Matosinhos, Porto, P\u00f3voa de Varzim, Santa Maria da Feira, Valongo, Vila Nova de Gaia (\u00c1rea Metropolitana do Porto), Praia da Vit\u00f3ria (A\u00e7ores), Caldas da Rainha (distrito de Leiria), Coimbra, Penacova (distrito de Coimbra), Ponte da Barca (distrito de Viana do Castelo) e Torres Vedras (distrito de Lisboa).<\/p>\n\n\n\n<p>O concurso para a zona Norte abrange 22 alojamentos, com rendas que variam entre 219 euros (T1) e 287 euros (T4), enquanto o aviso para a regi\u00e3o Sul integra 108 alojamentos, com rendas de 287 euros (T1 a T5).<\/p>\n\n\n\n<p>De acordo com o IHRU, podem concorrer pessoas ou agregados familiares que cumpram os crit\u00e9rios de elegibilidade definidos no programa e condi\u00e7\u00f5es estabelecidas nos avisos dos concursos, e ser\u00e1 dada \u201cprioridade aos agregados com idade at\u00e9 aos 35 anos, fam\u00edlias monoparentais ou fam\u00edlias com quebras de rendimento superiores a 20% face aos rendimentos dos tr\u00eas meses precedentes, ou no mesmo per\u00edodo hom\u00f3logo do ano anterior\u201d.<\/p>\n\n\n\n<p>As candidaturas podem ser submetidas at\u00e9 01 de novembro, atrav\u00e9s da plataforma\u00a0<a href=\"http:\/\/ihruarrenda.portaldahabitacao.pt\/\" target=\"_blank\" rel=\"noreferrer noopener\">ihruarrenda.portaldahabitacao.pt<\/a>. e os interessados dever\u00e3o obter previamente, na plataforma do Programa Arrendamento Acess\u00edvel, um certificado de registo de candidatura.<\/p>\n\n\n\n<p>Os sorteios das candidaturas admitidas a concurso ir\u00e3o decorrer em 05 de novembro, pelas 11h00, em ato p\u00fablico com transmiss\u00e3o \u2018online\u2019.<\/p>\n","protected":false},"excerpt":{"rendered":"<p>O Instituto da Habita\u00e7\u00e3o e da Reabilita\u00e7\u00e3o Urbana (IHRU) abriu concurso para 130 casas de renda acess\u00edvel, em 24 concelhos, com prioridade para agregados at\u00e9 aos 35 anos, fam\u00edlias monoparentais e com quebras de rendimento. Segundo an\u00fancio no Portal da Habita\u00e7\u00e3o, abriram \u201cdois concursos para sorteio de 130 casas de renda acess\u00edvel, no \u00e2mbito do [&hellip;]<\/p>\n","protected":false},"author":16,"featured_media":111142,"comment_status":"closed","ping_status":"closed","sticky":false,"template":"","format":"standard","meta":{"_exactmetrics_skip_tracking":false,"_exactmetrics_sitenote_active":false,"_exactmetrics_sitenote_note":"","_exactmetrics_sitenote_category":0,"footnotes":""},"categories":[56325],"tags":[27],"class_list":["post-111141","post","type-post","status-publish","format-standard","has-post-thumbnail","hentry","category-pais","tag-sociedade"],"yoast_head":"<!-- This site is optimized with the Yoast SEO Premium plugin v27.5 (Yoast SEO v27.5) - https:\/\/yoast.com\/product\/yoast-seo-premium-wordpress\/ -->\n<title>IHRU coloca a concurso 130 casas para arrendamento acess\u00edvel no pa\u00eds<\/title>\n<meta name=\"description\" content=\"O IHRU vai colocar a concurso 130 casas para arrendamento acess\u00edvel no pa\u00eds.\" \/>\n<meta name=\"robots\" content=\"index, follow, max-snippet:-1, max-image-preview:large, max-video-preview:-1\" \/>\n<link rel=\"canonical\" href=\"https:\/\/www.altominho.tv\/site\/2024\/10\/05\/arrendamento-ihru-habitacao\/\" \/>\n<meta property=\"og:locale\" content=\"pt_PT\" \/>\n<meta property=\"og:type\" content=\"article\" \/>\n<meta property=\"og:title\" content=\"IHRU coloca a concurso 130 casas para arrendamento acess\u00edvel no pa\u00eds\" \/>\n<meta property=\"og:description\" content=\"O IHRU vai colocar a concurso 130 casas para arrendamento acess\u00edvel no pa\u00eds.\" \/>\n<meta property=\"og:url\" content=\"https:\/\/www.altominho.tv\/site\/2024\/10\/05\/arrendamento-ihru-habitacao\/\" \/>\n<meta property=\"og:site_name\" content=\"Altominho.tv\" \/>\n<meta property=\"article:publisher\" content=\"https:\/\/www.facebook.com\/altominhotv\" \/>\n<meta property=\"article:published_time\" content=\"2024-10-05T08:19:03+00:00\" \/>\n<meta property=\"article:modified_time\" content=\"2024-10-05T08:19:05+00:00\" \/>\n<meta property=\"og:image\" content=\"https:\/\/www.altominho.tv\/site\/wp-content\/uploads\/2024\/10\/habitacao-acessivel.jpg\" \/>\n\t<meta property=\"og:image:width\" content=\"1920\" \/>\n\t<meta property=\"og:image:height\" content=\"1280\" \/>\n\t<meta property=\"og:image:type\" content=\"image\/jpeg\" \/>\n<meta name=\"author\" content=\"Andreia Cunha | Lusa\" \/>\n<meta name=\"twitter:card\" content=\"summary_large_image\" \/>\n<meta name=\"twitter:creator\" content=\"@altominhoTV\" \/>\n<meta name=\"twitter:site\" content=\"@altominhoTV\" \/>\n<meta name=\"twitter:label1\" content=\"Escrito por\" \/>\n\t<meta name=\"twitter:data1\" content=\"Andreia Cunha | Lusa\" \/>\n\t<meta name=\"twitter:label2\" content=\"Tempo estimado de leitura\" \/>\n\t<meta name=\"twitter:data2\" content=\"2 minutos\" \/>\n<script type=\"application\/ld+json\" class=\"yoast-schema-graph\">{\"@context\":\"https:\\\/\\\/schema.org\",\"@graph\":[{\"@type\":\"Article\",\"@id\":\"https:\\\/\\\/www.altominho.tv\\\/site\\\/2024\\\/10\\\/05\\\/arrendamento-ihru-habitacao\\\/#article\",\"isPartOf\":{\"@id\":\"https:\\\/\\\/www.altominho.tv\\\/site\\\/2024\\\/10\\\/05\\\/arrendamento-ihru-habitacao\\\/\"},\"author\":{\"name\":\"Andreia Cunha | Lusa\",\"@id\":\"https:\\\/\\\/www.altominho.tv\\\/site\\\/#\\\/schema\\\/person\\\/dbaf181c01b51ff40c9f461a905d321e\"},\"headline\":\"IHRU coloca a concurso 130 casas para arrendamento acess\u00edvel no pa\u00eds\",\"datePublished\":\"2024-10-05T08:19:03+00:00\",\"dateModified\":\"2024-10-05T08:19:05+00:00\",\"mainEntityOfPage\":{\"@id\":\"https:\\\/\\\/www.altominho.tv\\\/site\\\/2024\\\/10\\\/05\\\/arrendamento-ihru-habitacao\\\/\"},\"wordCount\":332,\"image\":{\"@id\":\"https:\\\/\\\/www.altominho.tv\\\/site\\\/2024\\\/10\\\/05\\\/arrendamento-ihru-habitacao\\\/#primaryimage\"},\"thumbnailUrl\":\"https:\\\/\\\/www.altominho.tv\\\/site\\\/wp-content\\\/uploads\\\/2024\\\/10\\\/habitacao-acessivel.jpg\",\"keywords\":[\"Sociedade\"],\"articleSection\":[\"Pa\u00eds\"],\"inLanguage\":\"pt-PT\",\"copyrightYear\":\"2024\",\"copyrightHolder\":{\"@id\":\"https:\\\/\\\/www.altominho.tv\\\/site\\\/#organization\"}},{\"@type\":\"WebPage\",\"@id\":\"https:\\\/\\\/www.altominho.tv\\\/site\\\/2024\\\/10\\\/05\\\/arrendamento-ihru-habitacao\\\/\",\"url\":\"https:\\\/\\\/www.altominho.tv\\\/site\\\/2024\\\/10\\\/05\\\/arrendamento-ihru-habitacao\\\/\",\"name\":\"IHRU coloca a concurso 130 casas para arrendamento acess\u00edvel no pa\u00eds\",\"isPartOf\":{\"@id\":\"https:\\\/\\\/www.altominho.tv\\\/site\\\/#website\"},\"primaryImageOfPage\":{\"@id\":\"https:\\\/\\\/www.altominho.tv\\\/site\\\/2024\\\/10\\\/05\\\/arrendamento-ihru-habitacao\\\/#primaryimage\"},\"image\":{\"@id\":\"https:\\\/\\\/www.altominho.tv\\\/site\\\/2024\\\/10\\\/05\\\/arrendamento-ihru-habitacao\\\/#primaryimage\"},\"thumbnailUrl\":\"https:\\\/\\\/www.altominho.tv\\\/site\\\/wp-content\\\/uploads\\\/2024\\\/10\\\/habitacao-acessivel.jpg\",\"datePublished\":\"2024-10-05T08:19:03+00:00\",\"dateModified\":\"2024-10-05T08:19:05+00:00\",\"author\":{\"@id\":\"https:\\\/\\\/www.altominho.tv\\\/site\\\/#\\\/schema\\\/person\\\/dbaf181c01b51ff40c9f461a905d321e\"},\"description\":\"O IHRU vai colocar a concurso 130 casas para arrendamento acess\u00edvel no pa\u00eds.\",\"breadcrumb\":{\"@id\":\"https:\\\/\\\/www.altominho.tv\\\/site\\\/2024\\\/10\\\/05\\\/arrendamento-ihru-habitacao\\\/#breadcrumb\"},\"inLanguage\":\"pt-PT\",\"potentialAction\":[{\"@type\":\"ReadAction\",\"target\":[\"https:\\\/\\\/www.altominho.tv\\\/site\\\/2024\\\/10\\\/05\\\/arrendamento-ihru-habitacao\\\/\"]}]},{\"@type\":\"ImageObject\",\"inLanguage\":\"pt-PT\",\"@id\":\"https:\\\/\\\/www.altominho.tv\\\/site\\\/2024\\\/10\\\/05\\\/arrendamento-ihru-habitacao\\\/#primaryimage\",\"url\":\"https:\\\/\\\/www.altominho.tv\\\/site\\\/wp-content\\\/uploads\\\/2024\\\/10\\\/habitacao-acessivel.jpg\",\"contentUrl\":\"https:\\\/\\\/www.altominho.tv\\\/site\\\/wp-content\\\/uploads\\\/2024\\\/10\\\/habitacao-acessivel.jpg\",\"width\":1920,\"height\":1280},{\"@type\":\"BreadcrumbList\",\"@id\":\"https:\\\/\\\/www.altominho.tv\\\/site\\\/2024\\\/10\\\/05\\\/arrendamento-ihru-habitacao\\\/#breadcrumb\",\"itemListElement\":[{\"@type\":\"ListItem\",\"position\":1,\"name\":\"In\u00edcio\",\"item\":\"https:\\\/\\\/www.altominho.tv\\\/site\\\/\"},{\"@type\":\"ListItem\",\"position\":2,\"name\":\"IHRU coloca a concurso 130 casas para arrendamento acess\u00edvel no pa\u00eds\"}]},{\"@type\":\"WebSite\",\"@id\":\"https:\\\/\\\/www.altominho.tv\\\/site\\\/#website\",\"url\":\"https:\\\/\\\/www.altominho.tv\\\/site\\\/\",\"name\":\"Altominho.tv\",\"description\":\"A sua regi\u00e3o \u00e0 dist\u00e2ncia de um clique...\",\"potentialAction\":[{\"@type\":\"SearchAction\",\"target\":{\"@type\":\"EntryPoint\",\"urlTemplate\":\"https:\\\/\\\/www.altominho.tv\\\/site\\\/?s={search_term_string}\"},\"query-input\":{\"@type\":\"PropertyValueSpecification\",\"valueRequired\":true,\"valueName\":\"search_term_string\"}}],\"inLanguage\":\"pt-PT\"},{\"@type\":\"Person\",\"@id\":\"https:\\\/\\\/www.altominho.tv\\\/site\\\/#\\\/schema\\\/person\\\/dbaf181c01b51ff40c9f461a905d321e\",\"name\":\"Andreia Cunha | Lusa\",\"image\":{\"@type\":\"ImageObject\",\"inLanguage\":\"pt-PT\",\"@id\":\"https:\\\/\\\/www.altominho.tv\\\/site\\\/wp-content\\\/uploads\\\/2017\\\/11\\\/Andreia_Cunha-1-150x150.jpg\",\"url\":\"https:\\\/\\\/www.altominho.tv\\\/site\\\/wp-content\\\/uploads\\\/2017\\\/11\\\/Andreia_Cunha-1-150x150.jpg\",\"contentUrl\":\"https:\\\/\\\/www.altominho.tv\\\/site\\\/wp-content\\\/uploads\\\/2017\\\/11\\\/Andreia_Cunha-1-150x150.jpg\",\"caption\":\"Andreia Cunha | Lusa\"},\"sameAs\":[\"https:\\\/\\\/www.altominho.tv\\\/site\"],\"url\":\"https:\\\/\\\/www.altominho.tv\\\/site\\\/author\\\/andreiacunhalusa\\\/\"}]}<\/script>\n<!-- \/ Yoast SEO Premium plugin. -->","yoast_head_json":{"title":"IHRU coloca a concurso 130 casas para arrendamento acess\u00edvel no pa\u00eds","description":"O IHRU vai colocar a concurso 130 casas para arrendamento acess\u00edvel no pa\u00eds.","robots":{"index":"index","follow":"follow","max-snippet":"max-snippet:-1","max-image-preview":"max-image-preview:large","max-video-preview":"max-video-preview:-1"},"canonical":"https:\/\/www.altominho.tv\/site\/2024\/10\/05\/arrendamento-ihru-habitacao\/","og_locale":"pt_PT","og_type":"article","og_title":"IHRU coloca a concurso 130 casas para arrendamento acess\u00edvel no pa\u00eds","og_description":"O IHRU vai colocar a concurso 130 casas para arrendamento acess\u00edvel no pa\u00eds.","og_url":"https:\/\/www.altominho.tv\/site\/2024\/10\/05\/arrendamento-ihru-habitacao\/","og_site_name":"Altominho.tv","article_publisher":"https:\/\/www.facebook.com\/altominhotv","article_published_time":"2024-10-05T08:19:03+00:00","article_modified_time":"2024-10-05T08:19:05+00:00","og_image":[{"width":1920,"height":1280,"url":"https:\/\/www.altominho.tv\/site\/wp-content\/uploads\/2024\/10\/habitacao-acessivel.jpg","type":"image\/jpeg"}],"author":"Andreia Cunha | Lusa","twitter_card":"summary_large_image","twitter_creator":"@altominhoTV","twitter_site":"@altominhoTV","twitter_misc":{"Escrito por":"Andreia Cunha | Lusa","Tempo estimado de leitura":"2 minutos"},"schema":{"@context":"https:\/\/schema.org","@graph":[{"@type":"Article","@id":"https:\/\/www.altominho.tv\/site\/2024\/10\/05\/arrendamento-ihru-habitacao\/#article","isPartOf":{"@id":"https:\/\/www.altominho.tv\/site\/2024\/10\/05\/arrendamento-ihru-habitacao\/"},"author":{"name":"Andreia Cunha | Lusa","@id":"https:\/\/www.altominho.tv\/site\/#\/schema\/person\/dbaf181c01b51ff40c9f461a905d321e"},"headline":"IHRU coloca a concurso 130 casas para arrendamento acess\u00edvel no pa\u00eds","datePublished":"2024-10-05T08:19:03+00:00","dateModified":"2024-10-05T08:19:05+00:00","mainEntityOfPage":{"@id":"https:\/\/www.altominho.tv\/site\/2024\/10\/05\/arrendamento-ihru-habitacao\/"},"wordCount":332,"image":{"@id":"https:\/\/www.altominho.tv\/site\/2024\/10\/05\/arrendamento-ihru-habitacao\/#primaryimage"},"thumbnailUrl":"https:\/\/www.altominho.tv\/site\/wp-content\/uploads\/2024\/10\/habitacao-acessivel.jpg","keywords":["Sociedade"],"articleSection":["Pa\u00eds"],"inLanguage":"pt-PT","copyrightYear":"2024","copyrightHolder":{"@id":"https:\/\/www.altominho.tv\/site\/#organization"}},{"@type":"WebPage","@id":"https:\/\/www.altominho.tv\/site\/2024\/10\/05\/arrendamento-ihru-habitacao\/","url":"https:\/\/www.altominho.tv\/site\/2024\/10\/05\/arrendamento-ihru-habitacao\/","name":"IHRU coloca a concurso 130 casas para arrendamento acess\u00edvel no pa\u00eds","isPartOf":{"@id":"https:\/\/www.altominho.tv\/site\/#website"},"primaryImageOfPage":{"@id":"https:\/\/www.altominho.tv\/site\/2024\/10\/05\/arrendamento-ihru-habitacao\/#primaryimage"},"image":{"@id":"https:\/\/www.altominho.tv\/site\/2024\/10\/05\/arrendamento-ihru-habitacao\/#primaryimage"},"thumbnailUrl":"https:\/\/www.altominho.tv\/site\/wp-content\/uploads\/2024\/10\/habitacao-acessivel.jpg","datePublished":"2024-10-05T08:19:03+00:00","dateModified":"2024-10-05T08:19:05+00:00","author":{"@id":"https:\/\/www.altominho.tv\/site\/#\/schema\/person\/dbaf181c01b51ff40c9f461a905d321e"},"description":"O IHRU vai colocar a concurso 130 casas para arrendamento acess\u00edvel no pa\u00eds.","breadcrumb":{"@id":"https:\/\/www.altominho.tv\/site\/2024\/10\/05\/arrendamento-ihru-habitacao\/#breadcrumb"},"inLanguage":"pt-PT","potentialAction":[{"@type":"ReadAction","target":["https:\/\/www.altominho.tv\/site\/2024\/10\/05\/arrendamento-ihru-habitacao\/"]}]},{"@type":"ImageObject","inLanguage":"pt-PT","@id":"https:\/\/www.altominho.tv\/site\/2024\/10\/05\/arrendamento-ihru-habitacao\/#primaryimage","url":"https:\/\/www.altominho.tv\/site\/wp-content\/uploads\/2024\/10\/habitacao-acessivel.jpg","contentUrl":"https:\/\/www.altominho.tv\/site\/wp-content\/uploads\/2024\/10\/habitacao-acessivel.jpg","width":1920,"height":1280},{"@type":"BreadcrumbList","@id":"https:\/\/www.altominho.tv\/site\/2024\/10\/05\/arrendamento-ihru-habitacao\/#breadcrumb","itemListElement":[{"@type":"ListItem","position":1,"name":"In\u00edcio","item":"https:\/\/www.altominho.tv\/site\/"},{"@type":"ListItem","position":2,"name":"IHRU coloca a concurso 130 casas para arrendamento acess\u00edvel no pa\u00eds"}]},{"@type":"WebSite","@id":"https:\/\/www.altominho.tv\/site\/#website","url":"https:\/\/www.altominho.tv\/site\/","name":"Altominho.tv","description":"A sua regi\u00e3o \u00e0 dist\u00e2ncia de um clique...","potentialAction":[{"@type":"SearchAction","target":{"@type":"EntryPoint","urlTemplate":"https:\/\/www.altominho.tv\/site\/?s={search_term_string}"},"query-input":{"@type":"PropertyValueSpecification","valueRequired":true,"valueName":"search_term_string"}}],"inLanguage":"pt-PT"},{"@type":"Person","@id":"https:\/\/www.altominho.tv\/site\/#\/schema\/person\/dbaf181c01b51ff40c9f461a905d321e","name":"Andreia Cunha | Lusa","image":{"@type":"ImageObject","inLanguage":"pt-PT","@id":"https:\/\/www.altominho.tv\/site\/wp-content\/uploads\/2017\/11\/Andreia_Cunha-1-150x150.jpg","url":"https:\/\/www.altominho.tv\/site\/wp-content\/uploads\/2017\/11\/Andreia_Cunha-1-150x150.jpg","contentUrl":"https:\/\/www.altominho.tv\/site\/wp-content\/uploads\/2017\/11\/Andreia_Cunha-1-150x150.jpg","caption":"Andreia Cunha | Lusa"},"sameAs":["https:\/\/www.altominho.tv\/site"],"url":"https:\/\/www.altominho.tv\/site\/author\/andreiacunhalusa\/"}]}},"_links":{"self":[{"href":"https:\/\/www.altominho.tv\/site\/wp-json\/wp\/v2\/posts\/111141","targetHints":{"allow":["GET"]}}],"collection":[{"href":"https:\/\/www.altominho.tv\/site\/wp-json\/wp\/v2\/posts"}],"about":[{"href":"https:\/\/www.altominho.tv\/site\/wp-json\/wp\/v2\/types\/post"}],"author":[{"embeddable":true,"href":"https:\/\/www.altominho.tv\/site\/wp-json\/wp\/v2\/users\/16"}],"replies":[{"embeddable":true,"href":"https:\/\/www.altominho.tv\/site\/wp-json\/wp\/v2\/comments?post=111141"}],"version-history":[{"count":1,"href":"https:\/\/www.altominho.tv\/site\/wp-json\/wp\/v2\/posts\/111141\/revisions"}],"predecessor-version":[{"id":111143,"href":"https:\/\/www.altominho.tv\/site\/wp-json\/wp\/v2\/posts\/111141\/revisions\/111143"}],"wp:featuredmedia":[{"embeddable":true,"href":"https:\/\/www.altominho.tv\/site\/wp-json\/wp\/v2\/media\/111142"}],"wp:attachment":[{"href":"https:\/\/www.altominho.tv\/site\/wp-json\/wp\/v2\/media?parent=111141"}],"wp:term":[{"taxonomy":"category","embeddable":true,"href":"https:\/\/www.altominho.tv\/site\/wp-json\/wp\/v2\/categories?post=111141"},{"taxonomy":"post_tag","embeddable":true,"href":"https:\/\/www.altominho.tv\/site\/wp-json\/wp\/v2\/tags?post=111141"}],"curies":[{"name":"wp","href":"https:\/\/api.w.org\/{rel}","templated":true}]}}