{"id":111088,"date":"2024-10-03T18:39:08","date_gmt":"2024-10-03T17:39:08","guid":{"rendered":"https:\/\/www.altominho.tv\/site\/?p=111088"},"modified":"2024-10-03T18:39:10","modified_gmt":"2024-10-03T17:39:10","slug":"cerveira-apoios-juventude","status":"publish","type":"post","link":"https:\/\/www.altominho.tv\/site\/2024\/10\/03\/cerveira-apoios-juventude\/","title":{"rendered":"Cerveira apoia ADCJC na compra de embarca\u00e7\u00e3o de forma\u00e7\u00e3o"},"content":{"rendered":"\n<p>A C\u00e2mara Municipal de Vila Nova de Cerveira deu hoje nota que concedeu um apoio financeiro extraordin\u00e1rio \u00e0 Associa\u00e7\u00e3o Desportiva e Cultural da Juventude de Cerveira (ADCJC) para a compra de uma embarca\u00e7\u00e3o de forma\u00e7\u00e3o.<\/p>\n\n\n\n<p>A cerim\u00f3nia de inaugura\u00e7\u00e3o do novo skiff (1X), destinado ao treino de jovens iniciantes da modalidade de remo, decorreu este domingo, 29 de setembro, com a presen\u00e7a do presidente da C\u00e2mara Municipal, Rui Teixeira, e da vereadora com o pelouro do desporto, Carla Segad\u00e3es, al\u00e9m de \u00f3rg\u00e3os da dire\u00e7\u00e3o da associa\u00e7\u00e3o, atletas e familiares.<\/p>\n\n\n\n<p>Para o presidente da C\u00e2mara Municipal de Vila Nova de Cerveira, &#8220;este apoio reflete a estrita coopera\u00e7\u00e3o e rela\u00e7\u00e3o de proximidade que o executivo tem promovido junto das associa\u00e7\u00f5es desportivas, uma responsabilidade social consagrada na cria\u00e7\u00e3o de condi\u00e7\u00f5es que facilitem a democratiza\u00e7\u00e3o e o acesso \u00e0 pr\u00e1tica desportiva das mais diversas modalidades&#8221;.<\/p>\n\n\n\n<p>De referir que a Associa\u00e7\u00e3o Desportiva e Cultural da Juventude de Cerveira presta, desde 1989, continuados servi\u00e7os \u00e0 comunidade em geral, no que diz respeito ao fomento dos desportos n\u00e1uticos, sobretudo o remo e a nata\u00e7\u00e3o, organizando competi\u00e7\u00f5es e participando noutras, apresentando um palmar\u00e9s muito honroso.<\/p>\n\n\n\n<p>Exemplo disso mesmo \u00e9 o reconhecimento de 18 jovens atletas da ADCJC com Men\u00e7\u00f5es Honrosas, atribu\u00eddas no Dia do Munic\u00edpio, 1 de outubro, pelos resultados obtidos na \u00e9poca de 2023\/2024, nomeadamente o 1\u00ba no Campeonato Nacional de Fundo \u2013 double juniores masculinos, e o 2\u00ba lugar no Campeonato Nacional de Velocidade quadri juniores masculinos; h\u00e1 ainda a destacar o 1\u00ba lugar em Skif Benjamim feminina, no Encontro Nacional de Remo Jovem; e o 2\u00ba lugar em Skif j\u00fanior masculino, no Encontro Nacional de Remo Jovem; o 3\u00ba lugarem 8+juvenis masculino no Campeonato Nacional de Velocidade; o 3\u00ba lugar em quadri iniciadas femininas no Encontro Nacional de Remo Jovem; e o 3\u00ba lugar no Double iniciadas femininas no Encontro Nacional de Remo Jovem.<\/p>\n","protected":false},"excerpt":{"rendered":"<p>A C\u00e2mara Municipal de Vila Nova de Cerveira deu hoje nota que concedeu um apoio financeiro extraordin\u00e1rio \u00e0 Associa\u00e7\u00e3o Desportiva e Cultural da Juventude de Cerveira (ADCJC) para a compra de uma embarca\u00e7\u00e3o de forma\u00e7\u00e3o. A cerim\u00f3nia de inaugura\u00e7\u00e3o do novo skiff (1X), destinado ao treino de jovens iniciantes da modalidade de remo, decorreu este [&hellip;]<\/p>\n","protected":false},"author":7,"featured_media":111089,"comment_status":"closed","ping_status":"closed","sticky":false,"template":"","format":"standard","meta":{"_exactmetrics_skip_tracking":false,"_exactmetrics_sitenote_active":false,"_exactmetrics_sitenote_note":"","_exactmetrics_sitenote_category":0,"footnotes":""},"categories":[15],"tags":[20],"class_list":["post-111088","post","type-post","status-publish","format-standard","has-post-thumbnail","hentry","category-vila-nova-de-cerveira","tag-desporto"],"yoast_head":"<!-- This site is optimized with the Yoast SEO Premium plugin v27.5 (Yoast SEO v27.5) - https:\/\/yoast.com\/product\/yoast-seo-premium-wordpress\/ -->\n<title>Cerveira apoia ADCJC na compra de embarca\u00e7\u00e3o de forma\u00e7\u00e3o<\/title>\n<meta name=\"description\" content=\"A C\u00e2mara de Cerveira concedeu um apoio financeiro extraordin\u00e1rio \u00e0 Associa\u00e7\u00e3o Desportiva e Cultural da Juventude de Cerveira para a compra de uma embarca\u00e7\u00e3o de forma\u00e7\u00e3o.\" \/>\n<meta name=\"robots\" content=\"index, follow, max-snippet:-1, max-image-preview:large, max-video-preview:-1\" \/>\n<link rel=\"canonical\" href=\"https:\/\/www.altominho.tv\/site\/2024\/10\/03\/cerveira-apoios-juventude\/\" \/>\n<meta property=\"og:locale\" content=\"pt_PT\" \/>\n<meta property=\"og:type\" content=\"article\" \/>\n<meta property=\"og:title\" content=\"Cerveira apoia ADCJC na compra de embarca\u00e7\u00e3o de forma\u00e7\u00e3o\" \/>\n<meta property=\"og:description\" content=\"A C\u00e2mara de Cerveira concedeu um apoio financeiro extraordin\u00e1rio \u00e0 Associa\u00e7\u00e3o Desportiva e Cultural da Juventude de Cerveira para a compra de uma embarca\u00e7\u00e3o de forma\u00e7\u00e3o.\" \/>\n<meta property=\"og:url\" content=\"https:\/\/www.altominho.tv\/site\/2024\/10\/03\/cerveira-apoios-juventude\/\" \/>\n<meta property=\"og:site_name\" content=\"Altominho.tv\" \/>\n<meta property=\"article:publisher\" content=\"https:\/\/www.facebook.com\/altominhotv\" \/>\n<meta property=\"article:published_time\" content=\"2024-10-03T17:39:08+00:00\" \/>\n<meta property=\"article:modified_time\" content=\"2024-10-03T17:39:10+00:00\" \/>\n<meta property=\"og:image\" content=\"https:\/\/www.altominho.tv\/site\/wp-content\/uploads\/2024\/10\/Barco-remo-setembro-2024-1.jpg\" \/>\n\t<meta property=\"og:image:width\" content=\"2048\" \/>\n\t<meta property=\"og:image:height\" content=\"1152\" \/>\n\t<meta property=\"og:image:type\" content=\"image\/jpeg\" \/>\n<meta name=\"author\" content=\"Andreia Cunha\" \/>\n<meta name=\"twitter:card\" content=\"summary_large_image\" \/>\n<meta name=\"twitter:creator\" content=\"@altominhoTV\" \/>\n<meta name=\"twitter:site\" content=\"@altominhoTV\" \/>\n<meta name=\"twitter:label1\" content=\"Escrito por\" \/>\n\t<meta name=\"twitter:data1\" content=\"Andreia Cunha\" \/>\n\t<meta name=\"twitter:label2\" content=\"Tempo estimado de leitura\" \/>\n\t<meta name=\"twitter:data2\" content=\"2 minutos\" \/>\n<script type=\"application\/ld+json\" class=\"yoast-schema-graph\">{\"@context\":\"https:\\\/\\\/schema.org\",\"@graph\":[{\"@type\":\"Article\",\"@id\":\"https:\\\/\\\/www.altominho.tv\\\/site\\\/2024\\\/10\\\/03\\\/cerveira-apoios-juventude\\\/#article\",\"isPartOf\":{\"@id\":\"https:\\\/\\\/www.altominho.tv\\\/site\\\/2024\\\/10\\\/03\\\/cerveira-apoios-juventude\\\/\"},\"author\":{\"name\":\"Andreia Cunha\",\"@id\":\"https:\\\/\\\/www.altominho.tv\\\/site\\\/#\\\/schema\\\/person\\\/a0e4ef6d041f98ca284393d8f1d97153\"},\"headline\":\"Cerveira apoia ADCJC na compra de embarca\u00e7\u00e3o de forma\u00e7\u00e3o\",\"datePublished\":\"2024-10-03T17:39:08+00:00\",\"dateModified\":\"2024-10-03T17:39:10+00:00\",\"mainEntityOfPage\":{\"@id\":\"https:\\\/\\\/www.altominho.tv\\\/site\\\/2024\\\/10\\\/03\\\/cerveira-apoios-juventude\\\/\"},\"wordCount\":335,\"image\":{\"@id\":\"https:\\\/\\\/www.altominho.tv\\\/site\\\/2024\\\/10\\\/03\\\/cerveira-apoios-juventude\\\/#primaryimage\"},\"thumbnailUrl\":\"https:\\\/\\\/www.altominho.tv\\\/site\\\/wp-content\\\/uploads\\\/2024\\\/10\\\/Barco-remo-setembro-2024-1.jpg\",\"keywords\":[\"Desporto\"],\"articleSection\":[\"Vila Nova de Cerveira\"],\"inLanguage\":\"pt-PT\",\"copyrightYear\":\"2024\",\"copyrightHolder\":{\"@id\":\"https:\\\/\\\/www.altominho.tv\\\/site\\\/#organization\"}},{\"@type\":\"WebPage\",\"@id\":\"https:\\\/\\\/www.altominho.tv\\\/site\\\/2024\\\/10\\\/03\\\/cerveira-apoios-juventude\\\/\",\"url\":\"https:\\\/\\\/www.altominho.tv\\\/site\\\/2024\\\/10\\\/03\\\/cerveira-apoios-juventude\\\/\",\"name\":\"Cerveira apoia ADCJC na compra de embarca\u00e7\u00e3o de forma\u00e7\u00e3o\",\"isPartOf\":{\"@id\":\"https:\\\/\\\/www.altominho.tv\\\/site\\\/#website\"},\"primaryImageOfPage\":{\"@id\":\"https:\\\/\\\/www.altominho.tv\\\/site\\\/2024\\\/10\\\/03\\\/cerveira-apoios-juventude\\\/#primaryimage\"},\"image\":{\"@id\":\"https:\\\/\\\/www.altominho.tv\\\/site\\\/2024\\\/10\\\/03\\\/cerveira-apoios-juventude\\\/#primaryimage\"},\"thumbnailUrl\":\"https:\\\/\\\/www.altominho.tv\\\/site\\\/wp-content\\\/uploads\\\/2024\\\/10\\\/Barco-remo-setembro-2024-1.jpg\",\"datePublished\":\"2024-10-03T17:39:08+00:00\",\"dateModified\":\"2024-10-03T17:39:10+00:00\",\"author\":{\"@id\":\"https:\\\/\\\/www.altominho.tv\\\/site\\\/#\\\/schema\\\/person\\\/a0e4ef6d041f98ca284393d8f1d97153\"},\"description\":\"A C\u00e2mara de Cerveira concedeu um apoio financeiro extraordin\u00e1rio \u00e0 Associa\u00e7\u00e3o Desportiva e Cultural da Juventude de Cerveira para a compra de uma embarca\u00e7\u00e3o de forma\u00e7\u00e3o.\",\"breadcrumb\":{\"@id\":\"https:\\\/\\\/www.altominho.tv\\\/site\\\/2024\\\/10\\\/03\\\/cerveira-apoios-juventude\\\/#breadcrumb\"},\"inLanguage\":\"pt-PT\",\"potentialAction\":[{\"@type\":\"ReadAction\",\"target\":[\"https:\\\/\\\/www.altominho.tv\\\/site\\\/2024\\\/10\\\/03\\\/cerveira-apoios-juventude\\\/\"]}]},{\"@type\":\"ImageObject\",\"inLanguage\":\"pt-PT\",\"@id\":\"https:\\\/\\\/www.altominho.tv\\\/site\\\/2024\\\/10\\\/03\\\/cerveira-apoios-juventude\\\/#primaryimage\",\"url\":\"https:\\\/\\\/www.altominho.tv\\\/site\\\/wp-content\\\/uploads\\\/2024\\\/10\\\/Barco-remo-setembro-2024-1.jpg\",\"contentUrl\":\"https:\\\/\\\/www.altominho.tv\\\/site\\\/wp-content\\\/uploads\\\/2024\\\/10\\\/Barco-remo-setembro-2024-1.jpg\",\"width\":2048,\"height\":1152},{\"@type\":\"BreadcrumbList\",\"@id\":\"https:\\\/\\\/www.altominho.tv\\\/site\\\/2024\\\/10\\\/03\\\/cerveira-apoios-juventude\\\/#breadcrumb\",\"itemListElement\":[{\"@type\":\"ListItem\",\"position\":1,\"name\":\"In\u00edcio\",\"item\":\"https:\\\/\\\/www.altominho.tv\\\/site\\\/\"},{\"@type\":\"ListItem\",\"position\":2,\"name\":\"Cerveira apoia ADCJC na compra de embarca\u00e7\u00e3o de forma\u00e7\u00e3o\"}]},{\"@type\":\"WebSite\",\"@id\":\"https:\\\/\\\/www.altominho.tv\\\/site\\\/#website\",\"url\":\"https:\\\/\\\/www.altominho.tv\\\/site\\\/\",\"name\":\"Altominho.tv\",\"description\":\"A sua regi\u00e3o \u00e0 dist\u00e2ncia de um clique...\",\"potentialAction\":[{\"@type\":\"SearchAction\",\"target\":{\"@type\":\"EntryPoint\",\"urlTemplate\":\"https:\\\/\\\/www.altominho.tv\\\/site\\\/?s={search_term_string}\"},\"query-input\":{\"@type\":\"PropertyValueSpecification\",\"valueRequired\":true,\"valueName\":\"search_term_string\"}}],\"inLanguage\":\"pt-PT\"},{\"@type\":\"Person\",\"@id\":\"https:\\\/\\\/www.altominho.tv\\\/site\\\/#\\\/schema\\\/person\\\/a0e4ef6d041f98ca284393d8f1d97153\",\"name\":\"Andreia Cunha\",\"image\":{\"@type\":\"ImageObject\",\"inLanguage\":\"pt-PT\",\"@id\":\"https:\\\/\\\/www.altominho.tv\\\/site\\\/wp-content\\\/uploads\\\/2017\\\/11\\\/Andreia_Cunha-1-150x150.jpg\",\"url\":\"https:\\\/\\\/www.altominho.tv\\\/site\\\/wp-content\\\/uploads\\\/2017\\\/11\\\/Andreia_Cunha-1-150x150.jpg\",\"contentUrl\":\"https:\\\/\\\/www.altominho.tv\\\/site\\\/wp-content\\\/uploads\\\/2017\\\/11\\\/Andreia_Cunha-1-150x150.jpg\",\"caption\":\"Andreia Cunha\"},\"url\":\"https:\\\/\\\/www.altominho.tv\\\/site\\\/author\\\/andreiacunha\\\/\"}]}<\/script>\n<!-- \/ Yoast SEO Premium plugin. -->","yoast_head_json":{"title":"Cerveira apoia ADCJC na compra de embarca\u00e7\u00e3o de forma\u00e7\u00e3o","description":"A C\u00e2mara de Cerveira concedeu um apoio financeiro extraordin\u00e1rio \u00e0 Associa\u00e7\u00e3o Desportiva e Cultural da Juventude de Cerveira para a compra de uma embarca\u00e7\u00e3o de forma\u00e7\u00e3o.","robots":{"index":"index","follow":"follow","max-snippet":"max-snippet:-1","max-image-preview":"max-image-preview:large","max-video-preview":"max-video-preview:-1"},"canonical":"https:\/\/www.altominho.tv\/site\/2024\/10\/03\/cerveira-apoios-juventude\/","og_locale":"pt_PT","og_type":"article","og_title":"Cerveira apoia ADCJC na compra de embarca\u00e7\u00e3o de forma\u00e7\u00e3o","og_description":"A C\u00e2mara de Cerveira concedeu um apoio financeiro extraordin\u00e1rio \u00e0 Associa\u00e7\u00e3o Desportiva e Cultural da Juventude de Cerveira para a compra de uma embarca\u00e7\u00e3o de forma\u00e7\u00e3o.","og_url":"https:\/\/www.altominho.tv\/site\/2024\/10\/03\/cerveira-apoios-juventude\/","og_site_name":"Altominho.tv","article_publisher":"https:\/\/www.facebook.com\/altominhotv","article_published_time":"2024-10-03T17:39:08+00:00","article_modified_time":"2024-10-03T17:39:10+00:00","og_image":[{"width":2048,"height":1152,"url":"https:\/\/www.altominho.tv\/site\/wp-content\/uploads\/2024\/10\/Barco-remo-setembro-2024-1.jpg","type":"image\/jpeg"}],"author":"Andreia Cunha","twitter_card":"summary_large_image","twitter_creator":"@altominhoTV","twitter_site":"@altominhoTV","twitter_misc":{"Escrito por":"Andreia Cunha","Tempo estimado de leitura":"2 minutos"},"schema":{"@context":"https:\/\/schema.org","@graph":[{"@type":"Article","@id":"https:\/\/www.altominho.tv\/site\/2024\/10\/03\/cerveira-apoios-juventude\/#article","isPartOf":{"@id":"https:\/\/www.altominho.tv\/site\/2024\/10\/03\/cerveira-apoios-juventude\/"},"author":{"name":"Andreia Cunha","@id":"https:\/\/www.altominho.tv\/site\/#\/schema\/person\/a0e4ef6d041f98ca284393d8f1d97153"},"headline":"Cerveira apoia ADCJC na compra de embarca\u00e7\u00e3o de forma\u00e7\u00e3o","datePublished":"2024-10-03T17:39:08+00:00","dateModified":"2024-10-03T17:39:10+00:00","mainEntityOfPage":{"@id":"https:\/\/www.altominho.tv\/site\/2024\/10\/03\/cerveira-apoios-juventude\/"},"wordCount":335,"image":{"@id":"https:\/\/www.altominho.tv\/site\/2024\/10\/03\/cerveira-apoios-juventude\/#primaryimage"},"thumbnailUrl":"https:\/\/www.altominho.tv\/site\/wp-content\/uploads\/2024\/10\/Barco-remo-setembro-2024-1.jpg","keywords":["Desporto"],"articleSection":["Vila Nova de Cerveira"],"inLanguage":"pt-PT","copyrightYear":"2024","copyrightHolder":{"@id":"https:\/\/www.altominho.tv\/site\/#organization"}},{"@type":"WebPage","@id":"https:\/\/www.altominho.tv\/site\/2024\/10\/03\/cerveira-apoios-juventude\/","url":"https:\/\/www.altominho.tv\/site\/2024\/10\/03\/cerveira-apoios-juventude\/","name":"Cerveira apoia ADCJC na compra de embarca\u00e7\u00e3o de forma\u00e7\u00e3o","isPartOf":{"@id":"https:\/\/www.altominho.tv\/site\/#website"},"primaryImageOfPage":{"@id":"https:\/\/www.altominho.tv\/site\/2024\/10\/03\/cerveira-apoios-juventude\/#primaryimage"},"image":{"@id":"https:\/\/www.altominho.tv\/site\/2024\/10\/03\/cerveira-apoios-juventude\/#primaryimage"},"thumbnailUrl":"https:\/\/www.altominho.tv\/site\/wp-content\/uploads\/2024\/10\/Barco-remo-setembro-2024-1.jpg","datePublished":"2024-10-03T17:39:08+00:00","dateModified":"2024-10-03T17:39:10+00:00","author":{"@id":"https:\/\/www.altominho.tv\/site\/#\/schema\/person\/a0e4ef6d041f98ca284393d8f1d97153"},"description":"A C\u00e2mara de Cerveira concedeu um apoio financeiro extraordin\u00e1rio \u00e0 Associa\u00e7\u00e3o Desportiva e Cultural da Juventude de Cerveira para a compra de uma embarca\u00e7\u00e3o de forma\u00e7\u00e3o.","breadcrumb":{"@id":"https:\/\/www.altominho.tv\/site\/2024\/10\/03\/cerveira-apoios-juventude\/#breadcrumb"},"inLanguage":"pt-PT","potentialAction":[{"@type":"ReadAction","target":["https:\/\/www.altominho.tv\/site\/2024\/10\/03\/cerveira-apoios-juventude\/"]}]},{"@type":"ImageObject","inLanguage":"pt-PT","@id":"https:\/\/www.altominho.tv\/site\/2024\/10\/03\/cerveira-apoios-juventude\/#primaryimage","url":"https:\/\/www.altominho.tv\/site\/wp-content\/uploads\/2024\/10\/Barco-remo-setembro-2024-1.jpg","contentUrl":"https:\/\/www.altominho.tv\/site\/wp-content\/uploads\/2024\/10\/Barco-remo-setembro-2024-1.jpg","width":2048,"height":1152},{"@type":"BreadcrumbList","@id":"https:\/\/www.altominho.tv\/site\/2024\/10\/03\/cerveira-apoios-juventude\/#breadcrumb","itemListElement":[{"@type":"ListItem","position":1,"name":"In\u00edcio","item":"https:\/\/www.altominho.tv\/site\/"},{"@type":"ListItem","position":2,"name":"Cerveira apoia ADCJC na compra de embarca\u00e7\u00e3o de forma\u00e7\u00e3o"}]},{"@type":"WebSite","@id":"https:\/\/www.altominho.tv\/site\/#website","url":"https:\/\/www.altominho.tv\/site\/","name":"Altominho.tv","description":"A sua regi\u00e3o \u00e0 dist\u00e2ncia de um clique...","potentialAction":[{"@type":"SearchAction","target":{"@type":"EntryPoint","urlTemplate":"https:\/\/www.altominho.tv\/site\/?s={search_term_string}"},"query-input":{"@type":"PropertyValueSpecification","valueRequired":true,"valueName":"search_term_string"}}],"inLanguage":"pt-PT"},{"@type":"Person","@id":"https:\/\/www.altominho.tv\/site\/#\/schema\/person\/a0e4ef6d041f98ca284393d8f1d97153","name":"Andreia Cunha","image":{"@type":"ImageObject","inLanguage":"pt-PT","@id":"https:\/\/www.altominho.tv\/site\/wp-content\/uploads\/2017\/11\/Andreia_Cunha-1-150x150.jpg","url":"https:\/\/www.altominho.tv\/site\/wp-content\/uploads\/2017\/11\/Andreia_Cunha-1-150x150.jpg","contentUrl":"https:\/\/www.altominho.tv\/site\/wp-content\/uploads\/2017\/11\/Andreia_Cunha-1-150x150.jpg","caption":"Andreia Cunha"},"url":"https:\/\/www.altominho.tv\/site\/author\/andreiacunha\/"}]}},"_links":{"self":[{"href":"https:\/\/www.altominho.tv\/site\/wp-json\/wp\/v2\/posts\/111088","targetHints":{"allow":["GET"]}}],"collection":[{"href":"https:\/\/www.altominho.tv\/site\/wp-json\/wp\/v2\/posts"}],"about":[{"href":"https:\/\/www.altominho.tv\/site\/wp-json\/wp\/v2\/types\/post"}],"author":[{"embeddable":true,"href":"https:\/\/www.altominho.tv\/site\/wp-json\/wp\/v2\/users\/7"}],"replies":[{"embeddable":true,"href":"https:\/\/www.altominho.tv\/site\/wp-json\/wp\/v2\/comments?post=111088"}],"version-history":[{"count":1,"href":"https:\/\/www.altominho.tv\/site\/wp-json\/wp\/v2\/posts\/111088\/revisions"}],"predecessor-version":[{"id":111090,"href":"https:\/\/www.altominho.tv\/site\/wp-json\/wp\/v2\/posts\/111088\/revisions\/111090"}],"wp:featuredmedia":[{"embeddable":true,"href":"https:\/\/www.altominho.tv\/site\/wp-json\/wp\/v2\/media\/111089"}],"wp:attachment":[{"href":"https:\/\/www.altominho.tv\/site\/wp-json\/wp\/v2\/media?parent=111088"}],"wp:term":[{"taxonomy":"category","embeddable":true,"href":"https:\/\/www.altominho.tv\/site\/wp-json\/wp\/v2\/categories?post=111088"},{"taxonomy":"post_tag","embeddable":true,"href":"https:\/\/www.altominho.tv\/site\/wp-json\/wp\/v2\/tags?post=111088"}],"curies":[{"name":"wp","href":"https:\/\/api.w.org\/{rel}","templated":true}]}}