{"id":111072,"date":"2024-10-03T10:09:40","date_gmt":"2024-10-03T09:09:40","guid":{"rendered":"https:\/\/www.altominho.tv\/site\/?p=111072"},"modified":"2024-10-03T10:14:33","modified_gmt":"2024-10-03T09:14:33","slug":"melgaco-volta-a-acolher-a-taca-de-portugal-de-xco-internacional","status":"publish","type":"post","link":"https:\/\/www.altominho.tv\/site\/2024\/10\/03\/melgaco-volta-a-acolher-a-taca-de-portugal-de-xco-internacional\/","title":{"rendered":"Melga\u00e7o volta a acolher a Ta\u00e7a de Portugal de XCO Internacional"},"content":{"rendered":"<p><span data-contrast=\"auto\">Melga\u00e7o volta a acolher a Ta\u00e7a de Portugal de XCO Internacional (C1), nos dias 1 e 2 de mar\u00e7o de 2025, mas com uma novidade: o evento, pela primeira vez, incluir\u00e1 a prova UCI XCO Junior Series, a mais alta competi\u00e7\u00e3o para a categoria j\u00fanior a n\u00edvel mundial.<\/span><\/p>\n<p><span data-contrast=\"auto\">&#8220;Ser\u00e1 uma honra receber esta prestigiada competi\u00e7\u00e3o internacional de juniores, que refor\u00e7a o compromisso do nosso munic\u00edpio com o desenvolvimento do desporto e com a promo\u00e7\u00e3o dos jovens talentos&#8221;, afirma Manoel Batista, presidente da C\u00e2mara Municipal de Melga\u00e7o.<\/span><\/p>\n<p><span data-contrast=\"auto\">As provas de cross country olympic acontecer\u00e3o nos dias 1 e 2 de mar\u00e7o, e, como \u00e9 habitual, ter\u00e3o lugar na \u00e1rea circundante do Centro de Est\u00e1gios.<\/span><\/p>\n<p><span data-contrast=\"auto\">Esta competi\u00e7\u00e3o ser\u00e1 determinante para os jovens talentos do ciclismo mundial, bem como um verdadeiro teste preparat\u00f3rio para o Campeonato da Europa de XCO, que ser\u00e1 realizado em Melga\u00e7o em 2025 (de 9 a 13 de julho), na sequ\u00eancia da aprova\u00e7\u00e3o pela UEC \u2013 European Cycling Union da candidatura apresentada pelo Munic\u00edpio de Melga\u00e7o, pela Federa\u00e7\u00e3o Portuguesa de Ciclismo (FPC) e pela Associa\u00e7\u00e3o de Ciclismo do Minho junto da entidade organizadora da prova.<\/span><span data-ccp-props=\"{&quot;201341983&quot;:0,&quot;335559739&quot;:160,&quot;335559740&quot;:279}\">\u00a0<\/span><\/p>\n","protected":false},"excerpt":{"rendered":"<p>Melga\u00e7o volta a acolher a Ta\u00e7a de Portugal de XCO Internacional (C1), nos dias 1 e 2 de mar\u00e7o de 2025, mas com uma novidade: o evento, pela primeira vez, incluir\u00e1 a prova UCI XCO Junior Series, a mais alta competi\u00e7\u00e3o para a categoria j\u00fanior a n\u00edvel mundial. &#8220;Ser\u00e1 uma honra receber esta prestigiada competi\u00e7\u00e3o [&hellip;]<\/p>\n","protected":false},"author":1,"featured_media":111073,"comment_status":"closed","ping_status":"closed","sticky":false,"template":"","format":"standard","meta":{"_exactmetrics_skip_tracking":false,"_exactmetrics_sitenote_active":false,"_exactmetrics_sitenote_note":"","_exactmetrics_sitenote_category":0,"footnotes":""},"categories":[8],"tags":[20],"class_list":["post-111072","post","type-post","status-publish","format-standard","has-post-thumbnail","hentry","category-melgaco","tag-desporto"],"yoast_head":"<!-- This site is optimized with the Yoast SEO Premium plugin v27.5 (Yoast SEO v27.5) - https:\/\/yoast.com\/product\/yoast-seo-premium-wordpress\/ -->\n<title>Melga\u00e7o volta a acolher a Ta\u00e7a de Portugal de XCO Internacional<\/title>\n<meta name=\"robots\" content=\"index, follow, max-snippet:-1, max-image-preview:large, max-video-preview:-1\" \/>\n<link rel=\"canonical\" href=\"https:\/\/www.altominho.tv\/site\/2024\/10\/03\/melgaco-volta-a-acolher-a-taca-de-portugal-de-xco-internacional\/\" \/>\n<meta property=\"og:locale\" content=\"pt_PT\" \/>\n<meta property=\"og:type\" content=\"article\" \/>\n<meta property=\"og:title\" content=\"Melga\u00e7o volta a acolher a Ta\u00e7a de Portugal de XCO Internacional\" \/>\n<meta property=\"og:description\" content=\"Melga\u00e7o volta a acolher a Ta\u00e7a de Portugal de XCO Internacional (C1), nos dias 1 e 2 de mar\u00e7o de 2025, mas com uma novidade: o evento, pela primeira vez, incluir\u00e1 a prova UCI XCO Junior Series, a mais alta competi\u00e7\u00e3o para a categoria j\u00fanior a n\u00edvel mundial. &#8220;Ser\u00e1 uma honra receber esta prestigiada competi\u00e7\u00e3o [&hellip;]\" \/>\n<meta property=\"og:url\" content=\"https:\/\/www.altominho.tv\/site\/2024\/10\/03\/melgaco-volta-a-acolher-a-taca-de-portugal-de-xco-internacional\/\" \/>\n<meta property=\"og:site_name\" content=\"Altominho.tv\" \/>\n<meta property=\"article:publisher\" content=\"https:\/\/www.facebook.com\/altominhotv\" \/>\n<meta property=\"article:published_time\" content=\"2024-10-03T09:09:40+00:00\" \/>\n<meta property=\"article:modified_time\" content=\"2024-10-03T09:14:33+00:00\" \/>\n<meta property=\"og:image\" content=\"https:\/\/www.altominho.tv\/site\/wp-content\/uploads\/2024\/10\/btt-melgaco.jpg\" \/>\n\t<meta property=\"og:image:width\" content=\"2000\" \/>\n\t<meta property=\"og:image:height\" content=\"1125\" \/>\n\t<meta property=\"og:image:type\" content=\"image\/jpeg\" \/>\n<meta name=\"author\" content=\"Altominho.tv\" \/>\n<meta name=\"twitter:card\" content=\"summary_large_image\" \/>\n<meta name=\"twitter:creator\" content=\"@altominhoTV\" \/>\n<meta name=\"twitter:site\" content=\"@altominhoTV\" \/>\n<meta name=\"twitter:label1\" content=\"Escrito por\" \/>\n\t<meta name=\"twitter:data1\" content=\"Altominho.tv\" \/>\n\t<meta name=\"twitter:label2\" content=\"Tempo estimado de leitura\" \/>\n\t<meta name=\"twitter:data2\" content=\"2 minutos\" \/>\n<script type=\"application\/ld+json\" class=\"yoast-schema-graph\">{\"@context\":\"https:\\\/\\\/schema.org\",\"@graph\":[{\"@type\":\"Article\",\"@id\":\"https:\\\/\\\/www.altominho.tv\\\/site\\\/2024\\\/10\\\/03\\\/melgaco-volta-a-acolher-a-taca-de-portugal-de-xco-internacional\\\/#article\",\"isPartOf\":{\"@id\":\"https:\\\/\\\/www.altominho.tv\\\/site\\\/2024\\\/10\\\/03\\\/melgaco-volta-a-acolher-a-taca-de-portugal-de-xco-internacional\\\/\"},\"author\":{\"name\":\"Altominho.tv\",\"@id\":\"https:\\\/\\\/www.altominho.tv\\\/site\\\/#\\\/schema\\\/person\\\/4e536851627d7914baf3dac752b6af22\"},\"headline\":\"Melga\u00e7o volta a acolher a Ta\u00e7a de Portugal de XCO Internacional\",\"datePublished\":\"2024-10-03T09:09:40+00:00\",\"dateModified\":\"2024-10-03T09:14:33+00:00\",\"mainEntityOfPage\":{\"@id\":\"https:\\\/\\\/www.altominho.tv\\\/site\\\/2024\\\/10\\\/03\\\/melgaco-volta-a-acolher-a-taca-de-portugal-de-xco-internacional\\\/\"},\"wordCount\":214,\"image\":{\"@id\":\"https:\\\/\\\/www.altominho.tv\\\/site\\\/2024\\\/10\\\/03\\\/melgaco-volta-a-acolher-a-taca-de-portugal-de-xco-internacional\\\/#primaryimage\"},\"thumbnailUrl\":\"https:\\\/\\\/www.altominho.tv\\\/site\\\/wp-content\\\/uploads\\\/2024\\\/10\\\/btt-melgaco.jpg\",\"keywords\":[\"Desporto\"],\"articleSection\":[\"Melga\u00e7o\"],\"inLanguage\":\"pt-PT\",\"copyrightYear\":\"2024\",\"copyrightHolder\":{\"@id\":\"https:\\\/\\\/www.altominho.tv\\\/site\\\/#organization\"}},{\"@type\":\"WebPage\",\"@id\":\"https:\\\/\\\/www.altominho.tv\\\/site\\\/2024\\\/10\\\/03\\\/melgaco-volta-a-acolher-a-taca-de-portugal-de-xco-internacional\\\/\",\"url\":\"https:\\\/\\\/www.altominho.tv\\\/site\\\/2024\\\/10\\\/03\\\/melgaco-volta-a-acolher-a-taca-de-portugal-de-xco-internacional\\\/\",\"name\":\"Melga\u00e7o volta a acolher a Ta\u00e7a de Portugal de XCO Internacional\",\"isPartOf\":{\"@id\":\"https:\\\/\\\/www.altominho.tv\\\/site\\\/#website\"},\"primaryImageOfPage\":{\"@id\":\"https:\\\/\\\/www.altominho.tv\\\/site\\\/2024\\\/10\\\/03\\\/melgaco-volta-a-acolher-a-taca-de-portugal-de-xco-internacional\\\/#primaryimage\"},\"image\":{\"@id\":\"https:\\\/\\\/www.altominho.tv\\\/site\\\/2024\\\/10\\\/03\\\/melgaco-volta-a-acolher-a-taca-de-portugal-de-xco-internacional\\\/#primaryimage\"},\"thumbnailUrl\":\"https:\\\/\\\/www.altominho.tv\\\/site\\\/wp-content\\\/uploads\\\/2024\\\/10\\\/btt-melgaco.jpg\",\"datePublished\":\"2024-10-03T09:09:40+00:00\",\"dateModified\":\"2024-10-03T09:14:33+00:00\",\"author\":{\"@id\":\"https:\\\/\\\/www.altominho.tv\\\/site\\\/#\\\/schema\\\/person\\\/4e536851627d7914baf3dac752b6af22\"},\"breadcrumb\":{\"@id\":\"https:\\\/\\\/www.altominho.tv\\\/site\\\/2024\\\/10\\\/03\\\/melgaco-volta-a-acolher-a-taca-de-portugal-de-xco-internacional\\\/#breadcrumb\"},\"inLanguage\":\"pt-PT\",\"potentialAction\":[{\"@type\":\"ReadAction\",\"target\":[\"https:\\\/\\\/www.altominho.tv\\\/site\\\/2024\\\/10\\\/03\\\/melgaco-volta-a-acolher-a-taca-de-portugal-de-xco-internacional\\\/\"]}]},{\"@type\":\"ImageObject\",\"inLanguage\":\"pt-PT\",\"@id\":\"https:\\\/\\\/www.altominho.tv\\\/site\\\/2024\\\/10\\\/03\\\/melgaco-volta-a-acolher-a-taca-de-portugal-de-xco-internacional\\\/#primaryimage\",\"url\":\"https:\\\/\\\/www.altominho.tv\\\/site\\\/wp-content\\\/uploads\\\/2024\\\/10\\\/btt-melgaco.jpg\",\"contentUrl\":\"https:\\\/\\\/www.altominho.tv\\\/site\\\/wp-content\\\/uploads\\\/2024\\\/10\\\/btt-melgaco.jpg\",\"width\":2000,\"height\":1125,\"caption\":\"Munic\u00edpio de Melga\u00e7o\"},{\"@type\":\"BreadcrumbList\",\"@id\":\"https:\\\/\\\/www.altominho.tv\\\/site\\\/2024\\\/10\\\/03\\\/melgaco-volta-a-acolher-a-taca-de-portugal-de-xco-internacional\\\/#breadcrumb\",\"itemListElement\":[{\"@type\":\"ListItem\",\"position\":1,\"name\":\"In\u00edcio\",\"item\":\"https:\\\/\\\/www.altominho.tv\\\/site\\\/\"},{\"@type\":\"ListItem\",\"position\":2,\"name\":\"Melga\u00e7o volta a acolher a Ta\u00e7a de Portugal de XCO Internacional\"}]},{\"@type\":\"WebSite\",\"@id\":\"https:\\\/\\\/www.altominho.tv\\\/site\\\/#website\",\"url\":\"https:\\\/\\\/www.altominho.tv\\\/site\\\/\",\"name\":\"Altominho.tv\",\"description\":\"A sua regi\u00e3o \u00e0 dist\u00e2ncia de um clique...\",\"potentialAction\":[{\"@type\":\"SearchAction\",\"target\":{\"@type\":\"EntryPoint\",\"urlTemplate\":\"https:\\\/\\\/www.altominho.tv\\\/site\\\/?s={search_term_string}\"},\"query-input\":{\"@type\":\"PropertyValueSpecification\",\"valueRequired\":true,\"valueName\":\"search_term_string\"}}],\"inLanguage\":\"pt-PT\"},{\"@type\":\"Person\",\"@id\":\"https:\\\/\\\/www.altominho.tv\\\/site\\\/#\\\/schema\\\/person\\\/4e536851627d7914baf3dac752b6af22\",\"name\":\"Altominho.tv\",\"image\":{\"@type\":\"ImageObject\",\"inLanguage\":\"pt-PT\",\"@id\":\"https:\\\/\\\/www.altominho.tv\\\/site\\\/wp-content\\\/uploads\\\/2019\\\/11\\\/Logo_Avatar_2-150x150.jpg\",\"url\":\"https:\\\/\\\/www.altominho.tv\\\/site\\\/wp-content\\\/uploads\\\/2019\\\/11\\\/Logo_Avatar_2-150x150.jpg\",\"contentUrl\":\"https:\\\/\\\/www.altominho.tv\\\/site\\\/wp-content\\\/uploads\\\/2019\\\/11\\\/Logo_Avatar_2-150x150.jpg\",\"caption\":\"Altominho.tv\"},\"url\":\"https:\\\/\\\/www.altominho.tv\\\/site\\\/author\\\/altominhotv-tecnico\\\/\"}]}<\/script>\n<!-- \/ Yoast SEO Premium plugin. -->","yoast_head_json":{"title":"Melga\u00e7o volta a acolher a Ta\u00e7a de Portugal de XCO Internacional","robots":{"index":"index","follow":"follow","max-snippet":"max-snippet:-1","max-image-preview":"max-image-preview:large","max-video-preview":"max-video-preview:-1"},"canonical":"https:\/\/www.altominho.tv\/site\/2024\/10\/03\/melgaco-volta-a-acolher-a-taca-de-portugal-de-xco-internacional\/","og_locale":"pt_PT","og_type":"article","og_title":"Melga\u00e7o volta a acolher a Ta\u00e7a de Portugal de XCO Internacional","og_description":"Melga\u00e7o volta a acolher a Ta\u00e7a de Portugal de XCO Internacional (C1), nos dias 1 e 2 de mar\u00e7o de 2025, mas com uma novidade: o evento, pela primeira vez, incluir\u00e1 a prova UCI XCO Junior Series, a mais alta competi\u00e7\u00e3o para a categoria j\u00fanior a n\u00edvel mundial. &#8220;Ser\u00e1 uma honra receber esta prestigiada competi\u00e7\u00e3o [&hellip;]","og_url":"https:\/\/www.altominho.tv\/site\/2024\/10\/03\/melgaco-volta-a-acolher-a-taca-de-portugal-de-xco-internacional\/","og_site_name":"Altominho.tv","article_publisher":"https:\/\/www.facebook.com\/altominhotv","article_published_time":"2024-10-03T09:09:40+00:00","article_modified_time":"2024-10-03T09:14:33+00:00","og_image":[{"width":2000,"height":1125,"url":"https:\/\/www.altominho.tv\/site\/wp-content\/uploads\/2024\/10\/btt-melgaco.jpg","type":"image\/jpeg"}],"author":"Altominho.tv","twitter_card":"summary_large_image","twitter_creator":"@altominhoTV","twitter_site":"@altominhoTV","twitter_misc":{"Escrito por":"Altominho.tv","Tempo estimado de leitura":"2 minutos"},"schema":{"@context":"https:\/\/schema.org","@graph":[{"@type":"Article","@id":"https:\/\/www.altominho.tv\/site\/2024\/10\/03\/melgaco-volta-a-acolher-a-taca-de-portugal-de-xco-internacional\/#article","isPartOf":{"@id":"https:\/\/www.altominho.tv\/site\/2024\/10\/03\/melgaco-volta-a-acolher-a-taca-de-portugal-de-xco-internacional\/"},"author":{"name":"Altominho.tv","@id":"https:\/\/www.altominho.tv\/site\/#\/schema\/person\/4e536851627d7914baf3dac752b6af22"},"headline":"Melga\u00e7o volta a acolher a Ta\u00e7a de Portugal de XCO Internacional","datePublished":"2024-10-03T09:09:40+00:00","dateModified":"2024-10-03T09:14:33+00:00","mainEntityOfPage":{"@id":"https:\/\/www.altominho.tv\/site\/2024\/10\/03\/melgaco-volta-a-acolher-a-taca-de-portugal-de-xco-internacional\/"},"wordCount":214,"image":{"@id":"https:\/\/www.altominho.tv\/site\/2024\/10\/03\/melgaco-volta-a-acolher-a-taca-de-portugal-de-xco-internacional\/#primaryimage"},"thumbnailUrl":"https:\/\/www.altominho.tv\/site\/wp-content\/uploads\/2024\/10\/btt-melgaco.jpg","keywords":["Desporto"],"articleSection":["Melga\u00e7o"],"inLanguage":"pt-PT","copyrightYear":"2024","copyrightHolder":{"@id":"https:\/\/www.altominho.tv\/site\/#organization"}},{"@type":"WebPage","@id":"https:\/\/www.altominho.tv\/site\/2024\/10\/03\/melgaco-volta-a-acolher-a-taca-de-portugal-de-xco-internacional\/","url":"https:\/\/www.altominho.tv\/site\/2024\/10\/03\/melgaco-volta-a-acolher-a-taca-de-portugal-de-xco-internacional\/","name":"Melga\u00e7o volta a acolher a Ta\u00e7a de Portugal de XCO Internacional","isPartOf":{"@id":"https:\/\/www.altominho.tv\/site\/#website"},"primaryImageOfPage":{"@id":"https:\/\/www.altominho.tv\/site\/2024\/10\/03\/melgaco-volta-a-acolher-a-taca-de-portugal-de-xco-internacional\/#primaryimage"},"image":{"@id":"https:\/\/www.altominho.tv\/site\/2024\/10\/03\/melgaco-volta-a-acolher-a-taca-de-portugal-de-xco-internacional\/#primaryimage"},"thumbnailUrl":"https:\/\/www.altominho.tv\/site\/wp-content\/uploads\/2024\/10\/btt-melgaco.jpg","datePublished":"2024-10-03T09:09:40+00:00","dateModified":"2024-10-03T09:14:33+00:00","author":{"@id":"https:\/\/www.altominho.tv\/site\/#\/schema\/person\/4e536851627d7914baf3dac752b6af22"},"breadcrumb":{"@id":"https:\/\/www.altominho.tv\/site\/2024\/10\/03\/melgaco-volta-a-acolher-a-taca-de-portugal-de-xco-internacional\/#breadcrumb"},"inLanguage":"pt-PT","potentialAction":[{"@type":"ReadAction","target":["https:\/\/www.altominho.tv\/site\/2024\/10\/03\/melgaco-volta-a-acolher-a-taca-de-portugal-de-xco-internacional\/"]}]},{"@type":"ImageObject","inLanguage":"pt-PT","@id":"https:\/\/www.altominho.tv\/site\/2024\/10\/03\/melgaco-volta-a-acolher-a-taca-de-portugal-de-xco-internacional\/#primaryimage","url":"https:\/\/www.altominho.tv\/site\/wp-content\/uploads\/2024\/10\/btt-melgaco.jpg","contentUrl":"https:\/\/www.altominho.tv\/site\/wp-content\/uploads\/2024\/10\/btt-melgaco.jpg","width":2000,"height":1125,"caption":"Munic\u00edpio de Melga\u00e7o"},{"@type":"BreadcrumbList","@id":"https:\/\/www.altominho.tv\/site\/2024\/10\/03\/melgaco-volta-a-acolher-a-taca-de-portugal-de-xco-internacional\/#breadcrumb","itemListElement":[{"@type":"ListItem","position":1,"name":"In\u00edcio","item":"https:\/\/www.altominho.tv\/site\/"},{"@type":"ListItem","position":2,"name":"Melga\u00e7o volta a acolher a Ta\u00e7a de Portugal de XCO Internacional"}]},{"@type":"WebSite","@id":"https:\/\/www.altominho.tv\/site\/#website","url":"https:\/\/www.altominho.tv\/site\/","name":"Altominho.tv","description":"A sua regi\u00e3o \u00e0 dist\u00e2ncia de um clique...","potentialAction":[{"@type":"SearchAction","target":{"@type":"EntryPoint","urlTemplate":"https:\/\/www.altominho.tv\/site\/?s={search_term_string}"},"query-input":{"@type":"PropertyValueSpecification","valueRequired":true,"valueName":"search_term_string"}}],"inLanguage":"pt-PT"},{"@type":"Person","@id":"https:\/\/www.altominho.tv\/site\/#\/schema\/person\/4e536851627d7914baf3dac752b6af22","name":"Altominho.tv","image":{"@type":"ImageObject","inLanguage":"pt-PT","@id":"https:\/\/www.altominho.tv\/site\/wp-content\/uploads\/2019\/11\/Logo_Avatar_2-150x150.jpg","url":"https:\/\/www.altominho.tv\/site\/wp-content\/uploads\/2019\/11\/Logo_Avatar_2-150x150.jpg","contentUrl":"https:\/\/www.altominho.tv\/site\/wp-content\/uploads\/2019\/11\/Logo_Avatar_2-150x150.jpg","caption":"Altominho.tv"},"url":"https:\/\/www.altominho.tv\/site\/author\/altominhotv-tecnico\/"}]}},"_links":{"self":[{"href":"https:\/\/www.altominho.tv\/site\/wp-json\/wp\/v2\/posts\/111072","targetHints":{"allow":["GET"]}}],"collection":[{"href":"https:\/\/www.altominho.tv\/site\/wp-json\/wp\/v2\/posts"}],"about":[{"href":"https:\/\/www.altominho.tv\/site\/wp-json\/wp\/v2\/types\/post"}],"author":[{"embeddable":true,"href":"https:\/\/www.altominho.tv\/site\/wp-json\/wp\/v2\/users\/1"}],"replies":[{"embeddable":true,"href":"https:\/\/www.altominho.tv\/site\/wp-json\/wp\/v2\/comments?post=111072"}],"version-history":[{"count":1,"href":"https:\/\/www.altominho.tv\/site\/wp-json\/wp\/v2\/posts\/111072\/revisions"}],"predecessor-version":[{"id":111074,"href":"https:\/\/www.altominho.tv\/site\/wp-json\/wp\/v2\/posts\/111072\/revisions\/111074"}],"wp:featuredmedia":[{"embeddable":true,"href":"https:\/\/www.altominho.tv\/site\/wp-json\/wp\/v2\/media\/111073"}],"wp:attachment":[{"href":"https:\/\/www.altominho.tv\/site\/wp-json\/wp\/v2\/media?parent=111072"}],"wp:term":[{"taxonomy":"category","embeddable":true,"href":"https:\/\/www.altominho.tv\/site\/wp-json\/wp\/v2\/categories?post=111072"},{"taxonomy":"post_tag","embeddable":true,"href":"https:\/\/www.altominho.tv\/site\/wp-json\/wp\/v2\/tags?post=111072"}],"curies":[{"name":"wp","href":"https:\/\/api.w.org\/{rel}","templated":true}]}}