{"id":11106,"date":"2018-03-28T09:10:28","date_gmt":"2018-03-28T09:10:28","guid":{"rendered":"http:\/\/www.altominho.tv\/site\/?p=11106"},"modified":"2018-03-28T09:10:28","modified_gmt":"2018-03-28T09:10:28","slug":"municipio-de-ponte-de-lima-e-banda-de-musica-da-casa-do-povo-de-moreira-do-lima-celebram-protocolo-de-cooperacao","status":"publish","type":"post","link":"https:\/\/www.altominho.tv\/site\/2018\/03\/28\/municipio-de-ponte-de-lima-e-banda-de-musica-da-casa-do-povo-de-moreira-do-lima-celebram-protocolo-de-cooperacao\/","title":{"rendered":"Munic\u00edpio de Ponte de Lima e Banda de M\u00fasica da Casa do Povo de Moreira do Lima celebram protocolo de coopera\u00e7\u00e3o"},"content":{"rendered":"<p>A C\u00e2mara Municipal de Ponte de Lima celebrou no passado fim-de-semana um protocolo de coopera\u00e7\u00e3o com a Dire\u00e7\u00e3o da Banda de M\u00fasica da Casa do Povo de Moreira do Lima.<\/p>\n<p>A cerim\u00f3nia que decorreu nas instala\u00e7\u00f5es da Casa do Povo de Moreira do Lima contou com uma audi\u00e7\u00e3o apresentada pelos 22 alunos da escola de m\u00fasica da Banda de M\u00fasica de Moreira do Lima.<\/p>\n<p>Contribuir para a aquisi\u00e7\u00e3o de um novo fardamento para os elementos da Banda de M\u00fasica da Casa do Povo de Moreira do Lima \u00e9 o principal objetivo deste protocolo firmado entre as duas institui\u00e7\u00f5es. Neste \u00e2mbito, a C\u00e2mara Municipal compromete-se a atribuir uma comparticipa\u00e7\u00e3o financeira no valor de 7.500\u20ac destinado \u00e0 aquisi\u00e7\u00e3o do respetivo fardamento, de acordo com o deliberado pela C\u00e2mara Municipal a 26 de fevereiro.<\/p>\n<p>Acompanhado pelos vereadores Ana Machado e Vasco Ferraz, o Presidente da C\u00e2mara Municipal de Ponte de Lima, Eng.\u00ba Victor Mendes, presidiu \u00e0 cerim\u00f3nia e real\u00e7ou o \u201ctrabalho not\u00e1vel desenvolvido pela Banda, salientando o envolvimento de toda a comunidade. (..) Esperamos que este apoio contribua para a continua\u00e7\u00e3o de um trabalho de sucesso mantendo este papel relevante na promo\u00e7\u00e3o da cultural musical do concelho, ao qual esta institui\u00e7\u00e3o nos habituou\u201d.<\/p>\n<p>Por sua vez, o Presidente da Dire\u00e7\u00e3o da Banda de M\u00fasica da Casa do Povo de Moreira do Lima, Marco In\u00eas, agradeceu o apoio financeiro da autarquia para aquisi\u00e7\u00e3o da nova farda, anunciando que \u201c iremos dignificar o concelho com a nossa m\u00fasica, num encontro internacional a decorrer em julho, em Espanha, (..) seremos este ano a primeira banda de Ponte de Lima a participar num encontro internacional\u201d.<\/p>\n<p>Fundada no ano de 1824, a Banda de M\u00fasica da Casa do Povo de Moreira do Lima, \u00e9 uma das mais antigas do concelho de Ponte de Lima. Atualmente, a banda de m\u00fasica conta com cerca de 65 elementos, entre amadores e profissionais, oriundos de Moreira do Lima e de localidades vizinhas e durante o ano realiza diversas atua\u00e7\u00f5es, levando a sua m\u00fasica a todo o territ\u00f3rio.<\/p>\n","protected":false},"excerpt":{"rendered":"<p>A C\u00e2mara Municipal de Ponte de Lima celebrou no passado fim-de-semana um protocolo de coopera\u00e7\u00e3o com a Dire\u00e7\u00e3o da Banda de M\u00fasica da Casa do Povo de Moreira do Lima. A cerim\u00f3nia que decorreu nas instala\u00e7\u00f5es da Casa do Povo de Moreira do Lima contou com uma audi\u00e7\u00e3o apresentada pelos 22 alunos da escola de [&hellip;]<\/p>\n","protected":false},"author":11,"featured_media":11107,"comment_status":"closed","ping_status":"closed","sticky":false,"template":"","format":"standard","meta":{"_exactmetrics_skip_tracking":false,"_exactmetrics_sitenote_active":false,"_exactmetrics_sitenote_note":"","_exactmetrics_sitenote_category":0,"footnotes":""},"categories":[12],"tags":[19],"class_list":["post-11106","post","type-post","status-publish","format-standard","has-post-thumbnail","hentry","category-ponte-de-lima","tag-cultura"],"yoast_head":"<!-- This site is optimized with the Yoast SEO Premium plugin v27.5 (Yoast SEO v27.5) - https:\/\/yoast.com\/product\/yoast-seo-premium-wordpress\/ -->\n<title>Munic\u00edpio de Ponte de Lima e Banda de M\u00fasica da Casa do Povo de Moreira do Lima celebram protocolo de coopera\u00e7\u00e3o<\/title>\n<meta name=\"robots\" content=\"index, follow, max-snippet:-1, max-image-preview:large, max-video-preview:-1\" \/>\n<link rel=\"canonical\" href=\"https:\/\/www.altominho.tv\/site\/2018\/03\/28\/municipio-de-ponte-de-lima-e-banda-de-musica-da-casa-do-povo-de-moreira-do-lima-celebram-protocolo-de-cooperacao\/\" \/>\n<meta property=\"og:locale\" content=\"pt_PT\" \/>\n<meta property=\"og:type\" content=\"article\" \/>\n<meta property=\"og:title\" content=\"Munic\u00edpio de Ponte de Lima e Banda de M\u00fasica da Casa do Povo de Moreira do Lima celebram protocolo de coopera\u00e7\u00e3o\" \/>\n<meta property=\"og:description\" content=\"A C\u00e2mara Municipal de Ponte de Lima celebrou no passado fim-de-semana um protocolo de coopera\u00e7\u00e3o com a Dire\u00e7\u00e3o da Banda de M\u00fasica da Casa do Povo de Moreira do Lima. A cerim\u00f3nia que decorreu nas instala\u00e7\u00f5es da Casa do Povo de Moreira do Lima contou com uma audi\u00e7\u00e3o apresentada pelos 22 alunos da escola de [&hellip;]\" \/>\n<meta property=\"og:url\" content=\"https:\/\/www.altominho.tv\/site\/2018\/03\/28\/municipio-de-ponte-de-lima-e-banda-de-musica-da-casa-do-povo-de-moreira-do-lima-celebram-protocolo-de-cooperacao\/\" \/>\n<meta property=\"og:site_name\" content=\"Altominho.tv\" \/>\n<meta property=\"article:publisher\" content=\"https:\/\/www.facebook.com\/altominhotv\" \/>\n<meta property=\"article:published_time\" content=\"2018-03-28T09:10:28+00:00\" \/>\n<meta property=\"og:image\" content=\"https:\/\/www.altominho.tv\/site\/wp-content\/uploads\/2018\/03\/IMG_1671-Medium-e1522228211508.jpg\" \/>\n\t<meta property=\"og:image:width\" content=\"1024\" \/>\n\t<meta property=\"og:image:height\" content=\"768\" \/>\n\t<meta property=\"og:image:type\" content=\"image\/jpeg\" \/>\n<meta name=\"author\" content=\"M\u00e1rcio Ferreira\" \/>\n<meta name=\"twitter:card\" content=\"summary_large_image\" \/>\n<meta name=\"twitter:creator\" content=\"@altominhoTV\" \/>\n<meta name=\"twitter:site\" content=\"@altominhoTV\" \/>\n<meta name=\"twitter:label1\" content=\"Escrito por\" \/>\n\t<meta name=\"twitter:data1\" content=\"M\u00e1rcio Ferreira\" \/>\n\t<meta name=\"twitter:label2\" content=\"Tempo estimado de leitura\" \/>\n\t<meta name=\"twitter:data2\" content=\"2 minutos\" \/>\n<script type=\"application\/ld+json\" class=\"yoast-schema-graph\">{\"@context\":\"https:\\\/\\\/schema.org\",\"@graph\":[{\"@type\":\"Article\",\"@id\":\"https:\\\/\\\/www.altominho.tv\\\/site\\\/2018\\\/03\\\/28\\\/municipio-de-ponte-de-lima-e-banda-de-musica-da-casa-do-povo-de-moreira-do-lima-celebram-protocolo-de-cooperacao\\\/#article\",\"isPartOf\":{\"@id\":\"https:\\\/\\\/www.altominho.tv\\\/site\\\/2018\\\/03\\\/28\\\/municipio-de-ponte-de-lima-e-banda-de-musica-da-casa-do-povo-de-moreira-do-lima-celebram-protocolo-de-cooperacao\\\/\"},\"author\":{\"name\":\"M\u00e1rcio Ferreira\",\"@id\":\"https:\\\/\\\/www.altominho.tv\\\/site\\\/#\\\/schema\\\/person\\\/f836e37082b5dabe9144f3eb724ed5a7\"},\"headline\":\"Munic\u00edpio de Ponte de Lima e Banda de M\u00fasica da Casa do Povo de Moreira do Lima celebram protocolo de coopera\u00e7\u00e3o\",\"datePublished\":\"2018-03-28T09:10:28+00:00\",\"mainEntityOfPage\":{\"@id\":\"https:\\\/\\\/www.altominho.tv\\\/site\\\/2018\\\/03\\\/28\\\/municipio-de-ponte-de-lima-e-banda-de-musica-da-casa-do-povo-de-moreira-do-lima-celebram-protocolo-de-cooperacao\\\/\"},\"wordCount\":380,\"image\":{\"@id\":\"https:\\\/\\\/www.altominho.tv\\\/site\\\/2018\\\/03\\\/28\\\/municipio-de-ponte-de-lima-e-banda-de-musica-da-casa-do-povo-de-moreira-do-lima-celebram-protocolo-de-cooperacao\\\/#primaryimage\"},\"thumbnailUrl\":\"https:\\\/\\\/www.altominho.tv\\\/site\\\/wp-content\\\/uploads\\\/2018\\\/03\\\/IMG_1671-Medium-e1522228211508.jpg\",\"keywords\":[\"Cultura\"],\"articleSection\":[\"Ponte de Lima\"],\"inLanguage\":\"pt-PT\",\"copyrightYear\":\"2018\",\"copyrightHolder\":{\"@id\":\"https:\\\/\\\/www.altominho.tv\\\/site\\\/#organization\"}},{\"@type\":\"WebPage\",\"@id\":\"https:\\\/\\\/www.altominho.tv\\\/site\\\/2018\\\/03\\\/28\\\/municipio-de-ponte-de-lima-e-banda-de-musica-da-casa-do-povo-de-moreira-do-lima-celebram-protocolo-de-cooperacao\\\/\",\"url\":\"https:\\\/\\\/www.altominho.tv\\\/site\\\/2018\\\/03\\\/28\\\/municipio-de-ponte-de-lima-e-banda-de-musica-da-casa-do-povo-de-moreira-do-lima-celebram-protocolo-de-cooperacao\\\/\",\"name\":\"Munic\u00edpio de Ponte de Lima e Banda de M\u00fasica da Casa do Povo de Moreira do Lima celebram protocolo de coopera\u00e7\u00e3o\",\"isPartOf\":{\"@id\":\"https:\\\/\\\/www.altominho.tv\\\/site\\\/#website\"},\"primaryImageOfPage\":{\"@id\":\"https:\\\/\\\/www.altominho.tv\\\/site\\\/2018\\\/03\\\/28\\\/municipio-de-ponte-de-lima-e-banda-de-musica-da-casa-do-povo-de-moreira-do-lima-celebram-protocolo-de-cooperacao\\\/#primaryimage\"},\"image\":{\"@id\":\"https:\\\/\\\/www.altominho.tv\\\/site\\\/2018\\\/03\\\/28\\\/municipio-de-ponte-de-lima-e-banda-de-musica-da-casa-do-povo-de-moreira-do-lima-celebram-protocolo-de-cooperacao\\\/#primaryimage\"},\"thumbnailUrl\":\"https:\\\/\\\/www.altominho.tv\\\/site\\\/wp-content\\\/uploads\\\/2018\\\/03\\\/IMG_1671-Medium-e1522228211508.jpg\",\"datePublished\":\"2018-03-28T09:10:28+00:00\",\"author\":{\"@id\":\"https:\\\/\\\/www.altominho.tv\\\/site\\\/#\\\/schema\\\/person\\\/f836e37082b5dabe9144f3eb724ed5a7\"},\"breadcrumb\":{\"@id\":\"https:\\\/\\\/www.altominho.tv\\\/site\\\/2018\\\/03\\\/28\\\/municipio-de-ponte-de-lima-e-banda-de-musica-da-casa-do-povo-de-moreira-do-lima-celebram-protocolo-de-cooperacao\\\/#breadcrumb\"},\"inLanguage\":\"pt-PT\",\"potentialAction\":[{\"@type\":\"ReadAction\",\"target\":[\"https:\\\/\\\/www.altominho.tv\\\/site\\\/2018\\\/03\\\/28\\\/municipio-de-ponte-de-lima-e-banda-de-musica-da-casa-do-povo-de-moreira-do-lima-celebram-protocolo-de-cooperacao\\\/\"]}]},{\"@type\":\"ImageObject\",\"inLanguage\":\"pt-PT\",\"@id\":\"https:\\\/\\\/www.altominho.tv\\\/site\\\/2018\\\/03\\\/28\\\/municipio-de-ponte-de-lima-e-banda-de-musica-da-casa-do-povo-de-moreira-do-lima-celebram-protocolo-de-cooperacao\\\/#primaryimage\",\"url\":\"https:\\\/\\\/www.altominho.tv\\\/site\\\/wp-content\\\/uploads\\\/2018\\\/03\\\/IMG_1671-Medium-e1522228211508.jpg\",\"contentUrl\":\"https:\\\/\\\/www.altominho.tv\\\/site\\\/wp-content\\\/uploads\\\/2018\\\/03\\\/IMG_1671-Medium-e1522228211508.jpg\",\"width\":1024,\"height\":768},{\"@type\":\"BreadcrumbList\",\"@id\":\"https:\\\/\\\/www.altominho.tv\\\/site\\\/2018\\\/03\\\/28\\\/municipio-de-ponte-de-lima-e-banda-de-musica-da-casa-do-povo-de-moreira-do-lima-celebram-protocolo-de-cooperacao\\\/#breadcrumb\",\"itemListElement\":[{\"@type\":\"ListItem\",\"position\":1,\"name\":\"In\u00edcio\",\"item\":\"https:\\\/\\\/www.altominho.tv\\\/site\\\/\"},{\"@type\":\"ListItem\",\"position\":2,\"name\":\"Munic\u00edpio de Ponte de Lima e Banda de M\u00fasica da Casa do Povo de Moreira do Lima celebram protocolo de coopera\u00e7\u00e3o\"}]},{\"@type\":\"WebSite\",\"@id\":\"https:\\\/\\\/www.altominho.tv\\\/site\\\/#website\",\"url\":\"https:\\\/\\\/www.altominho.tv\\\/site\\\/\",\"name\":\"Altominho.tv\",\"description\":\"A sua regi\u00e3o \u00e0 dist\u00e2ncia de um clique...\",\"potentialAction\":[{\"@type\":\"SearchAction\",\"target\":{\"@type\":\"EntryPoint\",\"urlTemplate\":\"https:\\\/\\\/www.altominho.tv\\\/site\\\/?s={search_term_string}\"},\"query-input\":{\"@type\":\"PropertyValueSpecification\",\"valueRequired\":true,\"valueName\":\"search_term_string\"}}],\"inLanguage\":\"pt-PT\"},{\"@type\":\"Person\",\"@id\":\"https:\\\/\\\/www.altominho.tv\\\/site\\\/#\\\/schema\\\/person\\\/f836e37082b5dabe9144f3eb724ed5a7\",\"name\":\"M\u00e1rcio Ferreira\",\"image\":{\"@type\":\"ImageObject\",\"inLanguage\":\"pt-PT\",\"@id\":\"https:\\\/\\\/www.altominho.tv\\\/site\\\/wp-content\\\/uploads\\\/2017\\\/11\\\/Marcio-150x150.jpg\",\"url\":\"https:\\\/\\\/www.altominho.tv\\\/site\\\/wp-content\\\/uploads\\\/2017\\\/11\\\/Marcio-150x150.jpg\",\"contentUrl\":\"https:\\\/\\\/www.altominho.tv\\\/site\\\/wp-content\\\/uploads\\\/2017\\\/11\\\/Marcio-150x150.jpg\",\"caption\":\"M\u00e1rcio Ferreira\"},\"url\":\"https:\\\/\\\/www.altominho.tv\\\/site\\\/author\\\/marcioferreira\\\/\"}]}<\/script>\n<!-- \/ Yoast SEO Premium plugin. -->","yoast_head_json":{"title":"Munic\u00edpio de Ponte de Lima e Banda de M\u00fasica da Casa do Povo de Moreira do Lima celebram protocolo de coopera\u00e7\u00e3o","robots":{"index":"index","follow":"follow","max-snippet":"max-snippet:-1","max-image-preview":"max-image-preview:large","max-video-preview":"max-video-preview:-1"},"canonical":"https:\/\/www.altominho.tv\/site\/2018\/03\/28\/municipio-de-ponte-de-lima-e-banda-de-musica-da-casa-do-povo-de-moreira-do-lima-celebram-protocolo-de-cooperacao\/","og_locale":"pt_PT","og_type":"article","og_title":"Munic\u00edpio de Ponte de Lima e Banda de M\u00fasica da Casa do Povo de Moreira do Lima celebram protocolo de coopera\u00e7\u00e3o","og_description":"A C\u00e2mara Municipal de Ponte de Lima celebrou no passado fim-de-semana um protocolo de coopera\u00e7\u00e3o com a Dire\u00e7\u00e3o da Banda de M\u00fasica da Casa do Povo de Moreira do Lima. A cerim\u00f3nia que decorreu nas instala\u00e7\u00f5es da Casa do Povo de Moreira do Lima contou com uma audi\u00e7\u00e3o apresentada pelos 22 alunos da escola de [&hellip;]","og_url":"https:\/\/www.altominho.tv\/site\/2018\/03\/28\/municipio-de-ponte-de-lima-e-banda-de-musica-da-casa-do-povo-de-moreira-do-lima-celebram-protocolo-de-cooperacao\/","og_site_name":"Altominho.tv","article_publisher":"https:\/\/www.facebook.com\/altominhotv","article_published_time":"2018-03-28T09:10:28+00:00","og_image":[{"width":1024,"height":768,"url":"https:\/\/www.altominho.tv\/site\/wp-content\/uploads\/2018\/03\/IMG_1671-Medium-e1522228211508.jpg","type":"image\/jpeg"}],"author":"M\u00e1rcio Ferreira","twitter_card":"summary_large_image","twitter_creator":"@altominhoTV","twitter_site":"@altominhoTV","twitter_misc":{"Escrito por":"M\u00e1rcio Ferreira","Tempo estimado de leitura":"2 minutos"},"schema":{"@context":"https:\/\/schema.org","@graph":[{"@type":"Article","@id":"https:\/\/www.altominho.tv\/site\/2018\/03\/28\/municipio-de-ponte-de-lima-e-banda-de-musica-da-casa-do-povo-de-moreira-do-lima-celebram-protocolo-de-cooperacao\/#article","isPartOf":{"@id":"https:\/\/www.altominho.tv\/site\/2018\/03\/28\/municipio-de-ponte-de-lima-e-banda-de-musica-da-casa-do-povo-de-moreira-do-lima-celebram-protocolo-de-cooperacao\/"},"author":{"name":"M\u00e1rcio Ferreira","@id":"https:\/\/www.altominho.tv\/site\/#\/schema\/person\/f836e37082b5dabe9144f3eb724ed5a7"},"headline":"Munic\u00edpio de Ponte de Lima e Banda de M\u00fasica da Casa do Povo de Moreira do Lima celebram protocolo de coopera\u00e7\u00e3o","datePublished":"2018-03-28T09:10:28+00:00","mainEntityOfPage":{"@id":"https:\/\/www.altominho.tv\/site\/2018\/03\/28\/municipio-de-ponte-de-lima-e-banda-de-musica-da-casa-do-povo-de-moreira-do-lima-celebram-protocolo-de-cooperacao\/"},"wordCount":380,"image":{"@id":"https:\/\/www.altominho.tv\/site\/2018\/03\/28\/municipio-de-ponte-de-lima-e-banda-de-musica-da-casa-do-povo-de-moreira-do-lima-celebram-protocolo-de-cooperacao\/#primaryimage"},"thumbnailUrl":"https:\/\/www.altominho.tv\/site\/wp-content\/uploads\/2018\/03\/IMG_1671-Medium-e1522228211508.jpg","keywords":["Cultura"],"articleSection":["Ponte de Lima"],"inLanguage":"pt-PT","copyrightYear":"2018","copyrightHolder":{"@id":"https:\/\/www.altominho.tv\/site\/#organization"}},{"@type":"WebPage","@id":"https:\/\/www.altominho.tv\/site\/2018\/03\/28\/municipio-de-ponte-de-lima-e-banda-de-musica-da-casa-do-povo-de-moreira-do-lima-celebram-protocolo-de-cooperacao\/","url":"https:\/\/www.altominho.tv\/site\/2018\/03\/28\/municipio-de-ponte-de-lima-e-banda-de-musica-da-casa-do-povo-de-moreira-do-lima-celebram-protocolo-de-cooperacao\/","name":"Munic\u00edpio de Ponte de Lima e Banda de M\u00fasica da Casa do Povo de Moreira do Lima celebram protocolo de coopera\u00e7\u00e3o","isPartOf":{"@id":"https:\/\/www.altominho.tv\/site\/#website"},"primaryImageOfPage":{"@id":"https:\/\/www.altominho.tv\/site\/2018\/03\/28\/municipio-de-ponte-de-lima-e-banda-de-musica-da-casa-do-povo-de-moreira-do-lima-celebram-protocolo-de-cooperacao\/#primaryimage"},"image":{"@id":"https:\/\/www.altominho.tv\/site\/2018\/03\/28\/municipio-de-ponte-de-lima-e-banda-de-musica-da-casa-do-povo-de-moreira-do-lima-celebram-protocolo-de-cooperacao\/#primaryimage"},"thumbnailUrl":"https:\/\/www.altominho.tv\/site\/wp-content\/uploads\/2018\/03\/IMG_1671-Medium-e1522228211508.jpg","datePublished":"2018-03-28T09:10:28+00:00","author":{"@id":"https:\/\/www.altominho.tv\/site\/#\/schema\/person\/f836e37082b5dabe9144f3eb724ed5a7"},"breadcrumb":{"@id":"https:\/\/www.altominho.tv\/site\/2018\/03\/28\/municipio-de-ponte-de-lima-e-banda-de-musica-da-casa-do-povo-de-moreira-do-lima-celebram-protocolo-de-cooperacao\/#breadcrumb"},"inLanguage":"pt-PT","potentialAction":[{"@type":"ReadAction","target":["https:\/\/www.altominho.tv\/site\/2018\/03\/28\/municipio-de-ponte-de-lima-e-banda-de-musica-da-casa-do-povo-de-moreira-do-lima-celebram-protocolo-de-cooperacao\/"]}]},{"@type":"ImageObject","inLanguage":"pt-PT","@id":"https:\/\/www.altominho.tv\/site\/2018\/03\/28\/municipio-de-ponte-de-lima-e-banda-de-musica-da-casa-do-povo-de-moreira-do-lima-celebram-protocolo-de-cooperacao\/#primaryimage","url":"https:\/\/www.altominho.tv\/site\/wp-content\/uploads\/2018\/03\/IMG_1671-Medium-e1522228211508.jpg","contentUrl":"https:\/\/www.altominho.tv\/site\/wp-content\/uploads\/2018\/03\/IMG_1671-Medium-e1522228211508.jpg","width":1024,"height":768},{"@type":"BreadcrumbList","@id":"https:\/\/www.altominho.tv\/site\/2018\/03\/28\/municipio-de-ponte-de-lima-e-banda-de-musica-da-casa-do-povo-de-moreira-do-lima-celebram-protocolo-de-cooperacao\/#breadcrumb","itemListElement":[{"@type":"ListItem","position":1,"name":"In\u00edcio","item":"https:\/\/www.altominho.tv\/site\/"},{"@type":"ListItem","position":2,"name":"Munic\u00edpio de Ponte de Lima e Banda de M\u00fasica da Casa do Povo de Moreira do Lima celebram protocolo de coopera\u00e7\u00e3o"}]},{"@type":"WebSite","@id":"https:\/\/www.altominho.tv\/site\/#website","url":"https:\/\/www.altominho.tv\/site\/","name":"Altominho.tv","description":"A sua regi\u00e3o \u00e0 dist\u00e2ncia de um clique...","potentialAction":[{"@type":"SearchAction","target":{"@type":"EntryPoint","urlTemplate":"https:\/\/www.altominho.tv\/site\/?s={search_term_string}"},"query-input":{"@type":"PropertyValueSpecification","valueRequired":true,"valueName":"search_term_string"}}],"inLanguage":"pt-PT"},{"@type":"Person","@id":"https:\/\/www.altominho.tv\/site\/#\/schema\/person\/f836e37082b5dabe9144f3eb724ed5a7","name":"M\u00e1rcio Ferreira","image":{"@type":"ImageObject","inLanguage":"pt-PT","@id":"https:\/\/www.altominho.tv\/site\/wp-content\/uploads\/2017\/11\/Marcio-150x150.jpg","url":"https:\/\/www.altominho.tv\/site\/wp-content\/uploads\/2017\/11\/Marcio-150x150.jpg","contentUrl":"https:\/\/www.altominho.tv\/site\/wp-content\/uploads\/2017\/11\/Marcio-150x150.jpg","caption":"M\u00e1rcio Ferreira"},"url":"https:\/\/www.altominho.tv\/site\/author\/marcioferreira\/"}]}},"_links":{"self":[{"href":"https:\/\/www.altominho.tv\/site\/wp-json\/wp\/v2\/posts\/11106","targetHints":{"allow":["GET"]}}],"collection":[{"href":"https:\/\/www.altominho.tv\/site\/wp-json\/wp\/v2\/posts"}],"about":[{"href":"https:\/\/www.altominho.tv\/site\/wp-json\/wp\/v2\/types\/post"}],"author":[{"embeddable":true,"href":"https:\/\/www.altominho.tv\/site\/wp-json\/wp\/v2\/users\/11"}],"replies":[{"embeddable":true,"href":"https:\/\/www.altominho.tv\/site\/wp-json\/wp\/v2\/comments?post=11106"}],"version-history":[{"count":0,"href":"https:\/\/www.altominho.tv\/site\/wp-json\/wp\/v2\/posts\/11106\/revisions"}],"wp:featuredmedia":[{"embeddable":true,"href":"https:\/\/www.altominho.tv\/site\/wp-json\/wp\/v2\/media\/11107"}],"wp:attachment":[{"href":"https:\/\/www.altominho.tv\/site\/wp-json\/wp\/v2\/media?parent=11106"}],"wp:term":[{"taxonomy":"category","embeddable":true,"href":"https:\/\/www.altominho.tv\/site\/wp-json\/wp\/v2\/categories?post=11106"},{"taxonomy":"post_tag","embeddable":true,"href":"https:\/\/www.altominho.tv\/site\/wp-json\/wp\/v2\/tags?post=11106"}],"curies":[{"name":"wp","href":"https:\/\/api.w.org\/{rel}","templated":true}]}}