{"id":111059,"date":"2024-10-03T09:14:10","date_gmt":"2024-10-03T08:14:10","guid":{"rendered":"https:\/\/www.altominho.tv\/site\/?p=111059"},"modified":"2024-10-03T09:14:12","modified_gmt":"2024-10-03T08:14:12","slug":"caminha-pbras-porto-de-vila-praia-de-ancora","status":"publish","type":"post","link":"https:\/\/www.altominho.tv\/site\/2024\/10\/03\/caminha-pbras-porto-de-vila-praia-de-ancora\/","title":{"rendered":"Caminha exige &#8220;sem demoras&#8221; dragagens e obras no porto de Vila Praia de \u00c2ncora"},"content":{"rendered":"\n<p>A C\u00e2mara de Caminha aprovou, por unanimidade, uma mo\u00e7\u00e3o que exige ao Governo que, \u201csem mais demoras\u201d, avance com dragagens e execu\u00e7\u00e3o da obra de requalifica\u00e7\u00e3o do porto de Vila Praia de \u00c2ncora.<\/p>\n\n\n\n<p>A mo\u00e7\u00e3o aprovada pela C\u00e2mara de Caminha, \u201cinsta o Governo a dar continuidade, de forma urgente, a v\u00e1rios assuntos relacionados com o Porto de Vila Praia de \u00c2ncora, desde logo as dragagens j\u00e1 previstas, mas n\u00e3o executadas, o processo de requalifica\u00e7\u00e3o do Porto e a manuten\u00e7\u00e3o do edificado da Docapesca e apetrechos a ele associados\u201d.<br>Relativamente \u00e0 obra de reconfigura\u00e7\u00e3o do portinho, a autarquia defende \u201ca cria\u00e7\u00e3o de um grupo de trabalho de acompanhamento do processo\u201d.<\/p>\n\n\n\n<p>Na nota enviada \u00e0s reda\u00e7\u00f5es, a autarquia sublinha que \u201cem mar\u00e7o foi apresentada a maquete [para a reconfigura\u00e7\u00e3o do \u2018layout\u2019 de requalifica\u00e7\u00e3o do portinho], um trabalho profundo iniciado em 2021 com os pescadores e com todas as entidades t\u00e9cnicas e especializadas ligadas aos portos e \u00e0s pescas\u201d.<\/p>\n\n\n\n<p>\u201cEnquanto a solu\u00e7\u00e3o definitiva n\u00e3o chega, as dragagens imprescind\u00edveis para que os pescadores possam continuar a trabalhar em seguran\u00e7a, e j\u00e1 previstas oficialmente, n\u00e3o se realizaram, o que constitui preocupa\u00e7\u00e3o acrescida\u201d, sustenta a nota.<\/p>\n\n\n\n<p>A mo\u00e7\u00e3o, proposta pelo presidente da autarquia, Rui Lages, pretende ser \u201cum instrumento de sensibiliza\u00e7\u00e3o e de press\u00e3o para garantir, com manifesta urg\u00eancia, a realiza\u00e7\u00e3o das dragagens do porto de mar, conforme resolu\u00e7\u00e3o do Conselho de Ministros n.\u00ba 35\/2024, de 04 de mar\u00e7o, por forma a que seja salvaguardada a navegabilidade no porto de mar em seguran\u00e7a\u201d.<\/p>\n\n\n\n<p>O documento reclama ainda a \u201cprossecu\u00e7\u00e3o do processo de requalifica\u00e7\u00e3o do porto, desde logo com o in\u00edcio do Estudo de Impacte Ambiental (EIA), ainda no ano de 2024, a cria\u00e7\u00e3o de um grupo de trabalho de acompanhamento da interven\u00e7\u00e3o e a promo\u00e7\u00e3o das necess\u00e1rias e urgentes obras de manuten\u00e7\u00e3o do edificado da Docapesca em Vila Praia de \u00c2ncora e apetrechos a ele associados\u201d.<\/p>\n\n\n\n<p>Para a autarquia, as exig\u00eancias que constam da mo\u00e7\u00e3o s\u00e3o de \u201cespecial import\u00e2ncia para o desenvolvimento socioecon\u00f3mico do concelho de Caminha\u201d.<\/p>\n\n\n\n<p>Este \u201c\u00e9 um investimento estrat\u00e9gico para a freguesia de Vila Praia de \u00c2ncora, para o concelho de Caminha e para a regi\u00e3o norte\u201d, sustenta, acrescentando que \u00e9 tamb\u00e9m \u201cum investimento urgente e necess\u00e1rio\u201d para a comunidade piscat\u00f3ria que \u201cdiariamente se confronta com constrangimentos de utiliza\u00e7\u00e3o do porto de mar, estando em causa a seguran\u00e7a de tripula\u00e7\u00f5es e embarca\u00e7\u00f5es \u2013 de forma direta &#8211; e de fam\u00edlias e economia a jusante \u2013 de forma indireta\u201d.<\/p>\n\n\n\n<p>O executivo municipal considera ainda justas as reivindica\u00e7\u00f5es por parte das associa\u00e7\u00f5es de pescadores, \u201ccom a exig\u00eancia da requalifica\u00e7\u00e3o do porto de mar, que visa melhorar a seguran\u00e7a da navega\u00e7\u00e3o e operacionalidade\u201d.<\/p>\n\n\n\n<p>A 17 de julho, a secret\u00e1ria de Estado das Pescas explicou que o Governo vai voltar a analisar o processo e avaliar a viabilidade de o Estudo de Impacto Ambiental ser submetido a uma nova candidatura para financiamento.<\/p>\n\n\n\n<p>\u201cAquilo que foi anunciado, de em 2026 haver um projeto com algum avan\u00e7o, fica de alguma forma comprometido, porque estamos na estaca zero. Temos de olhar para o projeto de raiz\u201d, afirmou Cl\u00e1udia Monteiro de Aguiar.<\/p>\n\n\n\n<p>No Governo PS, a ent\u00e3o secret\u00e1ria de Estado das Pescas, Teresa Coelho, indicou que a requalifica\u00e7\u00e3o do portinho de pesca de Vila Praia de \u00c2ncora passava pela constru\u00e7\u00e3o de um anteporto que devia estar conclu\u00eddo entre 2026 e 2030 e custar pelo menos 15 milh\u00f5es de euros\u201d.<\/p>\n\n\n\n<p>\u201cEnquanto atores pol\u00edticos locais, temos a miss\u00e3o, dir\u00edamos que a obriga\u00e7\u00e3o, de lutar para que os sucessivos compromissos para com o nosso territ\u00f3rio sejam de uma vez por todas assumidos e executados. N\u00e3o h\u00e1 mais tempo para estudar. Esta \u00e9 a hora de concretizar\u201d, l\u00ea-se ainda na mo\u00e7\u00e3o.<\/p>\n\n\n\n<p>O executivo demonstra \u201ctotal disponibilidade para cooperar, para dialogar, para promover os consensos necess\u00e1rios, no \u00e2mbito das suas compet\u00eancias e atribui\u00e7\u00f5es, na defesa intransigente dos interesses da comunidade que representa e da comunidade piscat\u00f3ria em particular\u201d.<br>\u00a0<\/p>\n","protected":false},"excerpt":{"rendered":"<p>A C\u00e2mara de Caminha aprovou, por unanimidade, uma mo\u00e7\u00e3o que exige ao Governo que, \u201csem mais demoras\u201d, avance com dragagens e execu\u00e7\u00e3o da obra de requalifica\u00e7\u00e3o do porto de Vila Praia de \u00c2ncora. A mo\u00e7\u00e3o aprovada pela C\u00e2mara de Caminha, \u201cinsta o Governo a dar continuidade, de forma urgente, a v\u00e1rios assuntos relacionados com o [&hellip;]<\/p>\n","protected":false},"author":16,"featured_media":111060,"comment_status":"closed","ping_status":"closed","sticky":false,"template":"","format":"standard","meta":{"_exactmetrics_skip_tracking":false,"_exactmetrics_sitenote_active":false,"_exactmetrics_sitenote_note":"","_exactmetrics_sitenote_category":0,"footnotes":""},"categories":[7],"tags":[27],"class_list":["post-111059","post","type-post","status-publish","format-standard","has-post-thumbnail","hentry","category-caminha","tag-sociedade"],"yoast_head":"<!-- This site is optimized with the Yoast SEO Premium plugin v27.5 (Yoast SEO v27.5) - https:\/\/yoast.com\/product\/yoast-seo-premium-wordpress\/ -->\n<title>Caminha exige &quot;sem demoras&quot; dragagens e obras no porto de Vila Praia de \u00c2ncora<\/title>\n<meta name=\"description\" content=\"Caminha exige &quot;sem demoras&quot; dragagens e obras no porto de Vila Praia de \u00c2ncora.\" \/>\n<meta name=\"robots\" content=\"index, follow, max-snippet:-1, max-image-preview:large, max-video-preview:-1\" \/>\n<link rel=\"canonical\" href=\"https:\/\/www.altominho.tv\/site\/2024\/10\/03\/caminha-pbras-porto-de-vila-praia-de-ancora\/\" \/>\n<meta property=\"og:locale\" content=\"pt_PT\" \/>\n<meta property=\"og:type\" content=\"article\" \/>\n<meta property=\"og:title\" content=\"Caminha exige &quot;sem demoras&quot; dragagens e obras no porto de Vila Praia de \u00c2ncora\" \/>\n<meta property=\"og:description\" content=\"Caminha exige &quot;sem demoras&quot; dragagens e obras no porto de Vila Praia de \u00c2ncora.\" \/>\n<meta property=\"og:url\" content=\"https:\/\/www.altominho.tv\/site\/2024\/10\/03\/caminha-pbras-porto-de-vila-praia-de-ancora\/\" \/>\n<meta property=\"og:site_name\" content=\"Altominho.tv\" \/>\n<meta property=\"article:publisher\" content=\"https:\/\/www.facebook.com\/altominhotv\" \/>\n<meta property=\"article:published_time\" content=\"2024-10-03T08:14:10+00:00\" \/>\n<meta property=\"article:modified_time\" content=\"2024-10-03T08:14:12+00:00\" \/>\n<meta property=\"og:image\" content=\"https:\/\/www.altominho.tv\/site\/wp-content\/uploads\/2024\/10\/portinho_vpa_1_1024_2500-740x494-1.jpeg\" \/>\n\t<meta property=\"og:image:width\" content=\"740\" \/>\n\t<meta property=\"og:image:height\" content=\"494\" \/>\n\t<meta property=\"og:image:type\" content=\"image\/jpeg\" \/>\n<meta name=\"author\" content=\"Andreia Cunha | Lusa\" \/>\n<meta name=\"twitter:card\" content=\"summary_large_image\" \/>\n<meta name=\"twitter:creator\" content=\"@altominhoTV\" \/>\n<meta name=\"twitter:site\" content=\"@altominhoTV\" \/>\n<meta name=\"twitter:label1\" content=\"Escrito por\" \/>\n\t<meta name=\"twitter:data1\" content=\"Andreia Cunha | Lusa\" \/>\n\t<meta name=\"twitter:label2\" content=\"Tempo estimado de leitura\" \/>\n\t<meta name=\"twitter:data2\" content=\"4 minutos\" \/>\n<script type=\"application\/ld+json\" class=\"yoast-schema-graph\">{\"@context\":\"https:\\\/\\\/schema.org\",\"@graph\":[{\"@type\":\"Article\",\"@id\":\"https:\\\/\\\/www.altominho.tv\\\/site\\\/2024\\\/10\\\/03\\\/caminha-pbras-porto-de-vila-praia-de-ancora\\\/#article\",\"isPartOf\":{\"@id\":\"https:\\\/\\\/www.altominho.tv\\\/site\\\/2024\\\/10\\\/03\\\/caminha-pbras-porto-de-vila-praia-de-ancora\\\/\"},\"author\":{\"name\":\"Andreia Cunha | Lusa\",\"@id\":\"https:\\\/\\\/www.altominho.tv\\\/site\\\/#\\\/schema\\\/person\\\/dbaf181c01b51ff40c9f461a905d321e\"},\"headline\":\"Caminha exige &#8220;sem demoras&#8221; dragagens e obras no porto de Vila Praia de \u00c2ncora\",\"datePublished\":\"2024-10-03T08:14:10+00:00\",\"dateModified\":\"2024-10-03T08:14:12+00:00\",\"mainEntityOfPage\":{\"@id\":\"https:\\\/\\\/www.altominho.tv\\\/site\\\/2024\\\/10\\\/03\\\/caminha-pbras-porto-de-vila-praia-de-ancora\\\/\"},\"wordCount\":722,\"image\":{\"@id\":\"https:\\\/\\\/www.altominho.tv\\\/site\\\/2024\\\/10\\\/03\\\/caminha-pbras-porto-de-vila-praia-de-ancora\\\/#primaryimage\"},\"thumbnailUrl\":\"https:\\\/\\\/www.altominho.tv\\\/site\\\/wp-content\\\/uploads\\\/2024\\\/10\\\/portinho_vpa_1_1024_2500-740x494-1.jpeg\",\"keywords\":[\"Sociedade\"],\"articleSection\":[\"Caminha\"],\"inLanguage\":\"pt-PT\",\"copyrightYear\":\"2024\",\"copyrightHolder\":{\"@id\":\"https:\\\/\\\/www.altominho.tv\\\/site\\\/#organization\"}},{\"@type\":\"WebPage\",\"@id\":\"https:\\\/\\\/www.altominho.tv\\\/site\\\/2024\\\/10\\\/03\\\/caminha-pbras-porto-de-vila-praia-de-ancora\\\/\",\"url\":\"https:\\\/\\\/www.altominho.tv\\\/site\\\/2024\\\/10\\\/03\\\/caminha-pbras-porto-de-vila-praia-de-ancora\\\/\",\"name\":\"Caminha exige \\\"sem demoras\\\" dragagens e obras no porto de Vila Praia de \u00c2ncora\",\"isPartOf\":{\"@id\":\"https:\\\/\\\/www.altominho.tv\\\/site\\\/#website\"},\"primaryImageOfPage\":{\"@id\":\"https:\\\/\\\/www.altominho.tv\\\/site\\\/2024\\\/10\\\/03\\\/caminha-pbras-porto-de-vila-praia-de-ancora\\\/#primaryimage\"},\"image\":{\"@id\":\"https:\\\/\\\/www.altominho.tv\\\/site\\\/2024\\\/10\\\/03\\\/caminha-pbras-porto-de-vila-praia-de-ancora\\\/#primaryimage\"},\"thumbnailUrl\":\"https:\\\/\\\/www.altominho.tv\\\/site\\\/wp-content\\\/uploads\\\/2024\\\/10\\\/portinho_vpa_1_1024_2500-740x494-1.jpeg\",\"datePublished\":\"2024-10-03T08:14:10+00:00\",\"dateModified\":\"2024-10-03T08:14:12+00:00\",\"author\":{\"@id\":\"https:\\\/\\\/www.altominho.tv\\\/site\\\/#\\\/schema\\\/person\\\/dbaf181c01b51ff40c9f461a905d321e\"},\"description\":\"Caminha exige \\\"sem demoras\\\" dragagens e obras no porto de Vila Praia de \u00c2ncora.\",\"breadcrumb\":{\"@id\":\"https:\\\/\\\/www.altominho.tv\\\/site\\\/2024\\\/10\\\/03\\\/caminha-pbras-porto-de-vila-praia-de-ancora\\\/#breadcrumb\"},\"inLanguage\":\"pt-PT\",\"potentialAction\":[{\"@type\":\"ReadAction\",\"target\":[\"https:\\\/\\\/www.altominho.tv\\\/site\\\/2024\\\/10\\\/03\\\/caminha-pbras-porto-de-vila-praia-de-ancora\\\/\"]}]},{\"@type\":\"ImageObject\",\"inLanguage\":\"pt-PT\",\"@id\":\"https:\\\/\\\/www.altominho.tv\\\/site\\\/2024\\\/10\\\/03\\\/caminha-pbras-porto-de-vila-praia-de-ancora\\\/#primaryimage\",\"url\":\"https:\\\/\\\/www.altominho.tv\\\/site\\\/wp-content\\\/uploads\\\/2024\\\/10\\\/portinho_vpa_1_1024_2500-740x494-1.jpeg\",\"contentUrl\":\"https:\\\/\\\/www.altominho.tv\\\/site\\\/wp-content\\\/uploads\\\/2024\\\/10\\\/portinho_vpa_1_1024_2500-740x494-1.jpeg\",\"width\":740,\"height\":494},{\"@type\":\"BreadcrumbList\",\"@id\":\"https:\\\/\\\/www.altominho.tv\\\/site\\\/2024\\\/10\\\/03\\\/caminha-pbras-porto-de-vila-praia-de-ancora\\\/#breadcrumb\",\"itemListElement\":[{\"@type\":\"ListItem\",\"position\":1,\"name\":\"In\u00edcio\",\"item\":\"https:\\\/\\\/www.altominho.tv\\\/site\\\/\"},{\"@type\":\"ListItem\",\"position\":2,\"name\":\"Caminha exige &#8220;sem demoras&#8221; dragagens e obras no porto de Vila Praia de \u00c2ncora\"}]},{\"@type\":\"WebSite\",\"@id\":\"https:\\\/\\\/www.altominho.tv\\\/site\\\/#website\",\"url\":\"https:\\\/\\\/www.altominho.tv\\\/site\\\/\",\"name\":\"Altominho.tv\",\"description\":\"A sua regi\u00e3o \u00e0 dist\u00e2ncia de um clique...\",\"potentialAction\":[{\"@type\":\"SearchAction\",\"target\":{\"@type\":\"EntryPoint\",\"urlTemplate\":\"https:\\\/\\\/www.altominho.tv\\\/site\\\/?s={search_term_string}\"},\"query-input\":{\"@type\":\"PropertyValueSpecification\",\"valueRequired\":true,\"valueName\":\"search_term_string\"}}],\"inLanguage\":\"pt-PT\"},{\"@type\":\"Person\",\"@id\":\"https:\\\/\\\/www.altominho.tv\\\/site\\\/#\\\/schema\\\/person\\\/dbaf181c01b51ff40c9f461a905d321e\",\"name\":\"Andreia Cunha | Lusa\",\"image\":{\"@type\":\"ImageObject\",\"inLanguage\":\"pt-PT\",\"@id\":\"https:\\\/\\\/www.altominho.tv\\\/site\\\/wp-content\\\/uploads\\\/2017\\\/11\\\/Andreia_Cunha-1-150x150.jpg\",\"url\":\"https:\\\/\\\/www.altominho.tv\\\/site\\\/wp-content\\\/uploads\\\/2017\\\/11\\\/Andreia_Cunha-1-150x150.jpg\",\"contentUrl\":\"https:\\\/\\\/www.altominho.tv\\\/site\\\/wp-content\\\/uploads\\\/2017\\\/11\\\/Andreia_Cunha-1-150x150.jpg\",\"caption\":\"Andreia Cunha | Lusa\"},\"sameAs\":[\"https:\\\/\\\/www.altominho.tv\\\/site\"],\"url\":\"https:\\\/\\\/www.altominho.tv\\\/site\\\/author\\\/andreiacunhalusa\\\/\"}]}<\/script>\n<!-- \/ Yoast SEO Premium plugin. -->","yoast_head_json":{"title":"Caminha exige \"sem demoras\" dragagens e obras no porto de Vila Praia de \u00c2ncora","description":"Caminha exige \"sem demoras\" dragagens e obras no porto de Vila Praia de \u00c2ncora.","robots":{"index":"index","follow":"follow","max-snippet":"max-snippet:-1","max-image-preview":"max-image-preview:large","max-video-preview":"max-video-preview:-1"},"canonical":"https:\/\/www.altominho.tv\/site\/2024\/10\/03\/caminha-pbras-porto-de-vila-praia-de-ancora\/","og_locale":"pt_PT","og_type":"article","og_title":"Caminha exige \"sem demoras\" dragagens e obras no porto de Vila Praia de \u00c2ncora","og_description":"Caminha exige \"sem demoras\" dragagens e obras no porto de Vila Praia de \u00c2ncora.","og_url":"https:\/\/www.altominho.tv\/site\/2024\/10\/03\/caminha-pbras-porto-de-vila-praia-de-ancora\/","og_site_name":"Altominho.tv","article_publisher":"https:\/\/www.facebook.com\/altominhotv","article_published_time":"2024-10-03T08:14:10+00:00","article_modified_time":"2024-10-03T08:14:12+00:00","og_image":[{"width":740,"height":494,"url":"https:\/\/www.altominho.tv\/site\/wp-content\/uploads\/2024\/10\/portinho_vpa_1_1024_2500-740x494-1.jpeg","type":"image\/jpeg"}],"author":"Andreia Cunha | Lusa","twitter_card":"summary_large_image","twitter_creator":"@altominhoTV","twitter_site":"@altominhoTV","twitter_misc":{"Escrito por":"Andreia Cunha | Lusa","Tempo estimado de leitura":"4 minutos"},"schema":{"@context":"https:\/\/schema.org","@graph":[{"@type":"Article","@id":"https:\/\/www.altominho.tv\/site\/2024\/10\/03\/caminha-pbras-porto-de-vila-praia-de-ancora\/#article","isPartOf":{"@id":"https:\/\/www.altominho.tv\/site\/2024\/10\/03\/caminha-pbras-porto-de-vila-praia-de-ancora\/"},"author":{"name":"Andreia Cunha | Lusa","@id":"https:\/\/www.altominho.tv\/site\/#\/schema\/person\/dbaf181c01b51ff40c9f461a905d321e"},"headline":"Caminha exige &#8220;sem demoras&#8221; dragagens e obras no porto de Vila Praia de \u00c2ncora","datePublished":"2024-10-03T08:14:10+00:00","dateModified":"2024-10-03T08:14:12+00:00","mainEntityOfPage":{"@id":"https:\/\/www.altominho.tv\/site\/2024\/10\/03\/caminha-pbras-porto-de-vila-praia-de-ancora\/"},"wordCount":722,"image":{"@id":"https:\/\/www.altominho.tv\/site\/2024\/10\/03\/caminha-pbras-porto-de-vila-praia-de-ancora\/#primaryimage"},"thumbnailUrl":"https:\/\/www.altominho.tv\/site\/wp-content\/uploads\/2024\/10\/portinho_vpa_1_1024_2500-740x494-1.jpeg","keywords":["Sociedade"],"articleSection":["Caminha"],"inLanguage":"pt-PT","copyrightYear":"2024","copyrightHolder":{"@id":"https:\/\/www.altominho.tv\/site\/#organization"}},{"@type":"WebPage","@id":"https:\/\/www.altominho.tv\/site\/2024\/10\/03\/caminha-pbras-porto-de-vila-praia-de-ancora\/","url":"https:\/\/www.altominho.tv\/site\/2024\/10\/03\/caminha-pbras-porto-de-vila-praia-de-ancora\/","name":"Caminha exige \"sem demoras\" dragagens e obras no porto de Vila Praia de \u00c2ncora","isPartOf":{"@id":"https:\/\/www.altominho.tv\/site\/#website"},"primaryImageOfPage":{"@id":"https:\/\/www.altominho.tv\/site\/2024\/10\/03\/caminha-pbras-porto-de-vila-praia-de-ancora\/#primaryimage"},"image":{"@id":"https:\/\/www.altominho.tv\/site\/2024\/10\/03\/caminha-pbras-porto-de-vila-praia-de-ancora\/#primaryimage"},"thumbnailUrl":"https:\/\/www.altominho.tv\/site\/wp-content\/uploads\/2024\/10\/portinho_vpa_1_1024_2500-740x494-1.jpeg","datePublished":"2024-10-03T08:14:10+00:00","dateModified":"2024-10-03T08:14:12+00:00","author":{"@id":"https:\/\/www.altominho.tv\/site\/#\/schema\/person\/dbaf181c01b51ff40c9f461a905d321e"},"description":"Caminha exige \"sem demoras\" dragagens e obras no porto de Vila Praia de \u00c2ncora.","breadcrumb":{"@id":"https:\/\/www.altominho.tv\/site\/2024\/10\/03\/caminha-pbras-porto-de-vila-praia-de-ancora\/#breadcrumb"},"inLanguage":"pt-PT","potentialAction":[{"@type":"ReadAction","target":["https:\/\/www.altominho.tv\/site\/2024\/10\/03\/caminha-pbras-porto-de-vila-praia-de-ancora\/"]}]},{"@type":"ImageObject","inLanguage":"pt-PT","@id":"https:\/\/www.altominho.tv\/site\/2024\/10\/03\/caminha-pbras-porto-de-vila-praia-de-ancora\/#primaryimage","url":"https:\/\/www.altominho.tv\/site\/wp-content\/uploads\/2024\/10\/portinho_vpa_1_1024_2500-740x494-1.jpeg","contentUrl":"https:\/\/www.altominho.tv\/site\/wp-content\/uploads\/2024\/10\/portinho_vpa_1_1024_2500-740x494-1.jpeg","width":740,"height":494},{"@type":"BreadcrumbList","@id":"https:\/\/www.altominho.tv\/site\/2024\/10\/03\/caminha-pbras-porto-de-vila-praia-de-ancora\/#breadcrumb","itemListElement":[{"@type":"ListItem","position":1,"name":"In\u00edcio","item":"https:\/\/www.altominho.tv\/site\/"},{"@type":"ListItem","position":2,"name":"Caminha exige &#8220;sem demoras&#8221; dragagens e obras no porto de Vila Praia de \u00c2ncora"}]},{"@type":"WebSite","@id":"https:\/\/www.altominho.tv\/site\/#website","url":"https:\/\/www.altominho.tv\/site\/","name":"Altominho.tv","description":"A sua regi\u00e3o \u00e0 dist\u00e2ncia de um clique...","potentialAction":[{"@type":"SearchAction","target":{"@type":"EntryPoint","urlTemplate":"https:\/\/www.altominho.tv\/site\/?s={search_term_string}"},"query-input":{"@type":"PropertyValueSpecification","valueRequired":true,"valueName":"search_term_string"}}],"inLanguage":"pt-PT"},{"@type":"Person","@id":"https:\/\/www.altominho.tv\/site\/#\/schema\/person\/dbaf181c01b51ff40c9f461a905d321e","name":"Andreia Cunha | Lusa","image":{"@type":"ImageObject","inLanguage":"pt-PT","@id":"https:\/\/www.altominho.tv\/site\/wp-content\/uploads\/2017\/11\/Andreia_Cunha-1-150x150.jpg","url":"https:\/\/www.altominho.tv\/site\/wp-content\/uploads\/2017\/11\/Andreia_Cunha-1-150x150.jpg","contentUrl":"https:\/\/www.altominho.tv\/site\/wp-content\/uploads\/2017\/11\/Andreia_Cunha-1-150x150.jpg","caption":"Andreia Cunha | Lusa"},"sameAs":["https:\/\/www.altominho.tv\/site"],"url":"https:\/\/www.altominho.tv\/site\/author\/andreiacunhalusa\/"}]}},"_links":{"self":[{"href":"https:\/\/www.altominho.tv\/site\/wp-json\/wp\/v2\/posts\/111059","targetHints":{"allow":["GET"]}}],"collection":[{"href":"https:\/\/www.altominho.tv\/site\/wp-json\/wp\/v2\/posts"}],"about":[{"href":"https:\/\/www.altominho.tv\/site\/wp-json\/wp\/v2\/types\/post"}],"author":[{"embeddable":true,"href":"https:\/\/www.altominho.tv\/site\/wp-json\/wp\/v2\/users\/16"}],"replies":[{"embeddable":true,"href":"https:\/\/www.altominho.tv\/site\/wp-json\/wp\/v2\/comments?post=111059"}],"version-history":[{"count":1,"href":"https:\/\/www.altominho.tv\/site\/wp-json\/wp\/v2\/posts\/111059\/revisions"}],"predecessor-version":[{"id":111061,"href":"https:\/\/www.altominho.tv\/site\/wp-json\/wp\/v2\/posts\/111059\/revisions\/111061"}],"wp:featuredmedia":[{"embeddable":true,"href":"https:\/\/www.altominho.tv\/site\/wp-json\/wp\/v2\/media\/111060"}],"wp:attachment":[{"href":"https:\/\/www.altominho.tv\/site\/wp-json\/wp\/v2\/media?parent=111059"}],"wp:term":[{"taxonomy":"category","embeddable":true,"href":"https:\/\/www.altominho.tv\/site\/wp-json\/wp\/v2\/categories?post=111059"},{"taxonomy":"post_tag","embeddable":true,"href":"https:\/\/www.altominho.tv\/site\/wp-json\/wp\/v2\/tags?post=111059"}],"curies":[{"name":"wp","href":"https:\/\/api.w.org\/{rel}","templated":true}]}}