{"id":111048,"date":"2024-10-02T15:40:22","date_gmt":"2024-10-02T14:40:22","guid":{"rendered":"https:\/\/www.altominho.tv\/site\/?p=111048"},"modified":"2024-10-02T15:43:08","modified_gmt":"2024-10-02T14:43:08","slug":"cordeiro-a-moda-de-moncao-esta-de-regresso-a-mesa","status":"publish","type":"post","link":"https:\/\/www.altominho.tv\/site\/2024\/10\/02\/cordeiro-a-moda-de-moncao-esta-de-regresso-a-mesa\/","title":{"rendered":"Cordeiro \u00e0 Moda de Mon\u00e7\u00e3o est\u00e1 de regresso \u00e0 mesa"},"content":{"rendered":"<p><span data-contrast=\"auto\">O Cordeiro \u00e0 Moda de Mon\u00e7\u00e3o regressa \u00e0 mesa nos primeiros dias de outono, dias 5, 6, 12 e 13 de outubro, propondo um &#8220;agasalho culin\u00e1rio com tradi\u00e7\u00e3o e requinte&#8221;, revelou hoje o munic\u00edpio local.<\/span><\/p>\n<p><span data-contrast=\"auto\">Distinguido como uma das \u201c7 Maravilhas Gastron\u00f3micas de Portugal\u201d, o Cordeiro \u00e0 Moda de Mon\u00e7\u00e3o, popularmente conhecido como \u201cFoda \u00e0 Mon\u00e7\u00e3o\u201d, ser\u00e1 confecionado e servido em 18 restaurantes locais participantes, sendo o programa complementar preenchido com anima\u00e7\u00e3o popular e atividades l\u00fadicas para todos os p\u00fablicos.<\/span><\/p>\n<p><span data-contrast=\"auto\">A edi\u00e7\u00e3o deste ano contempla uma tenda na Pra\u00e7a Deu-la-Deu, sala de visitas de Mon\u00e7\u00e3o, onde decorrer\u00e1 a degusta\u00e7\u00e3o do prato e a venda de vinhos espumantes dos produtores locais, incluindo, tamb\u00e9m, a realiza\u00e7\u00e3o de mesas redondas, workshops gastron\u00f3micos e anima\u00e7\u00e3o musical.<\/span><\/p>\n<p><span data-contrast=\"auto\">Nos restaurantes participantes, o visitante tem direito a um voucher oferta que engloba o pequeno alguidar em barro e degusta\u00e7\u00e3o da do\u00e7aria \u201cRoscas de Mon\u00e7\u00e3o\u201d, no Museu Alvarinho.\u00a0 <\/span><\/p>\n<p><span data-contrast=\"auto\">Nestes quatro dias, a anima\u00e7\u00e3o musical ser\u00e1 garantida, entre outros, pelo grupo Sons do Minho e pela cantora Bianca Barros.<\/span><span data-ccp-props=\"{&quot;201341983&quot;:0,&quot;335559739&quot;:160,&quot;335559740&quot;:279}\">\u00a0<\/span><\/p>\n","protected":false},"excerpt":{"rendered":"<p>O Cordeiro \u00e0 Moda de Mon\u00e7\u00e3o regressa \u00e0 mesa nos primeiros dias de outono, dias 5, 6, 12 e 13 de outubro, propondo um &#8220;agasalho culin\u00e1rio com tradi\u00e7\u00e3o e requinte&#8221;, revelou hoje o munic\u00edpio local. Distinguido como uma das \u201c7 Maravilhas Gastron\u00f3micas de Portugal\u201d, o Cordeiro \u00e0 Moda de Mon\u00e7\u00e3o, popularmente conhecido como \u201cFoda \u00e0 [&hellip;]<\/p>\n","protected":false},"author":1,"featured_media":111052,"comment_status":"closed","ping_status":"closed","sticky":false,"template":"","format":"standard","meta":{"_exactmetrics_skip_tracking":false,"_exactmetrics_sitenote_active":false,"_exactmetrics_sitenote_note":"","_exactmetrics_sitenote_category":0,"footnotes":""},"categories":[9],"tags":[81],"class_list":["post-111048","post","type-post","status-publish","format-standard","has-post-thumbnail","hentry","category-moncao","tag-gastronomia"],"yoast_head":"<!-- This site is optimized with the Yoast SEO Premium plugin v27.5 (Yoast SEO v27.5) - https:\/\/yoast.com\/product\/yoast-seo-premium-wordpress\/ -->\n<title>Cordeiro \u00e0 Moda de Mon\u00e7\u00e3o est\u00e1 de regresso \u00e0 mesa<\/title>\n<meta name=\"description\" content=\"O Cordeiro \u00e0 Moda de Mon\u00e7\u00e3o regressa \u00e0 mesa nos primeiros dias de outono, dias 5, 6, 12 e 13 de outubro, propondo um &quot;agasalho culin\u00e1rio com tradi\u00e7\u00e3o e requinte&quot;, revelou hoje o munic\u00edpio local.\" \/>\n<meta name=\"robots\" content=\"index, follow, max-snippet:-1, max-image-preview:large, max-video-preview:-1\" \/>\n<link rel=\"canonical\" href=\"https:\/\/www.altominho.tv\/site\/2024\/10\/02\/cordeiro-a-moda-de-moncao-esta-de-regresso-a-mesa\/\" \/>\n<meta property=\"og:locale\" content=\"pt_PT\" \/>\n<meta property=\"og:type\" content=\"article\" \/>\n<meta property=\"og:title\" content=\"Cordeiro \u00e0 Moda de Mon\u00e7\u00e3o est\u00e1 de regresso \u00e0 mesa\" \/>\n<meta property=\"og:description\" content=\"O Cordeiro \u00e0 Moda de Mon\u00e7\u00e3o regressa \u00e0 mesa nos primeiros dias de outono, dias 5, 6, 12 e 13 de outubro, propondo um &quot;agasalho culin\u00e1rio com tradi\u00e7\u00e3o e requinte&quot;, revelou hoje o munic\u00edpio local.\" \/>\n<meta property=\"og:url\" content=\"https:\/\/www.altominho.tv\/site\/2024\/10\/02\/cordeiro-a-moda-de-moncao-esta-de-regresso-a-mesa\/\" \/>\n<meta property=\"og:site_name\" content=\"Altominho.tv\" \/>\n<meta property=\"article:publisher\" content=\"https:\/\/www.facebook.com\/altominhotv\" \/>\n<meta property=\"article:published_time\" content=\"2024-10-02T14:40:22+00:00\" \/>\n<meta property=\"article:modified_time\" content=\"2024-10-02T14:43:08+00:00\" \/>\n<meta property=\"og:image\" content=\"https:\/\/www.altominho.tv\/site\/wp-content\/uploads\/2024\/10\/cordeiro-moncao.jpg\" \/>\n\t<meta property=\"og:image:width\" content=\"2000\" \/>\n\t<meta property=\"og:image:height\" content=\"1125\" \/>\n\t<meta property=\"og:image:type\" content=\"image\/jpeg\" \/>\n<meta name=\"author\" content=\"Altominho.tv\" \/>\n<meta name=\"twitter:card\" content=\"summary_large_image\" \/>\n<meta name=\"twitter:creator\" content=\"@altominhoTV\" \/>\n<meta name=\"twitter:site\" content=\"@altominhoTV\" \/>\n<meta name=\"twitter:label1\" content=\"Escrito por\" \/>\n\t<meta name=\"twitter:data1\" content=\"Altominho.tv\" \/>\n\t<meta name=\"twitter:label2\" content=\"Tempo estimado de leitura\" \/>\n\t<meta name=\"twitter:data2\" content=\"2 minutos\" \/>\n<script type=\"application\/ld+json\" class=\"yoast-schema-graph\">{\"@context\":\"https:\\\/\\\/schema.org\",\"@graph\":[{\"@type\":\"Article\",\"@id\":\"https:\\\/\\\/www.altominho.tv\\\/site\\\/2024\\\/10\\\/02\\\/cordeiro-a-moda-de-moncao-esta-de-regresso-a-mesa\\\/#article\",\"isPartOf\":{\"@id\":\"https:\\\/\\\/www.altominho.tv\\\/site\\\/2024\\\/10\\\/02\\\/cordeiro-a-moda-de-moncao-esta-de-regresso-a-mesa\\\/\"},\"author\":{\"name\":\"Altominho.tv\",\"@id\":\"https:\\\/\\\/www.altominho.tv\\\/site\\\/#\\\/schema\\\/person\\\/4e536851627d7914baf3dac752b6af22\"},\"headline\":\"Cordeiro \u00e0 Moda de Mon\u00e7\u00e3o est\u00e1 de regresso \u00e0 mesa\",\"datePublished\":\"2024-10-02T14:40:22+00:00\",\"dateModified\":\"2024-10-02T14:43:08+00:00\",\"mainEntityOfPage\":{\"@id\":\"https:\\\/\\\/www.altominho.tv\\\/site\\\/2024\\\/10\\\/02\\\/cordeiro-a-moda-de-moncao-esta-de-regresso-a-mesa\\\/\"},\"wordCount\":191,\"image\":{\"@id\":\"https:\\\/\\\/www.altominho.tv\\\/site\\\/2024\\\/10\\\/02\\\/cordeiro-a-moda-de-moncao-esta-de-regresso-a-mesa\\\/#primaryimage\"},\"thumbnailUrl\":\"https:\\\/\\\/www.altominho.tv\\\/site\\\/wp-content\\\/uploads\\\/2024\\\/10\\\/cordeiro-moncao.jpg\",\"keywords\":[\"Gastronomia\"],\"articleSection\":[\"Mon\u00e7\u00e3o\"],\"inLanguage\":\"pt-PT\",\"copyrightYear\":\"2024\",\"copyrightHolder\":{\"@id\":\"https:\\\/\\\/www.altominho.tv\\\/site\\\/#organization\"}},{\"@type\":\"WebPage\",\"@id\":\"https:\\\/\\\/www.altominho.tv\\\/site\\\/2024\\\/10\\\/02\\\/cordeiro-a-moda-de-moncao-esta-de-regresso-a-mesa\\\/\",\"url\":\"https:\\\/\\\/www.altominho.tv\\\/site\\\/2024\\\/10\\\/02\\\/cordeiro-a-moda-de-moncao-esta-de-regresso-a-mesa\\\/\",\"name\":\"Cordeiro \u00e0 Moda de Mon\u00e7\u00e3o est\u00e1 de regresso \u00e0 mesa\",\"isPartOf\":{\"@id\":\"https:\\\/\\\/www.altominho.tv\\\/site\\\/#website\"},\"primaryImageOfPage\":{\"@id\":\"https:\\\/\\\/www.altominho.tv\\\/site\\\/2024\\\/10\\\/02\\\/cordeiro-a-moda-de-moncao-esta-de-regresso-a-mesa\\\/#primaryimage\"},\"image\":{\"@id\":\"https:\\\/\\\/www.altominho.tv\\\/site\\\/2024\\\/10\\\/02\\\/cordeiro-a-moda-de-moncao-esta-de-regresso-a-mesa\\\/#primaryimage\"},\"thumbnailUrl\":\"https:\\\/\\\/www.altominho.tv\\\/site\\\/wp-content\\\/uploads\\\/2024\\\/10\\\/cordeiro-moncao.jpg\",\"datePublished\":\"2024-10-02T14:40:22+00:00\",\"dateModified\":\"2024-10-02T14:43:08+00:00\",\"author\":{\"@id\":\"https:\\\/\\\/www.altominho.tv\\\/site\\\/#\\\/schema\\\/person\\\/4e536851627d7914baf3dac752b6af22\"},\"description\":\"O Cordeiro \u00e0 Moda de Mon\u00e7\u00e3o regressa \u00e0 mesa nos primeiros dias de outono, dias 5, 6, 12 e 13 de outubro, propondo um \\\"agasalho culin\u00e1rio com tradi\u00e7\u00e3o e requinte\\\", revelou hoje o munic\u00edpio local.\",\"breadcrumb\":{\"@id\":\"https:\\\/\\\/www.altominho.tv\\\/site\\\/2024\\\/10\\\/02\\\/cordeiro-a-moda-de-moncao-esta-de-regresso-a-mesa\\\/#breadcrumb\"},\"inLanguage\":\"pt-PT\",\"potentialAction\":[{\"@type\":\"ReadAction\",\"target\":[\"https:\\\/\\\/www.altominho.tv\\\/site\\\/2024\\\/10\\\/02\\\/cordeiro-a-moda-de-moncao-esta-de-regresso-a-mesa\\\/\"]}]},{\"@type\":\"ImageObject\",\"inLanguage\":\"pt-PT\",\"@id\":\"https:\\\/\\\/www.altominho.tv\\\/site\\\/2024\\\/10\\\/02\\\/cordeiro-a-moda-de-moncao-esta-de-regresso-a-mesa\\\/#primaryimage\",\"url\":\"https:\\\/\\\/www.altominho.tv\\\/site\\\/wp-content\\\/uploads\\\/2024\\\/10\\\/cordeiro-moncao.jpg\",\"contentUrl\":\"https:\\\/\\\/www.altominho.tv\\\/site\\\/wp-content\\\/uploads\\\/2024\\\/10\\\/cordeiro-moncao.jpg\",\"width\":2000,\"height\":1125},{\"@type\":\"BreadcrumbList\",\"@id\":\"https:\\\/\\\/www.altominho.tv\\\/site\\\/2024\\\/10\\\/02\\\/cordeiro-a-moda-de-moncao-esta-de-regresso-a-mesa\\\/#breadcrumb\",\"itemListElement\":[{\"@type\":\"ListItem\",\"position\":1,\"name\":\"In\u00edcio\",\"item\":\"https:\\\/\\\/www.altominho.tv\\\/site\\\/\"},{\"@type\":\"ListItem\",\"position\":2,\"name\":\"Cordeiro \u00e0 Moda de Mon\u00e7\u00e3o est\u00e1 de regresso \u00e0 mesa\"}]},{\"@type\":\"WebSite\",\"@id\":\"https:\\\/\\\/www.altominho.tv\\\/site\\\/#website\",\"url\":\"https:\\\/\\\/www.altominho.tv\\\/site\\\/\",\"name\":\"Altominho.tv\",\"description\":\"A sua regi\u00e3o \u00e0 dist\u00e2ncia de um clique...\",\"potentialAction\":[{\"@type\":\"SearchAction\",\"target\":{\"@type\":\"EntryPoint\",\"urlTemplate\":\"https:\\\/\\\/www.altominho.tv\\\/site\\\/?s={search_term_string}\"},\"query-input\":{\"@type\":\"PropertyValueSpecification\",\"valueRequired\":true,\"valueName\":\"search_term_string\"}}],\"inLanguage\":\"pt-PT\"},{\"@type\":\"Person\",\"@id\":\"https:\\\/\\\/www.altominho.tv\\\/site\\\/#\\\/schema\\\/person\\\/4e536851627d7914baf3dac752b6af22\",\"name\":\"Altominho.tv\",\"image\":{\"@type\":\"ImageObject\",\"inLanguage\":\"pt-PT\",\"@id\":\"https:\\\/\\\/www.altominho.tv\\\/site\\\/wp-content\\\/uploads\\\/2019\\\/11\\\/Logo_Avatar_2-150x150.jpg\",\"url\":\"https:\\\/\\\/www.altominho.tv\\\/site\\\/wp-content\\\/uploads\\\/2019\\\/11\\\/Logo_Avatar_2-150x150.jpg\",\"contentUrl\":\"https:\\\/\\\/www.altominho.tv\\\/site\\\/wp-content\\\/uploads\\\/2019\\\/11\\\/Logo_Avatar_2-150x150.jpg\",\"caption\":\"Altominho.tv\"},\"url\":\"https:\\\/\\\/www.altominho.tv\\\/site\\\/author\\\/altominhotv-tecnico\\\/\"}]}<\/script>\n<!-- \/ Yoast SEO Premium plugin. -->","yoast_head_json":{"title":"Cordeiro \u00e0 Moda de Mon\u00e7\u00e3o est\u00e1 de regresso \u00e0 mesa","description":"O Cordeiro \u00e0 Moda de Mon\u00e7\u00e3o regressa \u00e0 mesa nos primeiros dias de outono, dias 5, 6, 12 e 13 de outubro, propondo um \"agasalho culin\u00e1rio com tradi\u00e7\u00e3o e requinte\", revelou hoje o munic\u00edpio local.","robots":{"index":"index","follow":"follow","max-snippet":"max-snippet:-1","max-image-preview":"max-image-preview:large","max-video-preview":"max-video-preview:-1"},"canonical":"https:\/\/www.altominho.tv\/site\/2024\/10\/02\/cordeiro-a-moda-de-moncao-esta-de-regresso-a-mesa\/","og_locale":"pt_PT","og_type":"article","og_title":"Cordeiro \u00e0 Moda de Mon\u00e7\u00e3o est\u00e1 de regresso \u00e0 mesa","og_description":"O Cordeiro \u00e0 Moda de Mon\u00e7\u00e3o regressa \u00e0 mesa nos primeiros dias de outono, dias 5, 6, 12 e 13 de outubro, propondo um \"agasalho culin\u00e1rio com tradi\u00e7\u00e3o e requinte\", revelou hoje o munic\u00edpio local.","og_url":"https:\/\/www.altominho.tv\/site\/2024\/10\/02\/cordeiro-a-moda-de-moncao-esta-de-regresso-a-mesa\/","og_site_name":"Altominho.tv","article_publisher":"https:\/\/www.facebook.com\/altominhotv","article_published_time":"2024-10-02T14:40:22+00:00","article_modified_time":"2024-10-02T14:43:08+00:00","og_image":[{"width":2000,"height":1125,"url":"https:\/\/www.altominho.tv\/site\/wp-content\/uploads\/2024\/10\/cordeiro-moncao.jpg","type":"image\/jpeg"}],"author":"Altominho.tv","twitter_card":"summary_large_image","twitter_creator":"@altominhoTV","twitter_site":"@altominhoTV","twitter_misc":{"Escrito por":"Altominho.tv","Tempo estimado de leitura":"2 minutos"},"schema":{"@context":"https:\/\/schema.org","@graph":[{"@type":"Article","@id":"https:\/\/www.altominho.tv\/site\/2024\/10\/02\/cordeiro-a-moda-de-moncao-esta-de-regresso-a-mesa\/#article","isPartOf":{"@id":"https:\/\/www.altominho.tv\/site\/2024\/10\/02\/cordeiro-a-moda-de-moncao-esta-de-regresso-a-mesa\/"},"author":{"name":"Altominho.tv","@id":"https:\/\/www.altominho.tv\/site\/#\/schema\/person\/4e536851627d7914baf3dac752b6af22"},"headline":"Cordeiro \u00e0 Moda de Mon\u00e7\u00e3o est\u00e1 de regresso \u00e0 mesa","datePublished":"2024-10-02T14:40:22+00:00","dateModified":"2024-10-02T14:43:08+00:00","mainEntityOfPage":{"@id":"https:\/\/www.altominho.tv\/site\/2024\/10\/02\/cordeiro-a-moda-de-moncao-esta-de-regresso-a-mesa\/"},"wordCount":191,"image":{"@id":"https:\/\/www.altominho.tv\/site\/2024\/10\/02\/cordeiro-a-moda-de-moncao-esta-de-regresso-a-mesa\/#primaryimage"},"thumbnailUrl":"https:\/\/www.altominho.tv\/site\/wp-content\/uploads\/2024\/10\/cordeiro-moncao.jpg","keywords":["Gastronomia"],"articleSection":["Mon\u00e7\u00e3o"],"inLanguage":"pt-PT","copyrightYear":"2024","copyrightHolder":{"@id":"https:\/\/www.altominho.tv\/site\/#organization"}},{"@type":"WebPage","@id":"https:\/\/www.altominho.tv\/site\/2024\/10\/02\/cordeiro-a-moda-de-moncao-esta-de-regresso-a-mesa\/","url":"https:\/\/www.altominho.tv\/site\/2024\/10\/02\/cordeiro-a-moda-de-moncao-esta-de-regresso-a-mesa\/","name":"Cordeiro \u00e0 Moda de Mon\u00e7\u00e3o est\u00e1 de regresso \u00e0 mesa","isPartOf":{"@id":"https:\/\/www.altominho.tv\/site\/#website"},"primaryImageOfPage":{"@id":"https:\/\/www.altominho.tv\/site\/2024\/10\/02\/cordeiro-a-moda-de-moncao-esta-de-regresso-a-mesa\/#primaryimage"},"image":{"@id":"https:\/\/www.altominho.tv\/site\/2024\/10\/02\/cordeiro-a-moda-de-moncao-esta-de-regresso-a-mesa\/#primaryimage"},"thumbnailUrl":"https:\/\/www.altominho.tv\/site\/wp-content\/uploads\/2024\/10\/cordeiro-moncao.jpg","datePublished":"2024-10-02T14:40:22+00:00","dateModified":"2024-10-02T14:43:08+00:00","author":{"@id":"https:\/\/www.altominho.tv\/site\/#\/schema\/person\/4e536851627d7914baf3dac752b6af22"},"description":"O Cordeiro \u00e0 Moda de Mon\u00e7\u00e3o regressa \u00e0 mesa nos primeiros dias de outono, dias 5, 6, 12 e 13 de outubro, propondo um \"agasalho culin\u00e1rio com tradi\u00e7\u00e3o e requinte\", revelou hoje o munic\u00edpio local.","breadcrumb":{"@id":"https:\/\/www.altominho.tv\/site\/2024\/10\/02\/cordeiro-a-moda-de-moncao-esta-de-regresso-a-mesa\/#breadcrumb"},"inLanguage":"pt-PT","potentialAction":[{"@type":"ReadAction","target":["https:\/\/www.altominho.tv\/site\/2024\/10\/02\/cordeiro-a-moda-de-moncao-esta-de-regresso-a-mesa\/"]}]},{"@type":"ImageObject","inLanguage":"pt-PT","@id":"https:\/\/www.altominho.tv\/site\/2024\/10\/02\/cordeiro-a-moda-de-moncao-esta-de-regresso-a-mesa\/#primaryimage","url":"https:\/\/www.altominho.tv\/site\/wp-content\/uploads\/2024\/10\/cordeiro-moncao.jpg","contentUrl":"https:\/\/www.altominho.tv\/site\/wp-content\/uploads\/2024\/10\/cordeiro-moncao.jpg","width":2000,"height":1125},{"@type":"BreadcrumbList","@id":"https:\/\/www.altominho.tv\/site\/2024\/10\/02\/cordeiro-a-moda-de-moncao-esta-de-regresso-a-mesa\/#breadcrumb","itemListElement":[{"@type":"ListItem","position":1,"name":"In\u00edcio","item":"https:\/\/www.altominho.tv\/site\/"},{"@type":"ListItem","position":2,"name":"Cordeiro \u00e0 Moda de Mon\u00e7\u00e3o est\u00e1 de regresso \u00e0 mesa"}]},{"@type":"WebSite","@id":"https:\/\/www.altominho.tv\/site\/#website","url":"https:\/\/www.altominho.tv\/site\/","name":"Altominho.tv","description":"A sua regi\u00e3o \u00e0 dist\u00e2ncia de um clique...","potentialAction":[{"@type":"SearchAction","target":{"@type":"EntryPoint","urlTemplate":"https:\/\/www.altominho.tv\/site\/?s={search_term_string}"},"query-input":{"@type":"PropertyValueSpecification","valueRequired":true,"valueName":"search_term_string"}}],"inLanguage":"pt-PT"},{"@type":"Person","@id":"https:\/\/www.altominho.tv\/site\/#\/schema\/person\/4e536851627d7914baf3dac752b6af22","name":"Altominho.tv","image":{"@type":"ImageObject","inLanguage":"pt-PT","@id":"https:\/\/www.altominho.tv\/site\/wp-content\/uploads\/2019\/11\/Logo_Avatar_2-150x150.jpg","url":"https:\/\/www.altominho.tv\/site\/wp-content\/uploads\/2019\/11\/Logo_Avatar_2-150x150.jpg","contentUrl":"https:\/\/www.altominho.tv\/site\/wp-content\/uploads\/2019\/11\/Logo_Avatar_2-150x150.jpg","caption":"Altominho.tv"},"url":"https:\/\/www.altominho.tv\/site\/author\/altominhotv-tecnico\/"}]}},"_links":{"self":[{"href":"https:\/\/www.altominho.tv\/site\/wp-json\/wp\/v2\/posts\/111048","targetHints":{"allow":["GET"]}}],"collection":[{"href":"https:\/\/www.altominho.tv\/site\/wp-json\/wp\/v2\/posts"}],"about":[{"href":"https:\/\/www.altominho.tv\/site\/wp-json\/wp\/v2\/types\/post"}],"author":[{"embeddable":true,"href":"https:\/\/www.altominho.tv\/site\/wp-json\/wp\/v2\/users\/1"}],"replies":[{"embeddable":true,"href":"https:\/\/www.altominho.tv\/site\/wp-json\/wp\/v2\/comments?post=111048"}],"version-history":[{"count":1,"href":"https:\/\/www.altominho.tv\/site\/wp-json\/wp\/v2\/posts\/111048\/revisions"}],"predecessor-version":[{"id":111051,"href":"https:\/\/www.altominho.tv\/site\/wp-json\/wp\/v2\/posts\/111048\/revisions\/111051"}],"wp:featuredmedia":[{"embeddable":true,"href":"https:\/\/www.altominho.tv\/site\/wp-json\/wp\/v2\/media\/111052"}],"wp:attachment":[{"href":"https:\/\/www.altominho.tv\/site\/wp-json\/wp\/v2\/media?parent=111048"}],"wp:term":[{"taxonomy":"category","embeddable":true,"href":"https:\/\/www.altominho.tv\/site\/wp-json\/wp\/v2\/categories?post=111048"},{"taxonomy":"post_tag","embeddable":true,"href":"https:\/\/www.altominho.tv\/site\/wp-json\/wp\/v2\/tags?post=111048"}],"curies":[{"name":"wp","href":"https:\/\/api.w.org\/{rel}","templated":true}]}}