{"id":111013,"date":"2024-10-02T11:08:15","date_gmt":"2024-10-02T10:08:15","guid":{"rendered":"https:\/\/www.altominho.tv\/site\/?p=111013"},"modified":"2024-10-02T11:08:17","modified_gmt":"2024-10-02T10:08:17","slug":"ps-quer-governo-a-retomar-reconfiguracao-do-portinho-de-vila-praia-de-ancora","status":"publish","type":"post","link":"https:\/\/www.altominho.tv\/site\/2024\/10\/02\/ps-quer-governo-a-retomar-reconfiguracao-do-portinho-de-vila-praia-de-ancora\/","title":{"rendered":"PS quer Governo a retomar reconfigura\u00e7\u00e3o do portinho de Vila Praia de \u00c2ncora"},"content":{"rendered":"\n<p>O grupo parlamentar socialista na Assembleia da Rep\u00fablica recomendou ao Governo que avance com as dragagens necess\u00e1rias para a navegabilidade do porto de Vila Praia de \u00c2ncora, Caminha, e retome o processo de reconfigura\u00e7\u00e3o, com conclus\u00e3o prevista para 2026.<\/p>\n\n\n\n<p>Numa nota de imprensa divulgada hoje, os socialistas\u00a0 explicam que o projeto de resolu\u00e7\u00e3o pretende que o Governo \u201cretome o processo iniciado de reconfigura\u00e7\u00e3o do porto de mar de Vila Praia de \u00c2ncora, nomeadamente com in\u00edcio do Estudo de Impacto Ambiental no ano de 2024\u201d.<\/p>\n\n\n\n<p>O PS pretende, ainda, que o Governo \u201cdefina o calend\u00e1rio para as pr\u00f3ximas fases e aprove o respetivo financiamento plurianual de toda opera\u00e7\u00e3o\u201d da infraestrutura do distrito de Viana do Castelo.<\/p>\n\n\n\n<p>No documento, a que a Lusa teve acesso, o grupo parlamentar socialista espera ainda que o executivo de Lu\u00eds Montenegro \u201cgaranta, com urg\u00eancia, a concretiza\u00e7\u00e3o das dragagens no porto de mar de Vila Praia de \u00c2ncora\u201d, de acordo com uma Resolu\u00e7\u00e3o do Conselho de Ministros de mar\u00e7o de 2024.<\/p>\n\n\n\n<p>O PS diz mesmo ser \u201cfundamental que o Governo antecipe o calend\u00e1rio recentemente anunciado, que adia para o segundo trimestre de 2025 a dragagem desde porto, n\u00e3o garantindo assim, at\u00e9 l\u00e1, as necess\u00e1rias condi\u00e7\u00f5es de navegabilidade e, mais grave ainda, a seguran\u00e7a da comunidade piscat\u00f3ria.\u201d\u00a0<\/p>\n\n\n\n<p>\u201cA problem\u00e1tica que envolve o Portinho n\u00e3o \u00e9 nova e, ao longo de muitos anos, a regi\u00e3o, o concelho e a comunidade piscat\u00f3ria t\u00eam vindo a reclamar, com toda a justi\u00e7a, uma solu\u00e7\u00e3o estrutural que permita proteger os pescadores e, com isso, fomentar um setor fundamental da economia local\u201d, refere os socialistas.\u00a0<\/p>\n\n\n\n<p>Esta solu\u00e7\u00e3o, dizem, \u201cdificilmente passar\u00e1 por outro cen\u00e1rio que n\u00e3o seja o da reconfigura\u00e7\u00e3o do atual porto de mar, com vista a melhorar a seguran\u00e7a da navega\u00e7\u00e3o e operacionalidade, reduzir o esfor\u00e7o de dragagem e melhorar a competitividade portu\u00e1ria e ribeirinha\u201d.<\/p>\n\n\n\n<p>\u201cFoi precisamente esse o compromisso que, em 2021, o Governo assumiu: apresentar um Estudo de Reconfigura\u00e7\u00e3o, feito em di\u00e1logo permanente com o munic\u00edpio e com os pescadores da regi\u00e3o, e que culminou com a entrega, no in\u00edcio deste ano, de uma maquete, com a devida previs\u00e3o dos passos seguintes, calendarizados at\u00e9 2026, num investimento que rondaria os 15 milh\u00f5es de euros\u201d, resumem.<\/p>\n\n\n\n<p>O PS lembra que \u201cat\u00e9 l\u00e1, o compromisso assumido e concretizado foi o de realizar dragagens que, at\u00e9 existir uma solu\u00e7\u00e3o definitiva, garantem a navegabilidade no porto de mar e, sobretudo, a seguran\u00e7a de toda a comunidade piscat\u00f3ria\u201d.\u00a0<\/p>\n\n\n\n<p>\u201cApesar deste aparente consenso, com a nova legislatura s\u00e3o muitos os epis\u00f3dios pol\u00edticos conhecidos, mas poucos os compromissos assumidos\u201d, lamentam.<br>O PS defende que a comunidade piscat\u00f3ria \u201cn\u00e3o merece not\u00edcias enviesadas ou discuss\u00f5es pol\u00edticas secund\u00e1rias\u201d.<\/p>\n\n\n\n<p>\u201cMerece, sim, uma posi\u00e7\u00e3o comum no sentido de encontrar uma solu\u00e7\u00e3o, reassumindo compromissos e n\u00e3o empurrando para a frente calend\u00e1rios, financiamento e garantias com a popula\u00e7\u00e3o\u201d, afirma o partido.<\/p>\n\n\n\n<p>Num assunto que \u201ctranscende diverg\u00eancias pol\u00edticas\u201d, o PS espera que \u201cseja refor\u00e7ada junto do Governo a prem\u00eancia e urg\u00eancia da interven\u00e7\u00e3o no portinho de Vila Praia de \u00c2ncora, seja a interven\u00e7\u00e3o conjuntural, seja a interven\u00e7\u00e3o estrutural\u201d.<\/p>\n\n\n\n<p>A 17 de julho, a secret\u00e1ria de Estado das Pescas explicou que o Governo vai voltar a analisar o processo e avaliar a viabilidade de o Estudo de Impacto Ambiental ser submetido a uma nova candidatura para financiamento.<\/p>\n\n\n\n<p>\u201cAquilo que foi anunciado, de em 2026 haver um projeto com algum avan\u00e7o, fica de alguma forma comprometido, porque estamos na estaca zero. Temos de olhar para o projeto de raiz\u201d, afirmou Cl\u00e1udia Monteiro de Aguiar.<\/p>\n\n\n\n<p>Em dezembro, a ent\u00e3o secret\u00e1ria de Estado das Pescas, Teresa Coelho, indicou que a requalifica\u00e7\u00e3o do portinho de pesca de Vila Praia de \u00c2ncora passava pela constru\u00e7\u00e3o de um anteporto que deve estar conclu\u00eddo entre 2026 e 2030 e custar pelo menos 15 milh\u00f5es de euros.<\/p>\n","protected":false},"excerpt":{"rendered":"<p>O grupo parlamentar socialista na Assembleia da Rep\u00fablica recomendou ao Governo que avance com as dragagens necess\u00e1rias para a navegabilidade do porto de Vila Praia de \u00c2ncora, Caminha, e retome o processo de reconfigura\u00e7\u00e3o, com conclus\u00e3o prevista para 2026. Numa nota de imprensa divulgada hoje, os socialistas\u00a0 explicam que o projeto de resolu\u00e7\u00e3o pretende que [&hellip;]<\/p>\n","protected":false},"author":13,"featured_media":111016,"comment_status":"closed","ping_status":"closed","sticky":false,"template":"","format":"standard","meta":{"_exactmetrics_skip_tracking":false,"_exactmetrics_sitenote_active":false,"_exactmetrics_sitenote_note":"","_exactmetrics_sitenote_category":0,"footnotes":""},"categories":[7],"tags":[27],"class_list":["post-111013","post","type-post","status-publish","format-standard","has-post-thumbnail","hentry","category-caminha","tag-sociedade"],"yoast_head":"<!-- This site is optimized with the Yoast SEO Premium plugin v27.5 (Yoast SEO v27.5) - https:\/\/yoast.com\/product\/yoast-seo-premium-wordpress\/ -->\n<title>PS quer Governo a retomar reconfigura\u00e7\u00e3o do portinho de Vila Praia de \u00c2ncora<\/title>\n<meta name=\"robots\" content=\"index, follow, max-snippet:-1, max-image-preview:large, max-video-preview:-1\" \/>\n<link rel=\"canonical\" href=\"https:\/\/www.altominho.tv\/site\/2024\/10\/02\/ps-quer-governo-a-retomar-reconfiguracao-do-portinho-de-vila-praia-de-ancora\/\" \/>\n<meta property=\"og:locale\" content=\"pt_PT\" \/>\n<meta property=\"og:type\" content=\"article\" \/>\n<meta property=\"og:title\" content=\"PS quer Governo a retomar reconfigura\u00e7\u00e3o do portinho de Vila Praia de \u00c2ncora\" \/>\n<meta property=\"og:description\" content=\"O grupo parlamentar socialista na Assembleia da Rep\u00fablica recomendou ao Governo que avance com as dragagens necess\u00e1rias para a navegabilidade do porto de Vila Praia de \u00c2ncora, Caminha, e retome o processo de reconfigura\u00e7\u00e3o, com conclus\u00e3o prevista para 2026. Numa nota de imprensa divulgada hoje, os socialistas\u00a0 explicam que o projeto de resolu\u00e7\u00e3o pretende que [&hellip;]\" \/>\n<meta property=\"og:url\" content=\"https:\/\/www.altominho.tv\/site\/2024\/10\/02\/ps-quer-governo-a-retomar-reconfiguracao-do-portinho-de-vila-praia-de-ancora\/\" \/>\n<meta property=\"og:site_name\" content=\"Altominho.tv\" \/>\n<meta property=\"article:publisher\" content=\"https:\/\/www.facebook.com\/altominhotv\" \/>\n<meta property=\"article:published_time\" content=\"2024-10-02T10:08:15+00:00\" \/>\n<meta property=\"article:modified_time\" content=\"2024-10-02T10:08:17+00:00\" \/>\n<meta property=\"og:image\" content=\"https:\/\/www.altominho.tv\/site\/wp-content\/uploads\/2024\/10\/maxresdefault.jpg\" \/>\n\t<meta property=\"og:image:width\" content=\"1280\" \/>\n\t<meta property=\"og:image:height\" content=\"720\" \/>\n\t<meta property=\"og:image:type\" content=\"image\/jpeg\" \/>\n<meta name=\"author\" content=\"Lusa\" \/>\n<meta name=\"twitter:card\" content=\"summary_large_image\" \/>\n<meta name=\"twitter:creator\" content=\"@altominhoTV\" \/>\n<meta name=\"twitter:site\" content=\"@altominhoTV\" \/>\n<meta name=\"twitter:label1\" content=\"Escrito por\" \/>\n\t<meta name=\"twitter:data1\" content=\"Lusa\" \/>\n\t<meta name=\"twitter:label2\" content=\"Tempo estimado de leitura\" \/>\n\t<meta name=\"twitter:data2\" content=\"4 minutos\" \/>\n<script type=\"application\/ld+json\" class=\"yoast-schema-graph\">{\"@context\":\"https:\\\/\\\/schema.org\",\"@graph\":[{\"@type\":\"Article\",\"@id\":\"https:\\\/\\\/www.altominho.tv\\\/site\\\/2024\\\/10\\\/02\\\/ps-quer-governo-a-retomar-reconfiguracao-do-portinho-de-vila-praia-de-ancora\\\/#article\",\"isPartOf\":{\"@id\":\"https:\\\/\\\/www.altominho.tv\\\/site\\\/2024\\\/10\\\/02\\\/ps-quer-governo-a-retomar-reconfiguracao-do-portinho-de-vila-praia-de-ancora\\\/\"},\"author\":{\"name\":\"Lusa\",\"@id\":\"https:\\\/\\\/www.altominho.tv\\\/site\\\/#\\\/schema\\\/person\\\/63f693da3e1899361cbe955c46f3232e\"},\"headline\":\"PS quer Governo a retomar reconfigura\u00e7\u00e3o do portinho de Vila Praia de \u00c2ncora\",\"datePublished\":\"2024-10-02T10:08:15+00:00\",\"dateModified\":\"2024-10-02T10:08:17+00:00\",\"mainEntityOfPage\":{\"@id\":\"https:\\\/\\\/www.altominho.tv\\\/site\\\/2024\\\/10\\\/02\\\/ps-quer-governo-a-retomar-reconfiguracao-do-portinho-de-vila-praia-de-ancora\\\/\"},\"wordCount\":700,\"image\":{\"@id\":\"https:\\\/\\\/www.altominho.tv\\\/site\\\/2024\\\/10\\\/02\\\/ps-quer-governo-a-retomar-reconfiguracao-do-portinho-de-vila-praia-de-ancora\\\/#primaryimage\"},\"thumbnailUrl\":\"https:\\\/\\\/www.altominho.tv\\\/site\\\/wp-content\\\/uploads\\\/2024\\\/10\\\/maxresdefault.jpg\",\"keywords\":[\"Sociedade\"],\"articleSection\":[\"Caminha\"],\"inLanguage\":\"pt-PT\",\"copyrightYear\":\"2024\",\"copyrightHolder\":{\"@id\":\"https:\\\/\\\/www.altominho.tv\\\/site\\\/#organization\"}},{\"@type\":\"WebPage\",\"@id\":\"https:\\\/\\\/www.altominho.tv\\\/site\\\/2024\\\/10\\\/02\\\/ps-quer-governo-a-retomar-reconfiguracao-do-portinho-de-vila-praia-de-ancora\\\/\",\"url\":\"https:\\\/\\\/www.altominho.tv\\\/site\\\/2024\\\/10\\\/02\\\/ps-quer-governo-a-retomar-reconfiguracao-do-portinho-de-vila-praia-de-ancora\\\/\",\"name\":\"PS quer Governo a retomar reconfigura\u00e7\u00e3o do portinho de Vila Praia de \u00c2ncora\",\"isPartOf\":{\"@id\":\"https:\\\/\\\/www.altominho.tv\\\/site\\\/#website\"},\"primaryImageOfPage\":{\"@id\":\"https:\\\/\\\/www.altominho.tv\\\/site\\\/2024\\\/10\\\/02\\\/ps-quer-governo-a-retomar-reconfiguracao-do-portinho-de-vila-praia-de-ancora\\\/#primaryimage\"},\"image\":{\"@id\":\"https:\\\/\\\/www.altominho.tv\\\/site\\\/2024\\\/10\\\/02\\\/ps-quer-governo-a-retomar-reconfiguracao-do-portinho-de-vila-praia-de-ancora\\\/#primaryimage\"},\"thumbnailUrl\":\"https:\\\/\\\/www.altominho.tv\\\/site\\\/wp-content\\\/uploads\\\/2024\\\/10\\\/maxresdefault.jpg\",\"datePublished\":\"2024-10-02T10:08:15+00:00\",\"dateModified\":\"2024-10-02T10:08:17+00:00\",\"author\":{\"@id\":\"https:\\\/\\\/www.altominho.tv\\\/site\\\/#\\\/schema\\\/person\\\/63f693da3e1899361cbe955c46f3232e\"},\"breadcrumb\":{\"@id\":\"https:\\\/\\\/www.altominho.tv\\\/site\\\/2024\\\/10\\\/02\\\/ps-quer-governo-a-retomar-reconfiguracao-do-portinho-de-vila-praia-de-ancora\\\/#breadcrumb\"},\"inLanguage\":\"pt-PT\",\"potentialAction\":[{\"@type\":\"ReadAction\",\"target\":[\"https:\\\/\\\/www.altominho.tv\\\/site\\\/2024\\\/10\\\/02\\\/ps-quer-governo-a-retomar-reconfiguracao-do-portinho-de-vila-praia-de-ancora\\\/\"]}]},{\"@type\":\"ImageObject\",\"inLanguage\":\"pt-PT\",\"@id\":\"https:\\\/\\\/www.altominho.tv\\\/site\\\/2024\\\/10\\\/02\\\/ps-quer-governo-a-retomar-reconfiguracao-do-portinho-de-vila-praia-de-ancora\\\/#primaryimage\",\"url\":\"https:\\\/\\\/www.altominho.tv\\\/site\\\/wp-content\\\/uploads\\\/2024\\\/10\\\/maxresdefault.jpg\",\"contentUrl\":\"https:\\\/\\\/www.altominho.tv\\\/site\\\/wp-content\\\/uploads\\\/2024\\\/10\\\/maxresdefault.jpg\",\"width\":1280,\"height\":720},{\"@type\":\"BreadcrumbList\",\"@id\":\"https:\\\/\\\/www.altominho.tv\\\/site\\\/2024\\\/10\\\/02\\\/ps-quer-governo-a-retomar-reconfiguracao-do-portinho-de-vila-praia-de-ancora\\\/#breadcrumb\",\"itemListElement\":[{\"@type\":\"ListItem\",\"position\":1,\"name\":\"In\u00edcio\",\"item\":\"https:\\\/\\\/www.altominho.tv\\\/site\\\/\"},{\"@type\":\"ListItem\",\"position\":2,\"name\":\"PS quer Governo a retomar reconfigura\u00e7\u00e3o do portinho de Vila Praia de \u00c2ncora\"}]},{\"@type\":\"WebSite\",\"@id\":\"https:\\\/\\\/www.altominho.tv\\\/site\\\/#website\",\"url\":\"https:\\\/\\\/www.altominho.tv\\\/site\\\/\",\"name\":\"Altominho.tv\",\"description\":\"A sua regi\u00e3o \u00e0 dist\u00e2ncia de um clique...\",\"potentialAction\":[{\"@type\":\"SearchAction\",\"target\":{\"@type\":\"EntryPoint\",\"urlTemplate\":\"https:\\\/\\\/www.altominho.tv\\\/site\\\/?s={search_term_string}\"},\"query-input\":{\"@type\":\"PropertyValueSpecification\",\"valueRequired\":true,\"valueName\":\"search_term_string\"}}],\"inLanguage\":\"pt-PT\"},{\"@type\":\"Person\",\"@id\":\"https:\\\/\\\/www.altominho.tv\\\/site\\\/#\\\/schema\\\/person\\\/63f693da3e1899361cbe955c46f3232e\",\"name\":\"Lusa\",\"image\":{\"@type\":\"ImageObject\",\"inLanguage\":\"pt-PT\",\"@id\":\"https:\\\/\\\/www.altominho.tv\\\/site\\\/wp-content\\\/uploads\\\/2019\\\/08\\\/LUSA_Logo.gif\",\"url\":\"https:\\\/\\\/www.altominho.tv\\\/site\\\/wp-content\\\/uploads\\\/2019\\\/08\\\/LUSA_Logo.gif\",\"contentUrl\":\"https:\\\/\\\/www.altominho.tv\\\/site\\\/wp-content\\\/uploads\\\/2019\\\/08\\\/LUSA_Logo.gif\",\"caption\":\"Lusa\"},\"sameAs\":[\"http:\\\/\\\/\\\/\\\/www.altominho.tv\\\/site\"],\"url\":\"https:\\\/\\\/www.altominho.tv\\\/site\\\/author\\\/lusa\\\/\"}]}<\/script>\n<!-- \/ Yoast SEO Premium plugin. -->","yoast_head_json":{"title":"PS quer Governo a retomar reconfigura\u00e7\u00e3o do portinho de Vila Praia de \u00c2ncora","robots":{"index":"index","follow":"follow","max-snippet":"max-snippet:-1","max-image-preview":"max-image-preview:large","max-video-preview":"max-video-preview:-1"},"canonical":"https:\/\/www.altominho.tv\/site\/2024\/10\/02\/ps-quer-governo-a-retomar-reconfiguracao-do-portinho-de-vila-praia-de-ancora\/","og_locale":"pt_PT","og_type":"article","og_title":"PS quer Governo a retomar reconfigura\u00e7\u00e3o do portinho de Vila Praia de \u00c2ncora","og_description":"O grupo parlamentar socialista na Assembleia da Rep\u00fablica recomendou ao Governo que avance com as dragagens necess\u00e1rias para a navegabilidade do porto de Vila Praia de \u00c2ncora, Caminha, e retome o processo de reconfigura\u00e7\u00e3o, com conclus\u00e3o prevista para 2026. Numa nota de imprensa divulgada hoje, os socialistas\u00a0 explicam que o projeto de resolu\u00e7\u00e3o pretende que [&hellip;]","og_url":"https:\/\/www.altominho.tv\/site\/2024\/10\/02\/ps-quer-governo-a-retomar-reconfiguracao-do-portinho-de-vila-praia-de-ancora\/","og_site_name":"Altominho.tv","article_publisher":"https:\/\/www.facebook.com\/altominhotv","article_published_time":"2024-10-02T10:08:15+00:00","article_modified_time":"2024-10-02T10:08:17+00:00","og_image":[{"width":1280,"height":720,"url":"https:\/\/www.altominho.tv\/site\/wp-content\/uploads\/2024\/10\/maxresdefault.jpg","type":"image\/jpeg"}],"author":"Lusa","twitter_card":"summary_large_image","twitter_creator":"@altominhoTV","twitter_site":"@altominhoTV","twitter_misc":{"Escrito por":"Lusa","Tempo estimado de leitura":"4 minutos"},"schema":{"@context":"https:\/\/schema.org","@graph":[{"@type":"Article","@id":"https:\/\/www.altominho.tv\/site\/2024\/10\/02\/ps-quer-governo-a-retomar-reconfiguracao-do-portinho-de-vila-praia-de-ancora\/#article","isPartOf":{"@id":"https:\/\/www.altominho.tv\/site\/2024\/10\/02\/ps-quer-governo-a-retomar-reconfiguracao-do-portinho-de-vila-praia-de-ancora\/"},"author":{"name":"Lusa","@id":"https:\/\/www.altominho.tv\/site\/#\/schema\/person\/63f693da3e1899361cbe955c46f3232e"},"headline":"PS quer Governo a retomar reconfigura\u00e7\u00e3o do portinho de Vila Praia de \u00c2ncora","datePublished":"2024-10-02T10:08:15+00:00","dateModified":"2024-10-02T10:08:17+00:00","mainEntityOfPage":{"@id":"https:\/\/www.altominho.tv\/site\/2024\/10\/02\/ps-quer-governo-a-retomar-reconfiguracao-do-portinho-de-vila-praia-de-ancora\/"},"wordCount":700,"image":{"@id":"https:\/\/www.altominho.tv\/site\/2024\/10\/02\/ps-quer-governo-a-retomar-reconfiguracao-do-portinho-de-vila-praia-de-ancora\/#primaryimage"},"thumbnailUrl":"https:\/\/www.altominho.tv\/site\/wp-content\/uploads\/2024\/10\/maxresdefault.jpg","keywords":["Sociedade"],"articleSection":["Caminha"],"inLanguage":"pt-PT","copyrightYear":"2024","copyrightHolder":{"@id":"https:\/\/www.altominho.tv\/site\/#organization"}},{"@type":"WebPage","@id":"https:\/\/www.altominho.tv\/site\/2024\/10\/02\/ps-quer-governo-a-retomar-reconfiguracao-do-portinho-de-vila-praia-de-ancora\/","url":"https:\/\/www.altominho.tv\/site\/2024\/10\/02\/ps-quer-governo-a-retomar-reconfiguracao-do-portinho-de-vila-praia-de-ancora\/","name":"PS quer Governo a retomar reconfigura\u00e7\u00e3o do portinho de Vila Praia de \u00c2ncora","isPartOf":{"@id":"https:\/\/www.altominho.tv\/site\/#website"},"primaryImageOfPage":{"@id":"https:\/\/www.altominho.tv\/site\/2024\/10\/02\/ps-quer-governo-a-retomar-reconfiguracao-do-portinho-de-vila-praia-de-ancora\/#primaryimage"},"image":{"@id":"https:\/\/www.altominho.tv\/site\/2024\/10\/02\/ps-quer-governo-a-retomar-reconfiguracao-do-portinho-de-vila-praia-de-ancora\/#primaryimage"},"thumbnailUrl":"https:\/\/www.altominho.tv\/site\/wp-content\/uploads\/2024\/10\/maxresdefault.jpg","datePublished":"2024-10-02T10:08:15+00:00","dateModified":"2024-10-02T10:08:17+00:00","author":{"@id":"https:\/\/www.altominho.tv\/site\/#\/schema\/person\/63f693da3e1899361cbe955c46f3232e"},"breadcrumb":{"@id":"https:\/\/www.altominho.tv\/site\/2024\/10\/02\/ps-quer-governo-a-retomar-reconfiguracao-do-portinho-de-vila-praia-de-ancora\/#breadcrumb"},"inLanguage":"pt-PT","potentialAction":[{"@type":"ReadAction","target":["https:\/\/www.altominho.tv\/site\/2024\/10\/02\/ps-quer-governo-a-retomar-reconfiguracao-do-portinho-de-vila-praia-de-ancora\/"]}]},{"@type":"ImageObject","inLanguage":"pt-PT","@id":"https:\/\/www.altominho.tv\/site\/2024\/10\/02\/ps-quer-governo-a-retomar-reconfiguracao-do-portinho-de-vila-praia-de-ancora\/#primaryimage","url":"https:\/\/www.altominho.tv\/site\/wp-content\/uploads\/2024\/10\/maxresdefault.jpg","contentUrl":"https:\/\/www.altominho.tv\/site\/wp-content\/uploads\/2024\/10\/maxresdefault.jpg","width":1280,"height":720},{"@type":"BreadcrumbList","@id":"https:\/\/www.altominho.tv\/site\/2024\/10\/02\/ps-quer-governo-a-retomar-reconfiguracao-do-portinho-de-vila-praia-de-ancora\/#breadcrumb","itemListElement":[{"@type":"ListItem","position":1,"name":"In\u00edcio","item":"https:\/\/www.altominho.tv\/site\/"},{"@type":"ListItem","position":2,"name":"PS quer Governo a retomar reconfigura\u00e7\u00e3o do portinho de Vila Praia de \u00c2ncora"}]},{"@type":"WebSite","@id":"https:\/\/www.altominho.tv\/site\/#website","url":"https:\/\/www.altominho.tv\/site\/","name":"Altominho.tv","description":"A sua regi\u00e3o \u00e0 dist\u00e2ncia de um clique...","potentialAction":[{"@type":"SearchAction","target":{"@type":"EntryPoint","urlTemplate":"https:\/\/www.altominho.tv\/site\/?s={search_term_string}"},"query-input":{"@type":"PropertyValueSpecification","valueRequired":true,"valueName":"search_term_string"}}],"inLanguage":"pt-PT"},{"@type":"Person","@id":"https:\/\/www.altominho.tv\/site\/#\/schema\/person\/63f693da3e1899361cbe955c46f3232e","name":"Lusa","image":{"@type":"ImageObject","inLanguage":"pt-PT","@id":"https:\/\/www.altominho.tv\/site\/wp-content\/uploads\/2019\/08\/LUSA_Logo.gif","url":"https:\/\/www.altominho.tv\/site\/wp-content\/uploads\/2019\/08\/LUSA_Logo.gif","contentUrl":"https:\/\/www.altominho.tv\/site\/wp-content\/uploads\/2019\/08\/LUSA_Logo.gif","caption":"Lusa"},"sameAs":["http:\/\/\/\/www.altominho.tv\/site"],"url":"https:\/\/www.altominho.tv\/site\/author\/lusa\/"}]}},"_links":{"self":[{"href":"https:\/\/www.altominho.tv\/site\/wp-json\/wp\/v2\/posts\/111013","targetHints":{"allow":["GET"]}}],"collection":[{"href":"https:\/\/www.altominho.tv\/site\/wp-json\/wp\/v2\/posts"}],"about":[{"href":"https:\/\/www.altominho.tv\/site\/wp-json\/wp\/v2\/types\/post"}],"author":[{"embeddable":true,"href":"https:\/\/www.altominho.tv\/site\/wp-json\/wp\/v2\/users\/13"}],"replies":[{"embeddable":true,"href":"https:\/\/www.altominho.tv\/site\/wp-json\/wp\/v2\/comments?post=111013"}],"version-history":[{"count":1,"href":"https:\/\/www.altominho.tv\/site\/wp-json\/wp\/v2\/posts\/111013\/revisions"}],"predecessor-version":[{"id":111017,"href":"https:\/\/www.altominho.tv\/site\/wp-json\/wp\/v2\/posts\/111013\/revisions\/111017"}],"wp:featuredmedia":[{"embeddable":true,"href":"https:\/\/www.altominho.tv\/site\/wp-json\/wp\/v2\/media\/111016"}],"wp:attachment":[{"href":"https:\/\/www.altominho.tv\/site\/wp-json\/wp\/v2\/media?parent=111013"}],"wp:term":[{"taxonomy":"category","embeddable":true,"href":"https:\/\/www.altominho.tv\/site\/wp-json\/wp\/v2\/categories?post=111013"},{"taxonomy":"post_tag","embeddable":true,"href":"https:\/\/www.altominho.tv\/site\/wp-json\/wp\/v2\/tags?post=111013"}],"curies":[{"name":"wp","href":"https:\/\/api.w.org\/{rel}","templated":true}]}}