{"id":110956,"date":"2024-10-01T10:59:18","date_gmt":"2024-10-01T09:59:18","guid":{"rendered":"https:\/\/www.altominho.tv\/site\/?p=110956"},"modified":"2024-10-01T11:00:41","modified_gmt":"2024-10-01T10:00:41","slug":"conversas-de-boca-aberta-marcadas-para-10-de-outubro-no-teatro-diogo-bernardes","status":"publish","type":"post","link":"https:\/\/www.altominho.tv\/site\/2024\/10\/01\/conversas-de-boca-aberta-marcadas-para-10-de-outubro-no-teatro-diogo-bernardes\/","title":{"rendered":"\u201cConversas de Boca Aberta\u201d marcadas para 10 de outubro no Teatro Diogo Bernardes"},"content":{"rendered":"<p>O teatro Diogo Bernardes, em Ponte de Lima, vai ser palco, no pr\u00f3ximo dia 10, \u00e0s 16h30, da iniciativa \u201cConversas de Boca Aberta\u201d, promovidas pelo Teatro Nacional D. Maria II, foi hoje divulgado.<\/p>\n<p>Segundo a C\u00e2mara de Ponte de Lima, a iniciativa tem ainda parceria do Plano Nacional das Artes, integrado no Projeto Boca Aberta\/ Odisseia Nacional.<\/p>\n<p>\u201cAs &#8216;Conversas de Boca Aberta&#8217; s\u00e3o uma s\u00e9rie de encontros (quatro por ano) que visam pensar e potenciar as rela\u00e7\u00f5es entre institui\u00e7\u00f5es culturais e educativas, atrav\u00e9s da partilha de experi\u00eancias, pr\u00e1ticas e conhecimentos\u201d, refere a nota da autarquia.<\/p>\n<p>A terceira sess\u00e3o desta iniciativa ser\u00e1 subordinada ao tema, Diversidade na cria\u00e7\u00e3o e programa\u00e7\u00e3o para a inf\u00e2ncia, com Marco Paiva e, destina-se a todos os agentes da cultura e educa\u00e7\u00e3o do territ\u00f3rio.<\/p>\n<p>A participa\u00e7\u00e3o \u00e9 gratuita, com inscri\u00e7\u00e3o obrigat\u00f3ria atrav\u00e9s de Formul\u00e1rio de inscri\u00e7\u00e3o \u2018online\u2019.<\/p>\n","protected":false},"excerpt":{"rendered":"<p>O teatro Diogo Bernardes, em Ponte de Lima, vai ser palco, no pr\u00f3ximo dia 10, \u00e0s 16h30, da iniciativa \u201cConversas de Boca Aberta\u201d, promovidas pelo Teatro Nacional D. Maria II, foi hoje divulgado. Segundo a C\u00e2mara de Ponte de Lima, a iniciativa tem ainda parceria do Plano Nacional das Artes, integrado no Projeto Boca Aberta\/ [&hellip;]<\/p>\n","protected":false},"author":13,"featured_media":110958,"comment_status":"closed","ping_status":"closed","sticky":false,"template":"","format":"standard","meta":{"_exactmetrics_skip_tracking":false,"_exactmetrics_sitenote_active":false,"_exactmetrics_sitenote_note":"","_exactmetrics_sitenote_category":0,"footnotes":""},"categories":[12],"tags":[24],"class_list":["post-110956","post","type-post","status-publish","format-standard","has-post-thumbnail","hentry","category-ponte-de-lima","tag-lazer"],"yoast_head":"<!-- This site is optimized with the Yoast SEO Premium plugin v27.4 (Yoast SEO v27.4) - https:\/\/yoast.com\/product\/yoast-seo-premium-wordpress\/ -->\n<title>\u201cConversas de Boca Aberta\u201d marcadas para 10 de outubro no Teatro Diogo Bernardes<\/title>\n<meta name=\"description\" content=\"O teatro Diogo Bernardes, em Ponte de Lima, vai ser palco, no pr\u00f3ximo dia 10, \u00e0s 16h30, da iniciativa \u201cConversas de Boca Aberta\u201d, promovidas pelo Teatro Nacional D. Maria II, foi hoje divulgado.\" \/>\n<meta name=\"robots\" content=\"index, follow, max-snippet:-1, max-image-preview:large, max-video-preview:-1\" \/>\n<link rel=\"canonical\" href=\"https:\/\/www.altominho.tv\/site\/2024\/10\/01\/conversas-de-boca-aberta-marcadas-para-10-de-outubro-no-teatro-diogo-bernardes\/\" \/>\n<meta property=\"og:locale\" content=\"pt_PT\" \/>\n<meta property=\"og:type\" content=\"article\" \/>\n<meta property=\"og:title\" content=\"\u201cConversas de Boca Aberta\u201d marcadas para 10 de outubro no Teatro Diogo Bernardes\" \/>\n<meta property=\"og:description\" content=\"O teatro Diogo Bernardes, em Ponte de Lima, vai ser palco, no pr\u00f3ximo dia 10, \u00e0s 16h30, da iniciativa \u201cConversas de Boca Aberta\u201d, promovidas pelo Teatro Nacional D. Maria II, foi hoje divulgado.\" \/>\n<meta property=\"og:url\" content=\"https:\/\/www.altominho.tv\/site\/2024\/10\/01\/conversas-de-boca-aberta-marcadas-para-10-de-outubro-no-teatro-diogo-bernardes\/\" \/>\n<meta property=\"og:site_name\" content=\"Altominho.tv\" \/>\n<meta property=\"article:publisher\" content=\"https:\/\/www.facebook.com\/altominhotv\" \/>\n<meta property=\"article:published_time\" content=\"2024-10-01T09:59:18+00:00\" \/>\n<meta property=\"article:modified_time\" content=\"2024-10-01T10:00:41+00:00\" \/>\n<meta property=\"og:image\" content=\"https:\/\/www.altominho.tv\/site\/wp-content\/uploads\/2024\/10\/boca-aberta.jpg\" \/>\n\t<meta property=\"og:image:width\" content=\"2000\" \/>\n\t<meta property=\"og:image:height\" content=\"1125\" \/>\n\t<meta property=\"og:image:type\" content=\"image\/jpeg\" \/>\n<meta name=\"author\" content=\"Lusa\" \/>\n<meta name=\"twitter:card\" content=\"summary_large_image\" \/>\n<meta name=\"twitter:creator\" content=\"@altominhoTV\" \/>\n<meta name=\"twitter:site\" content=\"@altominhoTV\" \/>\n<meta name=\"twitter:label1\" content=\"Escrito por\" \/>\n\t<meta name=\"twitter:data1\" content=\"Lusa\" \/>\n\t<meta name=\"twitter:label2\" content=\"Tempo estimado de leitura\" \/>\n\t<meta name=\"twitter:data2\" content=\"1 minuto\" \/>\n<script type=\"application\/ld+json\" class=\"yoast-schema-graph\">{\"@context\":\"https:\\\/\\\/schema.org\",\"@graph\":[{\"@type\":\"Article\",\"@id\":\"https:\\\/\\\/www.altominho.tv\\\/site\\\/2024\\\/10\\\/01\\\/conversas-de-boca-aberta-marcadas-para-10-de-outubro-no-teatro-diogo-bernardes\\\/#article\",\"isPartOf\":{\"@id\":\"https:\\\/\\\/www.altominho.tv\\\/site\\\/2024\\\/10\\\/01\\\/conversas-de-boca-aberta-marcadas-para-10-de-outubro-no-teatro-diogo-bernardes\\\/\"},\"author\":{\"name\":\"Lusa\",\"@id\":\"https:\\\/\\\/www.altominho.tv\\\/site\\\/#\\\/schema\\\/person\\\/63f693da3e1899361cbe955c46f3232e\"},\"headline\":\"\u201cConversas de Boca Aberta\u201d marcadas para 10 de outubro no Teatro Diogo Bernardes\",\"datePublished\":\"2024-10-01T09:59:18+00:00\",\"dateModified\":\"2024-10-01T10:00:41+00:00\",\"mainEntityOfPage\":{\"@id\":\"https:\\\/\\\/www.altominho.tv\\\/site\\\/2024\\\/10\\\/01\\\/conversas-de-boca-aberta-marcadas-para-10-de-outubro-no-teatro-diogo-bernardes\\\/\"},\"wordCount\":171,\"image\":{\"@id\":\"https:\\\/\\\/www.altominho.tv\\\/site\\\/2024\\\/10\\\/01\\\/conversas-de-boca-aberta-marcadas-para-10-de-outubro-no-teatro-diogo-bernardes\\\/#primaryimage\"},\"thumbnailUrl\":\"https:\\\/\\\/www.altominho.tv\\\/site\\\/wp-content\\\/uploads\\\/2024\\\/10\\\/boca-aberta.jpg\",\"keywords\":[\"Lazer\"],\"articleSection\":[\"Ponte de Lima\"],\"inLanguage\":\"pt-PT\",\"copyrightYear\":\"2024\",\"copyrightHolder\":{\"@id\":\"https:\\\/\\\/www.altominho.tv\\\/site\\\/#organization\"}},{\"@type\":\"WebPage\",\"@id\":\"https:\\\/\\\/www.altominho.tv\\\/site\\\/2024\\\/10\\\/01\\\/conversas-de-boca-aberta-marcadas-para-10-de-outubro-no-teatro-diogo-bernardes\\\/\",\"url\":\"https:\\\/\\\/www.altominho.tv\\\/site\\\/2024\\\/10\\\/01\\\/conversas-de-boca-aberta-marcadas-para-10-de-outubro-no-teatro-diogo-bernardes\\\/\",\"name\":\"\u201cConversas de Boca Aberta\u201d marcadas para 10 de outubro no Teatro Diogo Bernardes\",\"isPartOf\":{\"@id\":\"https:\\\/\\\/www.altominho.tv\\\/site\\\/#website\"},\"primaryImageOfPage\":{\"@id\":\"https:\\\/\\\/www.altominho.tv\\\/site\\\/2024\\\/10\\\/01\\\/conversas-de-boca-aberta-marcadas-para-10-de-outubro-no-teatro-diogo-bernardes\\\/#primaryimage\"},\"image\":{\"@id\":\"https:\\\/\\\/www.altominho.tv\\\/site\\\/2024\\\/10\\\/01\\\/conversas-de-boca-aberta-marcadas-para-10-de-outubro-no-teatro-diogo-bernardes\\\/#primaryimage\"},\"thumbnailUrl\":\"https:\\\/\\\/www.altominho.tv\\\/site\\\/wp-content\\\/uploads\\\/2024\\\/10\\\/boca-aberta.jpg\",\"datePublished\":\"2024-10-01T09:59:18+00:00\",\"dateModified\":\"2024-10-01T10:00:41+00:00\",\"author\":{\"@id\":\"https:\\\/\\\/www.altominho.tv\\\/site\\\/#\\\/schema\\\/person\\\/63f693da3e1899361cbe955c46f3232e\"},\"description\":\"O teatro Diogo Bernardes, em Ponte de Lima, vai ser palco, no pr\u00f3ximo dia 10, \u00e0s 16h30, da iniciativa \u201cConversas de Boca Aberta\u201d, promovidas pelo Teatro Nacional D. Maria II, foi hoje divulgado.\",\"breadcrumb\":{\"@id\":\"https:\\\/\\\/www.altominho.tv\\\/site\\\/2024\\\/10\\\/01\\\/conversas-de-boca-aberta-marcadas-para-10-de-outubro-no-teatro-diogo-bernardes\\\/#breadcrumb\"},\"inLanguage\":\"pt-PT\",\"potentialAction\":[{\"@type\":\"ReadAction\",\"target\":[\"https:\\\/\\\/www.altominho.tv\\\/site\\\/2024\\\/10\\\/01\\\/conversas-de-boca-aberta-marcadas-para-10-de-outubro-no-teatro-diogo-bernardes\\\/\"]}]},{\"@type\":\"ImageObject\",\"inLanguage\":\"pt-PT\",\"@id\":\"https:\\\/\\\/www.altominho.tv\\\/site\\\/2024\\\/10\\\/01\\\/conversas-de-boca-aberta-marcadas-para-10-de-outubro-no-teatro-diogo-bernardes\\\/#primaryimage\",\"url\":\"https:\\\/\\\/www.altominho.tv\\\/site\\\/wp-content\\\/uploads\\\/2024\\\/10\\\/boca-aberta.jpg\",\"contentUrl\":\"https:\\\/\\\/www.altominho.tv\\\/site\\\/wp-content\\\/uploads\\\/2024\\\/10\\\/boca-aberta.jpg\",\"width\":2000,\"height\":1125},{\"@type\":\"BreadcrumbList\",\"@id\":\"https:\\\/\\\/www.altominho.tv\\\/site\\\/2024\\\/10\\\/01\\\/conversas-de-boca-aberta-marcadas-para-10-de-outubro-no-teatro-diogo-bernardes\\\/#breadcrumb\",\"itemListElement\":[{\"@type\":\"ListItem\",\"position\":1,\"name\":\"In\u00edcio\",\"item\":\"https:\\\/\\\/www.altominho.tv\\\/site\\\/\"},{\"@type\":\"ListItem\",\"position\":2,\"name\":\"\u201cConversas de Boca Aberta\u201d marcadas para 10 de outubro no Teatro Diogo Bernardes\"}]},{\"@type\":\"WebSite\",\"@id\":\"https:\\\/\\\/www.altominho.tv\\\/site\\\/#website\",\"url\":\"https:\\\/\\\/www.altominho.tv\\\/site\\\/\",\"name\":\"Altominho.tv\",\"description\":\"A sua regi\u00e3o \u00e0 dist\u00e2ncia de um clique...\",\"potentialAction\":[{\"@type\":\"SearchAction\",\"target\":{\"@type\":\"EntryPoint\",\"urlTemplate\":\"https:\\\/\\\/www.altominho.tv\\\/site\\\/?s={search_term_string}\"},\"query-input\":{\"@type\":\"PropertyValueSpecification\",\"valueRequired\":true,\"valueName\":\"search_term_string\"}}],\"inLanguage\":\"pt-PT\"},{\"@type\":\"Person\",\"@id\":\"https:\\\/\\\/www.altominho.tv\\\/site\\\/#\\\/schema\\\/person\\\/63f693da3e1899361cbe955c46f3232e\",\"name\":\"Lusa\",\"image\":{\"@type\":\"ImageObject\",\"inLanguage\":\"pt-PT\",\"@id\":\"https:\\\/\\\/www.altominho.tv\\\/site\\\/wp-content\\\/uploads\\\/2019\\\/08\\\/LUSA_Logo.gif\",\"url\":\"https:\\\/\\\/www.altominho.tv\\\/site\\\/wp-content\\\/uploads\\\/2019\\\/08\\\/LUSA_Logo.gif\",\"contentUrl\":\"https:\\\/\\\/www.altominho.tv\\\/site\\\/wp-content\\\/uploads\\\/2019\\\/08\\\/LUSA_Logo.gif\",\"caption\":\"Lusa\"},\"sameAs\":[\"http:\\\/\\\/\\\/\\\/www.altominho.tv\\\/site\"],\"url\":\"https:\\\/\\\/www.altominho.tv\\\/site\\\/author\\\/lusa\\\/\"}]}<\/script>\n<!-- \/ Yoast SEO Premium plugin. -->","yoast_head_json":{"title":"\u201cConversas de Boca Aberta\u201d marcadas para 10 de outubro no Teatro Diogo Bernardes","description":"O teatro Diogo Bernardes, em Ponte de Lima, vai ser palco, no pr\u00f3ximo dia 10, \u00e0s 16h30, da iniciativa \u201cConversas de Boca Aberta\u201d, promovidas pelo Teatro Nacional D. Maria II, foi hoje divulgado.","robots":{"index":"index","follow":"follow","max-snippet":"max-snippet:-1","max-image-preview":"max-image-preview:large","max-video-preview":"max-video-preview:-1"},"canonical":"https:\/\/www.altominho.tv\/site\/2024\/10\/01\/conversas-de-boca-aberta-marcadas-para-10-de-outubro-no-teatro-diogo-bernardes\/","og_locale":"pt_PT","og_type":"article","og_title":"\u201cConversas de Boca Aberta\u201d marcadas para 10 de outubro no Teatro Diogo Bernardes","og_description":"O teatro Diogo Bernardes, em Ponte de Lima, vai ser palco, no pr\u00f3ximo dia 10, \u00e0s 16h30, da iniciativa \u201cConversas de Boca Aberta\u201d, promovidas pelo Teatro Nacional D. Maria II, foi hoje divulgado.","og_url":"https:\/\/www.altominho.tv\/site\/2024\/10\/01\/conversas-de-boca-aberta-marcadas-para-10-de-outubro-no-teatro-diogo-bernardes\/","og_site_name":"Altominho.tv","article_publisher":"https:\/\/www.facebook.com\/altominhotv","article_published_time":"2024-10-01T09:59:18+00:00","article_modified_time":"2024-10-01T10:00:41+00:00","og_image":[{"width":2000,"height":1125,"url":"https:\/\/www.altominho.tv\/site\/wp-content\/uploads\/2024\/10\/boca-aberta.jpg","type":"image\/jpeg"}],"author":"Lusa","twitter_card":"summary_large_image","twitter_creator":"@altominhoTV","twitter_site":"@altominhoTV","twitter_misc":{"Escrito por":"Lusa","Tempo estimado de leitura":"1 minuto"},"schema":{"@context":"https:\/\/schema.org","@graph":[{"@type":"Article","@id":"https:\/\/www.altominho.tv\/site\/2024\/10\/01\/conversas-de-boca-aberta-marcadas-para-10-de-outubro-no-teatro-diogo-bernardes\/#article","isPartOf":{"@id":"https:\/\/www.altominho.tv\/site\/2024\/10\/01\/conversas-de-boca-aberta-marcadas-para-10-de-outubro-no-teatro-diogo-bernardes\/"},"author":{"name":"Lusa","@id":"https:\/\/www.altominho.tv\/site\/#\/schema\/person\/63f693da3e1899361cbe955c46f3232e"},"headline":"\u201cConversas de Boca Aberta\u201d marcadas para 10 de outubro no Teatro Diogo Bernardes","datePublished":"2024-10-01T09:59:18+00:00","dateModified":"2024-10-01T10:00:41+00:00","mainEntityOfPage":{"@id":"https:\/\/www.altominho.tv\/site\/2024\/10\/01\/conversas-de-boca-aberta-marcadas-para-10-de-outubro-no-teatro-diogo-bernardes\/"},"wordCount":171,"image":{"@id":"https:\/\/www.altominho.tv\/site\/2024\/10\/01\/conversas-de-boca-aberta-marcadas-para-10-de-outubro-no-teatro-diogo-bernardes\/#primaryimage"},"thumbnailUrl":"https:\/\/www.altominho.tv\/site\/wp-content\/uploads\/2024\/10\/boca-aberta.jpg","keywords":["Lazer"],"articleSection":["Ponte de Lima"],"inLanguage":"pt-PT","copyrightYear":"2024","copyrightHolder":{"@id":"https:\/\/www.altominho.tv\/site\/#organization"}},{"@type":"WebPage","@id":"https:\/\/www.altominho.tv\/site\/2024\/10\/01\/conversas-de-boca-aberta-marcadas-para-10-de-outubro-no-teatro-diogo-bernardes\/","url":"https:\/\/www.altominho.tv\/site\/2024\/10\/01\/conversas-de-boca-aberta-marcadas-para-10-de-outubro-no-teatro-diogo-bernardes\/","name":"\u201cConversas de Boca Aberta\u201d marcadas para 10 de outubro no Teatro Diogo Bernardes","isPartOf":{"@id":"https:\/\/www.altominho.tv\/site\/#website"},"primaryImageOfPage":{"@id":"https:\/\/www.altominho.tv\/site\/2024\/10\/01\/conversas-de-boca-aberta-marcadas-para-10-de-outubro-no-teatro-diogo-bernardes\/#primaryimage"},"image":{"@id":"https:\/\/www.altominho.tv\/site\/2024\/10\/01\/conversas-de-boca-aberta-marcadas-para-10-de-outubro-no-teatro-diogo-bernardes\/#primaryimage"},"thumbnailUrl":"https:\/\/www.altominho.tv\/site\/wp-content\/uploads\/2024\/10\/boca-aberta.jpg","datePublished":"2024-10-01T09:59:18+00:00","dateModified":"2024-10-01T10:00:41+00:00","author":{"@id":"https:\/\/www.altominho.tv\/site\/#\/schema\/person\/63f693da3e1899361cbe955c46f3232e"},"description":"O teatro Diogo Bernardes, em Ponte de Lima, vai ser palco, no pr\u00f3ximo dia 10, \u00e0s 16h30, da iniciativa \u201cConversas de Boca Aberta\u201d, promovidas pelo Teatro Nacional D. Maria II, foi hoje divulgado.","breadcrumb":{"@id":"https:\/\/www.altominho.tv\/site\/2024\/10\/01\/conversas-de-boca-aberta-marcadas-para-10-de-outubro-no-teatro-diogo-bernardes\/#breadcrumb"},"inLanguage":"pt-PT","potentialAction":[{"@type":"ReadAction","target":["https:\/\/www.altominho.tv\/site\/2024\/10\/01\/conversas-de-boca-aberta-marcadas-para-10-de-outubro-no-teatro-diogo-bernardes\/"]}]},{"@type":"ImageObject","inLanguage":"pt-PT","@id":"https:\/\/www.altominho.tv\/site\/2024\/10\/01\/conversas-de-boca-aberta-marcadas-para-10-de-outubro-no-teatro-diogo-bernardes\/#primaryimage","url":"https:\/\/www.altominho.tv\/site\/wp-content\/uploads\/2024\/10\/boca-aberta.jpg","contentUrl":"https:\/\/www.altominho.tv\/site\/wp-content\/uploads\/2024\/10\/boca-aberta.jpg","width":2000,"height":1125},{"@type":"BreadcrumbList","@id":"https:\/\/www.altominho.tv\/site\/2024\/10\/01\/conversas-de-boca-aberta-marcadas-para-10-de-outubro-no-teatro-diogo-bernardes\/#breadcrumb","itemListElement":[{"@type":"ListItem","position":1,"name":"In\u00edcio","item":"https:\/\/www.altominho.tv\/site\/"},{"@type":"ListItem","position":2,"name":"\u201cConversas de Boca Aberta\u201d marcadas para 10 de outubro no Teatro Diogo Bernardes"}]},{"@type":"WebSite","@id":"https:\/\/www.altominho.tv\/site\/#website","url":"https:\/\/www.altominho.tv\/site\/","name":"Altominho.tv","description":"A sua regi\u00e3o \u00e0 dist\u00e2ncia de um clique...","potentialAction":[{"@type":"SearchAction","target":{"@type":"EntryPoint","urlTemplate":"https:\/\/www.altominho.tv\/site\/?s={search_term_string}"},"query-input":{"@type":"PropertyValueSpecification","valueRequired":true,"valueName":"search_term_string"}}],"inLanguage":"pt-PT"},{"@type":"Person","@id":"https:\/\/www.altominho.tv\/site\/#\/schema\/person\/63f693da3e1899361cbe955c46f3232e","name":"Lusa","image":{"@type":"ImageObject","inLanguage":"pt-PT","@id":"https:\/\/www.altominho.tv\/site\/wp-content\/uploads\/2019\/08\/LUSA_Logo.gif","url":"https:\/\/www.altominho.tv\/site\/wp-content\/uploads\/2019\/08\/LUSA_Logo.gif","contentUrl":"https:\/\/www.altominho.tv\/site\/wp-content\/uploads\/2019\/08\/LUSA_Logo.gif","caption":"Lusa"},"sameAs":["http:\/\/\/\/www.altominho.tv\/site"],"url":"https:\/\/www.altominho.tv\/site\/author\/lusa\/"}]}},"_links":{"self":[{"href":"https:\/\/www.altominho.tv\/site\/wp-json\/wp\/v2\/posts\/110956","targetHints":{"allow":["GET"]}}],"collection":[{"href":"https:\/\/www.altominho.tv\/site\/wp-json\/wp\/v2\/posts"}],"about":[{"href":"https:\/\/www.altominho.tv\/site\/wp-json\/wp\/v2\/types\/post"}],"author":[{"embeddable":true,"href":"https:\/\/www.altominho.tv\/site\/wp-json\/wp\/v2\/users\/13"}],"replies":[{"embeddable":true,"href":"https:\/\/www.altominho.tv\/site\/wp-json\/wp\/v2\/comments?post=110956"}],"version-history":[{"count":1,"href":"https:\/\/www.altominho.tv\/site\/wp-json\/wp\/v2\/posts\/110956\/revisions"}],"predecessor-version":[{"id":110957,"href":"https:\/\/www.altominho.tv\/site\/wp-json\/wp\/v2\/posts\/110956\/revisions\/110957"}],"wp:featuredmedia":[{"embeddable":true,"href":"https:\/\/www.altominho.tv\/site\/wp-json\/wp\/v2\/media\/110958"}],"wp:attachment":[{"href":"https:\/\/www.altominho.tv\/site\/wp-json\/wp\/v2\/media?parent=110956"}],"wp:term":[{"taxonomy":"category","embeddable":true,"href":"https:\/\/www.altominho.tv\/site\/wp-json\/wp\/v2\/categories?post=110956"},{"taxonomy":"post_tag","embeddable":true,"href":"https:\/\/www.altominho.tv\/site\/wp-json\/wp\/v2\/tags?post=110956"}],"curies":[{"name":"wp","href":"https:\/\/api.w.org\/{rel}","templated":true}]}}