{"id":110890,"date":"2024-09-27T14:15:38","date_gmt":"2024-09-27T13:15:38","guid":{"rendered":"https:\/\/www.altominho.tv\/site\/?p=110890"},"modified":"2024-09-27T14:15:41","modified_gmt":"2024-09-27T13:15:41","slug":"ponte-de-lima-gnr-furto","status":"publish","type":"post","link":"https:\/\/www.altominho.tv\/site\/2024\/09\/27\/ponte-de-lima-gnr-furto\/","title":{"rendered":"GNR recupera diversos artigos furtados em resid\u00eancia, em Ponte de Lima"},"content":{"rendered":"\n<p>A GNR recuperou diversos artigos furtados, em julho,  numa resid\u00eancia no concelho de Ponte de Lima, no distrito de Viana do Castelo, revelou hoje aquela for\u00e7a policial.<\/p>\n\n\n\n<p>Segundo o Comando Territorial da GNR de Viana do Castelo, a opera\u00e7\u00e3o policial, realizada na quinta-feira pelo N\u00facleo de Investiga\u00e7\u00e3o Criminal (NIC) de Arcos de Valdevez, surgiu na sequ\u00eancia de uma den\u00fancia por furto em uma resid\u00eancia.<\/p>\n\n\n\n<p>Durante a a\u00e7\u00e3o foi realizada uma busca domicili\u00e1ria, que permitiu recuperar alguns dos objetos furtados e apreender outros objetos provenientes de outros furtos.<\/p>\n\n\n\n<p>Os militares da GNR recuperaram tr\u00eas telem\u00f3veis, duas colunas de som, uma televis\u00e3o, uma m\u00e1quina fotogr\u00e1fica, uma carteira, uma caixa tipo cofre, um disco r\u00edgido, diversos objetos de decora\u00e7\u00e3o, artigos de bijuteria, vestu\u00e1rio, cart\u00f5es de cr\u00e9dito e, documentos de identifica\u00e7\u00e3o pessoal.<\/p>\n","protected":false},"excerpt":{"rendered":"<p>A GNR recuperou diversos artigos furtados, em julho, numa resid\u00eancia no concelho de Ponte de Lima, no distrito de Viana do Castelo, revelou hoje aquela for\u00e7a policial. Segundo o Comando Territorial da GNR de Viana do Castelo, a opera\u00e7\u00e3o policial, realizada na quinta-feira pelo N\u00facleo de Investiga\u00e7\u00e3o Criminal (NIC) de Arcos de Valdevez, surgiu na [&hellip;]<\/p>\n","protected":false},"author":16,"featured_media":110891,"comment_status":"closed","ping_status":"closed","sticky":false,"template":"","format":"standard","meta":{"_exactmetrics_skip_tracking":false,"_exactmetrics_sitenote_active":false,"_exactmetrics_sitenote_note":"","_exactmetrics_sitenote_category":0,"footnotes":""},"categories":[12],"tags":[27],"class_list":["post-110890","post","type-post","status-publish","format-standard","has-post-thumbnail","hentry","category-ponte-de-lima","tag-sociedade"],"yoast_head":"<!-- This site is optimized with the Yoast SEO Premium plugin v27.5 (Yoast SEO v27.5) - https:\/\/yoast.com\/product\/yoast-seo-premium-wordpress\/ -->\n<title>GNR recupera diversos artigos furtados em resid\u00eancia, em Ponte de Lima<\/title>\n<meta name=\"description\" content=\"A GNR recuperou diversos artigos furtados numa resid\u00eancia, em Ponte de Lima.\" \/>\n<meta name=\"robots\" content=\"index, follow, max-snippet:-1, max-image-preview:large, max-video-preview:-1\" \/>\n<link rel=\"canonical\" href=\"https:\/\/www.altominho.tv\/site\/2024\/09\/27\/ponte-de-lima-gnr-furto\/\" \/>\n<meta property=\"og:locale\" content=\"pt_PT\" \/>\n<meta property=\"og:type\" content=\"article\" \/>\n<meta property=\"og:title\" content=\"GNR recupera diversos artigos furtados em resid\u00eancia, em Ponte de Lima\" \/>\n<meta property=\"og:description\" content=\"A GNR recuperou diversos artigos furtados numa resid\u00eancia, em Ponte de Lima.\" \/>\n<meta property=\"og:url\" content=\"https:\/\/www.altominho.tv\/site\/2024\/09\/27\/ponte-de-lima-gnr-furto\/\" \/>\n<meta property=\"og:site_name\" content=\"Altominho.tv\" \/>\n<meta property=\"article:publisher\" content=\"https:\/\/www.facebook.com\/altominhotv\" \/>\n<meta property=\"article:published_time\" content=\"2024-09-27T13:15:38+00:00\" \/>\n<meta property=\"article:modified_time\" content=\"2024-09-27T13:15:41+00:00\" \/>\n<meta property=\"og:image\" content=\"https:\/\/www.altominho.tv\/site\/wp-content\/uploads\/2024\/09\/gnr-artigos-ptl.jpg\" \/>\n\t<meta property=\"og:image:width\" content=\"2047\" \/>\n\t<meta property=\"og:image:height\" content=\"1349\" \/>\n\t<meta property=\"og:image:type\" content=\"image\/jpeg\" \/>\n<meta name=\"author\" content=\"Andreia Cunha | Lusa\" \/>\n<meta name=\"twitter:card\" content=\"summary_large_image\" \/>\n<meta name=\"twitter:creator\" content=\"@altominhoTV\" \/>\n<meta name=\"twitter:site\" content=\"@altominhoTV\" \/>\n<meta name=\"twitter:label1\" content=\"Escrito por\" \/>\n\t<meta name=\"twitter:data1\" content=\"Andreia Cunha | Lusa\" \/>\n\t<meta name=\"twitter:label2\" content=\"Tempo estimado de leitura\" \/>\n\t<meta name=\"twitter:data2\" content=\"1 minuto\" \/>\n<script type=\"application\/ld+json\" class=\"yoast-schema-graph\">{\"@context\":\"https:\\\/\\\/schema.org\",\"@graph\":[{\"@type\":\"Article\",\"@id\":\"https:\\\/\\\/www.altominho.tv\\\/site\\\/2024\\\/09\\\/27\\\/ponte-de-lima-gnr-furto\\\/#article\",\"isPartOf\":{\"@id\":\"https:\\\/\\\/www.altominho.tv\\\/site\\\/2024\\\/09\\\/27\\\/ponte-de-lima-gnr-furto\\\/\"},\"author\":{\"name\":\"Andreia Cunha | Lusa\",\"@id\":\"https:\\\/\\\/www.altominho.tv\\\/site\\\/#\\\/schema\\\/person\\\/dbaf181c01b51ff40c9f461a905d321e\"},\"headline\":\"GNR recupera diversos artigos furtados em resid\u00eancia, em Ponte de Lima\",\"datePublished\":\"2024-09-27T13:15:38+00:00\",\"dateModified\":\"2024-09-27T13:15:41+00:00\",\"mainEntityOfPage\":{\"@id\":\"https:\\\/\\\/www.altominho.tv\\\/site\\\/2024\\\/09\\\/27\\\/ponte-de-lima-gnr-furto\\\/\"},\"wordCount\":161,\"image\":{\"@id\":\"https:\\\/\\\/www.altominho.tv\\\/site\\\/2024\\\/09\\\/27\\\/ponte-de-lima-gnr-furto\\\/#primaryimage\"},\"thumbnailUrl\":\"https:\\\/\\\/www.altominho.tv\\\/site\\\/wp-content\\\/uploads\\\/2024\\\/09\\\/gnr-artigos-ptl.jpg\",\"keywords\":[\"Sociedade\"],\"articleSection\":[\"Ponte de Lima\"],\"inLanguage\":\"pt-PT\",\"copyrightYear\":\"2024\",\"copyrightHolder\":{\"@id\":\"https:\\\/\\\/www.altominho.tv\\\/site\\\/#organization\"}},{\"@type\":\"WebPage\",\"@id\":\"https:\\\/\\\/www.altominho.tv\\\/site\\\/2024\\\/09\\\/27\\\/ponte-de-lima-gnr-furto\\\/\",\"url\":\"https:\\\/\\\/www.altominho.tv\\\/site\\\/2024\\\/09\\\/27\\\/ponte-de-lima-gnr-furto\\\/\",\"name\":\"GNR recupera diversos artigos furtados em resid\u00eancia, em Ponte de Lima\",\"isPartOf\":{\"@id\":\"https:\\\/\\\/www.altominho.tv\\\/site\\\/#website\"},\"primaryImageOfPage\":{\"@id\":\"https:\\\/\\\/www.altominho.tv\\\/site\\\/2024\\\/09\\\/27\\\/ponte-de-lima-gnr-furto\\\/#primaryimage\"},\"image\":{\"@id\":\"https:\\\/\\\/www.altominho.tv\\\/site\\\/2024\\\/09\\\/27\\\/ponte-de-lima-gnr-furto\\\/#primaryimage\"},\"thumbnailUrl\":\"https:\\\/\\\/www.altominho.tv\\\/site\\\/wp-content\\\/uploads\\\/2024\\\/09\\\/gnr-artigos-ptl.jpg\",\"datePublished\":\"2024-09-27T13:15:38+00:00\",\"dateModified\":\"2024-09-27T13:15:41+00:00\",\"author\":{\"@id\":\"https:\\\/\\\/www.altominho.tv\\\/site\\\/#\\\/schema\\\/person\\\/dbaf181c01b51ff40c9f461a905d321e\"},\"description\":\"A GNR recuperou diversos artigos furtados numa resid\u00eancia, em Ponte de Lima.\",\"breadcrumb\":{\"@id\":\"https:\\\/\\\/www.altominho.tv\\\/site\\\/2024\\\/09\\\/27\\\/ponte-de-lima-gnr-furto\\\/#breadcrumb\"},\"inLanguage\":\"pt-PT\",\"potentialAction\":[{\"@type\":\"ReadAction\",\"target\":[\"https:\\\/\\\/www.altominho.tv\\\/site\\\/2024\\\/09\\\/27\\\/ponte-de-lima-gnr-furto\\\/\"]}]},{\"@type\":\"ImageObject\",\"inLanguage\":\"pt-PT\",\"@id\":\"https:\\\/\\\/www.altominho.tv\\\/site\\\/2024\\\/09\\\/27\\\/ponte-de-lima-gnr-furto\\\/#primaryimage\",\"url\":\"https:\\\/\\\/www.altominho.tv\\\/site\\\/wp-content\\\/uploads\\\/2024\\\/09\\\/gnr-artigos-ptl.jpg\",\"contentUrl\":\"https:\\\/\\\/www.altominho.tv\\\/site\\\/wp-content\\\/uploads\\\/2024\\\/09\\\/gnr-artigos-ptl.jpg\",\"width\":2047,\"height\":1349},{\"@type\":\"BreadcrumbList\",\"@id\":\"https:\\\/\\\/www.altominho.tv\\\/site\\\/2024\\\/09\\\/27\\\/ponte-de-lima-gnr-furto\\\/#breadcrumb\",\"itemListElement\":[{\"@type\":\"ListItem\",\"position\":1,\"name\":\"In\u00edcio\",\"item\":\"https:\\\/\\\/www.altominho.tv\\\/site\\\/\"},{\"@type\":\"ListItem\",\"position\":2,\"name\":\"GNR recupera diversos artigos furtados em resid\u00eancia, em Ponte de Lima\"}]},{\"@type\":\"WebSite\",\"@id\":\"https:\\\/\\\/www.altominho.tv\\\/site\\\/#website\",\"url\":\"https:\\\/\\\/www.altominho.tv\\\/site\\\/\",\"name\":\"Altominho.tv\",\"description\":\"A sua regi\u00e3o \u00e0 dist\u00e2ncia de um clique...\",\"potentialAction\":[{\"@type\":\"SearchAction\",\"target\":{\"@type\":\"EntryPoint\",\"urlTemplate\":\"https:\\\/\\\/www.altominho.tv\\\/site\\\/?s={search_term_string}\"},\"query-input\":{\"@type\":\"PropertyValueSpecification\",\"valueRequired\":true,\"valueName\":\"search_term_string\"}}],\"inLanguage\":\"pt-PT\"},{\"@type\":\"Person\",\"@id\":\"https:\\\/\\\/www.altominho.tv\\\/site\\\/#\\\/schema\\\/person\\\/dbaf181c01b51ff40c9f461a905d321e\",\"name\":\"Andreia Cunha | Lusa\",\"image\":{\"@type\":\"ImageObject\",\"inLanguage\":\"pt-PT\",\"@id\":\"https:\\\/\\\/www.altominho.tv\\\/site\\\/wp-content\\\/uploads\\\/2017\\\/11\\\/Andreia_Cunha-1-150x150.jpg\",\"url\":\"https:\\\/\\\/www.altominho.tv\\\/site\\\/wp-content\\\/uploads\\\/2017\\\/11\\\/Andreia_Cunha-1-150x150.jpg\",\"contentUrl\":\"https:\\\/\\\/www.altominho.tv\\\/site\\\/wp-content\\\/uploads\\\/2017\\\/11\\\/Andreia_Cunha-1-150x150.jpg\",\"caption\":\"Andreia Cunha | Lusa\"},\"sameAs\":[\"https:\\\/\\\/www.altominho.tv\\\/site\"],\"url\":\"https:\\\/\\\/www.altominho.tv\\\/site\\\/author\\\/andreiacunhalusa\\\/\"}]}<\/script>\n<!-- \/ Yoast SEO Premium plugin. -->","yoast_head_json":{"title":"GNR recupera diversos artigos furtados em resid\u00eancia, em Ponte de Lima","description":"A GNR recuperou diversos artigos furtados numa resid\u00eancia, em Ponte de Lima.","robots":{"index":"index","follow":"follow","max-snippet":"max-snippet:-1","max-image-preview":"max-image-preview:large","max-video-preview":"max-video-preview:-1"},"canonical":"https:\/\/www.altominho.tv\/site\/2024\/09\/27\/ponte-de-lima-gnr-furto\/","og_locale":"pt_PT","og_type":"article","og_title":"GNR recupera diversos artigos furtados em resid\u00eancia, em Ponte de Lima","og_description":"A GNR recuperou diversos artigos furtados numa resid\u00eancia, em Ponte de Lima.","og_url":"https:\/\/www.altominho.tv\/site\/2024\/09\/27\/ponte-de-lima-gnr-furto\/","og_site_name":"Altominho.tv","article_publisher":"https:\/\/www.facebook.com\/altominhotv","article_published_time":"2024-09-27T13:15:38+00:00","article_modified_time":"2024-09-27T13:15:41+00:00","og_image":[{"width":2047,"height":1349,"url":"https:\/\/www.altominho.tv\/site\/wp-content\/uploads\/2024\/09\/gnr-artigos-ptl.jpg","type":"image\/jpeg"}],"author":"Andreia Cunha | Lusa","twitter_card":"summary_large_image","twitter_creator":"@altominhoTV","twitter_site":"@altominhoTV","twitter_misc":{"Escrito por":"Andreia Cunha | Lusa","Tempo estimado de leitura":"1 minuto"},"schema":{"@context":"https:\/\/schema.org","@graph":[{"@type":"Article","@id":"https:\/\/www.altominho.tv\/site\/2024\/09\/27\/ponte-de-lima-gnr-furto\/#article","isPartOf":{"@id":"https:\/\/www.altominho.tv\/site\/2024\/09\/27\/ponte-de-lima-gnr-furto\/"},"author":{"name":"Andreia Cunha | Lusa","@id":"https:\/\/www.altominho.tv\/site\/#\/schema\/person\/dbaf181c01b51ff40c9f461a905d321e"},"headline":"GNR recupera diversos artigos furtados em resid\u00eancia, em Ponte de Lima","datePublished":"2024-09-27T13:15:38+00:00","dateModified":"2024-09-27T13:15:41+00:00","mainEntityOfPage":{"@id":"https:\/\/www.altominho.tv\/site\/2024\/09\/27\/ponte-de-lima-gnr-furto\/"},"wordCount":161,"image":{"@id":"https:\/\/www.altominho.tv\/site\/2024\/09\/27\/ponte-de-lima-gnr-furto\/#primaryimage"},"thumbnailUrl":"https:\/\/www.altominho.tv\/site\/wp-content\/uploads\/2024\/09\/gnr-artigos-ptl.jpg","keywords":["Sociedade"],"articleSection":["Ponte de Lima"],"inLanguage":"pt-PT","copyrightYear":"2024","copyrightHolder":{"@id":"https:\/\/www.altominho.tv\/site\/#organization"}},{"@type":"WebPage","@id":"https:\/\/www.altominho.tv\/site\/2024\/09\/27\/ponte-de-lima-gnr-furto\/","url":"https:\/\/www.altominho.tv\/site\/2024\/09\/27\/ponte-de-lima-gnr-furto\/","name":"GNR recupera diversos artigos furtados em resid\u00eancia, em Ponte de Lima","isPartOf":{"@id":"https:\/\/www.altominho.tv\/site\/#website"},"primaryImageOfPage":{"@id":"https:\/\/www.altominho.tv\/site\/2024\/09\/27\/ponte-de-lima-gnr-furto\/#primaryimage"},"image":{"@id":"https:\/\/www.altominho.tv\/site\/2024\/09\/27\/ponte-de-lima-gnr-furto\/#primaryimage"},"thumbnailUrl":"https:\/\/www.altominho.tv\/site\/wp-content\/uploads\/2024\/09\/gnr-artigos-ptl.jpg","datePublished":"2024-09-27T13:15:38+00:00","dateModified":"2024-09-27T13:15:41+00:00","author":{"@id":"https:\/\/www.altominho.tv\/site\/#\/schema\/person\/dbaf181c01b51ff40c9f461a905d321e"},"description":"A GNR recuperou diversos artigos furtados numa resid\u00eancia, em Ponte de Lima.","breadcrumb":{"@id":"https:\/\/www.altominho.tv\/site\/2024\/09\/27\/ponte-de-lima-gnr-furto\/#breadcrumb"},"inLanguage":"pt-PT","potentialAction":[{"@type":"ReadAction","target":["https:\/\/www.altominho.tv\/site\/2024\/09\/27\/ponte-de-lima-gnr-furto\/"]}]},{"@type":"ImageObject","inLanguage":"pt-PT","@id":"https:\/\/www.altominho.tv\/site\/2024\/09\/27\/ponte-de-lima-gnr-furto\/#primaryimage","url":"https:\/\/www.altominho.tv\/site\/wp-content\/uploads\/2024\/09\/gnr-artigos-ptl.jpg","contentUrl":"https:\/\/www.altominho.tv\/site\/wp-content\/uploads\/2024\/09\/gnr-artigos-ptl.jpg","width":2047,"height":1349},{"@type":"BreadcrumbList","@id":"https:\/\/www.altominho.tv\/site\/2024\/09\/27\/ponte-de-lima-gnr-furto\/#breadcrumb","itemListElement":[{"@type":"ListItem","position":1,"name":"In\u00edcio","item":"https:\/\/www.altominho.tv\/site\/"},{"@type":"ListItem","position":2,"name":"GNR recupera diversos artigos furtados em resid\u00eancia, em Ponte de Lima"}]},{"@type":"WebSite","@id":"https:\/\/www.altominho.tv\/site\/#website","url":"https:\/\/www.altominho.tv\/site\/","name":"Altominho.tv","description":"A sua regi\u00e3o \u00e0 dist\u00e2ncia de um clique...","potentialAction":[{"@type":"SearchAction","target":{"@type":"EntryPoint","urlTemplate":"https:\/\/www.altominho.tv\/site\/?s={search_term_string}"},"query-input":{"@type":"PropertyValueSpecification","valueRequired":true,"valueName":"search_term_string"}}],"inLanguage":"pt-PT"},{"@type":"Person","@id":"https:\/\/www.altominho.tv\/site\/#\/schema\/person\/dbaf181c01b51ff40c9f461a905d321e","name":"Andreia Cunha | Lusa","image":{"@type":"ImageObject","inLanguage":"pt-PT","@id":"https:\/\/www.altominho.tv\/site\/wp-content\/uploads\/2017\/11\/Andreia_Cunha-1-150x150.jpg","url":"https:\/\/www.altominho.tv\/site\/wp-content\/uploads\/2017\/11\/Andreia_Cunha-1-150x150.jpg","contentUrl":"https:\/\/www.altominho.tv\/site\/wp-content\/uploads\/2017\/11\/Andreia_Cunha-1-150x150.jpg","caption":"Andreia Cunha | Lusa"},"sameAs":["https:\/\/www.altominho.tv\/site"],"url":"https:\/\/www.altominho.tv\/site\/author\/andreiacunhalusa\/"}]}},"_links":{"self":[{"href":"https:\/\/www.altominho.tv\/site\/wp-json\/wp\/v2\/posts\/110890","targetHints":{"allow":["GET"]}}],"collection":[{"href":"https:\/\/www.altominho.tv\/site\/wp-json\/wp\/v2\/posts"}],"about":[{"href":"https:\/\/www.altominho.tv\/site\/wp-json\/wp\/v2\/types\/post"}],"author":[{"embeddable":true,"href":"https:\/\/www.altominho.tv\/site\/wp-json\/wp\/v2\/users\/16"}],"replies":[{"embeddable":true,"href":"https:\/\/www.altominho.tv\/site\/wp-json\/wp\/v2\/comments?post=110890"}],"version-history":[{"count":1,"href":"https:\/\/www.altominho.tv\/site\/wp-json\/wp\/v2\/posts\/110890\/revisions"}],"predecessor-version":[{"id":110892,"href":"https:\/\/www.altominho.tv\/site\/wp-json\/wp\/v2\/posts\/110890\/revisions\/110892"}],"wp:featuredmedia":[{"embeddable":true,"href":"https:\/\/www.altominho.tv\/site\/wp-json\/wp\/v2\/media\/110891"}],"wp:attachment":[{"href":"https:\/\/www.altominho.tv\/site\/wp-json\/wp\/v2\/media?parent=110890"}],"wp:term":[{"taxonomy":"category","embeddable":true,"href":"https:\/\/www.altominho.tv\/site\/wp-json\/wp\/v2\/categories?post=110890"},{"taxonomy":"post_tag","embeddable":true,"href":"https:\/\/www.altominho.tv\/site\/wp-json\/wp\/v2\/tags?post=110890"}],"curies":[{"name":"wp","href":"https:\/\/api.w.org\/{rel}","templated":true}]}}