{"id":110881,"date":"2024-09-27T09:48:49","date_gmt":"2024-09-27T08:48:49","guid":{"rendered":"https:\/\/www.altominho.tv\/site\/?p=110881"},"modified":"2024-09-27T09:48:52","modified_gmt":"2024-09-27T08:48:52","slug":"oe2025-ventura-admite-voltar-a-falar-com-montenegro-caso-o-governo-falhe-acordo-com-ps","status":"publish","type":"post","link":"https:\/\/www.altominho.tv\/site\/2024\/09\/27\/oe2025-ventura-admite-voltar-a-falar-com-montenegro-caso-o-governo-falhe-acordo-com-ps\/","title":{"rendered":"OE2025: Ventura admite voltar a falar com Montenegro caso o Governo falhe acordo com PS\u00a0"},"content":{"rendered":"\n<p>O presidente do Chega admitiu voltar a falar com o primeiro-ministro sobre o Or\u00e7amento para 2025 se as negocia\u00e7\u00f5es com o secret\u00e1rio-geral do PS falharem, embora advertindo que n\u00e3o \u00e9 \u201cplano B de ningu\u00e9m\u201d.<\/p>\n\n\n\n<p>Em declara\u00e7\u00f5es aos jornalistas, na Assembleia da Rep\u00fablica, Andr\u00e9 Ventura considerou que o Governo PSD\/CDS-PP \u201cperdeu a oportunidade de ter uma maioria no parlamento\u201d ao eleger o PS como interlocutor preferencial. E advogou que, se houver uma crise pol\u00edtica, haver\u00e1 dois respons\u00e1veis: Lu\u00eds Montenegro e Pedro Nuno Santos.<\/p>\n\n\n\n<p>Interrogado se est\u00e1 dispon\u00edvel para voltar a conversar com Lu\u00eds Montenegro sobre o Or\u00e7amento do Estado para 2025, o presidente do Chega disse que n\u00e3o tem marcada uma nova reuni\u00e3o com o primeiro-ministro, mas admitiu que esse di\u00e1logo poder\u00e1 ocorrer caso Governo e PS n\u00e3o se entendam.<\/p>\n\n\n\n<p>\u201cDiria que, provavelmente, voltaremos a falar, como qualquer l\u00edder respons\u00e1vel de partido e como qualquer primeiro-ministro respons\u00e1vel. Isso quer dizer que o Chega mudar\u00e1 de posi\u00e7\u00e3o ou ter\u00e1 um plano B? N\u00e3o\u201d, assegurou.<\/p>\n\n\n\n<p>Andr\u00e9 Ventura acentuou que voltar\u00e1 a conversar com Lu\u00eds Montenegro \u201csempre que for necess\u00e1rio\u201d, alegando que nunca se furtou a falar com os titulares de cargos pol\u00edticos.<\/p>\n\n\n\n<p>E, perante os jornalistas, at\u00e9 antecipou como poder\u00e1 correr essa sua eventual conversa com o l\u00edder do executivo PSD\/CDS-PP.<\/p>\n\n\n\n<p>\u201cPortanto, se sexta-feira, a reuni\u00e3o com o PS n\u00e3o permitir uma viabiliza\u00e7\u00e3o do Or\u00e7amento, o prov\u00e1vel \u00e9 que haja uma nova reuni\u00e3o entre o Chega e o primeiro-ministro. Provavelmente essa reuni\u00e3o com o Chega ser\u00e1 para dizer isto: Lu\u00eds [Montenegro], o tempo acabou e acho que o rel\u00f3gio chegou ao seu ponto final\u201d, referiu.<\/p>\n\n\n\n<p>Nesse cen\u00e1rio de desacordo em torno do Or\u00e7amento, segundo Andr\u00e9 Ventura, \u201cs\u00f3 h\u00e1 uma solu\u00e7\u00e3o para isto &#8211; e todos sabem qual \u00e9 essa solu\u00e7\u00e3o, mesmo que n\u00e3o gostem\u201d.<\/p>\n\n\n\n<p>\u201cProvavelmente essa \u00faltima reuni\u00e3o [com Montenegro] ser\u00e1 para o Chega lhe dizer isso mesmo\u201d, declarou, numa alus\u00e3o \u00e0 possibilidade de uma nova crise pol\u00edtica com elei\u00e7\u00f5es antecipadas.<\/p>\n\n\n\n<p>Andr\u00e9 Ventura referiu-se tamb\u00e9m a uma mensagem que o l\u00edder parlamentar do PSD enviou aos seus deputados, dizendo que Hugo Soares lhes pediu ent\u00e3o para n\u00e3o atacarem o PS nos pr\u00f3ximos dias.<\/p>\n\n\n\n<p>\u201cO Governo perdeu uma incr\u00edvel oportunidade de ter uma maioria no parlamento, com estabilidade para o pa\u00eds. Provavelmente, o pa\u00eds caminha agora para uma crise pol\u00edtica, com grande probabilidade. E ningu\u00e9m sabe como acabar\u00e1 essa crise pol\u00edtica\u201d, avisou, antes de atacar Pedro Nuno Santos e Lu\u00eds Montenegro.<\/p>\n\n\n\n<p>\u201cPedro Nuno Santos ser\u00e1 respons\u00e1vel pelo que for, mas haver\u00e1 um respons\u00e1vel essa crise pol\u00edtica, chama-se Lu\u00eds Montenegro: O primeiro-ministro, que n\u00e3o quis nenhuma maioria, percebeu agora que o Governo n\u00e3o se sust\u00e9m no parlamento sem uma maioria parlamentar. Percebeu tarde para algu\u00e9m que tem a experi\u00eancia parlamentar que Lu\u00eds Montenegro tem\u201d, criticou.<\/p>\n\n\n\n<p>Neste ponto, no entanto, Andr\u00e9 Ventura adiantou que, at\u00e9 ao fim, ir\u00e1 acreditar \u201cque vai haver algum jogo de bastidores entre PS e PSD que permita a viabiliza\u00e7\u00e3o\u201d, do Or\u00e7amento.<\/p>\n\n\n\n<p>\u201cSe n\u00e3o for esse o caso, c\u00e1 estaremos para assumir essas consequ\u00eancias pol\u00edticas\u201d, acrescentou.<\/p>\n","protected":false},"excerpt":{"rendered":"<p>O presidente do Chega admitiu voltar a falar com o primeiro-ministro sobre o Or\u00e7amento para 2025 se as negocia\u00e7\u00f5es com o secret\u00e1rio-geral do PS falharem, embora advertindo que n\u00e3o \u00e9 \u201cplano B de ningu\u00e9m\u201d. Em declara\u00e7\u00f5es aos jornalistas, na Assembleia da Rep\u00fablica, Andr\u00e9 Ventura considerou que o Governo PSD\/CDS-PP \u201cperdeu a oportunidade de ter uma [&hellip;]<\/p>\n","protected":false},"author":16,"featured_media":110882,"comment_status":"closed","ping_status":"closed","sticky":false,"template":"","format":"standard","meta":{"_exactmetrics_skip_tracking":false,"_exactmetrics_sitenote_active":false,"_exactmetrics_sitenote_note":"","_exactmetrics_sitenote_category":0,"footnotes":""},"categories":[56325],"tags":[21,56326],"class_list":["post-110881","post","type-post","status-publish","format-standard","has-post-thumbnail","hentry","category-pais","tag-economia","tag-politica"],"yoast_head":"<!-- This site is optimized with the Yoast SEO Premium plugin v27.5 (Yoast SEO v27.5) - https:\/\/yoast.com\/product\/yoast-seo-premium-wordpress\/ -->\n<title>OE2025: Ventura admite voltar a falar com Montenegro caso o Governo falhe acordo com PS\u00a0<\/title>\n<meta name=\"description\" content=\"OE2025: Andr\u00e9 Ventura admitiu voltar a falar com Montenegro caso o Governo falhe acordo com PS.\" \/>\n<meta name=\"robots\" content=\"index, follow, max-snippet:-1, max-image-preview:large, max-video-preview:-1\" \/>\n<link rel=\"canonical\" href=\"https:\/\/www.altominho.tv\/site\/2024\/09\/27\/oe2025-ventura-admite-voltar-a-falar-com-montenegro-caso-o-governo-falhe-acordo-com-ps\/\" \/>\n<meta property=\"og:locale\" content=\"pt_PT\" \/>\n<meta property=\"og:type\" content=\"article\" \/>\n<meta property=\"og:title\" content=\"OE2025: Ventura admite voltar a falar com Montenegro caso o Governo falhe acordo com PS\u00a0\" \/>\n<meta property=\"og:description\" content=\"OE2025: Andr\u00e9 Ventura admitiu voltar a falar com Montenegro caso o Governo falhe acordo com PS.\" \/>\n<meta property=\"og:url\" content=\"https:\/\/www.altominho.tv\/site\/2024\/09\/27\/oe2025-ventura-admite-voltar-a-falar-com-montenegro-caso-o-governo-falhe-acordo-com-ps\/\" \/>\n<meta property=\"og:site_name\" content=\"Altominho.tv\" \/>\n<meta property=\"article:publisher\" content=\"https:\/\/www.facebook.com\/altominhotv\" \/>\n<meta property=\"article:published_time\" content=\"2024-09-27T08:48:49+00:00\" \/>\n<meta property=\"article:modified_time\" content=\"2024-09-27T08:48:52+00:00\" \/>\n<meta property=\"og:image\" content=\"https:\/\/www.altominho.tv\/site\/wp-content\/uploads\/2024\/09\/ventura.jpg\" \/>\n\t<meta property=\"og:image:width\" content=\"1280\" \/>\n\t<meta property=\"og:image:height\" content=\"720\" \/>\n\t<meta property=\"og:image:type\" content=\"image\/jpeg\" \/>\n<meta name=\"author\" content=\"Andreia Cunha | Lusa\" \/>\n<meta name=\"twitter:card\" content=\"summary_large_image\" \/>\n<meta name=\"twitter:creator\" content=\"@altominhoTV\" \/>\n<meta name=\"twitter:site\" content=\"@altominhoTV\" \/>\n<meta name=\"twitter:label1\" content=\"Escrito por\" \/>\n\t<meta name=\"twitter:data1\" content=\"Andreia Cunha | Lusa\" \/>\n\t<meta name=\"twitter:label2\" content=\"Tempo estimado de leitura\" \/>\n\t<meta name=\"twitter:data2\" content=\"3 minutos\" \/>\n<script type=\"application\/ld+json\" class=\"yoast-schema-graph\">{\"@context\":\"https:\\\/\\\/schema.org\",\"@graph\":[{\"@type\":\"Article\",\"@id\":\"https:\\\/\\\/www.altominho.tv\\\/site\\\/2024\\\/09\\\/27\\\/oe2025-ventura-admite-voltar-a-falar-com-montenegro-caso-o-governo-falhe-acordo-com-ps\\\/#article\",\"isPartOf\":{\"@id\":\"https:\\\/\\\/www.altominho.tv\\\/site\\\/2024\\\/09\\\/27\\\/oe2025-ventura-admite-voltar-a-falar-com-montenegro-caso-o-governo-falhe-acordo-com-ps\\\/\"},\"author\":{\"name\":\"Andreia Cunha | Lusa\",\"@id\":\"https:\\\/\\\/www.altominho.tv\\\/site\\\/#\\\/schema\\\/person\\\/dbaf181c01b51ff40c9f461a905d321e\"},\"headline\":\"OE2025: Ventura admite voltar a falar com Montenegro caso o Governo falhe acordo com PS\u00a0\",\"datePublished\":\"2024-09-27T08:48:49+00:00\",\"dateModified\":\"2024-09-27T08:48:52+00:00\",\"mainEntityOfPage\":{\"@id\":\"https:\\\/\\\/www.altominho.tv\\\/site\\\/2024\\\/09\\\/27\\\/oe2025-ventura-admite-voltar-a-falar-com-montenegro-caso-o-governo-falhe-acordo-com-ps\\\/\"},\"wordCount\":576,\"image\":{\"@id\":\"https:\\\/\\\/www.altominho.tv\\\/site\\\/2024\\\/09\\\/27\\\/oe2025-ventura-admite-voltar-a-falar-com-montenegro-caso-o-governo-falhe-acordo-com-ps\\\/#primaryimage\"},\"thumbnailUrl\":\"https:\\\/\\\/www.altominho.tv\\\/site\\\/wp-content\\\/uploads\\\/2024\\\/09\\\/ventura.jpg\",\"keywords\":[\"Economia\",\"Pol\u00edtica\"],\"articleSection\":[\"Pa\u00eds\"],\"inLanguage\":\"pt-PT\",\"copyrightYear\":\"2024\",\"copyrightHolder\":{\"@id\":\"https:\\\/\\\/www.altominho.tv\\\/site\\\/#organization\"}},{\"@type\":\"WebPage\",\"@id\":\"https:\\\/\\\/www.altominho.tv\\\/site\\\/2024\\\/09\\\/27\\\/oe2025-ventura-admite-voltar-a-falar-com-montenegro-caso-o-governo-falhe-acordo-com-ps\\\/\",\"url\":\"https:\\\/\\\/www.altominho.tv\\\/site\\\/2024\\\/09\\\/27\\\/oe2025-ventura-admite-voltar-a-falar-com-montenegro-caso-o-governo-falhe-acordo-com-ps\\\/\",\"name\":\"OE2025: Ventura admite voltar a falar com Montenegro caso o Governo falhe acordo com PS\u00a0\",\"isPartOf\":{\"@id\":\"https:\\\/\\\/www.altominho.tv\\\/site\\\/#website\"},\"primaryImageOfPage\":{\"@id\":\"https:\\\/\\\/www.altominho.tv\\\/site\\\/2024\\\/09\\\/27\\\/oe2025-ventura-admite-voltar-a-falar-com-montenegro-caso-o-governo-falhe-acordo-com-ps\\\/#primaryimage\"},\"image\":{\"@id\":\"https:\\\/\\\/www.altominho.tv\\\/site\\\/2024\\\/09\\\/27\\\/oe2025-ventura-admite-voltar-a-falar-com-montenegro-caso-o-governo-falhe-acordo-com-ps\\\/#primaryimage\"},\"thumbnailUrl\":\"https:\\\/\\\/www.altominho.tv\\\/site\\\/wp-content\\\/uploads\\\/2024\\\/09\\\/ventura.jpg\",\"datePublished\":\"2024-09-27T08:48:49+00:00\",\"dateModified\":\"2024-09-27T08:48:52+00:00\",\"author\":{\"@id\":\"https:\\\/\\\/www.altominho.tv\\\/site\\\/#\\\/schema\\\/person\\\/dbaf181c01b51ff40c9f461a905d321e\"},\"description\":\"OE2025: Andr\u00e9 Ventura admitiu voltar a falar com Montenegro caso o Governo falhe acordo com PS.\",\"breadcrumb\":{\"@id\":\"https:\\\/\\\/www.altominho.tv\\\/site\\\/2024\\\/09\\\/27\\\/oe2025-ventura-admite-voltar-a-falar-com-montenegro-caso-o-governo-falhe-acordo-com-ps\\\/#breadcrumb\"},\"inLanguage\":\"pt-PT\",\"potentialAction\":[{\"@type\":\"ReadAction\",\"target\":[\"https:\\\/\\\/www.altominho.tv\\\/site\\\/2024\\\/09\\\/27\\\/oe2025-ventura-admite-voltar-a-falar-com-montenegro-caso-o-governo-falhe-acordo-com-ps\\\/\"]}]},{\"@type\":\"ImageObject\",\"inLanguage\":\"pt-PT\",\"@id\":\"https:\\\/\\\/www.altominho.tv\\\/site\\\/2024\\\/09\\\/27\\\/oe2025-ventura-admite-voltar-a-falar-com-montenegro-caso-o-governo-falhe-acordo-com-ps\\\/#primaryimage\",\"url\":\"https:\\\/\\\/www.altominho.tv\\\/site\\\/wp-content\\\/uploads\\\/2024\\\/09\\\/ventura.jpg\",\"contentUrl\":\"https:\\\/\\\/www.altominho.tv\\\/site\\\/wp-content\\\/uploads\\\/2024\\\/09\\\/ventura.jpg\",\"width\":1280,\"height\":720},{\"@type\":\"BreadcrumbList\",\"@id\":\"https:\\\/\\\/www.altominho.tv\\\/site\\\/2024\\\/09\\\/27\\\/oe2025-ventura-admite-voltar-a-falar-com-montenegro-caso-o-governo-falhe-acordo-com-ps\\\/#breadcrumb\",\"itemListElement\":[{\"@type\":\"ListItem\",\"position\":1,\"name\":\"In\u00edcio\",\"item\":\"https:\\\/\\\/www.altominho.tv\\\/site\\\/\"},{\"@type\":\"ListItem\",\"position\":2,\"name\":\"OE2025: Ventura admite voltar a falar com Montenegro caso o Governo falhe acordo com PS\u00a0\"}]},{\"@type\":\"WebSite\",\"@id\":\"https:\\\/\\\/www.altominho.tv\\\/site\\\/#website\",\"url\":\"https:\\\/\\\/www.altominho.tv\\\/site\\\/\",\"name\":\"Altominho.tv\",\"description\":\"A sua regi\u00e3o \u00e0 dist\u00e2ncia de um clique...\",\"potentialAction\":[{\"@type\":\"SearchAction\",\"target\":{\"@type\":\"EntryPoint\",\"urlTemplate\":\"https:\\\/\\\/www.altominho.tv\\\/site\\\/?s={search_term_string}\"},\"query-input\":{\"@type\":\"PropertyValueSpecification\",\"valueRequired\":true,\"valueName\":\"search_term_string\"}}],\"inLanguage\":\"pt-PT\"},{\"@type\":\"Person\",\"@id\":\"https:\\\/\\\/www.altominho.tv\\\/site\\\/#\\\/schema\\\/person\\\/dbaf181c01b51ff40c9f461a905d321e\",\"name\":\"Andreia Cunha | Lusa\",\"image\":{\"@type\":\"ImageObject\",\"inLanguage\":\"pt-PT\",\"@id\":\"https:\\\/\\\/www.altominho.tv\\\/site\\\/wp-content\\\/uploads\\\/2017\\\/11\\\/Andreia_Cunha-1-150x150.jpg\",\"url\":\"https:\\\/\\\/www.altominho.tv\\\/site\\\/wp-content\\\/uploads\\\/2017\\\/11\\\/Andreia_Cunha-1-150x150.jpg\",\"contentUrl\":\"https:\\\/\\\/www.altominho.tv\\\/site\\\/wp-content\\\/uploads\\\/2017\\\/11\\\/Andreia_Cunha-1-150x150.jpg\",\"caption\":\"Andreia Cunha | Lusa\"},\"sameAs\":[\"https:\\\/\\\/www.altominho.tv\\\/site\"],\"url\":\"https:\\\/\\\/www.altominho.tv\\\/site\\\/author\\\/andreiacunhalusa\\\/\"}]}<\/script>\n<!-- \/ Yoast SEO Premium plugin. -->","yoast_head_json":{"title":"OE2025: Ventura admite voltar a falar com Montenegro caso o Governo falhe acordo com PS\u00a0","description":"OE2025: Andr\u00e9 Ventura admitiu voltar a falar com Montenegro caso o Governo falhe acordo com PS.","robots":{"index":"index","follow":"follow","max-snippet":"max-snippet:-1","max-image-preview":"max-image-preview:large","max-video-preview":"max-video-preview:-1"},"canonical":"https:\/\/www.altominho.tv\/site\/2024\/09\/27\/oe2025-ventura-admite-voltar-a-falar-com-montenegro-caso-o-governo-falhe-acordo-com-ps\/","og_locale":"pt_PT","og_type":"article","og_title":"OE2025: Ventura admite voltar a falar com Montenegro caso o Governo falhe acordo com PS\u00a0","og_description":"OE2025: Andr\u00e9 Ventura admitiu voltar a falar com Montenegro caso o Governo falhe acordo com PS.","og_url":"https:\/\/www.altominho.tv\/site\/2024\/09\/27\/oe2025-ventura-admite-voltar-a-falar-com-montenegro-caso-o-governo-falhe-acordo-com-ps\/","og_site_name":"Altominho.tv","article_publisher":"https:\/\/www.facebook.com\/altominhotv","article_published_time":"2024-09-27T08:48:49+00:00","article_modified_time":"2024-09-27T08:48:52+00:00","og_image":[{"width":1280,"height":720,"url":"https:\/\/www.altominho.tv\/site\/wp-content\/uploads\/2024\/09\/ventura.jpg","type":"image\/jpeg"}],"author":"Andreia Cunha | Lusa","twitter_card":"summary_large_image","twitter_creator":"@altominhoTV","twitter_site":"@altominhoTV","twitter_misc":{"Escrito por":"Andreia Cunha | Lusa","Tempo estimado de leitura":"3 minutos"},"schema":{"@context":"https:\/\/schema.org","@graph":[{"@type":"Article","@id":"https:\/\/www.altominho.tv\/site\/2024\/09\/27\/oe2025-ventura-admite-voltar-a-falar-com-montenegro-caso-o-governo-falhe-acordo-com-ps\/#article","isPartOf":{"@id":"https:\/\/www.altominho.tv\/site\/2024\/09\/27\/oe2025-ventura-admite-voltar-a-falar-com-montenegro-caso-o-governo-falhe-acordo-com-ps\/"},"author":{"name":"Andreia Cunha | Lusa","@id":"https:\/\/www.altominho.tv\/site\/#\/schema\/person\/dbaf181c01b51ff40c9f461a905d321e"},"headline":"OE2025: Ventura admite voltar a falar com Montenegro caso o Governo falhe acordo com PS\u00a0","datePublished":"2024-09-27T08:48:49+00:00","dateModified":"2024-09-27T08:48:52+00:00","mainEntityOfPage":{"@id":"https:\/\/www.altominho.tv\/site\/2024\/09\/27\/oe2025-ventura-admite-voltar-a-falar-com-montenegro-caso-o-governo-falhe-acordo-com-ps\/"},"wordCount":576,"image":{"@id":"https:\/\/www.altominho.tv\/site\/2024\/09\/27\/oe2025-ventura-admite-voltar-a-falar-com-montenegro-caso-o-governo-falhe-acordo-com-ps\/#primaryimage"},"thumbnailUrl":"https:\/\/www.altominho.tv\/site\/wp-content\/uploads\/2024\/09\/ventura.jpg","keywords":["Economia","Pol\u00edtica"],"articleSection":["Pa\u00eds"],"inLanguage":"pt-PT","copyrightYear":"2024","copyrightHolder":{"@id":"https:\/\/www.altominho.tv\/site\/#organization"}},{"@type":"WebPage","@id":"https:\/\/www.altominho.tv\/site\/2024\/09\/27\/oe2025-ventura-admite-voltar-a-falar-com-montenegro-caso-o-governo-falhe-acordo-com-ps\/","url":"https:\/\/www.altominho.tv\/site\/2024\/09\/27\/oe2025-ventura-admite-voltar-a-falar-com-montenegro-caso-o-governo-falhe-acordo-com-ps\/","name":"OE2025: Ventura admite voltar a falar com Montenegro caso o Governo falhe acordo com PS\u00a0","isPartOf":{"@id":"https:\/\/www.altominho.tv\/site\/#website"},"primaryImageOfPage":{"@id":"https:\/\/www.altominho.tv\/site\/2024\/09\/27\/oe2025-ventura-admite-voltar-a-falar-com-montenegro-caso-o-governo-falhe-acordo-com-ps\/#primaryimage"},"image":{"@id":"https:\/\/www.altominho.tv\/site\/2024\/09\/27\/oe2025-ventura-admite-voltar-a-falar-com-montenegro-caso-o-governo-falhe-acordo-com-ps\/#primaryimage"},"thumbnailUrl":"https:\/\/www.altominho.tv\/site\/wp-content\/uploads\/2024\/09\/ventura.jpg","datePublished":"2024-09-27T08:48:49+00:00","dateModified":"2024-09-27T08:48:52+00:00","author":{"@id":"https:\/\/www.altominho.tv\/site\/#\/schema\/person\/dbaf181c01b51ff40c9f461a905d321e"},"description":"OE2025: Andr\u00e9 Ventura admitiu voltar a falar com Montenegro caso o Governo falhe acordo com PS.","breadcrumb":{"@id":"https:\/\/www.altominho.tv\/site\/2024\/09\/27\/oe2025-ventura-admite-voltar-a-falar-com-montenegro-caso-o-governo-falhe-acordo-com-ps\/#breadcrumb"},"inLanguage":"pt-PT","potentialAction":[{"@type":"ReadAction","target":["https:\/\/www.altominho.tv\/site\/2024\/09\/27\/oe2025-ventura-admite-voltar-a-falar-com-montenegro-caso-o-governo-falhe-acordo-com-ps\/"]}]},{"@type":"ImageObject","inLanguage":"pt-PT","@id":"https:\/\/www.altominho.tv\/site\/2024\/09\/27\/oe2025-ventura-admite-voltar-a-falar-com-montenegro-caso-o-governo-falhe-acordo-com-ps\/#primaryimage","url":"https:\/\/www.altominho.tv\/site\/wp-content\/uploads\/2024\/09\/ventura.jpg","contentUrl":"https:\/\/www.altominho.tv\/site\/wp-content\/uploads\/2024\/09\/ventura.jpg","width":1280,"height":720},{"@type":"BreadcrumbList","@id":"https:\/\/www.altominho.tv\/site\/2024\/09\/27\/oe2025-ventura-admite-voltar-a-falar-com-montenegro-caso-o-governo-falhe-acordo-com-ps\/#breadcrumb","itemListElement":[{"@type":"ListItem","position":1,"name":"In\u00edcio","item":"https:\/\/www.altominho.tv\/site\/"},{"@type":"ListItem","position":2,"name":"OE2025: Ventura admite voltar a falar com Montenegro caso o Governo falhe acordo com PS\u00a0"}]},{"@type":"WebSite","@id":"https:\/\/www.altominho.tv\/site\/#website","url":"https:\/\/www.altominho.tv\/site\/","name":"Altominho.tv","description":"A sua regi\u00e3o \u00e0 dist\u00e2ncia de um clique...","potentialAction":[{"@type":"SearchAction","target":{"@type":"EntryPoint","urlTemplate":"https:\/\/www.altominho.tv\/site\/?s={search_term_string}"},"query-input":{"@type":"PropertyValueSpecification","valueRequired":true,"valueName":"search_term_string"}}],"inLanguage":"pt-PT"},{"@type":"Person","@id":"https:\/\/www.altominho.tv\/site\/#\/schema\/person\/dbaf181c01b51ff40c9f461a905d321e","name":"Andreia Cunha | Lusa","image":{"@type":"ImageObject","inLanguage":"pt-PT","@id":"https:\/\/www.altominho.tv\/site\/wp-content\/uploads\/2017\/11\/Andreia_Cunha-1-150x150.jpg","url":"https:\/\/www.altominho.tv\/site\/wp-content\/uploads\/2017\/11\/Andreia_Cunha-1-150x150.jpg","contentUrl":"https:\/\/www.altominho.tv\/site\/wp-content\/uploads\/2017\/11\/Andreia_Cunha-1-150x150.jpg","caption":"Andreia Cunha | Lusa"},"sameAs":["https:\/\/www.altominho.tv\/site"],"url":"https:\/\/www.altominho.tv\/site\/author\/andreiacunhalusa\/"}]}},"_links":{"self":[{"href":"https:\/\/www.altominho.tv\/site\/wp-json\/wp\/v2\/posts\/110881","targetHints":{"allow":["GET"]}}],"collection":[{"href":"https:\/\/www.altominho.tv\/site\/wp-json\/wp\/v2\/posts"}],"about":[{"href":"https:\/\/www.altominho.tv\/site\/wp-json\/wp\/v2\/types\/post"}],"author":[{"embeddable":true,"href":"https:\/\/www.altominho.tv\/site\/wp-json\/wp\/v2\/users\/16"}],"replies":[{"embeddable":true,"href":"https:\/\/www.altominho.tv\/site\/wp-json\/wp\/v2\/comments?post=110881"}],"version-history":[{"count":1,"href":"https:\/\/www.altominho.tv\/site\/wp-json\/wp\/v2\/posts\/110881\/revisions"}],"predecessor-version":[{"id":110883,"href":"https:\/\/www.altominho.tv\/site\/wp-json\/wp\/v2\/posts\/110881\/revisions\/110883"}],"wp:featuredmedia":[{"embeddable":true,"href":"https:\/\/www.altominho.tv\/site\/wp-json\/wp\/v2\/media\/110882"}],"wp:attachment":[{"href":"https:\/\/www.altominho.tv\/site\/wp-json\/wp\/v2\/media?parent=110881"}],"wp:term":[{"taxonomy":"category","embeddable":true,"href":"https:\/\/www.altominho.tv\/site\/wp-json\/wp\/v2\/categories?post=110881"},{"taxonomy":"post_tag","embeddable":true,"href":"https:\/\/www.altominho.tv\/site\/wp-json\/wp\/v2\/tags?post=110881"}],"curies":[{"name":"wp","href":"https:\/\/api.w.org\/{rel}","templated":true}]}}