{"id":110843,"date":"2024-09-25T15:32:59","date_gmt":"2024-09-25T14:32:59","guid":{"rendered":"https:\/\/www.altominho.tv\/site\/?p=110843"},"modified":"2024-09-25T15:34:37","modified_gmt":"2024-09-25T14:34:37","slug":"viana-do-castelo-animais-dhe","status":"publish","type":"post","link":"https:\/\/www.altominho.tv\/site\/2024\/09\/25\/viana-do-castelo-animais-dhe\/","title":{"rendered":"Viana do Castelo tem 13 explora\u00e7\u00f5es afetadas, 13 casos positivos para DHE e uma morte"},"content":{"rendered":"\n<p>O distrito de Bragan\u00e7a \u00e9 o mais afetado do pa\u00eds por casos registados de doen\u00e7a hemorr\u00e1gica epizo\u00f3tica (DHE), com 171 explora\u00e7\u00e3o de gado afetadas, 122 animais contaminados e 17 mortos, desde 17 julho.<\/p>\n\n\n\n<p>De acordo com o \u00faltimo relat\u00f3rio da Dire\u00e7\u00e3o-Geral de Alimenta\u00e7\u00e3o e Veterin\u00e1ria (DGAV), emitido na sexta-feira, em Bragan\u00e7a Vinhais \u00e9 o concelho mais afetado com 107 explora\u00e7\u00f5es pecu\u00e1rias atingidas pela doen\u00e7a.<\/p>\n\n\n\n<p>O primeiro foco de DHE referente a 2024 foi detetado no concelho de Vinhais, no distrito de Bragan\u00e7a, em 17 de julho.<\/p>\n\n\n\n<p>No distrito de Bragan\u00e7a h\u00e1 ainda uma explora\u00e7\u00e3o de veados afetada, com o registo de tr\u00eas animais contaminados, visto que a DHE tamb\u00e9m ataca os cerv\u00eddeos.<\/p>\n\n\n\n<p>Segue-se o distrito de Vila Real, com 83 explora\u00e7\u00f5es com casos positivos para DHE, e 120 bovinos afetados, e uma morte, com destaque para os concelhos de Vila Pouca de Aguiar onde se registam 31 explora\u00e7\u00f5es com focos de DHE.<\/p>\n\n\n\n<p>J\u00e1 o distrito de Braga apresenta 21 explora\u00e7\u00f5es afetadas e 26 casos.<\/p>\n\n\n\n<p>Viana do Castelo tem 13 explora\u00e7\u00f5es afetadas com um total de 13 casos positivos para DHE e uma morte.<\/p>\n\n\n\n<p>No resto do pa\u00eds, foram tamb\u00e9m detetados alguns casos na Guarda (quatro explora\u00e7\u00f5es), em Leiria (uma explora\u00e7\u00e3o), Aveiro (uma), Faro(uma), Porto (uma), Santar\u00e9m (uma) e Beja (uma).<\/p>\n\n\n\n<p>No total s\u00e3o 249 explora\u00e7\u00f5es afetadas no pa\u00eds inteiro, com 400 animais contaminados por DHE e 20 animais mortos.<\/p>\n\n\n\n<p>O relat\u00f3rio de casos de infe\u00e7\u00e3o ou morte por DHE \u00e9 atualizado todas as semanas, por norma no \u00faltimo dia \u00fatil.<\/p>\n\n\n\n<p>Em declara\u00e7\u00f5es \u00e0 Lusa, o presidente da C\u00e2mara de Vinhais, Lu\u00eds Fernandes, disse que o munic\u00edpio est\u00e1 a apoiar os produtores pecu\u00e1rios na compra da desinfe\u00e7\u00e3o do est\u00e1bulo.<\/p>\n\n\n\n<p>\u201cPretendemos reunir com a DGAV e com a Dire\u00e7\u00e3o Regional de Agricultura, tendo em aten\u00e7\u00e3o a vacina existente para doen\u00e7a, porque\u00a0ainda h\u00e1 muitas d\u00favidas em rela\u00e7\u00e3o \u00e0 sua utiliza\u00e7\u00e3o. N\u00e3o h\u00e1 d\u00favida que o concelho de Vinhais foi este ano dos mais afetados pela doen\u00e7a hemorr\u00e1gica e era bom que houvesse algum apoios do Governo para os produtores afetados\u201d, indicou o autarca.<\/p>\n\n\n\n<p>Lu\u00eds Fernandes falou em perdas de animais contaminados pelas doen\u00e7as e outros que ficam afetados pela DHE.<\/p>\n\n\n\n<p>\u201cH\u00e1 que v\u00e1rios preju\u00edzos que se acumulam e que n\u00e3o tem s\u00f3 a ver com a morte dos animais e haver uma domina\u00e7\u00e3o do efetivos o que prejudica os concelho. Estamos a falar de um concelho em que a pecu\u00e1ria tem um grande import\u00e2ncia em termos econ\u00f3micos, vincou.<\/p>\n\n\n\n<p>O autarca relembrou que o munic\u00edpio ao qual preside \u00e9 dos que mais apoia a sanidade animal e continua disposto a apoiar.<\/p>\n\n\n\n<p>\u201cMas, n\u00e3o podemos apoiar sem ter um suporte t\u00e9cnico daquilo que podemos fazer e, da\u00ed, um pedido de reuni\u00e3o com autoridades competentes\u201d, acrescentou.<\/p>\n\n\n\n<p>A diretora-geral de Alimenta\u00e7\u00e3o e Veterin\u00e1ria, Susana Pombo, disse em 06 setembro que a DHE apareceu pela primeira vez em 2023 e, como \u00e9 transmitida por um vetor [mosquito], est\u00e1 muito associada \u00e0s altas temperaturas se fizeram sentir.<\/p>\n\n\n\n<p>\u201cEste ano temos uma situa\u00e7\u00e3o [epidemiol\u00f3gica] diferente, relativamente ao ano passado, porque a ind\u00fastria farmac\u00eautica disponibiliza uma vacina autorizada pela DGAV para utiliza\u00e7\u00e3o tempor\u00e1ria pelo prazo de um ano, cuja data de comercializa\u00e7\u00e3o teve in\u00edcio na passada quinta-feira\u201d, 5 de setembro, indicou na altura a respons\u00e1vel.<\/p>\n\n\n\n<p>Susana Pombo acrescentou ainda na mesma data que a DGAV atualizou o seu Edital, sendo que \u201cesta vacina \u00e9 de aplica\u00e7\u00e3o volunt\u00e1ria por parte dos produtores pecu\u00e1rios. A vacina est\u00e1 dispon\u00edvel nos distribuidores nacionais\u201d.<\/p>\n\n\n\n<p>A respons\u00e1vel pela DGAV disse ainda que \u201cqualquer m\u00e9dico veterin\u00e1rio com c\u00e9dula profissional ativa pode prescrever a vacina contra a DHE e de acordo com as condi\u00e7\u00f5es sanit\u00e1rias que apresentem, entenda que os animais possam ser mais protegidos\u201d.<\/p>\n\n\n\n<p>Susana Pombo apelou ainda \u00e0 utiliza\u00e7\u00e3o de desinsetiza\u00e7\u00e3o j\u00e1 que o ve\u00edculo transmiss\u00edvel da doen\u00e7a \u00e9 um mosquito.<\/p>\n\n\n\n<p>A respons\u00e1vel alertou ainda que a DHE s\u00f3 afeta animais e n\u00e3o \u00e9 transmiss\u00edvel a humanos, sendo \u201cimportante que as pessoas tenham essa no\u00e7\u00e3o&#8221;.<\/p>\n\n\n\n<p>A DGAV informou ainda atrav\u00e9s de Edital que os animais com sinais cl\u00ednicos de DHE n\u00e3o podem ser movimentados.<\/p>\n\n\n\n<p>Os principais sintomas da DHE registados nos bovinos s\u00e3o coxeia, falta de apetite e \u00falceras na boca, uma situa\u00e7\u00e3o que provoca a degrada\u00e7\u00e3o do estado de sa\u00fade dos bovinos, que os pode \u201clevar \u00e0 morte.<\/p>\n\n\n\n<p>A DHE \u00e9 uma doen\u00e7a de etiologia viral que afeta os ruminantes, em especial os bovinos e os cerv\u00eddeos selvagens, com transmiss\u00e3o vetorial (por mosquito), que est\u00e1 inclu\u00edda na lista de doen\u00e7as de declara\u00e7\u00e3o obrigat\u00f3ria da Organiza\u00e7\u00e3o Mundial de Sa\u00fade Animal (OMSA).<\/p>\n","protected":false},"excerpt":{"rendered":"<p>O distrito de Bragan\u00e7a \u00e9 o mais afetado do pa\u00eds por casos registados de doen\u00e7a hemorr\u00e1gica epizo\u00f3tica (DHE), com 171 explora\u00e7\u00e3o de gado afetadas, 122 animais contaminados e 17 mortos, desde 17 julho. De acordo com o \u00faltimo relat\u00f3rio da Dire\u00e7\u00e3o-Geral de Alimenta\u00e7\u00e3o e Veterin\u00e1ria (DGAV), emitido na sexta-feira, em Bragan\u00e7a Vinhais \u00e9 o concelho [&hellip;]<\/p>\n","protected":false},"author":16,"featured_media":110844,"comment_status":"closed","ping_status":"closed","sticky":false,"template":"","format":"standard","meta":{"_exactmetrics_skip_tracking":false,"_exactmetrics_sitenote_active":false,"_exactmetrics_sitenote_note":"","_exactmetrics_sitenote_category":0,"footnotes":""},"categories":[14],"tags":[27],"class_list":["post-110843","post","type-post","status-publish","format-standard","has-post-thumbnail","hentry","category-viana-do-castelo","tag-sociedade"],"yoast_head":"<!-- This site is optimized with the Yoast SEO Premium plugin v27.4 (Yoast SEO v27.4) - https:\/\/yoast.com\/product\/yoast-seo-premium-wordpress\/ -->\n<title>Viana do Castelo tem 13 explora\u00e7\u00f5es afetadas, 13 casos positivos para DHE e uma morte<\/title>\n<meta name=\"description\" content=\"Viana do Castelo tem 13 explora\u00e7\u00f5es afetadas e 13 casos positivos para DHE e uma morte.\" \/>\n<meta name=\"robots\" content=\"index, follow, max-snippet:-1, max-image-preview:large, max-video-preview:-1\" \/>\n<link rel=\"canonical\" href=\"https:\/\/www.altominho.tv\/site\/2024\/09\/25\/viana-do-castelo-animais-dhe\/\" \/>\n<meta property=\"og:locale\" content=\"pt_PT\" \/>\n<meta property=\"og:type\" content=\"article\" \/>\n<meta property=\"og:title\" content=\"Viana do Castelo tem 13 explora\u00e7\u00f5es afetadas, 13 casos positivos para DHE e uma morte\" \/>\n<meta property=\"og:description\" content=\"Viana do Castelo tem 13 explora\u00e7\u00f5es afetadas e 13 casos positivos para DHE e uma morte.\" \/>\n<meta property=\"og:url\" content=\"https:\/\/www.altominho.tv\/site\/2024\/09\/25\/viana-do-castelo-animais-dhe\/\" \/>\n<meta property=\"og:site_name\" content=\"Altominho.tv\" \/>\n<meta property=\"article:publisher\" content=\"https:\/\/www.facebook.com\/altominhotv\" \/>\n<meta property=\"article:published_time\" content=\"2024-09-25T14:32:59+00:00\" \/>\n<meta property=\"article:modified_time\" content=\"2024-09-25T14:34:37+00:00\" \/>\n<meta property=\"og:image\" content=\"https:\/\/www.altominho.tv\/site\/wp-content\/uploads\/2024\/09\/vacas-1.jpg\" \/>\n\t<meta property=\"og:image:width\" content=\"1068\" \/>\n\t<meta property=\"og:image:height\" content=\"712\" \/>\n\t<meta property=\"og:image:type\" content=\"image\/jpeg\" \/>\n<meta name=\"author\" content=\"Andreia Cunha | Lusa\" \/>\n<meta name=\"twitter:card\" content=\"summary_large_image\" \/>\n<meta name=\"twitter:creator\" content=\"@altominhoTV\" \/>\n<meta name=\"twitter:site\" content=\"@altominhoTV\" \/>\n<meta name=\"twitter:label1\" content=\"Escrito por\" \/>\n\t<meta name=\"twitter:data1\" content=\"Andreia Cunha | Lusa\" \/>\n\t<meta name=\"twitter:label2\" content=\"Tempo estimado de leitura\" \/>\n\t<meta name=\"twitter:data2\" content=\"5 minutos\" \/>\n<script type=\"application\/ld+json\" class=\"yoast-schema-graph\">{\"@context\":\"https:\\\/\\\/schema.org\",\"@graph\":[{\"@type\":\"Article\",\"@id\":\"https:\\\/\\\/www.altominho.tv\\\/site\\\/2024\\\/09\\\/25\\\/viana-do-castelo-animais-dhe\\\/#article\",\"isPartOf\":{\"@id\":\"https:\\\/\\\/www.altominho.tv\\\/site\\\/2024\\\/09\\\/25\\\/viana-do-castelo-animais-dhe\\\/\"},\"author\":{\"name\":\"Andreia Cunha | Lusa\",\"@id\":\"https:\\\/\\\/www.altominho.tv\\\/site\\\/#\\\/schema\\\/person\\\/dbaf181c01b51ff40c9f461a905d321e\"},\"headline\":\"Viana do Castelo tem 13 explora\u00e7\u00f5es afetadas, 13 casos positivos para DHE e uma morte\",\"datePublished\":\"2024-09-25T14:32:59+00:00\",\"dateModified\":\"2024-09-25T14:34:37+00:00\",\"mainEntityOfPage\":{\"@id\":\"https:\\\/\\\/www.altominho.tv\\\/site\\\/2024\\\/09\\\/25\\\/viana-do-castelo-animais-dhe\\\/\"},\"wordCount\":837,\"image\":{\"@id\":\"https:\\\/\\\/www.altominho.tv\\\/site\\\/2024\\\/09\\\/25\\\/viana-do-castelo-animais-dhe\\\/#primaryimage\"},\"thumbnailUrl\":\"https:\\\/\\\/www.altominho.tv\\\/site\\\/wp-content\\\/uploads\\\/2024\\\/09\\\/vacas-1.jpg\",\"keywords\":[\"Sociedade\"],\"articleSection\":[\"Viana do Castelo\"],\"inLanguage\":\"pt-PT\",\"copyrightYear\":\"2024\",\"copyrightHolder\":{\"@id\":\"https:\\\/\\\/www.altominho.tv\\\/site\\\/#organization\"}},{\"@type\":\"WebPage\",\"@id\":\"https:\\\/\\\/www.altominho.tv\\\/site\\\/2024\\\/09\\\/25\\\/viana-do-castelo-animais-dhe\\\/\",\"url\":\"https:\\\/\\\/www.altominho.tv\\\/site\\\/2024\\\/09\\\/25\\\/viana-do-castelo-animais-dhe\\\/\",\"name\":\"Viana do Castelo tem 13 explora\u00e7\u00f5es afetadas, 13 casos positivos para DHE e uma morte\",\"isPartOf\":{\"@id\":\"https:\\\/\\\/www.altominho.tv\\\/site\\\/#website\"},\"primaryImageOfPage\":{\"@id\":\"https:\\\/\\\/www.altominho.tv\\\/site\\\/2024\\\/09\\\/25\\\/viana-do-castelo-animais-dhe\\\/#primaryimage\"},\"image\":{\"@id\":\"https:\\\/\\\/www.altominho.tv\\\/site\\\/2024\\\/09\\\/25\\\/viana-do-castelo-animais-dhe\\\/#primaryimage\"},\"thumbnailUrl\":\"https:\\\/\\\/www.altominho.tv\\\/site\\\/wp-content\\\/uploads\\\/2024\\\/09\\\/vacas-1.jpg\",\"datePublished\":\"2024-09-25T14:32:59+00:00\",\"dateModified\":\"2024-09-25T14:34:37+00:00\",\"author\":{\"@id\":\"https:\\\/\\\/www.altominho.tv\\\/site\\\/#\\\/schema\\\/person\\\/dbaf181c01b51ff40c9f461a905d321e\"},\"description\":\"Viana do Castelo tem 13 explora\u00e7\u00f5es afetadas e 13 casos positivos para DHE e uma morte.\",\"breadcrumb\":{\"@id\":\"https:\\\/\\\/www.altominho.tv\\\/site\\\/2024\\\/09\\\/25\\\/viana-do-castelo-animais-dhe\\\/#breadcrumb\"},\"inLanguage\":\"pt-PT\",\"potentialAction\":[{\"@type\":\"ReadAction\",\"target\":[\"https:\\\/\\\/www.altominho.tv\\\/site\\\/2024\\\/09\\\/25\\\/viana-do-castelo-animais-dhe\\\/\"]}]},{\"@type\":\"ImageObject\",\"inLanguage\":\"pt-PT\",\"@id\":\"https:\\\/\\\/www.altominho.tv\\\/site\\\/2024\\\/09\\\/25\\\/viana-do-castelo-animais-dhe\\\/#primaryimage\",\"url\":\"https:\\\/\\\/www.altominho.tv\\\/site\\\/wp-content\\\/uploads\\\/2024\\\/09\\\/vacas-1.jpg\",\"contentUrl\":\"https:\\\/\\\/www.altominho.tv\\\/site\\\/wp-content\\\/uploads\\\/2024\\\/09\\\/vacas-1.jpg\",\"width\":1068,\"height\":712},{\"@type\":\"BreadcrumbList\",\"@id\":\"https:\\\/\\\/www.altominho.tv\\\/site\\\/2024\\\/09\\\/25\\\/viana-do-castelo-animais-dhe\\\/#breadcrumb\",\"itemListElement\":[{\"@type\":\"ListItem\",\"position\":1,\"name\":\"In\u00edcio\",\"item\":\"https:\\\/\\\/www.altominho.tv\\\/site\\\/\"},{\"@type\":\"ListItem\",\"position\":2,\"name\":\"Viana do Castelo tem 13 explora\u00e7\u00f5es afetadas, 13 casos positivos para DHE e uma morte\"}]},{\"@type\":\"WebSite\",\"@id\":\"https:\\\/\\\/www.altominho.tv\\\/site\\\/#website\",\"url\":\"https:\\\/\\\/www.altominho.tv\\\/site\\\/\",\"name\":\"Altominho.tv\",\"description\":\"A sua regi\u00e3o \u00e0 dist\u00e2ncia de um clique...\",\"potentialAction\":[{\"@type\":\"SearchAction\",\"target\":{\"@type\":\"EntryPoint\",\"urlTemplate\":\"https:\\\/\\\/www.altominho.tv\\\/site\\\/?s={search_term_string}\"},\"query-input\":{\"@type\":\"PropertyValueSpecification\",\"valueRequired\":true,\"valueName\":\"search_term_string\"}}],\"inLanguage\":\"pt-PT\"},{\"@type\":\"Person\",\"@id\":\"https:\\\/\\\/www.altominho.tv\\\/site\\\/#\\\/schema\\\/person\\\/dbaf181c01b51ff40c9f461a905d321e\",\"name\":\"Andreia Cunha | Lusa\",\"image\":{\"@type\":\"ImageObject\",\"inLanguage\":\"pt-PT\",\"@id\":\"https:\\\/\\\/www.altominho.tv\\\/site\\\/wp-content\\\/uploads\\\/2017\\\/11\\\/Andreia_Cunha-1-150x150.jpg\",\"url\":\"https:\\\/\\\/www.altominho.tv\\\/site\\\/wp-content\\\/uploads\\\/2017\\\/11\\\/Andreia_Cunha-1-150x150.jpg\",\"contentUrl\":\"https:\\\/\\\/www.altominho.tv\\\/site\\\/wp-content\\\/uploads\\\/2017\\\/11\\\/Andreia_Cunha-1-150x150.jpg\",\"caption\":\"Andreia Cunha | Lusa\"},\"sameAs\":[\"https:\\\/\\\/www.altominho.tv\\\/site\"],\"url\":\"https:\\\/\\\/www.altominho.tv\\\/site\\\/author\\\/andreiacunhalusa\\\/\"}]}<\/script>\n<!-- \/ Yoast SEO Premium plugin. -->","yoast_head_json":{"title":"Viana do Castelo tem 13 explora\u00e7\u00f5es afetadas, 13 casos positivos para DHE e uma morte","description":"Viana do Castelo tem 13 explora\u00e7\u00f5es afetadas e 13 casos positivos para DHE e uma morte.","robots":{"index":"index","follow":"follow","max-snippet":"max-snippet:-1","max-image-preview":"max-image-preview:large","max-video-preview":"max-video-preview:-1"},"canonical":"https:\/\/www.altominho.tv\/site\/2024\/09\/25\/viana-do-castelo-animais-dhe\/","og_locale":"pt_PT","og_type":"article","og_title":"Viana do Castelo tem 13 explora\u00e7\u00f5es afetadas, 13 casos positivos para DHE e uma morte","og_description":"Viana do Castelo tem 13 explora\u00e7\u00f5es afetadas e 13 casos positivos para DHE e uma morte.","og_url":"https:\/\/www.altominho.tv\/site\/2024\/09\/25\/viana-do-castelo-animais-dhe\/","og_site_name":"Altominho.tv","article_publisher":"https:\/\/www.facebook.com\/altominhotv","article_published_time":"2024-09-25T14:32:59+00:00","article_modified_time":"2024-09-25T14:34:37+00:00","og_image":[{"width":1068,"height":712,"url":"https:\/\/www.altominho.tv\/site\/wp-content\/uploads\/2024\/09\/vacas-1.jpg","type":"image\/jpeg"}],"author":"Andreia Cunha | Lusa","twitter_card":"summary_large_image","twitter_creator":"@altominhoTV","twitter_site":"@altominhoTV","twitter_misc":{"Escrito por":"Andreia Cunha | Lusa","Tempo estimado de leitura":"5 minutos"},"schema":{"@context":"https:\/\/schema.org","@graph":[{"@type":"Article","@id":"https:\/\/www.altominho.tv\/site\/2024\/09\/25\/viana-do-castelo-animais-dhe\/#article","isPartOf":{"@id":"https:\/\/www.altominho.tv\/site\/2024\/09\/25\/viana-do-castelo-animais-dhe\/"},"author":{"name":"Andreia Cunha | Lusa","@id":"https:\/\/www.altominho.tv\/site\/#\/schema\/person\/dbaf181c01b51ff40c9f461a905d321e"},"headline":"Viana do Castelo tem 13 explora\u00e7\u00f5es afetadas, 13 casos positivos para DHE e uma morte","datePublished":"2024-09-25T14:32:59+00:00","dateModified":"2024-09-25T14:34:37+00:00","mainEntityOfPage":{"@id":"https:\/\/www.altominho.tv\/site\/2024\/09\/25\/viana-do-castelo-animais-dhe\/"},"wordCount":837,"image":{"@id":"https:\/\/www.altominho.tv\/site\/2024\/09\/25\/viana-do-castelo-animais-dhe\/#primaryimage"},"thumbnailUrl":"https:\/\/www.altominho.tv\/site\/wp-content\/uploads\/2024\/09\/vacas-1.jpg","keywords":["Sociedade"],"articleSection":["Viana do Castelo"],"inLanguage":"pt-PT","copyrightYear":"2024","copyrightHolder":{"@id":"https:\/\/www.altominho.tv\/site\/#organization"}},{"@type":"WebPage","@id":"https:\/\/www.altominho.tv\/site\/2024\/09\/25\/viana-do-castelo-animais-dhe\/","url":"https:\/\/www.altominho.tv\/site\/2024\/09\/25\/viana-do-castelo-animais-dhe\/","name":"Viana do Castelo tem 13 explora\u00e7\u00f5es afetadas, 13 casos positivos para DHE e uma morte","isPartOf":{"@id":"https:\/\/www.altominho.tv\/site\/#website"},"primaryImageOfPage":{"@id":"https:\/\/www.altominho.tv\/site\/2024\/09\/25\/viana-do-castelo-animais-dhe\/#primaryimage"},"image":{"@id":"https:\/\/www.altominho.tv\/site\/2024\/09\/25\/viana-do-castelo-animais-dhe\/#primaryimage"},"thumbnailUrl":"https:\/\/www.altominho.tv\/site\/wp-content\/uploads\/2024\/09\/vacas-1.jpg","datePublished":"2024-09-25T14:32:59+00:00","dateModified":"2024-09-25T14:34:37+00:00","author":{"@id":"https:\/\/www.altominho.tv\/site\/#\/schema\/person\/dbaf181c01b51ff40c9f461a905d321e"},"description":"Viana do Castelo tem 13 explora\u00e7\u00f5es afetadas e 13 casos positivos para DHE e uma morte.","breadcrumb":{"@id":"https:\/\/www.altominho.tv\/site\/2024\/09\/25\/viana-do-castelo-animais-dhe\/#breadcrumb"},"inLanguage":"pt-PT","potentialAction":[{"@type":"ReadAction","target":["https:\/\/www.altominho.tv\/site\/2024\/09\/25\/viana-do-castelo-animais-dhe\/"]}]},{"@type":"ImageObject","inLanguage":"pt-PT","@id":"https:\/\/www.altominho.tv\/site\/2024\/09\/25\/viana-do-castelo-animais-dhe\/#primaryimage","url":"https:\/\/www.altominho.tv\/site\/wp-content\/uploads\/2024\/09\/vacas-1.jpg","contentUrl":"https:\/\/www.altominho.tv\/site\/wp-content\/uploads\/2024\/09\/vacas-1.jpg","width":1068,"height":712},{"@type":"BreadcrumbList","@id":"https:\/\/www.altominho.tv\/site\/2024\/09\/25\/viana-do-castelo-animais-dhe\/#breadcrumb","itemListElement":[{"@type":"ListItem","position":1,"name":"In\u00edcio","item":"https:\/\/www.altominho.tv\/site\/"},{"@type":"ListItem","position":2,"name":"Viana do Castelo tem 13 explora\u00e7\u00f5es afetadas, 13 casos positivos para DHE e uma morte"}]},{"@type":"WebSite","@id":"https:\/\/www.altominho.tv\/site\/#website","url":"https:\/\/www.altominho.tv\/site\/","name":"Altominho.tv","description":"A sua regi\u00e3o \u00e0 dist\u00e2ncia de um clique...","potentialAction":[{"@type":"SearchAction","target":{"@type":"EntryPoint","urlTemplate":"https:\/\/www.altominho.tv\/site\/?s={search_term_string}"},"query-input":{"@type":"PropertyValueSpecification","valueRequired":true,"valueName":"search_term_string"}}],"inLanguage":"pt-PT"},{"@type":"Person","@id":"https:\/\/www.altominho.tv\/site\/#\/schema\/person\/dbaf181c01b51ff40c9f461a905d321e","name":"Andreia Cunha | Lusa","image":{"@type":"ImageObject","inLanguage":"pt-PT","@id":"https:\/\/www.altominho.tv\/site\/wp-content\/uploads\/2017\/11\/Andreia_Cunha-1-150x150.jpg","url":"https:\/\/www.altominho.tv\/site\/wp-content\/uploads\/2017\/11\/Andreia_Cunha-1-150x150.jpg","contentUrl":"https:\/\/www.altominho.tv\/site\/wp-content\/uploads\/2017\/11\/Andreia_Cunha-1-150x150.jpg","caption":"Andreia Cunha | Lusa"},"sameAs":["https:\/\/www.altominho.tv\/site"],"url":"https:\/\/www.altominho.tv\/site\/author\/andreiacunhalusa\/"}]}},"_links":{"self":[{"href":"https:\/\/www.altominho.tv\/site\/wp-json\/wp\/v2\/posts\/110843","targetHints":{"allow":["GET"]}}],"collection":[{"href":"https:\/\/www.altominho.tv\/site\/wp-json\/wp\/v2\/posts"}],"about":[{"href":"https:\/\/www.altominho.tv\/site\/wp-json\/wp\/v2\/types\/post"}],"author":[{"embeddable":true,"href":"https:\/\/www.altominho.tv\/site\/wp-json\/wp\/v2\/users\/16"}],"replies":[{"embeddable":true,"href":"https:\/\/www.altominho.tv\/site\/wp-json\/wp\/v2\/comments?post=110843"}],"version-history":[{"count":2,"href":"https:\/\/www.altominho.tv\/site\/wp-json\/wp\/v2\/posts\/110843\/revisions"}],"predecessor-version":[{"id":110846,"href":"https:\/\/www.altominho.tv\/site\/wp-json\/wp\/v2\/posts\/110843\/revisions\/110846"}],"wp:featuredmedia":[{"embeddable":true,"href":"https:\/\/www.altominho.tv\/site\/wp-json\/wp\/v2\/media\/110844"}],"wp:attachment":[{"href":"https:\/\/www.altominho.tv\/site\/wp-json\/wp\/v2\/media?parent=110843"}],"wp:term":[{"taxonomy":"category","embeddable":true,"href":"https:\/\/www.altominho.tv\/site\/wp-json\/wp\/v2\/categories?post=110843"},{"taxonomy":"post_tag","embeddable":true,"href":"https:\/\/www.altominho.tv\/site\/wp-json\/wp\/v2\/tags?post=110843"}],"curies":[{"name":"wp","href":"https:\/\/api.w.org\/{rel}","templated":true}]}}