{"id":110840,"date":"2024-09-25T15:01:41","date_gmt":"2024-09-25T14:01:41","guid":{"rendered":"https:\/\/www.altominho.tv\/site\/?p=110840"},"modified":"2024-09-25T15:01:44","modified_gmt":"2024-09-25T14:01:44","slug":"vila-nova-de-cerveira-festival-da-pizza-pizza","status":"publish","type":"post","link":"https:\/\/www.altominho.tv\/site\/2024\/09\/25\/vila-nova-de-cerveira-festival-da-pizza-pizza\/","title":{"rendered":"Festival da Pizza\u201924 marcado pela descoberta de novos sabores e experi\u00eancias italianas"},"content":{"rendered":"\n<p>A 3\u00aa edi\u00e7\u00e3o do Festival da Pizza de Vila Nova de Cerveira mant\u00e9m a presen\u00e7a do conceituado chefe italiano Sergio Crivelli e ganha um novo impulso gastron\u00f3mico e l\u00fadico. <\/p>\n\n\n\n<p>A autarquia deu hoje nota que &#8220;h\u00e1 novas iguarias afetas \u00e0s cidades de Palermo e de Sorrento, mais momentos para os \u2018bambini\u2019, mais parcerias com entidades de It\u00e1lia e mais exposi\u00e7\u00f5es \u2013 motores e arte&#8221;.<\/p>\n\n\n\n<p>De 27 a 29 de setembro, na Pra\u00e7a Alto Minho, quem apresentar a pulseira HoliColor Run ter\u00e1 um desconto de 10% no menu.<\/p>\n\n\n\n<p>\u00c0 experi\u00eancia gastron\u00f3mica dos sabores \u00fanicos oferecidas pelas cidades presentes nas edi\u00e7\u00f5es anteriores, como as pizzas de Roma, Mil\u00e3o e N\u00e1poles; das pastas frescas e risotos de G\u00e9nova e da lasanha oriunda de Parma; este ano juntam-se duas novas iguarias: a Pinsa da cidade de Palermo, um produto \u00fanico de origem ancestral, que se distingue no sabor e na forma de apresenta\u00e7\u00e3o, al\u00e9m de ser mais leve para a digest\u00e3o; e o Nhoque, com queijo parmes\u00e3o e molho pesto, da cidade de Sorrento. Para os mais gulosos, h\u00e1 ainda expositores com as sobremesas tipicamente italianas.<\/p>\n\n\n\n<p>Esta 3\u00aa edi\u00e7\u00e3o volta a contar com as especialidades do chefe Sergio Crivelli, uma das refer\u00eancias da culin\u00e1ria italiana, em Portugal. O conhecido chef, h\u00e1 d\u00e9cadas radicado em Portugal, vai apresentar a tradicional pasta feita ao vivo desde a sua produ\u00e7\u00e3o \u00e0 confe\u00e7\u00e3o e um risoto com produtos rec\u00e9m-chegados da sua terra-natal.<\/p>\n\n\n\n<p>A envolv\u00eancia da Pra\u00e7a Alto Minho vai mergulhar nas sonoridades da cultura transalpina, com concertos ao vivo de Anonima Nuvolari, Stefano Saturnini e Valerio Ananse; workshops de risoto e pizza; caricaturas ao vivo; e uma exposi\u00e7\u00e3o em perman\u00eancia de pain\u00e9is da c\u00e9lebre Casa Artusi, organizada pela C\u00e2mara de Com\u00e9rcio Luso Italiana em parceria com o Instituto Cultural Italiano.<\/p>\n\n\n\n<p>Destaque ainda para propostas relacionadas com carros, nomeadamente uma exposi\u00e7\u00e3o em perman\u00eancia de Alfa Romeo, um dos quais um Alfa Romeo Giulia 1600 Spider, de 1962, do colecionador Rui Evangelista de Mon\u00e7\u00e3o, numa parceria com a Alfa Romeo Clube de Portugal; um desfile de 40 viaturas da Alfa Nord \u201c200 Milhas\u201d (no s\u00e1bado 28, pelas 13h00); e a apresenta\u00e7\u00e3o do primeiro carro el\u00e9trico da Alfa Romeo, o Alfa Romeo J\u00fanior.<\/p>\n\n\n\n<p>A vasta programa\u00e7\u00e3o do Festival da Pizza\u201924 n\u00e3o esquece os \u2018bambini\u2019, estando previstos workshops, pinturas faciais e uma das novidades desta edi\u00e7\u00e3o, a \u2018Bambini Disco\u2019, um momento de dan\u00e7a com mascotes para o p\u00fablico infantil.<\/p>\n\n\n\n<p>De salientar que, no \u00faltimo dia deste festival italiano, a pizza cl\u00e1ssica \u00e9 a rainha de uma competi\u00e7\u00e3o, o Trof\u00e9u Pizzaiolo do Alto Minho, este ano com a presen\u00e7a da Sele\u00e7\u00e3o Portuguesa de Pizzaiolos.<\/p>\n\n\n\n<p>O Festival da Pizza \u00e9 uma organiza\u00e7\u00e3o conjunta da C\u00e2mara Municipal de Vila Nova de Cerveira e da Associazione Sapori Italiani, e que este ano conseguiu atrair duas novas parcerias que enriquecem o evento, nomeadamente a C\u00e2mara de Com\u00e9rcio Luso-Italiana e o Instituto Italiano de Cultura.<\/p>\n\n\n\n<p>De sexta-feira a domingo, Vila Nova de Cerveira prop\u00f5e mais uma viagem \u00e0 cultura italiana com o III Festival da Pizza, e muitas novidades para experienciar em momentos de fam\u00edlia.<\/p>\n\n\n\n<p>A cerim\u00f3nia de abertura acontece na sexta-feira, pelas 18h30, com um momento de \u2018Pizza Acrob\u00e1tica &#8211; Duo Meraviglia Show\u2019.<\/p>\n","protected":false},"excerpt":{"rendered":"<p>A 3\u00aa edi\u00e7\u00e3o do Festival da Pizza de Vila Nova de Cerveira mant\u00e9m a presen\u00e7a do conceituado chefe italiano Sergio Crivelli e ganha um novo impulso gastron\u00f3mico e l\u00fadico. A autarquia deu hoje nota que &#8220;h\u00e1 novas iguarias afetas \u00e0s cidades de Palermo e de Sorrento, mais momentos para os \u2018bambini\u2019, mais parcerias com entidades [&hellip;]<\/p>\n","protected":false},"author":7,"featured_media":110841,"comment_status":"closed","ping_status":"closed","sticky":false,"template":"","format":"standard","meta":{"_exactmetrics_skip_tracking":false,"_exactmetrics_sitenote_active":false,"_exactmetrics_sitenote_note":"","_exactmetrics_sitenote_category":0,"footnotes":""},"categories":[15],"tags":[81],"class_list":["post-110840","post","type-post","status-publish","format-standard","has-post-thumbnail","hentry","category-vila-nova-de-cerveira","tag-gastronomia"],"yoast_head":"<!-- This site is optimized with the Yoast SEO Premium plugin v27.5 (Yoast SEO v27.5) - https:\/\/yoast.com\/product\/yoast-seo-premium-wordpress\/ -->\n<title>Festival da Pizza\u201924 marcado pela descoberta de novos sabores e experi\u00eancias italianas<\/title>\n<meta name=\"description\" content=\"O Festival da Pizza\u201924, em Vila Nova de Cerveira, vai ficar marcado pela descoberta de novos sabores e experi\u00eancias italianas.\" \/>\n<meta name=\"robots\" content=\"index, follow, max-snippet:-1, max-image-preview:large, max-video-preview:-1\" \/>\n<link rel=\"canonical\" href=\"https:\/\/www.altominho.tv\/site\/2024\/09\/25\/vila-nova-de-cerveira-festival-da-pizza-pizza\/\" \/>\n<meta property=\"og:locale\" content=\"pt_PT\" \/>\n<meta property=\"og:type\" content=\"article\" \/>\n<meta property=\"og:title\" content=\"Festival da Pizza\u201924 marcado pela descoberta de novos sabores e experi\u00eancias italianas\" \/>\n<meta property=\"og:description\" content=\"O Festival da Pizza\u201924, em Vila Nova de Cerveira, vai ficar marcado pela descoberta de novos sabores e experi\u00eancias italianas.\" \/>\n<meta property=\"og:url\" content=\"https:\/\/www.altominho.tv\/site\/2024\/09\/25\/vila-nova-de-cerveira-festival-da-pizza-pizza\/\" \/>\n<meta property=\"og:site_name\" content=\"Altominho.tv\" \/>\n<meta property=\"article:publisher\" content=\"https:\/\/www.facebook.com\/altominhotv\" \/>\n<meta property=\"article:published_time\" content=\"2024-09-25T14:01:41+00:00\" \/>\n<meta property=\"article:modified_time\" content=\"2024-09-25T14:01:44+00:00\" \/>\n<meta property=\"og:image\" content=\"https:\/\/www.altominho.tv\/site\/wp-content\/uploads\/2024\/09\/pizza.jpg\" \/>\n\t<meta property=\"og:image:width\" content=\"870\" \/>\n\t<meta property=\"og:image:height\" content=\"612\" \/>\n\t<meta property=\"og:image:type\" content=\"image\/jpeg\" \/>\n<meta name=\"author\" content=\"Andreia Cunha\" \/>\n<meta name=\"twitter:card\" content=\"summary_large_image\" \/>\n<meta name=\"twitter:creator\" content=\"@altominhoTV\" \/>\n<meta name=\"twitter:site\" content=\"@altominhoTV\" \/>\n<meta name=\"twitter:label1\" content=\"Escrito por\" \/>\n\t<meta name=\"twitter:data1\" content=\"Andreia Cunha\" \/>\n\t<meta name=\"twitter:label2\" content=\"Tempo estimado de leitura\" \/>\n\t<meta name=\"twitter:data2\" content=\"4 minutos\" \/>\n<script type=\"application\/ld+json\" class=\"yoast-schema-graph\">{\"@context\":\"https:\\\/\\\/schema.org\",\"@graph\":[{\"@type\":\"Article\",\"@id\":\"https:\\\/\\\/www.altominho.tv\\\/site\\\/2024\\\/09\\\/25\\\/vila-nova-de-cerveira-festival-da-pizza-pizza\\\/#article\",\"isPartOf\":{\"@id\":\"https:\\\/\\\/www.altominho.tv\\\/site\\\/2024\\\/09\\\/25\\\/vila-nova-de-cerveira-festival-da-pizza-pizza\\\/\"},\"author\":{\"name\":\"Andreia Cunha\",\"@id\":\"https:\\\/\\\/www.altominho.tv\\\/site\\\/#\\\/schema\\\/person\\\/a0e4ef6d041f98ca284393d8f1d97153\"},\"headline\":\"Festival da Pizza\u201924 marcado pela descoberta de novos sabores e experi\u00eancias italianas\",\"datePublished\":\"2024-09-25T14:01:41+00:00\",\"dateModified\":\"2024-09-25T14:01:44+00:00\",\"mainEntityOfPage\":{\"@id\":\"https:\\\/\\\/www.altominho.tv\\\/site\\\/2024\\\/09\\\/25\\\/vila-nova-de-cerveira-festival-da-pizza-pizza\\\/\"},\"wordCount\":581,\"image\":{\"@id\":\"https:\\\/\\\/www.altominho.tv\\\/site\\\/2024\\\/09\\\/25\\\/vila-nova-de-cerveira-festival-da-pizza-pizza\\\/#primaryimage\"},\"thumbnailUrl\":\"https:\\\/\\\/www.altominho.tv\\\/site\\\/wp-content\\\/uploads\\\/2024\\\/09\\\/pizza.jpg\",\"keywords\":[\"Gastronomia\"],\"articleSection\":[\"Vila Nova de Cerveira\"],\"inLanguage\":\"pt-PT\",\"copyrightYear\":\"2024\",\"copyrightHolder\":{\"@id\":\"https:\\\/\\\/www.altominho.tv\\\/site\\\/#organization\"}},{\"@type\":\"WebPage\",\"@id\":\"https:\\\/\\\/www.altominho.tv\\\/site\\\/2024\\\/09\\\/25\\\/vila-nova-de-cerveira-festival-da-pizza-pizza\\\/\",\"url\":\"https:\\\/\\\/www.altominho.tv\\\/site\\\/2024\\\/09\\\/25\\\/vila-nova-de-cerveira-festival-da-pizza-pizza\\\/\",\"name\":\"Festival da Pizza\u201924 marcado pela descoberta de novos sabores e experi\u00eancias italianas\",\"isPartOf\":{\"@id\":\"https:\\\/\\\/www.altominho.tv\\\/site\\\/#website\"},\"primaryImageOfPage\":{\"@id\":\"https:\\\/\\\/www.altominho.tv\\\/site\\\/2024\\\/09\\\/25\\\/vila-nova-de-cerveira-festival-da-pizza-pizza\\\/#primaryimage\"},\"image\":{\"@id\":\"https:\\\/\\\/www.altominho.tv\\\/site\\\/2024\\\/09\\\/25\\\/vila-nova-de-cerveira-festival-da-pizza-pizza\\\/#primaryimage\"},\"thumbnailUrl\":\"https:\\\/\\\/www.altominho.tv\\\/site\\\/wp-content\\\/uploads\\\/2024\\\/09\\\/pizza.jpg\",\"datePublished\":\"2024-09-25T14:01:41+00:00\",\"dateModified\":\"2024-09-25T14:01:44+00:00\",\"author\":{\"@id\":\"https:\\\/\\\/www.altominho.tv\\\/site\\\/#\\\/schema\\\/person\\\/a0e4ef6d041f98ca284393d8f1d97153\"},\"description\":\"O Festival da Pizza\u201924, em Vila Nova de Cerveira, vai ficar marcado pela descoberta de novos sabores e experi\u00eancias italianas.\",\"breadcrumb\":{\"@id\":\"https:\\\/\\\/www.altominho.tv\\\/site\\\/2024\\\/09\\\/25\\\/vila-nova-de-cerveira-festival-da-pizza-pizza\\\/#breadcrumb\"},\"inLanguage\":\"pt-PT\",\"potentialAction\":[{\"@type\":\"ReadAction\",\"target\":[\"https:\\\/\\\/www.altominho.tv\\\/site\\\/2024\\\/09\\\/25\\\/vila-nova-de-cerveira-festival-da-pizza-pizza\\\/\"]}]},{\"@type\":\"ImageObject\",\"inLanguage\":\"pt-PT\",\"@id\":\"https:\\\/\\\/www.altominho.tv\\\/site\\\/2024\\\/09\\\/25\\\/vila-nova-de-cerveira-festival-da-pizza-pizza\\\/#primaryimage\",\"url\":\"https:\\\/\\\/www.altominho.tv\\\/site\\\/wp-content\\\/uploads\\\/2024\\\/09\\\/pizza.jpg\",\"contentUrl\":\"https:\\\/\\\/www.altominho.tv\\\/site\\\/wp-content\\\/uploads\\\/2024\\\/09\\\/pizza.jpg\",\"width\":870,\"height\":612},{\"@type\":\"BreadcrumbList\",\"@id\":\"https:\\\/\\\/www.altominho.tv\\\/site\\\/2024\\\/09\\\/25\\\/vila-nova-de-cerveira-festival-da-pizza-pizza\\\/#breadcrumb\",\"itemListElement\":[{\"@type\":\"ListItem\",\"position\":1,\"name\":\"In\u00edcio\",\"item\":\"https:\\\/\\\/www.altominho.tv\\\/site\\\/\"},{\"@type\":\"ListItem\",\"position\":2,\"name\":\"Festival da Pizza\u201924 marcado pela descoberta de novos sabores e experi\u00eancias italianas\"}]},{\"@type\":\"WebSite\",\"@id\":\"https:\\\/\\\/www.altominho.tv\\\/site\\\/#website\",\"url\":\"https:\\\/\\\/www.altominho.tv\\\/site\\\/\",\"name\":\"Altominho.tv\",\"description\":\"A sua regi\u00e3o \u00e0 dist\u00e2ncia de um clique...\",\"potentialAction\":[{\"@type\":\"SearchAction\",\"target\":{\"@type\":\"EntryPoint\",\"urlTemplate\":\"https:\\\/\\\/www.altominho.tv\\\/site\\\/?s={search_term_string}\"},\"query-input\":{\"@type\":\"PropertyValueSpecification\",\"valueRequired\":true,\"valueName\":\"search_term_string\"}}],\"inLanguage\":\"pt-PT\"},{\"@type\":\"Person\",\"@id\":\"https:\\\/\\\/www.altominho.tv\\\/site\\\/#\\\/schema\\\/person\\\/a0e4ef6d041f98ca284393d8f1d97153\",\"name\":\"Andreia Cunha\",\"image\":{\"@type\":\"ImageObject\",\"inLanguage\":\"pt-PT\",\"@id\":\"https:\\\/\\\/www.altominho.tv\\\/site\\\/wp-content\\\/uploads\\\/2017\\\/11\\\/Andreia_Cunha-1-150x150.jpg\",\"url\":\"https:\\\/\\\/www.altominho.tv\\\/site\\\/wp-content\\\/uploads\\\/2017\\\/11\\\/Andreia_Cunha-1-150x150.jpg\",\"contentUrl\":\"https:\\\/\\\/www.altominho.tv\\\/site\\\/wp-content\\\/uploads\\\/2017\\\/11\\\/Andreia_Cunha-1-150x150.jpg\",\"caption\":\"Andreia Cunha\"},\"url\":\"https:\\\/\\\/www.altominho.tv\\\/site\\\/author\\\/andreiacunha\\\/\"}]}<\/script>\n<!-- \/ Yoast SEO Premium plugin. -->","yoast_head_json":{"title":"Festival da Pizza\u201924 marcado pela descoberta de novos sabores e experi\u00eancias italianas","description":"O Festival da Pizza\u201924, em Vila Nova de Cerveira, vai ficar marcado pela descoberta de novos sabores e experi\u00eancias italianas.","robots":{"index":"index","follow":"follow","max-snippet":"max-snippet:-1","max-image-preview":"max-image-preview:large","max-video-preview":"max-video-preview:-1"},"canonical":"https:\/\/www.altominho.tv\/site\/2024\/09\/25\/vila-nova-de-cerveira-festival-da-pizza-pizza\/","og_locale":"pt_PT","og_type":"article","og_title":"Festival da Pizza\u201924 marcado pela descoberta de novos sabores e experi\u00eancias italianas","og_description":"O Festival da Pizza\u201924, em Vila Nova de Cerveira, vai ficar marcado pela descoberta de novos sabores e experi\u00eancias italianas.","og_url":"https:\/\/www.altominho.tv\/site\/2024\/09\/25\/vila-nova-de-cerveira-festival-da-pizza-pizza\/","og_site_name":"Altominho.tv","article_publisher":"https:\/\/www.facebook.com\/altominhotv","article_published_time":"2024-09-25T14:01:41+00:00","article_modified_time":"2024-09-25T14:01:44+00:00","og_image":[{"width":870,"height":612,"url":"https:\/\/www.altominho.tv\/site\/wp-content\/uploads\/2024\/09\/pizza.jpg","type":"image\/jpeg"}],"author":"Andreia Cunha","twitter_card":"summary_large_image","twitter_creator":"@altominhoTV","twitter_site":"@altominhoTV","twitter_misc":{"Escrito por":"Andreia Cunha","Tempo estimado de leitura":"4 minutos"},"schema":{"@context":"https:\/\/schema.org","@graph":[{"@type":"Article","@id":"https:\/\/www.altominho.tv\/site\/2024\/09\/25\/vila-nova-de-cerveira-festival-da-pizza-pizza\/#article","isPartOf":{"@id":"https:\/\/www.altominho.tv\/site\/2024\/09\/25\/vila-nova-de-cerveira-festival-da-pizza-pizza\/"},"author":{"name":"Andreia Cunha","@id":"https:\/\/www.altominho.tv\/site\/#\/schema\/person\/a0e4ef6d041f98ca284393d8f1d97153"},"headline":"Festival da Pizza\u201924 marcado pela descoberta de novos sabores e experi\u00eancias italianas","datePublished":"2024-09-25T14:01:41+00:00","dateModified":"2024-09-25T14:01:44+00:00","mainEntityOfPage":{"@id":"https:\/\/www.altominho.tv\/site\/2024\/09\/25\/vila-nova-de-cerveira-festival-da-pizza-pizza\/"},"wordCount":581,"image":{"@id":"https:\/\/www.altominho.tv\/site\/2024\/09\/25\/vila-nova-de-cerveira-festival-da-pizza-pizza\/#primaryimage"},"thumbnailUrl":"https:\/\/www.altominho.tv\/site\/wp-content\/uploads\/2024\/09\/pizza.jpg","keywords":["Gastronomia"],"articleSection":["Vila Nova de Cerveira"],"inLanguage":"pt-PT","copyrightYear":"2024","copyrightHolder":{"@id":"https:\/\/www.altominho.tv\/site\/#organization"}},{"@type":"WebPage","@id":"https:\/\/www.altominho.tv\/site\/2024\/09\/25\/vila-nova-de-cerveira-festival-da-pizza-pizza\/","url":"https:\/\/www.altominho.tv\/site\/2024\/09\/25\/vila-nova-de-cerveira-festival-da-pizza-pizza\/","name":"Festival da Pizza\u201924 marcado pela descoberta de novos sabores e experi\u00eancias italianas","isPartOf":{"@id":"https:\/\/www.altominho.tv\/site\/#website"},"primaryImageOfPage":{"@id":"https:\/\/www.altominho.tv\/site\/2024\/09\/25\/vila-nova-de-cerveira-festival-da-pizza-pizza\/#primaryimage"},"image":{"@id":"https:\/\/www.altominho.tv\/site\/2024\/09\/25\/vila-nova-de-cerveira-festival-da-pizza-pizza\/#primaryimage"},"thumbnailUrl":"https:\/\/www.altominho.tv\/site\/wp-content\/uploads\/2024\/09\/pizza.jpg","datePublished":"2024-09-25T14:01:41+00:00","dateModified":"2024-09-25T14:01:44+00:00","author":{"@id":"https:\/\/www.altominho.tv\/site\/#\/schema\/person\/a0e4ef6d041f98ca284393d8f1d97153"},"description":"O Festival da Pizza\u201924, em Vila Nova de Cerveira, vai ficar marcado pela descoberta de novos sabores e experi\u00eancias italianas.","breadcrumb":{"@id":"https:\/\/www.altominho.tv\/site\/2024\/09\/25\/vila-nova-de-cerveira-festival-da-pizza-pizza\/#breadcrumb"},"inLanguage":"pt-PT","potentialAction":[{"@type":"ReadAction","target":["https:\/\/www.altominho.tv\/site\/2024\/09\/25\/vila-nova-de-cerveira-festival-da-pizza-pizza\/"]}]},{"@type":"ImageObject","inLanguage":"pt-PT","@id":"https:\/\/www.altominho.tv\/site\/2024\/09\/25\/vila-nova-de-cerveira-festival-da-pizza-pizza\/#primaryimage","url":"https:\/\/www.altominho.tv\/site\/wp-content\/uploads\/2024\/09\/pizza.jpg","contentUrl":"https:\/\/www.altominho.tv\/site\/wp-content\/uploads\/2024\/09\/pizza.jpg","width":870,"height":612},{"@type":"BreadcrumbList","@id":"https:\/\/www.altominho.tv\/site\/2024\/09\/25\/vila-nova-de-cerveira-festival-da-pizza-pizza\/#breadcrumb","itemListElement":[{"@type":"ListItem","position":1,"name":"In\u00edcio","item":"https:\/\/www.altominho.tv\/site\/"},{"@type":"ListItem","position":2,"name":"Festival da Pizza\u201924 marcado pela descoberta de novos sabores e experi\u00eancias italianas"}]},{"@type":"WebSite","@id":"https:\/\/www.altominho.tv\/site\/#website","url":"https:\/\/www.altominho.tv\/site\/","name":"Altominho.tv","description":"A sua regi\u00e3o \u00e0 dist\u00e2ncia de um clique...","potentialAction":[{"@type":"SearchAction","target":{"@type":"EntryPoint","urlTemplate":"https:\/\/www.altominho.tv\/site\/?s={search_term_string}"},"query-input":{"@type":"PropertyValueSpecification","valueRequired":true,"valueName":"search_term_string"}}],"inLanguage":"pt-PT"},{"@type":"Person","@id":"https:\/\/www.altominho.tv\/site\/#\/schema\/person\/a0e4ef6d041f98ca284393d8f1d97153","name":"Andreia Cunha","image":{"@type":"ImageObject","inLanguage":"pt-PT","@id":"https:\/\/www.altominho.tv\/site\/wp-content\/uploads\/2017\/11\/Andreia_Cunha-1-150x150.jpg","url":"https:\/\/www.altominho.tv\/site\/wp-content\/uploads\/2017\/11\/Andreia_Cunha-1-150x150.jpg","contentUrl":"https:\/\/www.altominho.tv\/site\/wp-content\/uploads\/2017\/11\/Andreia_Cunha-1-150x150.jpg","caption":"Andreia Cunha"},"url":"https:\/\/www.altominho.tv\/site\/author\/andreiacunha\/"}]}},"_links":{"self":[{"href":"https:\/\/www.altominho.tv\/site\/wp-json\/wp\/v2\/posts\/110840","targetHints":{"allow":["GET"]}}],"collection":[{"href":"https:\/\/www.altominho.tv\/site\/wp-json\/wp\/v2\/posts"}],"about":[{"href":"https:\/\/www.altominho.tv\/site\/wp-json\/wp\/v2\/types\/post"}],"author":[{"embeddable":true,"href":"https:\/\/www.altominho.tv\/site\/wp-json\/wp\/v2\/users\/7"}],"replies":[{"embeddable":true,"href":"https:\/\/www.altominho.tv\/site\/wp-json\/wp\/v2\/comments?post=110840"}],"version-history":[{"count":1,"href":"https:\/\/www.altominho.tv\/site\/wp-json\/wp\/v2\/posts\/110840\/revisions"}],"predecessor-version":[{"id":110842,"href":"https:\/\/www.altominho.tv\/site\/wp-json\/wp\/v2\/posts\/110840\/revisions\/110842"}],"wp:featuredmedia":[{"embeddable":true,"href":"https:\/\/www.altominho.tv\/site\/wp-json\/wp\/v2\/media\/110841"}],"wp:attachment":[{"href":"https:\/\/www.altominho.tv\/site\/wp-json\/wp\/v2\/media?parent=110840"}],"wp:term":[{"taxonomy":"category","embeddable":true,"href":"https:\/\/www.altominho.tv\/site\/wp-json\/wp\/v2\/categories?post=110840"},{"taxonomy":"post_tag","embeddable":true,"href":"https:\/\/www.altominho.tv\/site\/wp-json\/wp\/v2\/tags?post=110840"}],"curies":[{"name":"wp","href":"https:\/\/api.w.org\/{rel}","templated":true}]}}