{"id":11083,"date":"2018-03-27T09:04:35","date_gmt":"2018-03-27T09:04:35","guid":{"rendered":"http:\/\/www.altominho.tv\/site\/?p=11083"},"modified":"2018-03-27T09:04:35","modified_gmt":"2018-03-27T09:04:35","slug":"trabalhadoras-fazem-vigilia-em-defesa-de-centro-para-criancas-em-risco-de-caminha","status":"publish","type":"post","link":"https:\/\/www.altominho.tv\/site\/2018\/03\/27\/trabalhadoras-fazem-vigilia-em-defesa-de-centro-para-criancas-em-risco-de-caminha\/","title":{"rendered":"Trabalhadoras fazem vig\u00edlia em defesa de centro para crian\u00e7as em risco de Caminha"},"content":{"rendered":"<p>As 15 trabalhadoras do Centro de Acolhimento Tempor\u00e1rio (CAT) para crian\u00e7as e jovens em risco de Seixas, em Caminha, v\u00e3o realizar, uma vig\u00edlia para exigir a continuidade daquela estrutura, disse hoje uma das funcion\u00e1rias.<br \/>\nEm declara\u00e7\u00f5es \u00e0 ag\u00eancia Lusa, C\u00e2ndida Fac\u00e3o explicou que &#8220;a vig\u00edlia vai ter in\u00edcio cerca das 19:30, junto ao remo, partindo em dire\u00e7\u00e3o ao terreiro de Caminha, onde permanecer\u00e1 cerca de uma hora a uma hora e meia&#8221;.<br \/>\nO encerramento daquele equipamento, conhecido como CAT Benjamim, foi anunciado no in\u00edcio de mar\u00e7o pela Associa\u00e7\u00e3o Portuguesa de Pais e Amigos do Cidad\u00e3o Deficiente Mental (APPACDM) de Viana do Castelo, respons\u00e1vel pela gest\u00e3o daquela estrutura.<br \/>\nNa altura, em declara\u00e7\u00f5es \u00e0 ag\u00eancia Lusa, o presidente da APPACDM de Viana do Castelo, Luiz Costa, explicou que o CAT Benjamim &#8220;\u00e9 a \u00fanica resposta da institui\u00e7\u00e3o que n\u00e3o \u00e9 vocacionada para a \u00e1rea da defici\u00eancia e que acumulou, desde 2008 um d\u00e9fice cr\u00f3nico, com d\u00edvidas superiores a 400 mil euros&#8221;.<br \/>\nLuiz Costa revelou que &#8220;as 11 crian\u00e7as e jovens em risco, atualmente a residir naquele centro v\u00e3o ser encaminhadas para a resposta mais pr\u00f3xima&#8221; e que &#8220;algumas das 15 trabalhadoras ser\u00e3o recolocadas noutras respostas que a institui\u00e7\u00e3o tem no Alto Minho, sendo que &#8220;com outros ser\u00e1 negociado o despedimento&#8221;, sem especificar o n\u00famero de trabalhadores naquela situa\u00e7\u00e3o.<br \/>\nHoje, C\u00e2ndida Falc\u00e3o afirmou &#8220;n\u00e3o se poder decidir encerrar uma resposta social s\u00f3 porque \u00e9 deficit\u00e1ria&#8221;.<br \/>\nConfrontada com a solu\u00e7\u00e3o de emprego avan\u00e7ada, hoje, pelo presidente da C\u00e2mara de Caminha no novo Centro de Atividades Ocupacionais (CAO) a criar, at\u00e9 final do ano, numa antiga escola de Vila Praia de \u00c2ncora, C\u00e2ndida Falc\u00e3o disse que &#8220;uma resposta social n\u00e3o invalida a outra&#8221;.<br \/>\n&#8220;O novo CAO que foi anunciado para Vila Praia de \u00c2ncora \u00e9 uma mais-valia para Caminha que n\u00e3o disp\u00f5e de nenhuma resposta na \u00e1rea da defici\u00eancia, mas o CAT tamb\u00e9m deve continuar a funcionar&#8221;, afirmou a funcion\u00e1ria de 55 anos.<br \/>\nC\u00e2ndida Falc\u00e3o, trabalhadora do CAT Benjamim desde 2002, garantiu que aquela estrutura &#8220;faz falta&#8221; a Caminha e que as 15 funcion\u00e1rias &#8220;n\u00e3o v\u00e3o baixar os bra\u00e7os&#8221;.<br \/>\nSegundo o autarca socialista Miguel Alves, a cria\u00e7\u00e3o do CAO, em Vila Praia de \u00c2ncora, com capacidade para 30 utentes, resulta de um &#8220;entendimento&#8221; estabelecido entre o munic\u00edpio e a Associa\u00e7\u00e3o Portuguesa de Pais e Amigos do Cidad\u00e3o Deficiente Mental (APPACDM) de Viana do Castelo.<br \/>\nO acordo &#8220;firmado&#8221; entre as partes surge na sequ\u00eancia do an\u00fancio do fecho do CAT.<br \/>\n&#8220;O acordo est\u00e1 firmado. Estamos todos envolvidos neste novo projeto&#8221;, frisou Miguel Alves, adiantando que, em Caminha, &#8220;existem 24 cidad\u00e3os com defici\u00eancia que est\u00e3o em institui\u00e7\u00f5es fora do concelho&#8221;.<br \/>\nAdiantou que a nova estrutura &#8220;vai ainda permitir absorver todas, ou grande parte&#8221; das 15 trabalhadoras do CAT Benjamim, com encerramento previsto para final de julho.<br \/>\n&#8220;Estas trabalhadoras iriam entrar numa situa\u00e7\u00e3o de desemprego se n\u00e3o fosse poss\u00edvel encontrar esta solu\u00e7\u00e3o&#8221;, refor\u00e7ou, revelando que at\u00e9 \u00e0 abertura do novo CAO, as funcion\u00e1rias &#8220;ter\u00e3o de ser incorporadas, provisoriamente, noutros equipamentos da APPACDM, no distrito de Viana do Castelo&#8221;.<br \/>\nRevelou que as 11 crian\u00e7as e jovens em risco, atualmente, no CAT Benjamim ser\u00e3o &#8220;encaminhadas&#8221; para outras estruturas.<br \/>\n&#8220;A Seguran\u00e7a Social tem os pr\u00f3ximos tr\u00eas meses para encontrar outras casas de acolhimento. O que nos foi transmitido \u00e9 que, no distrito de Viana do Castelo, existem vagas, tr\u00eas vezes superiores ao n\u00famero de crian\u00e7as e jovens que se encontram no CAT Benjamim&#8221;.<\/p>\n","protected":false},"excerpt":{"rendered":"<p>As 15 trabalhadoras do Centro de Acolhimento Tempor\u00e1rio (CAT) para crian\u00e7as e jovens em risco de Seixas, em Caminha, v\u00e3o realizar, uma vig\u00edlia para exigir a continuidade daquela estrutura, disse hoje uma das funcion\u00e1rias. Em declara\u00e7\u00f5es \u00e0 ag\u00eancia Lusa, C\u00e2ndida Fac\u00e3o explicou que &#8220;a vig\u00edlia vai ter in\u00edcio cerca das 19:30, junto ao remo, partindo [&hellip;]<\/p>\n","protected":false},"author":11,"featured_media":11084,"comment_status":"closed","ping_status":"closed","sticky":false,"template":"","format":"standard","meta":{"_exactmetrics_skip_tracking":false,"_exactmetrics_sitenote_active":false,"_exactmetrics_sitenote_note":"","_exactmetrics_sitenote_category":0,"footnotes":""},"categories":[7],"tags":[27],"class_list":["post-11083","post","type-post","status-publish","format-standard","has-post-thumbnail","hentry","category-caminha","tag-sociedade"],"yoast_head":"<!-- This site is optimized with the Yoast SEO Premium plugin v27.5 (Yoast SEO v27.5) - https:\/\/yoast.com\/product\/yoast-seo-premium-wordpress\/ -->\n<title>Trabalhadoras fazem vig\u00edlia em defesa de centro para crian\u00e7as em risco de Caminha<\/title>\n<meta name=\"robots\" content=\"index, follow, max-snippet:-1, max-image-preview:large, max-video-preview:-1\" \/>\n<link rel=\"canonical\" href=\"https:\/\/www.altominho.tv\/site\/2018\/03\/27\/trabalhadoras-fazem-vigilia-em-defesa-de-centro-para-criancas-em-risco-de-caminha\/\" \/>\n<meta property=\"og:locale\" content=\"pt_PT\" \/>\n<meta property=\"og:type\" content=\"article\" \/>\n<meta property=\"og:title\" content=\"Trabalhadoras fazem vig\u00edlia em defesa de centro para crian\u00e7as em risco de Caminha\" \/>\n<meta property=\"og:description\" content=\"As 15 trabalhadoras do Centro de Acolhimento Tempor\u00e1rio (CAT) para crian\u00e7as e jovens em risco de Seixas, em Caminha, v\u00e3o realizar, uma vig\u00edlia para exigir a continuidade daquela estrutura, disse hoje uma das funcion\u00e1rias. Em declara\u00e7\u00f5es \u00e0 ag\u00eancia Lusa, C\u00e2ndida Fac\u00e3o explicou que &#8220;a vig\u00edlia vai ter in\u00edcio cerca das 19:30, junto ao remo, partindo [&hellip;]\" \/>\n<meta property=\"og:url\" content=\"https:\/\/www.altominho.tv\/site\/2018\/03\/27\/trabalhadoras-fazem-vigilia-em-defesa-de-centro-para-criancas-em-risco-de-caminha\/\" \/>\n<meta property=\"og:site_name\" content=\"Altominho.tv\" \/>\n<meta property=\"article:publisher\" content=\"https:\/\/www.facebook.com\/altominhotv\" \/>\n<meta property=\"article:published_time\" content=\"2018-03-27T09:04:35+00:00\" \/>\n<meta property=\"og:image\" content=\"https:\/\/www.altominho.tv\/site\/wp-content\/uploads\/2018\/03\/xtbenj.jpg\" \/>\n\t<meta property=\"og:image:width\" content=\"650\" \/>\n\t<meta property=\"og:image:height\" content=\"432\" \/>\n\t<meta property=\"og:image:type\" content=\"image\/jpeg\" \/>\n<meta name=\"author\" content=\"M\u00e1rcio Ferreira\" \/>\n<meta name=\"twitter:card\" content=\"summary_large_image\" \/>\n<meta name=\"twitter:creator\" content=\"@altominhoTV\" \/>\n<meta name=\"twitter:site\" content=\"@altominhoTV\" \/>\n<meta name=\"twitter:label1\" content=\"Escrito por\" \/>\n\t<meta name=\"twitter:data1\" content=\"M\u00e1rcio Ferreira\" \/>\n\t<meta name=\"twitter:label2\" content=\"Tempo estimado de leitura\" \/>\n\t<meta name=\"twitter:data2\" content=\"3 minutos\" \/>\n<script type=\"application\/ld+json\" class=\"yoast-schema-graph\">{\"@context\":\"https:\\\/\\\/schema.org\",\"@graph\":[{\"@type\":\"Article\",\"@id\":\"https:\\\/\\\/www.altominho.tv\\\/site\\\/2018\\\/03\\\/27\\\/trabalhadoras-fazem-vigilia-em-defesa-de-centro-para-criancas-em-risco-de-caminha\\\/#article\",\"isPartOf\":{\"@id\":\"https:\\\/\\\/www.altominho.tv\\\/site\\\/2018\\\/03\\\/27\\\/trabalhadoras-fazem-vigilia-em-defesa-de-centro-para-criancas-em-risco-de-caminha\\\/\"},\"author\":{\"name\":\"M\u00e1rcio Ferreira\",\"@id\":\"https:\\\/\\\/www.altominho.tv\\\/site\\\/#\\\/schema\\\/person\\\/f836e37082b5dabe9144f3eb724ed5a7\"},\"headline\":\"Trabalhadoras fazem vig\u00edlia em defesa de centro para crian\u00e7as em risco de Caminha\",\"datePublished\":\"2018-03-27T09:04:35+00:00\",\"mainEntityOfPage\":{\"@id\":\"https:\\\/\\\/www.altominho.tv\\\/site\\\/2018\\\/03\\\/27\\\/trabalhadoras-fazem-vigilia-em-defesa-de-centro-para-criancas-em-risco-de-caminha\\\/\"},\"wordCount\":635,\"image\":{\"@id\":\"https:\\\/\\\/www.altominho.tv\\\/site\\\/2018\\\/03\\\/27\\\/trabalhadoras-fazem-vigilia-em-defesa-de-centro-para-criancas-em-risco-de-caminha\\\/#primaryimage\"},\"thumbnailUrl\":\"https:\\\/\\\/www.altominho.tv\\\/site\\\/wp-content\\\/uploads\\\/2018\\\/03\\\/xtbenj.jpg\",\"keywords\":[\"Sociedade\"],\"articleSection\":[\"Caminha\"],\"inLanguage\":\"pt-PT\",\"copyrightYear\":\"2018\",\"copyrightHolder\":{\"@id\":\"https:\\\/\\\/www.altominho.tv\\\/site\\\/#organization\"}},{\"@type\":\"WebPage\",\"@id\":\"https:\\\/\\\/www.altominho.tv\\\/site\\\/2018\\\/03\\\/27\\\/trabalhadoras-fazem-vigilia-em-defesa-de-centro-para-criancas-em-risco-de-caminha\\\/\",\"url\":\"https:\\\/\\\/www.altominho.tv\\\/site\\\/2018\\\/03\\\/27\\\/trabalhadoras-fazem-vigilia-em-defesa-de-centro-para-criancas-em-risco-de-caminha\\\/\",\"name\":\"Trabalhadoras fazem vig\u00edlia em defesa de centro para crian\u00e7as em risco de Caminha\",\"isPartOf\":{\"@id\":\"https:\\\/\\\/www.altominho.tv\\\/site\\\/#website\"},\"primaryImageOfPage\":{\"@id\":\"https:\\\/\\\/www.altominho.tv\\\/site\\\/2018\\\/03\\\/27\\\/trabalhadoras-fazem-vigilia-em-defesa-de-centro-para-criancas-em-risco-de-caminha\\\/#primaryimage\"},\"image\":{\"@id\":\"https:\\\/\\\/www.altominho.tv\\\/site\\\/2018\\\/03\\\/27\\\/trabalhadoras-fazem-vigilia-em-defesa-de-centro-para-criancas-em-risco-de-caminha\\\/#primaryimage\"},\"thumbnailUrl\":\"https:\\\/\\\/www.altominho.tv\\\/site\\\/wp-content\\\/uploads\\\/2018\\\/03\\\/xtbenj.jpg\",\"datePublished\":\"2018-03-27T09:04:35+00:00\",\"author\":{\"@id\":\"https:\\\/\\\/www.altominho.tv\\\/site\\\/#\\\/schema\\\/person\\\/f836e37082b5dabe9144f3eb724ed5a7\"},\"breadcrumb\":{\"@id\":\"https:\\\/\\\/www.altominho.tv\\\/site\\\/2018\\\/03\\\/27\\\/trabalhadoras-fazem-vigilia-em-defesa-de-centro-para-criancas-em-risco-de-caminha\\\/#breadcrumb\"},\"inLanguage\":\"pt-PT\",\"potentialAction\":[{\"@type\":\"ReadAction\",\"target\":[\"https:\\\/\\\/www.altominho.tv\\\/site\\\/2018\\\/03\\\/27\\\/trabalhadoras-fazem-vigilia-em-defesa-de-centro-para-criancas-em-risco-de-caminha\\\/\"]}]},{\"@type\":\"ImageObject\",\"inLanguage\":\"pt-PT\",\"@id\":\"https:\\\/\\\/www.altominho.tv\\\/site\\\/2018\\\/03\\\/27\\\/trabalhadoras-fazem-vigilia-em-defesa-de-centro-para-criancas-em-risco-de-caminha\\\/#primaryimage\",\"url\":\"https:\\\/\\\/www.altominho.tv\\\/site\\\/wp-content\\\/uploads\\\/2018\\\/03\\\/xtbenj.jpg\",\"contentUrl\":\"https:\\\/\\\/www.altominho.tv\\\/site\\\/wp-content\\\/uploads\\\/2018\\\/03\\\/xtbenj.jpg\",\"width\":650,\"height\":432},{\"@type\":\"BreadcrumbList\",\"@id\":\"https:\\\/\\\/www.altominho.tv\\\/site\\\/2018\\\/03\\\/27\\\/trabalhadoras-fazem-vigilia-em-defesa-de-centro-para-criancas-em-risco-de-caminha\\\/#breadcrumb\",\"itemListElement\":[{\"@type\":\"ListItem\",\"position\":1,\"name\":\"In\u00edcio\",\"item\":\"https:\\\/\\\/www.altominho.tv\\\/site\\\/\"},{\"@type\":\"ListItem\",\"position\":2,\"name\":\"Trabalhadoras fazem vig\u00edlia em defesa de centro para crian\u00e7as em risco de Caminha\"}]},{\"@type\":\"WebSite\",\"@id\":\"https:\\\/\\\/www.altominho.tv\\\/site\\\/#website\",\"url\":\"https:\\\/\\\/www.altominho.tv\\\/site\\\/\",\"name\":\"Altominho.tv\",\"description\":\"A sua regi\u00e3o \u00e0 dist\u00e2ncia de um clique...\",\"potentialAction\":[{\"@type\":\"SearchAction\",\"target\":{\"@type\":\"EntryPoint\",\"urlTemplate\":\"https:\\\/\\\/www.altominho.tv\\\/site\\\/?s={search_term_string}\"},\"query-input\":{\"@type\":\"PropertyValueSpecification\",\"valueRequired\":true,\"valueName\":\"search_term_string\"}}],\"inLanguage\":\"pt-PT\"},{\"@type\":\"Person\",\"@id\":\"https:\\\/\\\/www.altominho.tv\\\/site\\\/#\\\/schema\\\/person\\\/f836e37082b5dabe9144f3eb724ed5a7\",\"name\":\"M\u00e1rcio Ferreira\",\"image\":{\"@type\":\"ImageObject\",\"inLanguage\":\"pt-PT\",\"@id\":\"https:\\\/\\\/www.altominho.tv\\\/site\\\/wp-content\\\/uploads\\\/2017\\\/11\\\/Marcio-150x150.jpg\",\"url\":\"https:\\\/\\\/www.altominho.tv\\\/site\\\/wp-content\\\/uploads\\\/2017\\\/11\\\/Marcio-150x150.jpg\",\"contentUrl\":\"https:\\\/\\\/www.altominho.tv\\\/site\\\/wp-content\\\/uploads\\\/2017\\\/11\\\/Marcio-150x150.jpg\",\"caption\":\"M\u00e1rcio Ferreira\"},\"url\":\"https:\\\/\\\/www.altominho.tv\\\/site\\\/author\\\/marcioferreira\\\/\"}]}<\/script>\n<!-- \/ Yoast SEO Premium plugin. -->","yoast_head_json":{"title":"Trabalhadoras fazem vig\u00edlia em defesa de centro para crian\u00e7as em risco de Caminha","robots":{"index":"index","follow":"follow","max-snippet":"max-snippet:-1","max-image-preview":"max-image-preview:large","max-video-preview":"max-video-preview:-1"},"canonical":"https:\/\/www.altominho.tv\/site\/2018\/03\/27\/trabalhadoras-fazem-vigilia-em-defesa-de-centro-para-criancas-em-risco-de-caminha\/","og_locale":"pt_PT","og_type":"article","og_title":"Trabalhadoras fazem vig\u00edlia em defesa de centro para crian\u00e7as em risco de Caminha","og_description":"As 15 trabalhadoras do Centro de Acolhimento Tempor\u00e1rio (CAT) para crian\u00e7as e jovens em risco de Seixas, em Caminha, v\u00e3o realizar, uma vig\u00edlia para exigir a continuidade daquela estrutura, disse hoje uma das funcion\u00e1rias. Em declara\u00e7\u00f5es \u00e0 ag\u00eancia Lusa, C\u00e2ndida Fac\u00e3o explicou que &#8220;a vig\u00edlia vai ter in\u00edcio cerca das 19:30, junto ao remo, partindo [&hellip;]","og_url":"https:\/\/www.altominho.tv\/site\/2018\/03\/27\/trabalhadoras-fazem-vigilia-em-defesa-de-centro-para-criancas-em-risco-de-caminha\/","og_site_name":"Altominho.tv","article_publisher":"https:\/\/www.facebook.com\/altominhotv","article_published_time":"2018-03-27T09:04:35+00:00","og_image":[{"width":650,"height":432,"url":"https:\/\/www.altominho.tv\/site\/wp-content\/uploads\/2018\/03\/xtbenj.jpg","type":"image\/jpeg"}],"author":"M\u00e1rcio Ferreira","twitter_card":"summary_large_image","twitter_creator":"@altominhoTV","twitter_site":"@altominhoTV","twitter_misc":{"Escrito por":"M\u00e1rcio Ferreira","Tempo estimado de leitura":"3 minutos"},"schema":{"@context":"https:\/\/schema.org","@graph":[{"@type":"Article","@id":"https:\/\/www.altominho.tv\/site\/2018\/03\/27\/trabalhadoras-fazem-vigilia-em-defesa-de-centro-para-criancas-em-risco-de-caminha\/#article","isPartOf":{"@id":"https:\/\/www.altominho.tv\/site\/2018\/03\/27\/trabalhadoras-fazem-vigilia-em-defesa-de-centro-para-criancas-em-risco-de-caminha\/"},"author":{"name":"M\u00e1rcio Ferreira","@id":"https:\/\/www.altominho.tv\/site\/#\/schema\/person\/f836e37082b5dabe9144f3eb724ed5a7"},"headline":"Trabalhadoras fazem vig\u00edlia em defesa de centro para crian\u00e7as em risco de Caminha","datePublished":"2018-03-27T09:04:35+00:00","mainEntityOfPage":{"@id":"https:\/\/www.altominho.tv\/site\/2018\/03\/27\/trabalhadoras-fazem-vigilia-em-defesa-de-centro-para-criancas-em-risco-de-caminha\/"},"wordCount":635,"image":{"@id":"https:\/\/www.altominho.tv\/site\/2018\/03\/27\/trabalhadoras-fazem-vigilia-em-defesa-de-centro-para-criancas-em-risco-de-caminha\/#primaryimage"},"thumbnailUrl":"https:\/\/www.altominho.tv\/site\/wp-content\/uploads\/2018\/03\/xtbenj.jpg","keywords":["Sociedade"],"articleSection":["Caminha"],"inLanguage":"pt-PT","copyrightYear":"2018","copyrightHolder":{"@id":"https:\/\/www.altominho.tv\/site\/#organization"}},{"@type":"WebPage","@id":"https:\/\/www.altominho.tv\/site\/2018\/03\/27\/trabalhadoras-fazem-vigilia-em-defesa-de-centro-para-criancas-em-risco-de-caminha\/","url":"https:\/\/www.altominho.tv\/site\/2018\/03\/27\/trabalhadoras-fazem-vigilia-em-defesa-de-centro-para-criancas-em-risco-de-caminha\/","name":"Trabalhadoras fazem vig\u00edlia em defesa de centro para crian\u00e7as em risco de Caminha","isPartOf":{"@id":"https:\/\/www.altominho.tv\/site\/#website"},"primaryImageOfPage":{"@id":"https:\/\/www.altominho.tv\/site\/2018\/03\/27\/trabalhadoras-fazem-vigilia-em-defesa-de-centro-para-criancas-em-risco-de-caminha\/#primaryimage"},"image":{"@id":"https:\/\/www.altominho.tv\/site\/2018\/03\/27\/trabalhadoras-fazem-vigilia-em-defesa-de-centro-para-criancas-em-risco-de-caminha\/#primaryimage"},"thumbnailUrl":"https:\/\/www.altominho.tv\/site\/wp-content\/uploads\/2018\/03\/xtbenj.jpg","datePublished":"2018-03-27T09:04:35+00:00","author":{"@id":"https:\/\/www.altominho.tv\/site\/#\/schema\/person\/f836e37082b5dabe9144f3eb724ed5a7"},"breadcrumb":{"@id":"https:\/\/www.altominho.tv\/site\/2018\/03\/27\/trabalhadoras-fazem-vigilia-em-defesa-de-centro-para-criancas-em-risco-de-caminha\/#breadcrumb"},"inLanguage":"pt-PT","potentialAction":[{"@type":"ReadAction","target":["https:\/\/www.altominho.tv\/site\/2018\/03\/27\/trabalhadoras-fazem-vigilia-em-defesa-de-centro-para-criancas-em-risco-de-caminha\/"]}]},{"@type":"ImageObject","inLanguage":"pt-PT","@id":"https:\/\/www.altominho.tv\/site\/2018\/03\/27\/trabalhadoras-fazem-vigilia-em-defesa-de-centro-para-criancas-em-risco-de-caminha\/#primaryimage","url":"https:\/\/www.altominho.tv\/site\/wp-content\/uploads\/2018\/03\/xtbenj.jpg","contentUrl":"https:\/\/www.altominho.tv\/site\/wp-content\/uploads\/2018\/03\/xtbenj.jpg","width":650,"height":432},{"@type":"BreadcrumbList","@id":"https:\/\/www.altominho.tv\/site\/2018\/03\/27\/trabalhadoras-fazem-vigilia-em-defesa-de-centro-para-criancas-em-risco-de-caminha\/#breadcrumb","itemListElement":[{"@type":"ListItem","position":1,"name":"In\u00edcio","item":"https:\/\/www.altominho.tv\/site\/"},{"@type":"ListItem","position":2,"name":"Trabalhadoras fazem vig\u00edlia em defesa de centro para crian\u00e7as em risco de Caminha"}]},{"@type":"WebSite","@id":"https:\/\/www.altominho.tv\/site\/#website","url":"https:\/\/www.altominho.tv\/site\/","name":"Altominho.tv","description":"A sua regi\u00e3o \u00e0 dist\u00e2ncia de um clique...","potentialAction":[{"@type":"SearchAction","target":{"@type":"EntryPoint","urlTemplate":"https:\/\/www.altominho.tv\/site\/?s={search_term_string}"},"query-input":{"@type":"PropertyValueSpecification","valueRequired":true,"valueName":"search_term_string"}}],"inLanguage":"pt-PT"},{"@type":"Person","@id":"https:\/\/www.altominho.tv\/site\/#\/schema\/person\/f836e37082b5dabe9144f3eb724ed5a7","name":"M\u00e1rcio Ferreira","image":{"@type":"ImageObject","inLanguage":"pt-PT","@id":"https:\/\/www.altominho.tv\/site\/wp-content\/uploads\/2017\/11\/Marcio-150x150.jpg","url":"https:\/\/www.altominho.tv\/site\/wp-content\/uploads\/2017\/11\/Marcio-150x150.jpg","contentUrl":"https:\/\/www.altominho.tv\/site\/wp-content\/uploads\/2017\/11\/Marcio-150x150.jpg","caption":"M\u00e1rcio Ferreira"},"url":"https:\/\/www.altominho.tv\/site\/author\/marcioferreira\/"}]}},"_links":{"self":[{"href":"https:\/\/www.altominho.tv\/site\/wp-json\/wp\/v2\/posts\/11083","targetHints":{"allow":["GET"]}}],"collection":[{"href":"https:\/\/www.altominho.tv\/site\/wp-json\/wp\/v2\/posts"}],"about":[{"href":"https:\/\/www.altominho.tv\/site\/wp-json\/wp\/v2\/types\/post"}],"author":[{"embeddable":true,"href":"https:\/\/www.altominho.tv\/site\/wp-json\/wp\/v2\/users\/11"}],"replies":[{"embeddable":true,"href":"https:\/\/www.altominho.tv\/site\/wp-json\/wp\/v2\/comments?post=11083"}],"version-history":[{"count":0,"href":"https:\/\/www.altominho.tv\/site\/wp-json\/wp\/v2\/posts\/11083\/revisions"}],"wp:featuredmedia":[{"embeddable":true,"href":"https:\/\/www.altominho.tv\/site\/wp-json\/wp\/v2\/media\/11084"}],"wp:attachment":[{"href":"https:\/\/www.altominho.tv\/site\/wp-json\/wp\/v2\/media?parent=11083"}],"wp:term":[{"taxonomy":"category","embeddable":true,"href":"https:\/\/www.altominho.tv\/site\/wp-json\/wp\/v2\/categories?post=11083"},{"taxonomy":"post_tag","embeddable":true,"href":"https:\/\/www.altominho.tv\/site\/wp-json\/wp\/v2\/tags?post=11083"}],"curies":[{"name":"wp","href":"https:\/\/api.w.org\/{rel}","templated":true}]}}