{"id":110820,"date":"2024-09-24T16:53:54","date_gmt":"2024-09-24T15:53:54","guid":{"rendered":"https:\/\/www.altominho.tv\/site\/?p=110820"},"modified":"2024-09-24T16:53:56","modified_gmt":"2024-09-24T15:53:56","slug":"teatro-viana-do-castelo-parque-acessivel-cultura","status":"publish","type":"post","link":"https:\/\/www.altominho.tv\/site\/2024\/09\/24\/teatro-viana-do-castelo-parque-acessivel-cultura\/","title":{"rendered":"Teatro do Noroeste e Parque 1\u00ba Maio Refor\u00e7am Parceria"},"content":{"rendered":"\n<p>A partir de\u00a01 de outubro, e ap\u00f3s\u00a010 anos de coopera\u00e7\u00e3o, a parceria entre o\u00a0Teatro do Noroeste \u2013 Centro Dram\u00e1tico de Viana\u00a0e o\u00a0Parque 1\u00ba de Maio\u00a0vai ser melhorada atrav\u00e9s da\u00a0assinatura de um protocolo\u00a0que ir\u00e1 contemplar um\u00a0conjunto de novos benef\u00edcios\u00a0para os p\u00fablicos da companhia de teatro\u00a0e os\u00a0utilizadores daquele parque de estacionamento, deu hoje nota a Companhia de Teatro Vianense.<\/p>\n\n\n\n<p>&#8220;Na\u00a0apresenta\u00e7\u00e3o do bilhete para espet\u00e1culos promovidos pelo Teatro do Noroeste &#8211; CDV\u00a0nas\u00a0duas salas\u00a0do\u00a0Teatro Municipal S\u00e1 de Miranda,\u00a0ao efetuar o pagamento da tarifa de estacionamento no balc\u00e3o do Parque 1\u00ba de Maio, o utilizador beneficiar\u00e1 de uma\u00a0tarifa reduzida de dois euros, usufruindo de\u00a0condi\u00e7\u00f5es mais acess\u00edveis\u00a0para assistir aos espet\u00e1culos da\u00a0companhia vianense&#8221;.<\/p>\n\n\n\n<p>Al\u00e9m disto, o\u00a0Parque 1\u00ba de Maio\u00a0&#8220;vai patrocinar o Projeto Comunidade do Teatro do Noroeste &#8211; Centro Dram\u00e1tico de Viana, oferecendo aos frequentadores das\u00a0Oficinas Regulares de Teatro, \u00e0s\u00a0quartas-feiras, das 18h30 \u00e0s 20h00,\u00a0duas horas de estacionamento gratuito,\u00a0melhorando as condi\u00e7\u00f5es de acessibilidade ao teatro dos praticantes e pais de praticantes menores\u00a0que\u00a0semanalmente participam no ATIVAkids, ATIVAj\u00fanior, ATIVAs\u00e9nior, ATIVAtodos\u00a0e\u00a0Enquanto Naveg\u00e1vamos&#8221;.<\/p>\n\n\n\n<p>&#8220;Para o\u00a0Teatro do Noroeste &#8211; Centro Dram\u00e1tico de Viana, a\u00a0coopera\u00e7\u00e3o com o Parque 1\u00ba de Maio\u00a0ao longo de uma d\u00e9cada \u00e9 um exemplo de\u00a0sinergia que entidades do setor cultural podem conseguir junto de entidades dos setores comercial e empresarial, estimulando a economia local atrav\u00e9s da partilha de responsabilidades&#8221;, l\u00ea-se ainda na nota hoje enviada.<\/p>\n","protected":false},"excerpt":{"rendered":"<p>A partir de\u00a01 de outubro, e ap\u00f3s\u00a010 anos de coopera\u00e7\u00e3o, a parceria entre o\u00a0Teatro do Noroeste \u2013 Centro Dram\u00e1tico de Viana\u00a0e o\u00a0Parque 1\u00ba de Maio\u00a0vai ser melhorada atrav\u00e9s da\u00a0assinatura de um protocolo\u00a0que ir\u00e1 contemplar um\u00a0conjunto de novos benef\u00edcios\u00a0para os p\u00fablicos da companhia de teatro\u00a0e os\u00a0utilizadores daquele parque de estacionamento, deu hoje nota a Companhia de [&hellip;]<\/p>\n","protected":false},"author":7,"featured_media":110821,"comment_status":"closed","ping_status":"closed","sticky":false,"template":"","format":"standard","meta":{"_exactmetrics_skip_tracking":false,"_exactmetrics_sitenote_active":false,"_exactmetrics_sitenote_note":"","_exactmetrics_sitenote_category":0,"footnotes":""},"categories":[14],"tags":[19],"class_list":["post-110820","post","type-post","status-publish","format-standard","has-post-thumbnail","hentry","category-viana-do-castelo","tag-cultura"],"yoast_head":"<!-- This site is optimized with the Yoast SEO Premium plugin v27.4 (Yoast SEO v27.4) - https:\/\/yoast.com\/product\/yoast-seo-premium-wordpress\/ -->\n<title>Teatro do Noroeste e Parque 1\u00ba Maio Refor\u00e7am Parceria<\/title>\n<meta name=\"description\" content=\"O Teatro do Noroeste e o Parque 1\u00ba Maio, em Viana do Castelo, refor\u00e7aram a parceria.\" \/>\n<meta name=\"robots\" content=\"index, follow, max-snippet:-1, max-image-preview:large, max-video-preview:-1\" \/>\n<link rel=\"canonical\" href=\"https:\/\/www.altominho.tv\/site\/2024\/09\/24\/teatro-viana-do-castelo-parque-acessivel-cultura\/\" \/>\n<meta property=\"og:locale\" content=\"pt_PT\" \/>\n<meta property=\"og:type\" content=\"article\" \/>\n<meta property=\"og:title\" content=\"Teatro do Noroeste e Parque 1\u00ba Maio Refor\u00e7am Parceria\" \/>\n<meta property=\"og:description\" content=\"O Teatro do Noroeste e o Parque 1\u00ba Maio, em Viana do Castelo, refor\u00e7aram a parceria.\" \/>\n<meta property=\"og:url\" content=\"https:\/\/www.altominho.tv\/site\/2024\/09\/24\/teatro-viana-do-castelo-parque-acessivel-cultura\/\" \/>\n<meta property=\"og:site_name\" content=\"Altominho.tv\" \/>\n<meta property=\"article:publisher\" content=\"https:\/\/www.facebook.com\/altominhotv\" \/>\n<meta property=\"article:published_time\" content=\"2024-09-24T15:53:54+00:00\" \/>\n<meta property=\"article:modified_time\" content=\"2024-09-24T15:53:56+00:00\" \/>\n<meta property=\"og:image\" content=\"https:\/\/www.altominho.tv\/site\/wp-content\/uploads\/2024\/09\/teatro-e-parque-scaled.jpg\" \/>\n\t<meta property=\"og:image:width\" content=\"2560\" \/>\n\t<meta property=\"og:image:height\" content=\"1707\" \/>\n\t<meta property=\"og:image:type\" content=\"image\/jpeg\" \/>\n<meta name=\"author\" content=\"Andreia Cunha\" \/>\n<meta name=\"twitter:card\" content=\"summary_large_image\" \/>\n<meta name=\"twitter:creator\" content=\"@altominhoTV\" \/>\n<meta name=\"twitter:site\" content=\"@altominhoTV\" \/>\n<meta name=\"twitter:label1\" content=\"Escrito por\" \/>\n\t<meta name=\"twitter:data1\" content=\"Andreia Cunha\" \/>\n\t<meta name=\"twitter:label2\" content=\"Tempo estimado de leitura\" \/>\n\t<meta name=\"twitter:data2\" content=\"2 minutos\" \/>\n<script type=\"application\/ld+json\" class=\"yoast-schema-graph\">{\"@context\":\"https:\\\/\\\/schema.org\",\"@graph\":[{\"@type\":\"Article\",\"@id\":\"https:\\\/\\\/www.altominho.tv\\\/site\\\/2024\\\/09\\\/24\\\/teatro-viana-do-castelo-parque-acessivel-cultura\\\/#article\",\"isPartOf\":{\"@id\":\"https:\\\/\\\/www.altominho.tv\\\/site\\\/2024\\\/09\\\/24\\\/teatro-viana-do-castelo-parque-acessivel-cultura\\\/\"},\"author\":{\"name\":\"Andreia Cunha\",\"@id\":\"https:\\\/\\\/www.altominho.tv\\\/site\\\/#\\\/schema\\\/person\\\/a0e4ef6d041f98ca284393d8f1d97153\"},\"headline\":\"Teatro do Noroeste e Parque 1\u00ba Maio Refor\u00e7am Parceria\",\"datePublished\":\"2024-09-24T15:53:54+00:00\",\"dateModified\":\"2024-09-24T15:53:56+00:00\",\"mainEntityOfPage\":{\"@id\":\"https:\\\/\\\/www.altominho.tv\\\/site\\\/2024\\\/09\\\/24\\\/teatro-viana-do-castelo-parque-acessivel-cultura\\\/\"},\"wordCount\":275,\"image\":{\"@id\":\"https:\\\/\\\/www.altominho.tv\\\/site\\\/2024\\\/09\\\/24\\\/teatro-viana-do-castelo-parque-acessivel-cultura\\\/#primaryimage\"},\"thumbnailUrl\":\"https:\\\/\\\/www.altominho.tv\\\/site\\\/wp-content\\\/uploads\\\/2024\\\/09\\\/teatro-e-parque-scaled.jpg\",\"keywords\":[\"Cultura\"],\"articleSection\":[\"Viana do Castelo\"],\"inLanguage\":\"pt-PT\",\"copyrightYear\":\"2024\",\"copyrightHolder\":{\"@id\":\"https:\\\/\\\/www.altominho.tv\\\/site\\\/#organization\"}},{\"@type\":\"WebPage\",\"@id\":\"https:\\\/\\\/www.altominho.tv\\\/site\\\/2024\\\/09\\\/24\\\/teatro-viana-do-castelo-parque-acessivel-cultura\\\/\",\"url\":\"https:\\\/\\\/www.altominho.tv\\\/site\\\/2024\\\/09\\\/24\\\/teatro-viana-do-castelo-parque-acessivel-cultura\\\/\",\"name\":\"Teatro do Noroeste e Parque 1\u00ba Maio Refor\u00e7am Parceria\",\"isPartOf\":{\"@id\":\"https:\\\/\\\/www.altominho.tv\\\/site\\\/#website\"},\"primaryImageOfPage\":{\"@id\":\"https:\\\/\\\/www.altominho.tv\\\/site\\\/2024\\\/09\\\/24\\\/teatro-viana-do-castelo-parque-acessivel-cultura\\\/#primaryimage\"},\"image\":{\"@id\":\"https:\\\/\\\/www.altominho.tv\\\/site\\\/2024\\\/09\\\/24\\\/teatro-viana-do-castelo-parque-acessivel-cultura\\\/#primaryimage\"},\"thumbnailUrl\":\"https:\\\/\\\/www.altominho.tv\\\/site\\\/wp-content\\\/uploads\\\/2024\\\/09\\\/teatro-e-parque-scaled.jpg\",\"datePublished\":\"2024-09-24T15:53:54+00:00\",\"dateModified\":\"2024-09-24T15:53:56+00:00\",\"author\":{\"@id\":\"https:\\\/\\\/www.altominho.tv\\\/site\\\/#\\\/schema\\\/person\\\/a0e4ef6d041f98ca284393d8f1d97153\"},\"description\":\"O Teatro do Noroeste e o Parque 1\u00ba Maio, em Viana do Castelo, refor\u00e7aram a parceria.\",\"breadcrumb\":{\"@id\":\"https:\\\/\\\/www.altominho.tv\\\/site\\\/2024\\\/09\\\/24\\\/teatro-viana-do-castelo-parque-acessivel-cultura\\\/#breadcrumb\"},\"inLanguage\":\"pt-PT\",\"potentialAction\":[{\"@type\":\"ReadAction\",\"target\":[\"https:\\\/\\\/www.altominho.tv\\\/site\\\/2024\\\/09\\\/24\\\/teatro-viana-do-castelo-parque-acessivel-cultura\\\/\"]}]},{\"@type\":\"ImageObject\",\"inLanguage\":\"pt-PT\",\"@id\":\"https:\\\/\\\/www.altominho.tv\\\/site\\\/2024\\\/09\\\/24\\\/teatro-viana-do-castelo-parque-acessivel-cultura\\\/#primaryimage\",\"url\":\"https:\\\/\\\/www.altominho.tv\\\/site\\\/wp-content\\\/uploads\\\/2024\\\/09\\\/teatro-e-parque-scaled.jpg\",\"contentUrl\":\"https:\\\/\\\/www.altominho.tv\\\/site\\\/wp-content\\\/uploads\\\/2024\\\/09\\\/teatro-e-parque-scaled.jpg\",\"width\":2560,\"height\":1707},{\"@type\":\"BreadcrumbList\",\"@id\":\"https:\\\/\\\/www.altominho.tv\\\/site\\\/2024\\\/09\\\/24\\\/teatro-viana-do-castelo-parque-acessivel-cultura\\\/#breadcrumb\",\"itemListElement\":[{\"@type\":\"ListItem\",\"position\":1,\"name\":\"In\u00edcio\",\"item\":\"https:\\\/\\\/www.altominho.tv\\\/site\\\/\"},{\"@type\":\"ListItem\",\"position\":2,\"name\":\"Teatro do Noroeste e Parque 1\u00ba Maio Refor\u00e7am Parceria\"}]},{\"@type\":\"WebSite\",\"@id\":\"https:\\\/\\\/www.altominho.tv\\\/site\\\/#website\",\"url\":\"https:\\\/\\\/www.altominho.tv\\\/site\\\/\",\"name\":\"Altominho.tv\",\"description\":\"A sua regi\u00e3o \u00e0 dist\u00e2ncia de um clique...\",\"potentialAction\":[{\"@type\":\"SearchAction\",\"target\":{\"@type\":\"EntryPoint\",\"urlTemplate\":\"https:\\\/\\\/www.altominho.tv\\\/site\\\/?s={search_term_string}\"},\"query-input\":{\"@type\":\"PropertyValueSpecification\",\"valueRequired\":true,\"valueName\":\"search_term_string\"}}],\"inLanguage\":\"pt-PT\"},{\"@type\":\"Person\",\"@id\":\"https:\\\/\\\/www.altominho.tv\\\/site\\\/#\\\/schema\\\/person\\\/a0e4ef6d041f98ca284393d8f1d97153\",\"name\":\"Andreia Cunha\",\"image\":{\"@type\":\"ImageObject\",\"inLanguage\":\"pt-PT\",\"@id\":\"https:\\\/\\\/www.altominho.tv\\\/site\\\/wp-content\\\/uploads\\\/2017\\\/11\\\/Andreia_Cunha-1-150x150.jpg\",\"url\":\"https:\\\/\\\/www.altominho.tv\\\/site\\\/wp-content\\\/uploads\\\/2017\\\/11\\\/Andreia_Cunha-1-150x150.jpg\",\"contentUrl\":\"https:\\\/\\\/www.altominho.tv\\\/site\\\/wp-content\\\/uploads\\\/2017\\\/11\\\/Andreia_Cunha-1-150x150.jpg\",\"caption\":\"Andreia Cunha\"},\"url\":\"https:\\\/\\\/www.altominho.tv\\\/site\\\/author\\\/andreiacunha\\\/\"}]}<\/script>\n<!-- \/ Yoast SEO Premium plugin. -->","yoast_head_json":{"title":"Teatro do Noroeste e Parque 1\u00ba Maio Refor\u00e7am Parceria","description":"O Teatro do Noroeste e o Parque 1\u00ba Maio, em Viana do Castelo, refor\u00e7aram a parceria.","robots":{"index":"index","follow":"follow","max-snippet":"max-snippet:-1","max-image-preview":"max-image-preview:large","max-video-preview":"max-video-preview:-1"},"canonical":"https:\/\/www.altominho.tv\/site\/2024\/09\/24\/teatro-viana-do-castelo-parque-acessivel-cultura\/","og_locale":"pt_PT","og_type":"article","og_title":"Teatro do Noroeste e Parque 1\u00ba Maio Refor\u00e7am Parceria","og_description":"O Teatro do Noroeste e o Parque 1\u00ba Maio, em Viana do Castelo, refor\u00e7aram a parceria.","og_url":"https:\/\/www.altominho.tv\/site\/2024\/09\/24\/teatro-viana-do-castelo-parque-acessivel-cultura\/","og_site_name":"Altominho.tv","article_publisher":"https:\/\/www.facebook.com\/altominhotv","article_published_time":"2024-09-24T15:53:54+00:00","article_modified_time":"2024-09-24T15:53:56+00:00","og_image":[{"width":2560,"height":1707,"url":"https:\/\/www.altominho.tv\/site\/wp-content\/uploads\/2024\/09\/teatro-e-parque-scaled.jpg","type":"image\/jpeg"}],"author":"Andreia Cunha","twitter_card":"summary_large_image","twitter_creator":"@altominhoTV","twitter_site":"@altominhoTV","twitter_misc":{"Escrito por":"Andreia Cunha","Tempo estimado de leitura":"2 minutos"},"schema":{"@context":"https:\/\/schema.org","@graph":[{"@type":"Article","@id":"https:\/\/www.altominho.tv\/site\/2024\/09\/24\/teatro-viana-do-castelo-parque-acessivel-cultura\/#article","isPartOf":{"@id":"https:\/\/www.altominho.tv\/site\/2024\/09\/24\/teatro-viana-do-castelo-parque-acessivel-cultura\/"},"author":{"name":"Andreia Cunha","@id":"https:\/\/www.altominho.tv\/site\/#\/schema\/person\/a0e4ef6d041f98ca284393d8f1d97153"},"headline":"Teatro do Noroeste e Parque 1\u00ba Maio Refor\u00e7am Parceria","datePublished":"2024-09-24T15:53:54+00:00","dateModified":"2024-09-24T15:53:56+00:00","mainEntityOfPage":{"@id":"https:\/\/www.altominho.tv\/site\/2024\/09\/24\/teatro-viana-do-castelo-parque-acessivel-cultura\/"},"wordCount":275,"image":{"@id":"https:\/\/www.altominho.tv\/site\/2024\/09\/24\/teatro-viana-do-castelo-parque-acessivel-cultura\/#primaryimage"},"thumbnailUrl":"https:\/\/www.altominho.tv\/site\/wp-content\/uploads\/2024\/09\/teatro-e-parque-scaled.jpg","keywords":["Cultura"],"articleSection":["Viana do Castelo"],"inLanguage":"pt-PT","copyrightYear":"2024","copyrightHolder":{"@id":"https:\/\/www.altominho.tv\/site\/#organization"}},{"@type":"WebPage","@id":"https:\/\/www.altominho.tv\/site\/2024\/09\/24\/teatro-viana-do-castelo-parque-acessivel-cultura\/","url":"https:\/\/www.altominho.tv\/site\/2024\/09\/24\/teatro-viana-do-castelo-parque-acessivel-cultura\/","name":"Teatro do Noroeste e Parque 1\u00ba Maio Refor\u00e7am Parceria","isPartOf":{"@id":"https:\/\/www.altominho.tv\/site\/#website"},"primaryImageOfPage":{"@id":"https:\/\/www.altominho.tv\/site\/2024\/09\/24\/teatro-viana-do-castelo-parque-acessivel-cultura\/#primaryimage"},"image":{"@id":"https:\/\/www.altominho.tv\/site\/2024\/09\/24\/teatro-viana-do-castelo-parque-acessivel-cultura\/#primaryimage"},"thumbnailUrl":"https:\/\/www.altominho.tv\/site\/wp-content\/uploads\/2024\/09\/teatro-e-parque-scaled.jpg","datePublished":"2024-09-24T15:53:54+00:00","dateModified":"2024-09-24T15:53:56+00:00","author":{"@id":"https:\/\/www.altominho.tv\/site\/#\/schema\/person\/a0e4ef6d041f98ca284393d8f1d97153"},"description":"O Teatro do Noroeste e o Parque 1\u00ba Maio, em Viana do Castelo, refor\u00e7aram a parceria.","breadcrumb":{"@id":"https:\/\/www.altominho.tv\/site\/2024\/09\/24\/teatro-viana-do-castelo-parque-acessivel-cultura\/#breadcrumb"},"inLanguage":"pt-PT","potentialAction":[{"@type":"ReadAction","target":["https:\/\/www.altominho.tv\/site\/2024\/09\/24\/teatro-viana-do-castelo-parque-acessivel-cultura\/"]}]},{"@type":"ImageObject","inLanguage":"pt-PT","@id":"https:\/\/www.altominho.tv\/site\/2024\/09\/24\/teatro-viana-do-castelo-parque-acessivel-cultura\/#primaryimage","url":"https:\/\/www.altominho.tv\/site\/wp-content\/uploads\/2024\/09\/teatro-e-parque-scaled.jpg","contentUrl":"https:\/\/www.altominho.tv\/site\/wp-content\/uploads\/2024\/09\/teatro-e-parque-scaled.jpg","width":2560,"height":1707},{"@type":"BreadcrumbList","@id":"https:\/\/www.altominho.tv\/site\/2024\/09\/24\/teatro-viana-do-castelo-parque-acessivel-cultura\/#breadcrumb","itemListElement":[{"@type":"ListItem","position":1,"name":"In\u00edcio","item":"https:\/\/www.altominho.tv\/site\/"},{"@type":"ListItem","position":2,"name":"Teatro do Noroeste e Parque 1\u00ba Maio Refor\u00e7am Parceria"}]},{"@type":"WebSite","@id":"https:\/\/www.altominho.tv\/site\/#website","url":"https:\/\/www.altominho.tv\/site\/","name":"Altominho.tv","description":"A sua regi\u00e3o \u00e0 dist\u00e2ncia de um clique...","potentialAction":[{"@type":"SearchAction","target":{"@type":"EntryPoint","urlTemplate":"https:\/\/www.altominho.tv\/site\/?s={search_term_string}"},"query-input":{"@type":"PropertyValueSpecification","valueRequired":true,"valueName":"search_term_string"}}],"inLanguage":"pt-PT"},{"@type":"Person","@id":"https:\/\/www.altominho.tv\/site\/#\/schema\/person\/a0e4ef6d041f98ca284393d8f1d97153","name":"Andreia Cunha","image":{"@type":"ImageObject","inLanguage":"pt-PT","@id":"https:\/\/www.altominho.tv\/site\/wp-content\/uploads\/2017\/11\/Andreia_Cunha-1-150x150.jpg","url":"https:\/\/www.altominho.tv\/site\/wp-content\/uploads\/2017\/11\/Andreia_Cunha-1-150x150.jpg","contentUrl":"https:\/\/www.altominho.tv\/site\/wp-content\/uploads\/2017\/11\/Andreia_Cunha-1-150x150.jpg","caption":"Andreia Cunha"},"url":"https:\/\/www.altominho.tv\/site\/author\/andreiacunha\/"}]}},"_links":{"self":[{"href":"https:\/\/www.altominho.tv\/site\/wp-json\/wp\/v2\/posts\/110820","targetHints":{"allow":["GET"]}}],"collection":[{"href":"https:\/\/www.altominho.tv\/site\/wp-json\/wp\/v2\/posts"}],"about":[{"href":"https:\/\/www.altominho.tv\/site\/wp-json\/wp\/v2\/types\/post"}],"author":[{"embeddable":true,"href":"https:\/\/www.altominho.tv\/site\/wp-json\/wp\/v2\/users\/7"}],"replies":[{"embeddable":true,"href":"https:\/\/www.altominho.tv\/site\/wp-json\/wp\/v2\/comments?post=110820"}],"version-history":[{"count":1,"href":"https:\/\/www.altominho.tv\/site\/wp-json\/wp\/v2\/posts\/110820\/revisions"}],"predecessor-version":[{"id":110822,"href":"https:\/\/www.altominho.tv\/site\/wp-json\/wp\/v2\/posts\/110820\/revisions\/110822"}],"wp:featuredmedia":[{"embeddable":true,"href":"https:\/\/www.altominho.tv\/site\/wp-json\/wp\/v2\/media\/110821"}],"wp:attachment":[{"href":"https:\/\/www.altominho.tv\/site\/wp-json\/wp\/v2\/media?parent=110820"}],"wp:term":[{"taxonomy":"category","embeddable":true,"href":"https:\/\/www.altominho.tv\/site\/wp-json\/wp\/v2\/categories?post=110820"},{"taxonomy":"post_tag","embeddable":true,"href":"https:\/\/www.altominho.tv\/site\/wp-json\/wp\/v2\/tags?post=110820"}],"curies":[{"name":"wp","href":"https:\/\/api.w.org\/{rel}","templated":true}]}}