{"id":110804,"date":"2024-09-24T14:17:08","date_gmt":"2024-09-24T13:17:08","guid":{"rendered":"https:\/\/www.altominho.tv\/site\/?p=110804"},"modified":"2024-09-24T14:17:10","modified_gmt":"2024-09-24T13:17:10","slug":"ipma-tempo-vento-chuva","status":"publish","type":"post","link":"https:\/\/www.altominho.tv\/site\/2024\/09\/24\/ipma-tempo-vento-chuva\/","title":{"rendered":"IPMA coloca seis distritos do continente sob aviso amarelo devido ao vento"},"content":{"rendered":"\n<p>O Instituto Portugu\u00eas do Mar e da Atmosfera (IPMA) emitiu hoje aviso amarelo para seis distritos do continente devido \u00e0 previs\u00e3o de vento forte, depois de ter colocado anteriormente os mesmos territ\u00f3rios a laranja por causa da chuva.<\/p>\n\n\n\n<p>Os distritos de Bragan\u00e7a, Viseu, Guarda e Vila Real v\u00e3o estar sob aviso amarelo entre as 15h00 de quarta-feira e as 15h00 de quinta-feira, devido \u00e0 previs\u00e3o de vento de sudoeste com rajadas at\u00e9 70 quil\u00f3metros por hora (km\/h), podendo atingir 90 km\/h nas terras altas.<\/p>\n\n\n\n<p>O aviso amarelo de vento para Viana do Castelo e Bragan\u00e7a vai estar em vigor entre as 15h00 e as 18h00 de quarta-feira.<\/p>\n\n\n\n<p>Num comunicado anterior divulgado hoje, o IPMA j\u00e1 tinha colocado seis distritos do continente sob aviso laranja na quarta e na quinta-feira devido \u00e0 previs\u00e3o de chuva persistente e por vezes forte, em especial nas regi\u00f5es montanhosas.<\/p>\n\n\n\n<p>O instituto indicou que os distritos de Viseu, Vila Real e Aveiro v\u00e3o estar sob aviso laranja entre as 06h00 e as 12h00 de quinta-feira e os distritos do Porto, Viana do Castelo e Braga entre as 18h00 de quarta-feira e as 09h00 de quinta-feira.<\/p>\n\n\n\n<p>Estes seis distritos est\u00e3o j\u00e1 hoje e na quarta-feira sob aviso amarelo por causa da chuva persistente e por vezes forte.<\/p>\n\n\n\n<p>Por causa da chuva forte, o IPMA colocou ainda os distritos de Bragan\u00e7a, Guarda e Coimbra sob aviso amarelo entre as 03:00 e as 12:00 de quinta-feira.<\/p>\n\n\n\n<p>O aviso laranja, o segundo numa escala de tr\u00eas, \u00e9 emitido pelo IPMA sempre que existe &#8220;situa\u00e7\u00e3o meteorol\u00f3gica de risco moderado a elevado\u201d e o amarelo quando h\u00e1 uma \u201csitua\u00e7\u00e3o de risco para determinadas atividades dependentes da situa\u00e7\u00e3o meteorol\u00f3gica\u201d.<\/p>\n\n\n\n<p>Na segunda-feira, em comunicado, o IPMA indicou estar em causa o \u201ctransporte de uma massa de ar tropical, com conte\u00fado muito elevado em vapor de \u00e1gua, na circula\u00e7\u00e3o conjunta de um anticiclone localizado a sul dos A\u00e7ores e uma regi\u00e3o depression\u00e1ria no Atl\u00e2ntico Norte\u201d.<\/p>\n\n\n\n<p>Prev\u00ea-se a ocorr\u00eancia de per\u00edodos de chuva persistente a partir de hoje nas regi\u00f5es Norte e Centro e que ser\u00e1 por vezes forte na quarta e na quinta-feira, em especial no litoral a norte do Cabo Mondego e regi\u00f5es montanhosas.<\/p>\n\n\n\n<p>Na regi\u00e3o Sul, a precipita\u00e7\u00e3o ser\u00e1 em geral fraca, embora pouco prov\u00e1vel no interior do Baixo Alentejo e no sotavento algarvio, podendo ser temporariamente moderada durante a manh\u00e3 de quinta-feira.<\/p>\n\n\n\n<p>\u201cOs valores acumulados de precipita\u00e7\u00e3o no total dos tr\u00eas dias poder\u00e3o atingir entre 100 e 200 mm [mil\u00edmetros] no Minho, Douro Litoral e nas serras dos distritos de Viseu, Aveiro e Coimbra, e entre 50 a 100 mm no restante litoral a norte do Cabo Mondego, concentrando-se a maior parte da precipita\u00e7\u00e3o entre as manh\u00e3s de hoje e entre a manh\u00e3 de quarta-feira e o final da manh\u00e3 de quinta-feira\u201d, indicou o IPMA.<\/p>\n\n\n\n<p>No que diz respeito ao vento, vai aumentar de intensidade a partir desta tarde, esperando-se o per\u00edodo com vento mais intenso entre a tarde de quarta-feira e o in\u00edcio da manh\u00e3 de quinta-feira.<\/p>\n\n\n\n<p>O vento ser\u00e1 de sudoeste por vezes forte, at\u00e9 45 quil\u00f3metros por hora (km\/h), com rajadas at\u00e9 70 km\/h no litoral norte e centro, soprando at\u00e9 55 km\/h, com rajadas at\u00e9 90 km\/h, nas terras altas das regi\u00f5es Norte e Centro.<\/p>\n\n\n\n<p>Na sequ\u00eancia das previs\u00f5es, a Autoridade Nacional de Emerg\u00eancia e Prote\u00e7\u00e3o Civil (ANEPC) alertou na segunda-feira a popula\u00e7\u00e3o para o risco de cheias, derrocadas, deslizamentos e queda de estruturas e \u00e1rvores.<\/p>\n\n\n\n<p>Em particular nas zonas recentemente atingidas por inc\u00eandios florestais, que queimaram vegeta\u00e7\u00e3o e cobriram o solo de cinzas, a ANEPC salientou o risco de deslizamentos, derrocadas e contamina\u00e7\u00e3o de fontes de \u00e1gua pot\u00e1vel.<\/p>\n","protected":false},"excerpt":{"rendered":"<p>O Instituto Portugu\u00eas do Mar e da Atmosfera (IPMA) emitiu hoje aviso amarelo para seis distritos do continente devido \u00e0 previs\u00e3o de vento forte, depois de ter colocado anteriormente os mesmos territ\u00f3rios a laranja por causa da chuva. Os distritos de Bragan\u00e7a, Viseu, Guarda e Vila Real v\u00e3o estar sob aviso amarelo entre as 15h00 [&hellip;]<\/p>\n","protected":false},"author":16,"featured_media":110805,"comment_status":"closed","ping_status":"closed","sticky":false,"template":"","format":"standard","meta":{"_exactmetrics_skip_tracking":false,"_exactmetrics_sitenote_active":false,"_exactmetrics_sitenote_note":"","_exactmetrics_sitenote_category":0,"footnotes":""},"categories":[14],"tags":[27],"class_list":["post-110804","post","type-post","status-publish","format-standard","has-post-thumbnail","hentry","category-viana-do-castelo","tag-sociedade"],"yoast_head":"<!-- This site is optimized with the Yoast SEO Premium plugin v27.4 (Yoast SEO v27.4) - https:\/\/yoast.com\/product\/yoast-seo-premium-wordpress\/ -->\n<title>IPMA coloca seis distritos do continente sob aviso amarelo devido ao vento<\/title>\n<meta name=\"description\" content=\"O IPMA colocou seis distritos do continente sob aviso amarelo devido ao vento.\" \/>\n<meta name=\"robots\" content=\"index, follow, max-snippet:-1, max-image-preview:large, max-video-preview:-1\" \/>\n<link rel=\"canonical\" href=\"https:\/\/www.altominho.tv\/site\/2024\/09\/24\/ipma-tempo-vento-chuva\/\" \/>\n<meta property=\"og:locale\" content=\"pt_PT\" \/>\n<meta property=\"og:type\" content=\"article\" \/>\n<meta property=\"og:title\" content=\"IPMA coloca seis distritos do continente sob aviso amarelo devido ao vento\" \/>\n<meta property=\"og:description\" content=\"O IPMA colocou seis distritos do continente sob aviso amarelo devido ao vento.\" \/>\n<meta property=\"og:url\" content=\"https:\/\/www.altominho.tv\/site\/2024\/09\/24\/ipma-tempo-vento-chuva\/\" \/>\n<meta property=\"og:site_name\" content=\"Altominho.tv\" \/>\n<meta property=\"article:publisher\" content=\"https:\/\/www.facebook.com\/altominhotv\" \/>\n<meta property=\"article:published_time\" content=\"2024-09-24T13:17:08+00:00\" \/>\n<meta property=\"article:modified_time\" content=\"2024-09-24T13:17:10+00:00\" \/>\n<meta property=\"og:image\" content=\"https:\/\/www.altominho.tv\/site\/wp-content\/uploads\/2024\/09\/vento-e-chuva.jpg\" \/>\n\t<meta property=\"og:image:width\" content=\"1100\" \/>\n\t<meta property=\"og:image:height\" content=\"733\" \/>\n\t<meta property=\"og:image:type\" content=\"image\/jpeg\" \/>\n<meta name=\"author\" content=\"Andreia Cunha | Lusa\" \/>\n<meta name=\"twitter:card\" content=\"summary_large_image\" \/>\n<meta name=\"twitter:creator\" content=\"@altominhoTV\" \/>\n<meta name=\"twitter:site\" content=\"@altominhoTV\" \/>\n<meta name=\"twitter:label1\" content=\"Escrito por\" \/>\n\t<meta name=\"twitter:data1\" content=\"Andreia Cunha | Lusa\" \/>\n\t<meta name=\"twitter:label2\" content=\"Tempo estimado de leitura\" \/>\n\t<meta name=\"twitter:data2\" content=\"4 minutos\" \/>\n<script type=\"application\/ld+json\" class=\"yoast-schema-graph\">{\"@context\":\"https:\\\/\\\/schema.org\",\"@graph\":[{\"@type\":\"Article\",\"@id\":\"https:\\\/\\\/www.altominho.tv\\\/site\\\/2024\\\/09\\\/24\\\/ipma-tempo-vento-chuva\\\/#article\",\"isPartOf\":{\"@id\":\"https:\\\/\\\/www.altominho.tv\\\/site\\\/2024\\\/09\\\/24\\\/ipma-tempo-vento-chuva\\\/\"},\"author\":{\"name\":\"Andreia Cunha | Lusa\",\"@id\":\"https:\\\/\\\/www.altominho.tv\\\/site\\\/#\\\/schema\\\/person\\\/dbaf181c01b51ff40c9f461a905d321e\"},\"headline\":\"IPMA coloca seis distritos do continente sob aviso amarelo devido ao vento\",\"datePublished\":\"2024-09-24T13:17:08+00:00\",\"dateModified\":\"2024-09-24T13:17:10+00:00\",\"mainEntityOfPage\":{\"@id\":\"https:\\\/\\\/www.altominho.tv\\\/site\\\/2024\\\/09\\\/24\\\/ipma-tempo-vento-chuva\\\/\"},\"wordCount\":655,\"image\":{\"@id\":\"https:\\\/\\\/www.altominho.tv\\\/site\\\/2024\\\/09\\\/24\\\/ipma-tempo-vento-chuva\\\/#primaryimage\"},\"thumbnailUrl\":\"https:\\\/\\\/www.altominho.tv\\\/site\\\/wp-content\\\/uploads\\\/2024\\\/09\\\/vento-e-chuva.jpg\",\"keywords\":[\"Sociedade\"],\"articleSection\":[\"Viana do Castelo\"],\"inLanguage\":\"pt-PT\",\"copyrightYear\":\"2024\",\"copyrightHolder\":{\"@id\":\"https:\\\/\\\/www.altominho.tv\\\/site\\\/#organization\"}},{\"@type\":\"WebPage\",\"@id\":\"https:\\\/\\\/www.altominho.tv\\\/site\\\/2024\\\/09\\\/24\\\/ipma-tempo-vento-chuva\\\/\",\"url\":\"https:\\\/\\\/www.altominho.tv\\\/site\\\/2024\\\/09\\\/24\\\/ipma-tempo-vento-chuva\\\/\",\"name\":\"IPMA coloca seis distritos do continente sob aviso amarelo devido ao vento\",\"isPartOf\":{\"@id\":\"https:\\\/\\\/www.altominho.tv\\\/site\\\/#website\"},\"primaryImageOfPage\":{\"@id\":\"https:\\\/\\\/www.altominho.tv\\\/site\\\/2024\\\/09\\\/24\\\/ipma-tempo-vento-chuva\\\/#primaryimage\"},\"image\":{\"@id\":\"https:\\\/\\\/www.altominho.tv\\\/site\\\/2024\\\/09\\\/24\\\/ipma-tempo-vento-chuva\\\/#primaryimage\"},\"thumbnailUrl\":\"https:\\\/\\\/www.altominho.tv\\\/site\\\/wp-content\\\/uploads\\\/2024\\\/09\\\/vento-e-chuva.jpg\",\"datePublished\":\"2024-09-24T13:17:08+00:00\",\"dateModified\":\"2024-09-24T13:17:10+00:00\",\"author\":{\"@id\":\"https:\\\/\\\/www.altominho.tv\\\/site\\\/#\\\/schema\\\/person\\\/dbaf181c01b51ff40c9f461a905d321e\"},\"description\":\"O IPMA colocou seis distritos do continente sob aviso amarelo devido ao vento.\",\"breadcrumb\":{\"@id\":\"https:\\\/\\\/www.altominho.tv\\\/site\\\/2024\\\/09\\\/24\\\/ipma-tempo-vento-chuva\\\/#breadcrumb\"},\"inLanguage\":\"pt-PT\",\"potentialAction\":[{\"@type\":\"ReadAction\",\"target\":[\"https:\\\/\\\/www.altominho.tv\\\/site\\\/2024\\\/09\\\/24\\\/ipma-tempo-vento-chuva\\\/\"]}]},{\"@type\":\"ImageObject\",\"inLanguage\":\"pt-PT\",\"@id\":\"https:\\\/\\\/www.altominho.tv\\\/site\\\/2024\\\/09\\\/24\\\/ipma-tempo-vento-chuva\\\/#primaryimage\",\"url\":\"https:\\\/\\\/www.altominho.tv\\\/site\\\/wp-content\\\/uploads\\\/2024\\\/09\\\/vento-e-chuva.jpg\",\"contentUrl\":\"https:\\\/\\\/www.altominho.tv\\\/site\\\/wp-content\\\/uploads\\\/2024\\\/09\\\/vento-e-chuva.jpg\",\"width\":1100,\"height\":733},{\"@type\":\"BreadcrumbList\",\"@id\":\"https:\\\/\\\/www.altominho.tv\\\/site\\\/2024\\\/09\\\/24\\\/ipma-tempo-vento-chuva\\\/#breadcrumb\",\"itemListElement\":[{\"@type\":\"ListItem\",\"position\":1,\"name\":\"In\u00edcio\",\"item\":\"https:\\\/\\\/www.altominho.tv\\\/site\\\/\"},{\"@type\":\"ListItem\",\"position\":2,\"name\":\"IPMA coloca seis distritos do continente sob aviso amarelo devido ao vento\"}]},{\"@type\":\"WebSite\",\"@id\":\"https:\\\/\\\/www.altominho.tv\\\/site\\\/#website\",\"url\":\"https:\\\/\\\/www.altominho.tv\\\/site\\\/\",\"name\":\"Altominho.tv\",\"description\":\"A sua regi\u00e3o \u00e0 dist\u00e2ncia de um clique...\",\"potentialAction\":[{\"@type\":\"SearchAction\",\"target\":{\"@type\":\"EntryPoint\",\"urlTemplate\":\"https:\\\/\\\/www.altominho.tv\\\/site\\\/?s={search_term_string}\"},\"query-input\":{\"@type\":\"PropertyValueSpecification\",\"valueRequired\":true,\"valueName\":\"search_term_string\"}}],\"inLanguage\":\"pt-PT\"},{\"@type\":\"Person\",\"@id\":\"https:\\\/\\\/www.altominho.tv\\\/site\\\/#\\\/schema\\\/person\\\/dbaf181c01b51ff40c9f461a905d321e\",\"name\":\"Andreia Cunha | Lusa\",\"image\":{\"@type\":\"ImageObject\",\"inLanguage\":\"pt-PT\",\"@id\":\"https:\\\/\\\/www.altominho.tv\\\/site\\\/wp-content\\\/uploads\\\/2017\\\/11\\\/Andreia_Cunha-1-150x150.jpg\",\"url\":\"https:\\\/\\\/www.altominho.tv\\\/site\\\/wp-content\\\/uploads\\\/2017\\\/11\\\/Andreia_Cunha-1-150x150.jpg\",\"contentUrl\":\"https:\\\/\\\/www.altominho.tv\\\/site\\\/wp-content\\\/uploads\\\/2017\\\/11\\\/Andreia_Cunha-1-150x150.jpg\",\"caption\":\"Andreia Cunha | Lusa\"},\"sameAs\":[\"https:\\\/\\\/www.altominho.tv\\\/site\"],\"url\":\"https:\\\/\\\/www.altominho.tv\\\/site\\\/author\\\/andreiacunhalusa\\\/\"}]}<\/script>\n<!-- \/ Yoast SEO Premium plugin. -->","yoast_head_json":{"title":"IPMA coloca seis distritos do continente sob aviso amarelo devido ao vento","description":"O IPMA colocou seis distritos do continente sob aviso amarelo devido ao vento.","robots":{"index":"index","follow":"follow","max-snippet":"max-snippet:-1","max-image-preview":"max-image-preview:large","max-video-preview":"max-video-preview:-1"},"canonical":"https:\/\/www.altominho.tv\/site\/2024\/09\/24\/ipma-tempo-vento-chuva\/","og_locale":"pt_PT","og_type":"article","og_title":"IPMA coloca seis distritos do continente sob aviso amarelo devido ao vento","og_description":"O IPMA colocou seis distritos do continente sob aviso amarelo devido ao vento.","og_url":"https:\/\/www.altominho.tv\/site\/2024\/09\/24\/ipma-tempo-vento-chuva\/","og_site_name":"Altominho.tv","article_publisher":"https:\/\/www.facebook.com\/altominhotv","article_published_time":"2024-09-24T13:17:08+00:00","article_modified_time":"2024-09-24T13:17:10+00:00","og_image":[{"width":1100,"height":733,"url":"https:\/\/www.altominho.tv\/site\/wp-content\/uploads\/2024\/09\/vento-e-chuva.jpg","type":"image\/jpeg"}],"author":"Andreia Cunha | Lusa","twitter_card":"summary_large_image","twitter_creator":"@altominhoTV","twitter_site":"@altominhoTV","twitter_misc":{"Escrito por":"Andreia Cunha | Lusa","Tempo estimado de leitura":"4 minutos"},"schema":{"@context":"https:\/\/schema.org","@graph":[{"@type":"Article","@id":"https:\/\/www.altominho.tv\/site\/2024\/09\/24\/ipma-tempo-vento-chuva\/#article","isPartOf":{"@id":"https:\/\/www.altominho.tv\/site\/2024\/09\/24\/ipma-tempo-vento-chuva\/"},"author":{"name":"Andreia Cunha | Lusa","@id":"https:\/\/www.altominho.tv\/site\/#\/schema\/person\/dbaf181c01b51ff40c9f461a905d321e"},"headline":"IPMA coloca seis distritos do continente sob aviso amarelo devido ao vento","datePublished":"2024-09-24T13:17:08+00:00","dateModified":"2024-09-24T13:17:10+00:00","mainEntityOfPage":{"@id":"https:\/\/www.altominho.tv\/site\/2024\/09\/24\/ipma-tempo-vento-chuva\/"},"wordCount":655,"image":{"@id":"https:\/\/www.altominho.tv\/site\/2024\/09\/24\/ipma-tempo-vento-chuva\/#primaryimage"},"thumbnailUrl":"https:\/\/www.altominho.tv\/site\/wp-content\/uploads\/2024\/09\/vento-e-chuva.jpg","keywords":["Sociedade"],"articleSection":["Viana do Castelo"],"inLanguage":"pt-PT","copyrightYear":"2024","copyrightHolder":{"@id":"https:\/\/www.altominho.tv\/site\/#organization"}},{"@type":"WebPage","@id":"https:\/\/www.altominho.tv\/site\/2024\/09\/24\/ipma-tempo-vento-chuva\/","url":"https:\/\/www.altominho.tv\/site\/2024\/09\/24\/ipma-tempo-vento-chuva\/","name":"IPMA coloca seis distritos do continente sob aviso amarelo devido ao vento","isPartOf":{"@id":"https:\/\/www.altominho.tv\/site\/#website"},"primaryImageOfPage":{"@id":"https:\/\/www.altominho.tv\/site\/2024\/09\/24\/ipma-tempo-vento-chuva\/#primaryimage"},"image":{"@id":"https:\/\/www.altominho.tv\/site\/2024\/09\/24\/ipma-tempo-vento-chuva\/#primaryimage"},"thumbnailUrl":"https:\/\/www.altominho.tv\/site\/wp-content\/uploads\/2024\/09\/vento-e-chuva.jpg","datePublished":"2024-09-24T13:17:08+00:00","dateModified":"2024-09-24T13:17:10+00:00","author":{"@id":"https:\/\/www.altominho.tv\/site\/#\/schema\/person\/dbaf181c01b51ff40c9f461a905d321e"},"description":"O IPMA colocou seis distritos do continente sob aviso amarelo devido ao vento.","breadcrumb":{"@id":"https:\/\/www.altominho.tv\/site\/2024\/09\/24\/ipma-tempo-vento-chuva\/#breadcrumb"},"inLanguage":"pt-PT","potentialAction":[{"@type":"ReadAction","target":["https:\/\/www.altominho.tv\/site\/2024\/09\/24\/ipma-tempo-vento-chuva\/"]}]},{"@type":"ImageObject","inLanguage":"pt-PT","@id":"https:\/\/www.altominho.tv\/site\/2024\/09\/24\/ipma-tempo-vento-chuva\/#primaryimage","url":"https:\/\/www.altominho.tv\/site\/wp-content\/uploads\/2024\/09\/vento-e-chuva.jpg","contentUrl":"https:\/\/www.altominho.tv\/site\/wp-content\/uploads\/2024\/09\/vento-e-chuva.jpg","width":1100,"height":733},{"@type":"BreadcrumbList","@id":"https:\/\/www.altominho.tv\/site\/2024\/09\/24\/ipma-tempo-vento-chuva\/#breadcrumb","itemListElement":[{"@type":"ListItem","position":1,"name":"In\u00edcio","item":"https:\/\/www.altominho.tv\/site\/"},{"@type":"ListItem","position":2,"name":"IPMA coloca seis distritos do continente sob aviso amarelo devido ao vento"}]},{"@type":"WebSite","@id":"https:\/\/www.altominho.tv\/site\/#website","url":"https:\/\/www.altominho.tv\/site\/","name":"Altominho.tv","description":"A sua regi\u00e3o \u00e0 dist\u00e2ncia de um clique...","potentialAction":[{"@type":"SearchAction","target":{"@type":"EntryPoint","urlTemplate":"https:\/\/www.altominho.tv\/site\/?s={search_term_string}"},"query-input":{"@type":"PropertyValueSpecification","valueRequired":true,"valueName":"search_term_string"}}],"inLanguage":"pt-PT"},{"@type":"Person","@id":"https:\/\/www.altominho.tv\/site\/#\/schema\/person\/dbaf181c01b51ff40c9f461a905d321e","name":"Andreia Cunha | Lusa","image":{"@type":"ImageObject","inLanguage":"pt-PT","@id":"https:\/\/www.altominho.tv\/site\/wp-content\/uploads\/2017\/11\/Andreia_Cunha-1-150x150.jpg","url":"https:\/\/www.altominho.tv\/site\/wp-content\/uploads\/2017\/11\/Andreia_Cunha-1-150x150.jpg","contentUrl":"https:\/\/www.altominho.tv\/site\/wp-content\/uploads\/2017\/11\/Andreia_Cunha-1-150x150.jpg","caption":"Andreia Cunha | Lusa"},"sameAs":["https:\/\/www.altominho.tv\/site"],"url":"https:\/\/www.altominho.tv\/site\/author\/andreiacunhalusa\/"}]}},"_links":{"self":[{"href":"https:\/\/www.altominho.tv\/site\/wp-json\/wp\/v2\/posts\/110804","targetHints":{"allow":["GET"]}}],"collection":[{"href":"https:\/\/www.altominho.tv\/site\/wp-json\/wp\/v2\/posts"}],"about":[{"href":"https:\/\/www.altominho.tv\/site\/wp-json\/wp\/v2\/types\/post"}],"author":[{"embeddable":true,"href":"https:\/\/www.altominho.tv\/site\/wp-json\/wp\/v2\/users\/16"}],"replies":[{"embeddable":true,"href":"https:\/\/www.altominho.tv\/site\/wp-json\/wp\/v2\/comments?post=110804"}],"version-history":[{"count":1,"href":"https:\/\/www.altominho.tv\/site\/wp-json\/wp\/v2\/posts\/110804\/revisions"}],"predecessor-version":[{"id":110806,"href":"https:\/\/www.altominho.tv\/site\/wp-json\/wp\/v2\/posts\/110804\/revisions\/110806"}],"wp:featuredmedia":[{"embeddable":true,"href":"https:\/\/www.altominho.tv\/site\/wp-json\/wp\/v2\/media\/110805"}],"wp:attachment":[{"href":"https:\/\/www.altominho.tv\/site\/wp-json\/wp\/v2\/media?parent=110804"}],"wp:term":[{"taxonomy":"category","embeddable":true,"href":"https:\/\/www.altominho.tv\/site\/wp-json\/wp\/v2\/categories?post=110804"},{"taxonomy":"post_tag","embeddable":true,"href":"https:\/\/www.altominho.tv\/site\/wp-json\/wp\/v2\/tags?post=110804"}],"curies":[{"name":"wp","href":"https:\/\/api.w.org\/{rel}","templated":true}]}}