{"id":110684,"date":"2024-09-19T15:35:45","date_gmt":"2024-09-19T14:35:45","guid":{"rendered":"https:\/\/www.altominho.tv\/site\/?p=110684"},"modified":"2024-09-19T15:35:51","modified_gmt":"2024-09-19T14:35:51","slug":"incendios-arcos-de-valdevez-2","status":"publish","type":"post","link":"https:\/\/www.altominho.tv\/site\/2024\/09\/19\/incendios-arcos-de-valdevez-2\/","title":{"rendered":"Inc\u00eandios: Vereador do PS de Arcos de Valdevez defende emparcelamento para combater fogos"},"content":{"rendered":"\n<p class=\"wp-block-paragraph\">O vereador socialista na C\u00e2mara de Arcos de Valdevez, Jo\u00e3o Braga Sim\u00f5es defendeu hoje ser \u201cimperioso\u201d iniciar o processo de emparcelamento do minif\u00fandio como forma de combater os inc\u00eandios no concelho, e prop\u00f4s a cria\u00e7\u00e3o de uma taxa tur\u00edstica.\u00a0<\/p>\n\n\n\n<p class=\"wp-block-paragraph\">Numa nota de imprensa a prop\u00f3sito da interven\u00e7\u00e3o feita na reuni\u00e3o camar\u00e1ria de hoje, Jo\u00e3o Braga Sim\u00f5es defendeu que \u201co emparcelamento do territ\u00f3rio \u00e9 uma transforma\u00e7\u00e3o necess\u00e1ria e positiva\u201d para travar os inc\u00eandios no concelho que \u201crecorrentemente tem mais inc\u00eandios e \u00e1rea ardida do distrito\u201d de Viana do Castelo.<\/p>\n\n\n\n<p class=\"wp-block-paragraph\">O socialista considera ainda que, se o turismo, a paisagem e a natureza s\u00e3o \u201cos principais trunfos\u201d do concelho, \u201cent\u00e3o \u00e9 justo que este setor d\u00ea o seu contributo para a sua manuten\u00e7\u00e3o\u201d, pelo que sugere a cria\u00e7\u00e3o de \u201cuma taxa tur\u00edstica municipal, com um valor razo\u00e1vel e adaptado \u00e0 realidade do concelho\u201d.<\/p>\n\n\n\n<p class=\"wp-block-paragraph\">A taxa, sustenta, \u201cpoder\u00e1 servir para financiar projetos de gest\u00e3o agroflorestal, preserva\u00e7\u00e3o da paisagem e prote\u00e7\u00e3o das esp\u00e9cies arbor\u00edcolas aut\u00f3ctones\u201d.<\/p>\n\n\n\n<p class=\"wp-block-paragraph\">Trata-se de \u201cuma iniciativa com duplo benef\u00edcio: promo\u00e7\u00e3o tur\u00edstica e prote\u00e7\u00e3o da floresta contra inc\u00eandios\u201d, observa.<\/p>\n\n\n\n<p class=\"wp-block-paragraph\">Por outro lado, diz, \u201c\u00e9 imperativo iniciar o processo de emparcelamento do territ\u00f3rio\u201d.<\/p>\n\n\n\n<p class=\"wp-block-paragraph\">\u201c\u00c9 necess\u00e1rio adaptar o pequeno minif\u00fandio, dar-lhe a infraestrutura e acessibilidades e garantir-lhe viabilidade econ\u00f3mica e investimento externo, com plena prote\u00e7\u00e3o e benef\u00edcio para os pequenos propriet\u00e1rios das parcelas de terrenos. E esse trabalho \u00e9 da C\u00e2mara\u201d, defendeu.<\/p>\n\n\n\n<p class=\"wp-block-paragraph\">Para o vereador, a estrat\u00e9gia da autarquia, centrada no combate aos inc\u00eandios \u201c\u00e9 comprovadamente uma estrat\u00e9gia que falha\u201d sem uma \u201cgest\u00e3o eficaz do territ\u00f3rio, trabalho de sapa, apoio \u00e0s popula\u00e7\u00f5es nas suas atividades agropastoris tradicionais que s\u00e3o, de fato, o que mant\u00e9m o territ\u00f3rio e a sua paisagem\u201d.<\/p>\n\n\n\n<p class=\"wp-block-paragraph\">\u201cMas tamb\u00e9m \u00e9 necess\u00e1rio inovar nas propostas, criar condi\u00e7\u00f5es para que o concelho se torne atrativo naquele que \u00e9 um setor incontorn\u00e1vel para as nossas caracter\u00edsticas geogr\u00e1ficas, o setor prim\u00e1rio, agr\u00edcola e florestal\u201d, afirmou.<\/p>\n\n\n\n<p class=\"wp-block-paragraph\">A 04 de setembro, o presidente da C\u00e2mara de Arcos de Valdevez, Jo\u00e3o Manuel Esteves (PSD), pediu ao secret\u00e1rio de Estado da Prote\u00e7\u00e3o Civil o \u201crefor\u00e7o de policiamento e investiga\u00e7\u00e3o\u201d para travar os fogos com \u201corigem criminosa\u201d que t\u00eam assolado o concelho.<\/p>\n\n\n\n<p class=\"wp-block-paragraph\">\u201cTudo indica que \u00e9 fogo intencional e de origem criminosa pelas circunst\u00e2ncias em que ocorreu, a hora a que ocorreu, a forma como o fogo evoluiu. A informa\u00e7\u00e3o que me v\u00e3o dando \u00e9 que ser\u00e1 essa a origem deste e de muitos outros. Temos de ter uma a\u00e7\u00e3o concertada de forma que se consiga travar estas pessoas que t\u00eam inten\u00e7\u00f5es que s\u00e3o efetivamente criminosas\u201d, afirmou \u00e0 ag\u00eancia Lusa.<\/p>\n\n\n\n<p class=\"wp-block-paragraph\">O autarca disse existir \u201cum n\u00famero muito elevado de inc\u00eandios\u201d no concelho, sendo que \u201ca esmagadora maioria, segundo o sentimento geral, tem origem criminosa\u201d.<\/p>\n\n\n\n<p class=\"wp-block-paragraph\">Tamb\u00e9m o presidente da Associa\u00e7\u00e3o Humanit\u00e1ria dos Bombeiros Volunt\u00e1rios de Arcos de Valdevez disse, na ocasi\u00e3o, que o elevado n\u00famero de inc\u00eandios registados todos os anos no concelho \u00e9 \u201cuma falha grave\u201d que merece \u201creflex\u00e3o por todos os que constituem a Prote\u00e7\u00e3o Civil\u201d.<\/p>\n\n\n\n<p class=\"wp-block-paragraph\">\u201cAno ap\u00f3s ano, Arcos de Valdevez continua a ser destacadamente o concelho com o maior n\u00famero de inc\u00eandios a n\u00edvel nacional. \u00c9 raro falhar a medalha de ouro nesta tr\u00e1gica estat\u00edstica. H\u00e1 assim uma falha grave que tem de ser objeto de reflex\u00e3o por todos os que constituem a Prote\u00e7\u00e3o Civil, principalmente a n\u00edvel municipal\u201d, afirmou Germano Amorim, citado numa nota hoje enviada \u00e0 imprensa.<\/p>\n\n\n\n<p class=\"wp-block-paragraph\">Germano Amorim defende um \u201crefor\u00e7o significativo do financiamento, a montante e a jusante, em Arcos de Valdevez, que se encontra em pleno Parque Nacional Peneda Ger\u00eas (PNPG)&#8221;.<\/p>\n\n\n\n<p class=\"wp-block-paragraph\">O executivo de Arcos de Valdevez \u00e9 composto por cinco eleitos do PSD e dois do PS.<\/p>\n","protected":false},"excerpt":{"rendered":"<p>O vereador socialista na C\u00e2mara de Arcos de Valdevez, Jo\u00e3o Braga Sim\u00f5es defendeu hoje ser \u201cimperioso\u201d iniciar o processo de emparcelamento do minif\u00fandio como forma de combater os inc\u00eandios no concelho, e prop\u00f4s a cria\u00e7\u00e3o de uma taxa tur\u00edstica.\u00a0 Numa nota de imprensa a prop\u00f3sito da interven\u00e7\u00e3o feita na reuni\u00e3o camar\u00e1ria de hoje, Jo\u00e3o Braga [&hellip;]<\/p>\n","protected":false},"author":13,"featured_media":110685,"comment_status":"closed","ping_status":"closed","sticky":false,"template":"","format":"standard","meta":{"_exactmetrics_skip_tracking":false,"footnotes":""},"categories":[2],"tags":[27],"class_list":["post-110684","post","type-post","status-publish","format-standard","has-post-thumbnail","hentry","category-arcos-de-valdevez","tag-sociedade"],"yoast_head":"<!-- This site is optimized with the Yoast SEO Premium plugin v28.3 (Yoast SEO v28.3) - https:\/\/yoast.com\/product\/yoast-seo-premium-wordpress\/ -->\n<title>Inc\u00eandios: Vereador do PS de Arcos de Valdevez defende emparcelamento para combater fogos<\/title>\n<meta name=\"description\" content=\"O Vereador do PS de Arcos de Valdevez defende o emparcelamento para combater fogos.\" \/>\n<meta name=\"robots\" content=\"index, follow, max-snippet:-1, max-image-preview:large, max-video-preview:-1\" \/>\n<link rel=\"canonical\" href=\"https:\/\/www.altominho.tv\/site\/2024\/09\/19\/incendios-arcos-de-valdevez-2\/\" \/>\n<meta property=\"og:locale\" content=\"pt_PT\" \/>\n<meta property=\"og:type\" content=\"article\" \/>\n<meta property=\"og:title\" content=\"Inc\u00eandios: Vereador do PS de Arcos de Valdevez defende emparcelamento para combater fogos\" \/>\n<meta property=\"og:description\" content=\"O Vereador do PS de Arcos de Valdevez defende o emparcelamento para combater fogos.\" \/>\n<meta property=\"og:url\" content=\"https:\/\/www.altominho.tv\/site\/2024\/09\/19\/incendios-arcos-de-valdevez-2\/\" \/>\n<meta property=\"og:site_name\" content=\"Altominho.tv\" \/>\n<meta property=\"article:publisher\" content=\"https:\/\/www.facebook.com\/altominhotv\" \/>\n<meta property=\"article:published_time\" content=\"2024-09-19T14:35:45+00:00\" \/>\n<meta property=\"article:modified_time\" content=\"2024-09-19T14:35:51+00:00\" \/>\n<meta property=\"og:image\" content=\"https:\/\/www.altominho.tv\/site\/wp-content\/uploads\/2024\/09\/incendio-11-740x416-1.jpg\" \/>\n\t<meta property=\"og:image:width\" content=\"740\" \/>\n\t<meta property=\"og:image:height\" content=\"416\" \/>\n\t<meta property=\"og:image:type\" content=\"image\/jpeg\" \/>\n<meta name=\"author\" content=\"Lusa\" \/>\n<meta name=\"twitter:card\" content=\"summary_large_image\" \/>\n<meta name=\"twitter:creator\" content=\"@altominhoTV\" \/>\n<meta name=\"twitter:site\" content=\"@altominhoTV\" \/>\n<meta name=\"twitter:label1\" content=\"Escrito por\" \/>\n\t<meta name=\"twitter:data1\" content=\"Lusa\" \/>\n\t<meta name=\"twitter:label2\" content=\"Tempo estimado de leitura\" \/>\n\t<meta name=\"twitter:data2\" content=\"4 minutos\" \/>\n<script type=\"application\/ld+json\" class=\"yoast-schema-graph\">{\"@context\":\"https:\\\/\\\/schema.org\",\"@graph\":[{\"@type\":\"Article\",\"@id\":\"https:\\\/\\\/www.altominho.tv\\\/site\\\/2024\\\/09\\\/19\\\/incendios-arcos-de-valdevez-2\\\/#article\",\"isPartOf\":{\"@id\":\"https:\\\/\\\/www.altominho.tv\\\/site\\\/2024\\\/09\\\/19\\\/incendios-arcos-de-valdevez-2\\\/\"},\"author\":{\"name\":\"Lusa\",\"@id\":\"https:\\\/\\\/www.altominho.tv\\\/site\\\/#\\\/schema\\\/person\\\/63f693da3e1899361cbe955c46f3232e\"},\"headline\":\"Inc\u00eandios: Vereador do PS de Arcos de Valdevez defende emparcelamento para combater fogos\",\"datePublished\":\"2024-09-19T14:35:45+00:00\",\"dateModified\":\"2024-09-19T14:35:51+00:00\",\"mainEntityOfPage\":{\"@id\":\"https:\\\/\\\/www.altominho.tv\\\/site\\\/2024\\\/09\\\/19\\\/incendios-arcos-de-valdevez-2\\\/\"},\"wordCount\":691,\"image\":{\"@id\":\"https:\\\/\\\/www.altominho.tv\\\/site\\\/2024\\\/09\\\/19\\\/incendios-arcos-de-valdevez-2\\\/#primaryimage\"},\"thumbnailUrl\":\"https:\\\/\\\/www.altominho.tv\\\/site\\\/wp-content\\\/uploads\\\/2024\\\/09\\\/incendio-11-740x416-1.jpg\",\"keywords\":[\"Sociedade\"],\"articleSection\":[\"Arcos de Valdevez\"],\"inLanguage\":\"pt-PT\",\"copyrightYear\":\"2024\",\"copyrightHolder\":{\"@id\":\"https:\\\/\\\/www.altominho.tv\\\/site\\\/#organization\"}},{\"@type\":\"WebPage\",\"@id\":\"https:\\\/\\\/www.altominho.tv\\\/site\\\/2024\\\/09\\\/19\\\/incendios-arcos-de-valdevez-2\\\/\",\"url\":\"https:\\\/\\\/www.altominho.tv\\\/site\\\/2024\\\/09\\\/19\\\/incendios-arcos-de-valdevez-2\\\/\",\"name\":\"Inc\u00eandios: Vereador do PS de Arcos de Valdevez defende emparcelamento para combater fogos\",\"isPartOf\":{\"@id\":\"https:\\\/\\\/www.altominho.tv\\\/site\\\/#website\"},\"primaryImageOfPage\":{\"@id\":\"https:\\\/\\\/www.altominho.tv\\\/site\\\/2024\\\/09\\\/19\\\/incendios-arcos-de-valdevez-2\\\/#primaryimage\"},\"image\":{\"@id\":\"https:\\\/\\\/www.altominho.tv\\\/site\\\/2024\\\/09\\\/19\\\/incendios-arcos-de-valdevez-2\\\/#primaryimage\"},\"thumbnailUrl\":\"https:\\\/\\\/www.altominho.tv\\\/site\\\/wp-content\\\/uploads\\\/2024\\\/09\\\/incendio-11-740x416-1.jpg\",\"datePublished\":\"2024-09-19T14:35:45+00:00\",\"dateModified\":\"2024-09-19T14:35:51+00:00\",\"author\":{\"@id\":\"https:\\\/\\\/www.altominho.tv\\\/site\\\/#\\\/schema\\\/person\\\/63f693da3e1899361cbe955c46f3232e\"},\"description\":\"O Vereador do PS de Arcos de Valdevez defende o emparcelamento para combater fogos.\",\"breadcrumb\":{\"@id\":\"https:\\\/\\\/www.altominho.tv\\\/site\\\/2024\\\/09\\\/19\\\/incendios-arcos-de-valdevez-2\\\/#breadcrumb\"},\"inLanguage\":\"pt-PT\",\"potentialAction\":[{\"@type\":\"ReadAction\",\"target\":[\"https:\\\/\\\/www.altominho.tv\\\/site\\\/2024\\\/09\\\/19\\\/incendios-arcos-de-valdevez-2\\\/\"]}]},{\"@type\":\"ImageObject\",\"inLanguage\":\"pt-PT\",\"@id\":\"https:\\\/\\\/www.altominho.tv\\\/site\\\/2024\\\/09\\\/19\\\/incendios-arcos-de-valdevez-2\\\/#primaryimage\",\"url\":\"https:\\\/\\\/www.altominho.tv\\\/site\\\/wp-content\\\/uploads\\\/2024\\\/09\\\/incendio-11-740x416-1.jpg\",\"contentUrl\":\"https:\\\/\\\/www.altominho.tv\\\/site\\\/wp-content\\\/uploads\\\/2024\\\/09\\\/incendio-11-740x416-1.jpg\",\"width\":740,\"height\":416},{\"@type\":\"BreadcrumbList\",\"@id\":\"https:\\\/\\\/www.altominho.tv\\\/site\\\/2024\\\/09\\\/19\\\/incendios-arcos-de-valdevez-2\\\/#breadcrumb\",\"itemListElement\":[{\"@type\":\"ListItem\",\"position\":1,\"name\":\"In\u00edcio\",\"item\":\"https:\\\/\\\/www.altominho.tv\\\/site\\\/\"},{\"@type\":\"ListItem\",\"position\":2,\"name\":\"Inc\u00eandios: Vereador do PS de Arcos de Valdevez defende emparcelamento para combater fogos\"}]},{\"@type\":\"WebSite\",\"@id\":\"https:\\\/\\\/www.altominho.tv\\\/site\\\/#website\",\"url\":\"https:\\\/\\\/www.altominho.tv\\\/site\\\/\",\"name\":\"Altominho.tv\",\"description\":\"A sua regi\u00e3o \u00e0 dist\u00e2ncia de um clique...\",\"potentialAction\":[{\"@type\":\"SearchAction\",\"target\":{\"@type\":\"EntryPoint\",\"urlTemplate\":\"https:\\\/\\\/www.altominho.tv\\\/site\\\/?s={search_term_string}\"},\"query-input\":{\"@type\":\"PropertyValueSpecification\",\"valueRequired\":true,\"valueName\":\"search_term_string\"}}],\"inLanguage\":\"pt-PT\"},{\"@type\":\"Person\",\"@id\":\"https:\\\/\\\/www.altominho.tv\\\/site\\\/#\\\/schema\\\/person\\\/63f693da3e1899361cbe955c46f3232e\",\"name\":\"Lusa\",\"image\":{\"@type\":\"ImageObject\",\"inLanguage\":\"pt-PT\",\"@id\":\"https:\\\/\\\/www.altominho.tv\\\/site\\\/wp-content\\\/uploads\\\/2019\\\/08\\\/LUSA_Logo.gif\",\"url\":\"https:\\\/\\\/www.altominho.tv\\\/site\\\/wp-content\\\/uploads\\\/2019\\\/08\\\/LUSA_Logo.gif\",\"contentUrl\":\"https:\\\/\\\/www.altominho.tv\\\/site\\\/wp-content\\\/uploads\\\/2019\\\/08\\\/LUSA_Logo.gif\",\"caption\":\"Lusa\"},\"sameAs\":[\"http:\\\/\\\/\\\/\\\/www.altominho.tv\\\/site\"],\"url\":\"https:\\\/\\\/www.altominho.tv\\\/site\\\/author\\\/lusa\\\/\"}]}<\/script>\n<!-- \/ Yoast SEO Premium plugin. -->","yoast_head_json":{"title":"Inc\u00eandios: Vereador do PS de Arcos de Valdevez defende emparcelamento para combater fogos","description":"O Vereador do PS de Arcos de Valdevez defende o emparcelamento para combater fogos.","robots":{"index":"index","follow":"follow","max-snippet":"max-snippet:-1","max-image-preview":"max-image-preview:large","max-video-preview":"max-video-preview:-1"},"canonical":"https:\/\/www.altominho.tv\/site\/2024\/09\/19\/incendios-arcos-de-valdevez-2\/","og_locale":"pt_PT","og_type":"article","og_title":"Inc\u00eandios: Vereador do PS de Arcos de Valdevez defende emparcelamento para combater fogos","og_description":"O Vereador do PS de Arcos de Valdevez defende o emparcelamento para combater fogos.","og_url":"https:\/\/www.altominho.tv\/site\/2024\/09\/19\/incendios-arcos-de-valdevez-2\/","og_site_name":"Altominho.tv","article_publisher":"https:\/\/www.facebook.com\/altominhotv","article_published_time":"2024-09-19T14:35:45+00:00","article_modified_time":"2024-09-19T14:35:51+00:00","og_image":[{"width":740,"height":416,"url":"https:\/\/www.altominho.tv\/site\/wp-content\/uploads\/2024\/09\/incendio-11-740x416-1.jpg","type":"image\/jpeg"}],"author":"Lusa","twitter_card":"summary_large_image","twitter_creator":"@altominhoTV","twitter_site":"@altominhoTV","twitter_misc":{"Escrito por":"Lusa","Tempo estimado de leitura":"4 minutos"},"schema":{"@context":"https:\/\/schema.org","@graph":[{"@type":"Article","@id":"https:\/\/www.altominho.tv\/site\/2024\/09\/19\/incendios-arcos-de-valdevez-2\/#article","isPartOf":{"@id":"https:\/\/www.altominho.tv\/site\/2024\/09\/19\/incendios-arcos-de-valdevez-2\/"},"author":{"name":"Lusa","@id":"https:\/\/www.altominho.tv\/site\/#\/schema\/person\/63f693da3e1899361cbe955c46f3232e"},"headline":"Inc\u00eandios: Vereador do PS de Arcos de Valdevez defende emparcelamento para combater fogos","datePublished":"2024-09-19T14:35:45+00:00","dateModified":"2024-09-19T14:35:51+00:00","mainEntityOfPage":{"@id":"https:\/\/www.altominho.tv\/site\/2024\/09\/19\/incendios-arcos-de-valdevez-2\/"},"wordCount":691,"image":{"@id":"https:\/\/www.altominho.tv\/site\/2024\/09\/19\/incendios-arcos-de-valdevez-2\/#primaryimage"},"thumbnailUrl":"https:\/\/www.altominho.tv\/site\/wp-content\/uploads\/2024\/09\/incendio-11-740x416-1.jpg","keywords":["Sociedade"],"articleSection":["Arcos de Valdevez"],"inLanguage":"pt-PT","copyrightYear":"2024","copyrightHolder":{"@id":"https:\/\/www.altominho.tv\/site\/#organization"}},{"@type":"WebPage","@id":"https:\/\/www.altominho.tv\/site\/2024\/09\/19\/incendios-arcos-de-valdevez-2\/","url":"https:\/\/www.altominho.tv\/site\/2024\/09\/19\/incendios-arcos-de-valdevez-2\/","name":"Inc\u00eandios: Vereador do PS de Arcos de Valdevez defende emparcelamento para combater fogos","isPartOf":{"@id":"https:\/\/www.altominho.tv\/site\/#website"},"primaryImageOfPage":{"@id":"https:\/\/www.altominho.tv\/site\/2024\/09\/19\/incendios-arcos-de-valdevez-2\/#primaryimage"},"image":{"@id":"https:\/\/www.altominho.tv\/site\/2024\/09\/19\/incendios-arcos-de-valdevez-2\/#primaryimage"},"thumbnailUrl":"https:\/\/www.altominho.tv\/site\/wp-content\/uploads\/2024\/09\/incendio-11-740x416-1.jpg","datePublished":"2024-09-19T14:35:45+00:00","dateModified":"2024-09-19T14:35:51+00:00","author":{"@id":"https:\/\/www.altominho.tv\/site\/#\/schema\/person\/63f693da3e1899361cbe955c46f3232e"},"description":"O Vereador do PS de Arcos de Valdevez defende o emparcelamento para combater fogos.","breadcrumb":{"@id":"https:\/\/www.altominho.tv\/site\/2024\/09\/19\/incendios-arcos-de-valdevez-2\/#breadcrumb"},"inLanguage":"pt-PT","potentialAction":[{"@type":"ReadAction","target":["https:\/\/www.altominho.tv\/site\/2024\/09\/19\/incendios-arcos-de-valdevez-2\/"]}]},{"@type":"ImageObject","inLanguage":"pt-PT","@id":"https:\/\/www.altominho.tv\/site\/2024\/09\/19\/incendios-arcos-de-valdevez-2\/#primaryimage","url":"https:\/\/www.altominho.tv\/site\/wp-content\/uploads\/2024\/09\/incendio-11-740x416-1.jpg","contentUrl":"https:\/\/www.altominho.tv\/site\/wp-content\/uploads\/2024\/09\/incendio-11-740x416-1.jpg","width":740,"height":416},{"@type":"BreadcrumbList","@id":"https:\/\/www.altominho.tv\/site\/2024\/09\/19\/incendios-arcos-de-valdevez-2\/#breadcrumb","itemListElement":[{"@type":"ListItem","position":1,"name":"In\u00edcio","item":"https:\/\/www.altominho.tv\/site\/"},{"@type":"ListItem","position":2,"name":"Inc\u00eandios: Vereador do PS de Arcos de Valdevez defende emparcelamento para combater fogos"}]},{"@type":"WebSite","@id":"https:\/\/www.altominho.tv\/site\/#website","url":"https:\/\/www.altominho.tv\/site\/","name":"Altominho.tv","description":"A sua regi\u00e3o \u00e0 dist\u00e2ncia de um clique...","potentialAction":[{"@type":"SearchAction","target":{"@type":"EntryPoint","urlTemplate":"https:\/\/www.altominho.tv\/site\/?s={search_term_string}"},"query-input":{"@type":"PropertyValueSpecification","valueRequired":true,"valueName":"search_term_string"}}],"inLanguage":"pt-PT"},{"@type":"Person","@id":"https:\/\/www.altominho.tv\/site\/#\/schema\/person\/63f693da3e1899361cbe955c46f3232e","name":"Lusa","image":{"@type":"ImageObject","inLanguage":"pt-PT","@id":"https:\/\/www.altominho.tv\/site\/wp-content\/uploads\/2019\/08\/LUSA_Logo.gif","url":"https:\/\/www.altominho.tv\/site\/wp-content\/uploads\/2019\/08\/LUSA_Logo.gif","contentUrl":"https:\/\/www.altominho.tv\/site\/wp-content\/uploads\/2019\/08\/LUSA_Logo.gif","caption":"Lusa"},"sameAs":["http:\/\/\/\/www.altominho.tv\/site"],"url":"https:\/\/www.altominho.tv\/site\/author\/lusa\/"}]}},"_links":{"self":[{"href":"https:\/\/www.altominho.tv\/site\/wp-json\/wp\/v2\/posts\/110684","targetHints":{"allow":["GET"]}}],"collection":[{"href":"https:\/\/www.altominho.tv\/site\/wp-json\/wp\/v2\/posts"}],"about":[{"href":"https:\/\/www.altominho.tv\/site\/wp-json\/wp\/v2\/types\/post"}],"author":[{"embeddable":true,"href":"https:\/\/www.altominho.tv\/site\/wp-json\/wp\/v2\/users\/13"}],"replies":[{"embeddable":true,"href":"https:\/\/www.altominho.tv\/site\/wp-json\/wp\/v2\/comments?post=110684"}],"version-history":[{"count":1,"href":"https:\/\/www.altominho.tv\/site\/wp-json\/wp\/v2\/posts\/110684\/revisions"}],"predecessor-version":[{"id":110686,"href":"https:\/\/www.altominho.tv\/site\/wp-json\/wp\/v2\/posts\/110684\/revisions\/110686"}],"wp:featuredmedia":[{"embeddable":true,"href":"https:\/\/www.altominho.tv\/site\/wp-json\/wp\/v2\/media\/110685"}],"wp:attachment":[{"href":"https:\/\/www.altominho.tv\/site\/wp-json\/wp\/v2\/media?parent=110684"}],"wp:term":[{"taxonomy":"category","embeddable":true,"href":"https:\/\/www.altominho.tv\/site\/wp-json\/wp\/v2\/categories?post=110684"},{"taxonomy":"post_tag","embeddable":true,"href":"https:\/\/www.altominho.tv\/site\/wp-json\/wp\/v2\/tags?post=110684"}],"curies":[{"name":"wp","href":"https:\/\/api.w.org\/{rel}","templated":true}]}}