{"id":110662,"date":"2024-09-18T15:24:41","date_gmt":"2024-09-18T14:24:41","guid":{"rendered":"https:\/\/www.altominho.tv\/site\/?p=110662"},"modified":"2024-09-18T15:24:43","modified_gmt":"2024-09-18T14:24:43","slug":"caio-sobe-ao-palco-no-centro-cultural","status":"publish","type":"post","link":"https:\/\/www.altominho.tv\/site\/2024\/09\/18\/caio-sobe-ao-palco-no-centro-cultural\/","title":{"rendered":"Caio sobe ao palco no Centro Cultural"},"content":{"rendered":"<p><span data-ccp-props=\"{&quot;201341983&quot;:0,&quot;335559739&quot;:160,&quot;335559740&quot;:279}\">\u00a0<\/span><span data-contrast=\"auto\">O pequeno audit\u00f3rio do Centro Cultural de Paredes de Coura recebe j\u00e1 esta sexta-feira, 20 setembro, a partir das 22h00, o concerto intimista de Caio, pseud\u00f3nimo de Jo\u00e3o Santos, que nos traz o incontorn\u00e1vel \u2018Queda Livre\u2019, primeiro avan\u00e7o para o disco prometido para final do ano.<\/span><span data-ccp-props=\"{&quot;201341983&quot;:0,&quot;335559739&quot;:160,&quot;335559740&quot;:279}\">\u00a0<\/span><\/p>\n<p><span data-contrast=\"auto\">Artista multidisciplinar, produtor, compositor e cantor, Caio volta a Coura depois de tamb\u00e9m ter protagonizado em agosto do ano passado uma das Vodafone Music Sessions, no adro da igreja rom\u00e2nica de Rubi\u00e3es.<\/span><span data-ccp-props=\"{&quot;201341983&quot;:0,&quot;335559739&quot;:160,&quot;335559740&quot;:279}\">\u00a0<\/span><\/p>\n<p><span data-contrast=\"auto\">Agora, pelo Centro Cultural promete desfilar algumas das suas can\u00e7\u00f5es do \u00e1lbum que est\u00e1 para chegar, nomeadamente \u2018Queda Livre\u2019, \u201cuma can\u00e7\u00e3o sobre encontrarmos o nosso lugar num mundo que cada vez mais se pode considerar preto e branco. Um mundo no qual n\u00e3o podemos ficar de bra\u00e7os cruzados\u201d, alerta Jo\u00e3o Santos, recordando tamb\u00e9m que esta can\u00e7\u00e3o foi composta no in\u00edcio do ano com alguns instrumentos gravados no est\u00fadio que tem em casa e outros no est\u00fadio Haus, em Lisboa. A m\u00fasica foi produzida com a ajuda da sua banda e de Pedro Ferreiras.<\/span><span data-ccp-props=\"{&quot;201341983&quot;:0,&quot;335559739&quot;:160,&quot;335559740&quot;:279}\">\u00a0<\/span><\/p>\n<p><span data-ccp-props=\"{&quot;201341983&quot;:0,&quot;335559739&quot;:160,&quot;335559740&quot;:279}\">\u00a0<\/span><\/p>\n","protected":false},"excerpt":{"rendered":"<p>\u00a0O pequeno audit\u00f3rio do Centro Cultural de Paredes de Coura recebe j\u00e1 esta sexta-feira, 20 setembro, a partir das 22h00, o concerto intimista de Caio, pseud\u00f3nimo de Jo\u00e3o Santos, que nos traz o incontorn\u00e1vel \u2018Queda Livre\u2019, primeiro avan\u00e7o para o disco prometido para final do ano.\u00a0 Artista multidisciplinar, produtor, compositor e cantor, Caio volta a [&hellip;]<\/p>\n","protected":false},"author":1,"featured_media":110663,"comment_status":"closed","ping_status":"closed","sticky":false,"template":"","format":"standard","meta":{"_exactmetrics_skip_tracking":false,"_exactmetrics_sitenote_active":false,"_exactmetrics_sitenote_note":"","_exactmetrics_sitenote_category":0,"footnotes":""},"categories":[10],"tags":[24],"class_list":["post-110662","post","type-post","status-publish","format-standard","has-post-thumbnail","hentry","category-paredes-de-coura","tag-lazer"],"yoast_head":"<!-- This site is optimized with the Yoast SEO Premium plugin v27.5 (Yoast SEO v27.5) - https:\/\/yoast.com\/product\/yoast-seo-premium-wordpress\/ -->\n<title>Caio sobe ao palco no Centro Cultural<\/title>\n<meta name=\"description\" content=\"\u00a0O pequeno audit\u00f3rio do Centro Cultural de Paredes de Coura recebe j\u00e1 esta sexta-feira, 20 setembro, a partir das 22h00, o concerto intimista de Caio, pseud\u00f3nimo de Jo\u00e3o Santos, que nos traz o incontorn\u00e1vel \u2018Queda Livre\u2019, primeiro avan\u00e7o para o disco prometido para final do ano.\u00a0\" \/>\n<meta name=\"robots\" content=\"index, follow, max-snippet:-1, max-image-preview:large, max-video-preview:-1\" \/>\n<link rel=\"canonical\" href=\"https:\/\/www.altominho.tv\/site\/2024\/09\/18\/caio-sobe-ao-palco-no-centro-cultural\/\" \/>\n<meta property=\"og:locale\" content=\"pt_PT\" \/>\n<meta property=\"og:type\" content=\"article\" \/>\n<meta property=\"og:title\" content=\"Caio sobe ao palco no Centro Cultural\" \/>\n<meta property=\"og:description\" content=\"\u00a0O pequeno audit\u00f3rio do Centro Cultural de Paredes de Coura recebe j\u00e1 esta sexta-feira, 20 setembro, a partir das 22h00, o concerto intimista de Caio, pseud\u00f3nimo de Jo\u00e3o Santos, que nos traz o incontorn\u00e1vel \u2018Queda Livre\u2019, primeiro avan\u00e7o para o disco prometido para final do ano.\u00a0\" \/>\n<meta property=\"og:url\" content=\"https:\/\/www.altominho.tv\/site\/2024\/09\/18\/caio-sobe-ao-palco-no-centro-cultural\/\" \/>\n<meta property=\"og:site_name\" content=\"Altominho.tv\" \/>\n<meta property=\"article:publisher\" content=\"https:\/\/www.facebook.com\/altominhotv\" \/>\n<meta property=\"article:published_time\" content=\"2024-09-18T14:24:41+00:00\" \/>\n<meta property=\"article:modified_time\" content=\"2024-09-18T14:24:43+00:00\" \/>\n<meta property=\"og:image\" content=\"https:\/\/www.altominho.tv\/site\/wp-content\/uploads\/2024\/09\/caio.jpg\" \/>\n\t<meta property=\"og:image:width\" content=\"2000\" \/>\n\t<meta property=\"og:image:height\" content=\"1125\" \/>\n\t<meta property=\"og:image:type\" content=\"image\/jpeg\" \/>\n<meta name=\"author\" content=\"Altominho.tv\" \/>\n<meta name=\"twitter:card\" content=\"summary_large_image\" \/>\n<meta name=\"twitter:creator\" content=\"@altominhoTV\" \/>\n<meta name=\"twitter:site\" content=\"@altominhoTV\" \/>\n<meta name=\"twitter:label1\" content=\"Escrito por\" \/>\n\t<meta name=\"twitter:data1\" content=\"Altominho.tv\" \/>\n\t<meta name=\"twitter:label2\" content=\"Tempo estimado de leitura\" \/>\n\t<meta name=\"twitter:data2\" content=\"2 minutos\" \/>\n<script type=\"application\/ld+json\" class=\"yoast-schema-graph\">{\"@context\":\"https:\\\/\\\/schema.org\",\"@graph\":[{\"@type\":\"Article\",\"@id\":\"https:\\\/\\\/www.altominho.tv\\\/site\\\/2024\\\/09\\\/18\\\/caio-sobe-ao-palco-no-centro-cultural\\\/#article\",\"isPartOf\":{\"@id\":\"https:\\\/\\\/www.altominho.tv\\\/site\\\/2024\\\/09\\\/18\\\/caio-sobe-ao-palco-no-centro-cultural\\\/\"},\"author\":{\"name\":\"Altominho.tv\",\"@id\":\"https:\\\/\\\/www.altominho.tv\\\/site\\\/#\\\/schema\\\/person\\\/4e536851627d7914baf3dac752b6af22\"},\"headline\":\"Caio sobe ao palco no Centro Cultural\",\"datePublished\":\"2024-09-18T14:24:41+00:00\",\"dateModified\":\"2024-09-18T14:24:43+00:00\",\"mainEntityOfPage\":{\"@id\":\"https:\\\/\\\/www.altominho.tv\\\/site\\\/2024\\\/09\\\/18\\\/caio-sobe-ao-palco-no-centro-cultural\\\/\"},\"wordCount\":196,\"image\":{\"@id\":\"https:\\\/\\\/www.altominho.tv\\\/site\\\/2024\\\/09\\\/18\\\/caio-sobe-ao-palco-no-centro-cultural\\\/#primaryimage\"},\"thumbnailUrl\":\"https:\\\/\\\/www.altominho.tv\\\/site\\\/wp-content\\\/uploads\\\/2024\\\/09\\\/caio.jpg\",\"keywords\":[\"Lazer\"],\"articleSection\":[\"Paredes de Coura\"],\"inLanguage\":\"pt-PT\",\"copyrightYear\":\"2024\",\"copyrightHolder\":{\"@id\":\"https:\\\/\\\/www.altominho.tv\\\/site\\\/#organization\"}},{\"@type\":\"WebPage\",\"@id\":\"https:\\\/\\\/www.altominho.tv\\\/site\\\/2024\\\/09\\\/18\\\/caio-sobe-ao-palco-no-centro-cultural\\\/\",\"url\":\"https:\\\/\\\/www.altominho.tv\\\/site\\\/2024\\\/09\\\/18\\\/caio-sobe-ao-palco-no-centro-cultural\\\/\",\"name\":\"Caio sobe ao palco no Centro Cultural\",\"isPartOf\":{\"@id\":\"https:\\\/\\\/www.altominho.tv\\\/site\\\/#website\"},\"primaryImageOfPage\":{\"@id\":\"https:\\\/\\\/www.altominho.tv\\\/site\\\/2024\\\/09\\\/18\\\/caio-sobe-ao-palco-no-centro-cultural\\\/#primaryimage\"},\"image\":{\"@id\":\"https:\\\/\\\/www.altominho.tv\\\/site\\\/2024\\\/09\\\/18\\\/caio-sobe-ao-palco-no-centro-cultural\\\/#primaryimage\"},\"thumbnailUrl\":\"https:\\\/\\\/www.altominho.tv\\\/site\\\/wp-content\\\/uploads\\\/2024\\\/09\\\/caio.jpg\",\"datePublished\":\"2024-09-18T14:24:41+00:00\",\"dateModified\":\"2024-09-18T14:24:43+00:00\",\"author\":{\"@id\":\"https:\\\/\\\/www.altominho.tv\\\/site\\\/#\\\/schema\\\/person\\\/4e536851627d7914baf3dac752b6af22\"},\"description\":\"\u00a0O pequeno audit\u00f3rio do Centro Cultural de Paredes de Coura recebe j\u00e1 esta sexta-feira, 20 setembro, a partir das 22h00, o concerto intimista de Caio, pseud\u00f3nimo de Jo\u00e3o Santos, que nos traz o incontorn\u00e1vel \u2018Queda Livre\u2019, primeiro avan\u00e7o para o disco prometido para final do ano.\u00a0\",\"breadcrumb\":{\"@id\":\"https:\\\/\\\/www.altominho.tv\\\/site\\\/2024\\\/09\\\/18\\\/caio-sobe-ao-palco-no-centro-cultural\\\/#breadcrumb\"},\"inLanguage\":\"pt-PT\",\"potentialAction\":[{\"@type\":\"ReadAction\",\"target\":[\"https:\\\/\\\/www.altominho.tv\\\/site\\\/2024\\\/09\\\/18\\\/caio-sobe-ao-palco-no-centro-cultural\\\/\"]}]},{\"@type\":\"ImageObject\",\"inLanguage\":\"pt-PT\",\"@id\":\"https:\\\/\\\/www.altominho.tv\\\/site\\\/2024\\\/09\\\/18\\\/caio-sobe-ao-palco-no-centro-cultural\\\/#primaryimage\",\"url\":\"https:\\\/\\\/www.altominho.tv\\\/site\\\/wp-content\\\/uploads\\\/2024\\\/09\\\/caio.jpg\",\"contentUrl\":\"https:\\\/\\\/www.altominho.tv\\\/site\\\/wp-content\\\/uploads\\\/2024\\\/09\\\/caio.jpg\",\"width\":2000,\"height\":1125},{\"@type\":\"BreadcrumbList\",\"@id\":\"https:\\\/\\\/www.altominho.tv\\\/site\\\/2024\\\/09\\\/18\\\/caio-sobe-ao-palco-no-centro-cultural\\\/#breadcrumb\",\"itemListElement\":[{\"@type\":\"ListItem\",\"position\":1,\"name\":\"In\u00edcio\",\"item\":\"https:\\\/\\\/www.altominho.tv\\\/site\\\/\"},{\"@type\":\"ListItem\",\"position\":2,\"name\":\"Caio sobe ao palco no Centro Cultural\"}]},{\"@type\":\"WebSite\",\"@id\":\"https:\\\/\\\/www.altominho.tv\\\/site\\\/#website\",\"url\":\"https:\\\/\\\/www.altominho.tv\\\/site\\\/\",\"name\":\"Altominho.tv\",\"description\":\"A sua regi\u00e3o \u00e0 dist\u00e2ncia de um clique...\",\"potentialAction\":[{\"@type\":\"SearchAction\",\"target\":{\"@type\":\"EntryPoint\",\"urlTemplate\":\"https:\\\/\\\/www.altominho.tv\\\/site\\\/?s={search_term_string}\"},\"query-input\":{\"@type\":\"PropertyValueSpecification\",\"valueRequired\":true,\"valueName\":\"search_term_string\"}}],\"inLanguage\":\"pt-PT\"},{\"@type\":\"Person\",\"@id\":\"https:\\\/\\\/www.altominho.tv\\\/site\\\/#\\\/schema\\\/person\\\/4e536851627d7914baf3dac752b6af22\",\"name\":\"Altominho.tv\",\"image\":{\"@type\":\"ImageObject\",\"inLanguage\":\"pt-PT\",\"@id\":\"https:\\\/\\\/www.altominho.tv\\\/site\\\/wp-content\\\/uploads\\\/2019\\\/11\\\/Logo_Avatar_2-150x150.jpg\",\"url\":\"https:\\\/\\\/www.altominho.tv\\\/site\\\/wp-content\\\/uploads\\\/2019\\\/11\\\/Logo_Avatar_2-150x150.jpg\",\"contentUrl\":\"https:\\\/\\\/www.altominho.tv\\\/site\\\/wp-content\\\/uploads\\\/2019\\\/11\\\/Logo_Avatar_2-150x150.jpg\",\"caption\":\"Altominho.tv\"},\"url\":\"https:\\\/\\\/www.altominho.tv\\\/site\\\/author\\\/altominhotv-tecnico\\\/\"}]}<\/script>\n<!-- \/ Yoast SEO Premium plugin. -->","yoast_head_json":{"title":"Caio sobe ao palco no Centro Cultural","description":"\u00a0O pequeno audit\u00f3rio do Centro Cultural de Paredes de Coura recebe j\u00e1 esta sexta-feira, 20 setembro, a partir das 22h00, o concerto intimista de Caio, pseud\u00f3nimo de Jo\u00e3o Santos, que nos traz o incontorn\u00e1vel \u2018Queda Livre\u2019, primeiro avan\u00e7o para o disco prometido para final do ano.\u00a0","robots":{"index":"index","follow":"follow","max-snippet":"max-snippet:-1","max-image-preview":"max-image-preview:large","max-video-preview":"max-video-preview:-1"},"canonical":"https:\/\/www.altominho.tv\/site\/2024\/09\/18\/caio-sobe-ao-palco-no-centro-cultural\/","og_locale":"pt_PT","og_type":"article","og_title":"Caio sobe ao palco no Centro Cultural","og_description":"\u00a0O pequeno audit\u00f3rio do Centro Cultural de Paredes de Coura recebe j\u00e1 esta sexta-feira, 20 setembro, a partir das 22h00, o concerto intimista de Caio, pseud\u00f3nimo de Jo\u00e3o Santos, que nos traz o incontorn\u00e1vel \u2018Queda Livre\u2019, primeiro avan\u00e7o para o disco prometido para final do ano.\u00a0","og_url":"https:\/\/www.altominho.tv\/site\/2024\/09\/18\/caio-sobe-ao-palco-no-centro-cultural\/","og_site_name":"Altominho.tv","article_publisher":"https:\/\/www.facebook.com\/altominhotv","article_published_time":"2024-09-18T14:24:41+00:00","article_modified_time":"2024-09-18T14:24:43+00:00","og_image":[{"width":2000,"height":1125,"url":"https:\/\/www.altominho.tv\/site\/wp-content\/uploads\/2024\/09\/caio.jpg","type":"image\/jpeg"}],"author":"Altominho.tv","twitter_card":"summary_large_image","twitter_creator":"@altominhoTV","twitter_site":"@altominhoTV","twitter_misc":{"Escrito por":"Altominho.tv","Tempo estimado de leitura":"2 minutos"},"schema":{"@context":"https:\/\/schema.org","@graph":[{"@type":"Article","@id":"https:\/\/www.altominho.tv\/site\/2024\/09\/18\/caio-sobe-ao-palco-no-centro-cultural\/#article","isPartOf":{"@id":"https:\/\/www.altominho.tv\/site\/2024\/09\/18\/caio-sobe-ao-palco-no-centro-cultural\/"},"author":{"name":"Altominho.tv","@id":"https:\/\/www.altominho.tv\/site\/#\/schema\/person\/4e536851627d7914baf3dac752b6af22"},"headline":"Caio sobe ao palco no Centro Cultural","datePublished":"2024-09-18T14:24:41+00:00","dateModified":"2024-09-18T14:24:43+00:00","mainEntityOfPage":{"@id":"https:\/\/www.altominho.tv\/site\/2024\/09\/18\/caio-sobe-ao-palco-no-centro-cultural\/"},"wordCount":196,"image":{"@id":"https:\/\/www.altominho.tv\/site\/2024\/09\/18\/caio-sobe-ao-palco-no-centro-cultural\/#primaryimage"},"thumbnailUrl":"https:\/\/www.altominho.tv\/site\/wp-content\/uploads\/2024\/09\/caio.jpg","keywords":["Lazer"],"articleSection":["Paredes de Coura"],"inLanguage":"pt-PT","copyrightYear":"2024","copyrightHolder":{"@id":"https:\/\/www.altominho.tv\/site\/#organization"}},{"@type":"WebPage","@id":"https:\/\/www.altominho.tv\/site\/2024\/09\/18\/caio-sobe-ao-palco-no-centro-cultural\/","url":"https:\/\/www.altominho.tv\/site\/2024\/09\/18\/caio-sobe-ao-palco-no-centro-cultural\/","name":"Caio sobe ao palco no Centro Cultural","isPartOf":{"@id":"https:\/\/www.altominho.tv\/site\/#website"},"primaryImageOfPage":{"@id":"https:\/\/www.altominho.tv\/site\/2024\/09\/18\/caio-sobe-ao-palco-no-centro-cultural\/#primaryimage"},"image":{"@id":"https:\/\/www.altominho.tv\/site\/2024\/09\/18\/caio-sobe-ao-palco-no-centro-cultural\/#primaryimage"},"thumbnailUrl":"https:\/\/www.altominho.tv\/site\/wp-content\/uploads\/2024\/09\/caio.jpg","datePublished":"2024-09-18T14:24:41+00:00","dateModified":"2024-09-18T14:24:43+00:00","author":{"@id":"https:\/\/www.altominho.tv\/site\/#\/schema\/person\/4e536851627d7914baf3dac752b6af22"},"description":"\u00a0O pequeno audit\u00f3rio do Centro Cultural de Paredes de Coura recebe j\u00e1 esta sexta-feira, 20 setembro, a partir das 22h00, o concerto intimista de Caio, pseud\u00f3nimo de Jo\u00e3o Santos, que nos traz o incontorn\u00e1vel \u2018Queda Livre\u2019, primeiro avan\u00e7o para o disco prometido para final do ano.\u00a0","breadcrumb":{"@id":"https:\/\/www.altominho.tv\/site\/2024\/09\/18\/caio-sobe-ao-palco-no-centro-cultural\/#breadcrumb"},"inLanguage":"pt-PT","potentialAction":[{"@type":"ReadAction","target":["https:\/\/www.altominho.tv\/site\/2024\/09\/18\/caio-sobe-ao-palco-no-centro-cultural\/"]}]},{"@type":"ImageObject","inLanguage":"pt-PT","@id":"https:\/\/www.altominho.tv\/site\/2024\/09\/18\/caio-sobe-ao-palco-no-centro-cultural\/#primaryimage","url":"https:\/\/www.altominho.tv\/site\/wp-content\/uploads\/2024\/09\/caio.jpg","contentUrl":"https:\/\/www.altominho.tv\/site\/wp-content\/uploads\/2024\/09\/caio.jpg","width":2000,"height":1125},{"@type":"BreadcrumbList","@id":"https:\/\/www.altominho.tv\/site\/2024\/09\/18\/caio-sobe-ao-palco-no-centro-cultural\/#breadcrumb","itemListElement":[{"@type":"ListItem","position":1,"name":"In\u00edcio","item":"https:\/\/www.altominho.tv\/site\/"},{"@type":"ListItem","position":2,"name":"Caio sobe ao palco no Centro Cultural"}]},{"@type":"WebSite","@id":"https:\/\/www.altominho.tv\/site\/#website","url":"https:\/\/www.altominho.tv\/site\/","name":"Altominho.tv","description":"A sua regi\u00e3o \u00e0 dist\u00e2ncia de um clique...","potentialAction":[{"@type":"SearchAction","target":{"@type":"EntryPoint","urlTemplate":"https:\/\/www.altominho.tv\/site\/?s={search_term_string}"},"query-input":{"@type":"PropertyValueSpecification","valueRequired":true,"valueName":"search_term_string"}}],"inLanguage":"pt-PT"},{"@type":"Person","@id":"https:\/\/www.altominho.tv\/site\/#\/schema\/person\/4e536851627d7914baf3dac752b6af22","name":"Altominho.tv","image":{"@type":"ImageObject","inLanguage":"pt-PT","@id":"https:\/\/www.altominho.tv\/site\/wp-content\/uploads\/2019\/11\/Logo_Avatar_2-150x150.jpg","url":"https:\/\/www.altominho.tv\/site\/wp-content\/uploads\/2019\/11\/Logo_Avatar_2-150x150.jpg","contentUrl":"https:\/\/www.altominho.tv\/site\/wp-content\/uploads\/2019\/11\/Logo_Avatar_2-150x150.jpg","caption":"Altominho.tv"},"url":"https:\/\/www.altominho.tv\/site\/author\/altominhotv-tecnico\/"}]}},"_links":{"self":[{"href":"https:\/\/www.altominho.tv\/site\/wp-json\/wp\/v2\/posts\/110662","targetHints":{"allow":["GET"]}}],"collection":[{"href":"https:\/\/www.altominho.tv\/site\/wp-json\/wp\/v2\/posts"}],"about":[{"href":"https:\/\/www.altominho.tv\/site\/wp-json\/wp\/v2\/types\/post"}],"author":[{"embeddable":true,"href":"https:\/\/www.altominho.tv\/site\/wp-json\/wp\/v2\/users\/1"}],"replies":[{"embeddable":true,"href":"https:\/\/www.altominho.tv\/site\/wp-json\/wp\/v2\/comments?post=110662"}],"version-history":[{"count":1,"href":"https:\/\/www.altominho.tv\/site\/wp-json\/wp\/v2\/posts\/110662\/revisions"}],"predecessor-version":[{"id":110664,"href":"https:\/\/www.altominho.tv\/site\/wp-json\/wp\/v2\/posts\/110662\/revisions\/110664"}],"wp:featuredmedia":[{"embeddable":true,"href":"https:\/\/www.altominho.tv\/site\/wp-json\/wp\/v2\/media\/110663"}],"wp:attachment":[{"href":"https:\/\/www.altominho.tv\/site\/wp-json\/wp\/v2\/media?parent=110662"}],"wp:term":[{"taxonomy":"category","embeddable":true,"href":"https:\/\/www.altominho.tv\/site\/wp-json\/wp\/v2\/categories?post=110662"},{"taxonomy":"post_tag","embeddable":true,"href":"https:\/\/www.altominho.tv\/site\/wp-json\/wp\/v2\/tags?post=110662"}],"curies":[{"name":"wp","href":"https:\/\/api.w.org\/{rel}","templated":true}]}}