{"id":110472,"date":"2024-09-12T17:22:45","date_gmt":"2024-09-12T16:22:45","guid":{"rendered":"https:\/\/www.altominho.tv\/site\/?p=110472"},"modified":"2024-09-12T17:22:47","modified_gmt":"2024-09-12T16:22:47","slug":"space-festival-passa-por-coura-caminha-e-arcos-de-valdevez","status":"publish","type":"post","link":"https:\/\/www.altominho.tv\/site\/2024\/09\/12\/space-festival-passa-por-coura-caminha-e-arcos-de-valdevez\/","title":{"rendered":"Space Festival passa por Coura, Caminha e Arcos de Valdevez"},"content":{"rendered":"<p>O Space Festival, dedicado \u00e0 m\u00fasica experimental e improvisada, vai passar por seis territ\u00f3rios de baixa densidade, de 1 a 10 de novembro, com concertos, \u2018workshops\u2019, resid\u00eancias, sess\u00f5es de cinema e outras atividades, foi hoje divulgado.<\/p>\n<p>Organizado pela Associa\u00e7\u00e3o Cultural Rock\u2018n\u2019Cave, em parceria com o Space Ensemble e com apoio da Dire\u00e7\u00e3o-Geral das Artes, o festival itinerante \u201cmant\u00e9m a passagem por espa\u00e7os emblem\u00e1ticos em Montemor-o-Velho (distrito de Coimbra), Castelo de Paiva (Aveiro) e Mondim de Basto (Vila Real)&#8221;.<\/p>\n<p>No distrito de Viana do Castelo, o festival vai decorrer em Paredes de Coura e Caminha, juntando-se, este ano, o concelho de Arcos de \u00e0 itiner\u00e2ncia do evento.<\/p>\n<p>Segundo a organiza\u00e7\u00e3o, \u201capesar do foco\u201d do festival ser \u201cem projetos nacionais, o programa j\u00e1 conta com algumas confirma\u00e7\u00f5es internacionais, como OTTO, um trio franc\u00eas de percuss\u00e3o, e Camille Emaille, uma das percussionistas de OTTO que se apresentar\u00e1 a solo\u201d.<\/p>\n<p>Est\u00e3o confirmadas as atua\u00e7\u00f5es dos portugueses de Aether &#8211; Cruzamento, Dullmea e PHONOSPERMIA.<\/p>\n<p>O Space Ensemble, \u201cprojeto art\u00edstico residente com origem nas primeiras edi\u00e7\u00f5es do festival, ir\u00e1 apresentar-se, com diversas forma\u00e7\u00f5es musicais e em v\u00e1rias localidades, assumindo especialmente a programa\u00e7\u00e3o de servi\u00e7o educativo com o filme-concerto &#8216;Music For Short Films&#8217;, e o espet\u00e1culo participativo Cine-m\u00fasica, em parceria com estudantes da Academia Fernandes F\u00e3o de Vila Praia de \u00c2ncora&#8221;, no concelho de Caminha.<\/p>\n<p>O festival, segundo os organizadores, \u201ccontinua comprometido em promover o encontro entre artistas, espa\u00e7os e p\u00fablicos improv\u00e1veis, estimulando a coes\u00e3o territorial na apresenta\u00e7\u00e3o e frui\u00e7\u00e3o de espet\u00e1culos no \u00e2mbito da m\u00fasica experimental e improvisada\u201d.<\/p>\n<p>Al\u00e9m da programa\u00e7\u00e3o para p\u00fablico em geral, a organiza\u00e7\u00e3o \u201cvolta a apostar em propostas para servi\u00e7o educativo, institui\u00e7\u00f5es e fam\u00edlias, fomentando a aproxima\u00e7\u00e3o a este g\u00e9nero de m\u00fasica atrav\u00e9s de a\u00e7\u00f5es de media\u00e7\u00e3o\u201d.<\/p>\n<p>Na edi\u00e7\u00e3o deste ano, o festival \u201cinclui uma nova sala de arquitetura e ac\u00fastica singular, o Centro Interpretativo do Barroco em Arcos de Valdevez, um espa\u00e7o recentemente requalificado onde se encontram alguns dos melhores exemplares da arte religiosa portuguesa dos s\u00e9culos XVII e XVIII\u201d.<\/p>\n<p>Como em edi\u00e7\u00f5es anteriores, o festival utilizar\u00e1, entre outros, o Teatro Esther de Carvalho, em Montemor-o-Velho, o Favo das Artes, em Mondim de Bastos, o Centro Cultural de Paredes de Coura, o audit\u00f3rio municipal de Castelo de Paiva e o Teatro Valadares, em Caminha.<\/p>\n","protected":false},"excerpt":{"rendered":"<p>O Space Festival, dedicado \u00e0 m\u00fasica experimental e improvisada, vai passar por seis territ\u00f3rios de baixa densidade, de 1 a 10 de novembro, com concertos, \u2018workshops\u2019, resid\u00eancias, sess\u00f5es de cinema e outras atividades, foi hoje divulgado. Organizado pela Associa\u00e7\u00e3o Cultural Rock\u2018n\u2019Cave, em parceria com o Space Ensemble e com apoio da Dire\u00e7\u00e3o-Geral das Artes, o [&hellip;]<\/p>\n","protected":false},"author":13,"featured_media":83915,"comment_status":"closed","ping_status":"closed","sticky":false,"template":"","format":"standard","meta":{"_exactmetrics_skip_tracking":false,"_exactmetrics_sitenote_active":false,"_exactmetrics_sitenote_note":"","_exactmetrics_sitenote_category":0,"footnotes":""},"categories":[73],"tags":[24],"class_list":["post-110472","post","type-post","status-publish","format-standard","has-post-thumbnail","hentry","category-alto-minho","tag-lazer"],"yoast_head":"<!-- This site is optimized with the Yoast SEO Premium plugin v27.5 (Yoast SEO v27.5) - https:\/\/yoast.com\/product\/yoast-seo-premium-wordpress\/ -->\n<title>Space Festival passa por Coura, Caminha e Arcos de Valdevez<\/title>\n<meta name=\"description\" content=\"O Space Festival, dedicado \u00e0 m\u00fasica experimental e improvisada, vai passar por seis territ\u00f3rios de baixa densidade, de 1 a 10 de novembro, com concertos, \u2018workshops\u2019, resid\u00eancias, sess\u00f5es de cinema e outras atividades, foi hoje divulgado.\" \/>\n<meta name=\"robots\" content=\"index, follow, max-snippet:-1, max-image-preview:large, max-video-preview:-1\" \/>\n<link rel=\"canonical\" href=\"https:\/\/www.altominho.tv\/site\/2024\/09\/12\/space-festival-passa-por-coura-caminha-e-arcos-de-valdevez\/\" \/>\n<meta property=\"og:locale\" content=\"pt_PT\" \/>\n<meta property=\"og:type\" content=\"article\" \/>\n<meta property=\"og:title\" content=\"Space Festival passa por Coura, Caminha e Arcos de Valdevez\" \/>\n<meta property=\"og:description\" content=\"O Space Festival, dedicado \u00e0 m\u00fasica experimental e improvisada, vai passar por seis territ\u00f3rios de baixa densidade, de 1 a 10 de novembro, com concertos, \u2018workshops\u2019, resid\u00eancias, sess\u00f5es de cinema e outras atividades, foi hoje divulgado.\" \/>\n<meta property=\"og:url\" content=\"https:\/\/www.altominho.tv\/site\/2024\/09\/12\/space-festival-passa-por-coura-caminha-e-arcos-de-valdevez\/\" \/>\n<meta property=\"og:site_name\" content=\"Altominho.tv\" \/>\n<meta property=\"article:publisher\" content=\"https:\/\/www.facebook.com\/altominhotv\" \/>\n<meta property=\"article:published_time\" content=\"2024-09-12T16:22:45+00:00\" \/>\n<meta property=\"article:modified_time\" content=\"2024-09-12T16:22:47+00:00\" \/>\n<meta property=\"og:image\" content=\"https:\/\/www.altominho.tv\/site\/wp-content\/uploads\/2022\/10\/Space-Festival.jpg\" \/>\n\t<meta property=\"og:image:width\" content=\"880\" \/>\n\t<meta property=\"og:image:height\" content=\"495\" \/>\n\t<meta property=\"og:image:type\" content=\"image\/jpeg\" \/>\n<meta name=\"author\" content=\"Lusa\" \/>\n<meta name=\"twitter:card\" content=\"summary_large_image\" \/>\n<meta name=\"twitter:creator\" content=\"@altominhoTV\" \/>\n<meta name=\"twitter:site\" content=\"@altominhoTV\" \/>\n<meta name=\"twitter:label1\" content=\"Escrito por\" \/>\n\t<meta name=\"twitter:data1\" content=\"Lusa\" \/>\n\t<meta name=\"twitter:label2\" content=\"Tempo estimado de leitura\" \/>\n\t<meta name=\"twitter:data2\" content=\"3 minutos\" \/>\n<script type=\"application\/ld+json\" class=\"yoast-schema-graph\">{\"@context\":\"https:\\\/\\\/schema.org\",\"@graph\":[{\"@type\":\"Article\",\"@id\":\"https:\\\/\\\/www.altominho.tv\\\/site\\\/2024\\\/09\\\/12\\\/space-festival-passa-por-coura-caminha-e-arcos-de-valdevez\\\/#article\",\"isPartOf\":{\"@id\":\"https:\\\/\\\/www.altominho.tv\\\/site\\\/2024\\\/09\\\/12\\\/space-festival-passa-por-coura-caminha-e-arcos-de-valdevez\\\/\"},\"author\":{\"name\":\"Lusa\",\"@id\":\"https:\\\/\\\/www.altominho.tv\\\/site\\\/#\\\/schema\\\/person\\\/63f693da3e1899361cbe955c46f3232e\"},\"headline\":\"Space Festival passa por Coura, Caminha e Arcos de Valdevez\",\"datePublished\":\"2024-09-12T16:22:45+00:00\",\"dateModified\":\"2024-09-12T16:22:47+00:00\",\"mainEntityOfPage\":{\"@id\":\"https:\\\/\\\/www.altominho.tv\\\/site\\\/2024\\\/09\\\/12\\\/space-festival-passa-por-coura-caminha-e-arcos-de-valdevez\\\/\"},\"wordCount\":433,\"image\":{\"@id\":\"https:\\\/\\\/www.altominho.tv\\\/site\\\/2024\\\/09\\\/12\\\/space-festival-passa-por-coura-caminha-e-arcos-de-valdevez\\\/#primaryimage\"},\"thumbnailUrl\":\"https:\\\/\\\/www.altominho.tv\\\/site\\\/wp-content\\\/uploads\\\/2022\\\/10\\\/Space-Festival.jpg\",\"keywords\":[\"Lazer\"],\"articleSection\":[\"Alto Minho\"],\"inLanguage\":\"pt-PT\",\"copyrightYear\":\"2024\",\"copyrightHolder\":{\"@id\":\"https:\\\/\\\/www.altominho.tv\\\/site\\\/#organization\"}},{\"@type\":\"WebPage\",\"@id\":\"https:\\\/\\\/www.altominho.tv\\\/site\\\/2024\\\/09\\\/12\\\/space-festival-passa-por-coura-caminha-e-arcos-de-valdevez\\\/\",\"url\":\"https:\\\/\\\/www.altominho.tv\\\/site\\\/2024\\\/09\\\/12\\\/space-festival-passa-por-coura-caminha-e-arcos-de-valdevez\\\/\",\"name\":\"Space Festival passa por Coura, Caminha e Arcos de Valdevez\",\"isPartOf\":{\"@id\":\"https:\\\/\\\/www.altominho.tv\\\/site\\\/#website\"},\"primaryImageOfPage\":{\"@id\":\"https:\\\/\\\/www.altominho.tv\\\/site\\\/2024\\\/09\\\/12\\\/space-festival-passa-por-coura-caminha-e-arcos-de-valdevez\\\/#primaryimage\"},\"image\":{\"@id\":\"https:\\\/\\\/www.altominho.tv\\\/site\\\/2024\\\/09\\\/12\\\/space-festival-passa-por-coura-caminha-e-arcos-de-valdevez\\\/#primaryimage\"},\"thumbnailUrl\":\"https:\\\/\\\/www.altominho.tv\\\/site\\\/wp-content\\\/uploads\\\/2022\\\/10\\\/Space-Festival.jpg\",\"datePublished\":\"2024-09-12T16:22:45+00:00\",\"dateModified\":\"2024-09-12T16:22:47+00:00\",\"author\":{\"@id\":\"https:\\\/\\\/www.altominho.tv\\\/site\\\/#\\\/schema\\\/person\\\/63f693da3e1899361cbe955c46f3232e\"},\"description\":\"O Space Festival, dedicado \u00e0 m\u00fasica experimental e improvisada, vai passar por seis territ\u00f3rios de baixa densidade, de 1 a 10 de novembro, com concertos, \u2018workshops\u2019, resid\u00eancias, sess\u00f5es de cinema e outras atividades, foi hoje divulgado.\",\"breadcrumb\":{\"@id\":\"https:\\\/\\\/www.altominho.tv\\\/site\\\/2024\\\/09\\\/12\\\/space-festival-passa-por-coura-caminha-e-arcos-de-valdevez\\\/#breadcrumb\"},\"inLanguage\":\"pt-PT\",\"potentialAction\":[{\"@type\":\"ReadAction\",\"target\":[\"https:\\\/\\\/www.altominho.tv\\\/site\\\/2024\\\/09\\\/12\\\/space-festival-passa-por-coura-caminha-e-arcos-de-valdevez\\\/\"]}]},{\"@type\":\"ImageObject\",\"inLanguage\":\"pt-PT\",\"@id\":\"https:\\\/\\\/www.altominho.tv\\\/site\\\/2024\\\/09\\\/12\\\/space-festival-passa-por-coura-caminha-e-arcos-de-valdevez\\\/#primaryimage\",\"url\":\"https:\\\/\\\/www.altominho.tv\\\/site\\\/wp-content\\\/uploads\\\/2022\\\/10\\\/Space-Festival.jpg\",\"contentUrl\":\"https:\\\/\\\/www.altominho.tv\\\/site\\\/wp-content\\\/uploads\\\/2022\\\/10\\\/Space-Festival.jpg\",\"width\":880,\"height\":495,\"caption\":\"FACEBOOK SPACE FESTIVAL\"},{\"@type\":\"BreadcrumbList\",\"@id\":\"https:\\\/\\\/www.altominho.tv\\\/site\\\/2024\\\/09\\\/12\\\/space-festival-passa-por-coura-caminha-e-arcos-de-valdevez\\\/#breadcrumb\",\"itemListElement\":[{\"@type\":\"ListItem\",\"position\":1,\"name\":\"In\u00edcio\",\"item\":\"https:\\\/\\\/www.altominho.tv\\\/site\\\/\"},{\"@type\":\"ListItem\",\"position\":2,\"name\":\"Space Festival passa por Coura, Caminha e Arcos de Valdevez\"}]},{\"@type\":\"WebSite\",\"@id\":\"https:\\\/\\\/www.altominho.tv\\\/site\\\/#website\",\"url\":\"https:\\\/\\\/www.altominho.tv\\\/site\\\/\",\"name\":\"Altominho.tv\",\"description\":\"A sua regi\u00e3o \u00e0 dist\u00e2ncia de um clique...\",\"potentialAction\":[{\"@type\":\"SearchAction\",\"target\":{\"@type\":\"EntryPoint\",\"urlTemplate\":\"https:\\\/\\\/www.altominho.tv\\\/site\\\/?s={search_term_string}\"},\"query-input\":{\"@type\":\"PropertyValueSpecification\",\"valueRequired\":true,\"valueName\":\"search_term_string\"}}],\"inLanguage\":\"pt-PT\"},{\"@type\":\"Person\",\"@id\":\"https:\\\/\\\/www.altominho.tv\\\/site\\\/#\\\/schema\\\/person\\\/63f693da3e1899361cbe955c46f3232e\",\"name\":\"Lusa\",\"image\":{\"@type\":\"ImageObject\",\"inLanguage\":\"pt-PT\",\"@id\":\"https:\\\/\\\/www.altominho.tv\\\/site\\\/wp-content\\\/uploads\\\/2019\\\/08\\\/LUSA_Logo.gif\",\"url\":\"https:\\\/\\\/www.altominho.tv\\\/site\\\/wp-content\\\/uploads\\\/2019\\\/08\\\/LUSA_Logo.gif\",\"contentUrl\":\"https:\\\/\\\/www.altominho.tv\\\/site\\\/wp-content\\\/uploads\\\/2019\\\/08\\\/LUSA_Logo.gif\",\"caption\":\"Lusa\"},\"sameAs\":[\"http:\\\/\\\/\\\/\\\/www.altominho.tv\\\/site\"],\"url\":\"https:\\\/\\\/www.altominho.tv\\\/site\\\/author\\\/lusa\\\/\"}]}<\/script>\n<!-- \/ Yoast SEO Premium plugin. -->","yoast_head_json":{"title":"Space Festival passa por Coura, Caminha e Arcos de Valdevez","description":"O Space Festival, dedicado \u00e0 m\u00fasica experimental e improvisada, vai passar por seis territ\u00f3rios de baixa densidade, de 1 a 10 de novembro, com concertos, \u2018workshops\u2019, resid\u00eancias, sess\u00f5es de cinema e outras atividades, foi hoje divulgado.","robots":{"index":"index","follow":"follow","max-snippet":"max-snippet:-1","max-image-preview":"max-image-preview:large","max-video-preview":"max-video-preview:-1"},"canonical":"https:\/\/www.altominho.tv\/site\/2024\/09\/12\/space-festival-passa-por-coura-caminha-e-arcos-de-valdevez\/","og_locale":"pt_PT","og_type":"article","og_title":"Space Festival passa por Coura, Caminha e Arcos de Valdevez","og_description":"O Space Festival, dedicado \u00e0 m\u00fasica experimental e improvisada, vai passar por seis territ\u00f3rios de baixa densidade, de 1 a 10 de novembro, com concertos, \u2018workshops\u2019, resid\u00eancias, sess\u00f5es de cinema e outras atividades, foi hoje divulgado.","og_url":"https:\/\/www.altominho.tv\/site\/2024\/09\/12\/space-festival-passa-por-coura-caminha-e-arcos-de-valdevez\/","og_site_name":"Altominho.tv","article_publisher":"https:\/\/www.facebook.com\/altominhotv","article_published_time":"2024-09-12T16:22:45+00:00","article_modified_time":"2024-09-12T16:22:47+00:00","og_image":[{"width":880,"height":495,"url":"https:\/\/www.altominho.tv\/site\/wp-content\/uploads\/2022\/10\/Space-Festival.jpg","type":"image\/jpeg"}],"author":"Lusa","twitter_card":"summary_large_image","twitter_creator":"@altominhoTV","twitter_site":"@altominhoTV","twitter_misc":{"Escrito por":"Lusa","Tempo estimado de leitura":"3 minutos"},"schema":{"@context":"https:\/\/schema.org","@graph":[{"@type":"Article","@id":"https:\/\/www.altominho.tv\/site\/2024\/09\/12\/space-festival-passa-por-coura-caminha-e-arcos-de-valdevez\/#article","isPartOf":{"@id":"https:\/\/www.altominho.tv\/site\/2024\/09\/12\/space-festival-passa-por-coura-caminha-e-arcos-de-valdevez\/"},"author":{"name":"Lusa","@id":"https:\/\/www.altominho.tv\/site\/#\/schema\/person\/63f693da3e1899361cbe955c46f3232e"},"headline":"Space Festival passa por Coura, Caminha e Arcos de Valdevez","datePublished":"2024-09-12T16:22:45+00:00","dateModified":"2024-09-12T16:22:47+00:00","mainEntityOfPage":{"@id":"https:\/\/www.altominho.tv\/site\/2024\/09\/12\/space-festival-passa-por-coura-caminha-e-arcos-de-valdevez\/"},"wordCount":433,"image":{"@id":"https:\/\/www.altominho.tv\/site\/2024\/09\/12\/space-festival-passa-por-coura-caminha-e-arcos-de-valdevez\/#primaryimage"},"thumbnailUrl":"https:\/\/www.altominho.tv\/site\/wp-content\/uploads\/2022\/10\/Space-Festival.jpg","keywords":["Lazer"],"articleSection":["Alto Minho"],"inLanguage":"pt-PT","copyrightYear":"2024","copyrightHolder":{"@id":"https:\/\/www.altominho.tv\/site\/#organization"}},{"@type":"WebPage","@id":"https:\/\/www.altominho.tv\/site\/2024\/09\/12\/space-festival-passa-por-coura-caminha-e-arcos-de-valdevez\/","url":"https:\/\/www.altominho.tv\/site\/2024\/09\/12\/space-festival-passa-por-coura-caminha-e-arcos-de-valdevez\/","name":"Space Festival passa por Coura, Caminha e Arcos de Valdevez","isPartOf":{"@id":"https:\/\/www.altominho.tv\/site\/#website"},"primaryImageOfPage":{"@id":"https:\/\/www.altominho.tv\/site\/2024\/09\/12\/space-festival-passa-por-coura-caminha-e-arcos-de-valdevez\/#primaryimage"},"image":{"@id":"https:\/\/www.altominho.tv\/site\/2024\/09\/12\/space-festival-passa-por-coura-caminha-e-arcos-de-valdevez\/#primaryimage"},"thumbnailUrl":"https:\/\/www.altominho.tv\/site\/wp-content\/uploads\/2022\/10\/Space-Festival.jpg","datePublished":"2024-09-12T16:22:45+00:00","dateModified":"2024-09-12T16:22:47+00:00","author":{"@id":"https:\/\/www.altominho.tv\/site\/#\/schema\/person\/63f693da3e1899361cbe955c46f3232e"},"description":"O Space Festival, dedicado \u00e0 m\u00fasica experimental e improvisada, vai passar por seis territ\u00f3rios de baixa densidade, de 1 a 10 de novembro, com concertos, \u2018workshops\u2019, resid\u00eancias, sess\u00f5es de cinema e outras atividades, foi hoje divulgado.","breadcrumb":{"@id":"https:\/\/www.altominho.tv\/site\/2024\/09\/12\/space-festival-passa-por-coura-caminha-e-arcos-de-valdevez\/#breadcrumb"},"inLanguage":"pt-PT","potentialAction":[{"@type":"ReadAction","target":["https:\/\/www.altominho.tv\/site\/2024\/09\/12\/space-festival-passa-por-coura-caminha-e-arcos-de-valdevez\/"]}]},{"@type":"ImageObject","inLanguage":"pt-PT","@id":"https:\/\/www.altominho.tv\/site\/2024\/09\/12\/space-festival-passa-por-coura-caminha-e-arcos-de-valdevez\/#primaryimage","url":"https:\/\/www.altominho.tv\/site\/wp-content\/uploads\/2022\/10\/Space-Festival.jpg","contentUrl":"https:\/\/www.altominho.tv\/site\/wp-content\/uploads\/2022\/10\/Space-Festival.jpg","width":880,"height":495,"caption":"FACEBOOK SPACE FESTIVAL"},{"@type":"BreadcrumbList","@id":"https:\/\/www.altominho.tv\/site\/2024\/09\/12\/space-festival-passa-por-coura-caminha-e-arcos-de-valdevez\/#breadcrumb","itemListElement":[{"@type":"ListItem","position":1,"name":"In\u00edcio","item":"https:\/\/www.altominho.tv\/site\/"},{"@type":"ListItem","position":2,"name":"Space Festival passa por Coura, Caminha e Arcos de Valdevez"}]},{"@type":"WebSite","@id":"https:\/\/www.altominho.tv\/site\/#website","url":"https:\/\/www.altominho.tv\/site\/","name":"Altominho.tv","description":"A sua regi\u00e3o \u00e0 dist\u00e2ncia de um clique...","potentialAction":[{"@type":"SearchAction","target":{"@type":"EntryPoint","urlTemplate":"https:\/\/www.altominho.tv\/site\/?s={search_term_string}"},"query-input":{"@type":"PropertyValueSpecification","valueRequired":true,"valueName":"search_term_string"}}],"inLanguage":"pt-PT"},{"@type":"Person","@id":"https:\/\/www.altominho.tv\/site\/#\/schema\/person\/63f693da3e1899361cbe955c46f3232e","name":"Lusa","image":{"@type":"ImageObject","inLanguage":"pt-PT","@id":"https:\/\/www.altominho.tv\/site\/wp-content\/uploads\/2019\/08\/LUSA_Logo.gif","url":"https:\/\/www.altominho.tv\/site\/wp-content\/uploads\/2019\/08\/LUSA_Logo.gif","contentUrl":"https:\/\/www.altominho.tv\/site\/wp-content\/uploads\/2019\/08\/LUSA_Logo.gif","caption":"Lusa"},"sameAs":["http:\/\/\/\/www.altominho.tv\/site"],"url":"https:\/\/www.altominho.tv\/site\/author\/lusa\/"}]}},"_links":{"self":[{"href":"https:\/\/www.altominho.tv\/site\/wp-json\/wp\/v2\/posts\/110472","targetHints":{"allow":["GET"]}}],"collection":[{"href":"https:\/\/www.altominho.tv\/site\/wp-json\/wp\/v2\/posts"}],"about":[{"href":"https:\/\/www.altominho.tv\/site\/wp-json\/wp\/v2\/types\/post"}],"author":[{"embeddable":true,"href":"https:\/\/www.altominho.tv\/site\/wp-json\/wp\/v2\/users\/13"}],"replies":[{"embeddable":true,"href":"https:\/\/www.altominho.tv\/site\/wp-json\/wp\/v2\/comments?post=110472"}],"version-history":[{"count":1,"href":"https:\/\/www.altominho.tv\/site\/wp-json\/wp\/v2\/posts\/110472\/revisions"}],"predecessor-version":[{"id":110474,"href":"https:\/\/www.altominho.tv\/site\/wp-json\/wp\/v2\/posts\/110472\/revisions\/110474"}],"wp:featuredmedia":[{"embeddable":true,"href":"https:\/\/www.altominho.tv\/site\/wp-json\/wp\/v2\/media\/83915"}],"wp:attachment":[{"href":"https:\/\/www.altominho.tv\/site\/wp-json\/wp\/v2\/media?parent=110472"}],"wp:term":[{"taxonomy":"category","embeddable":true,"href":"https:\/\/www.altominho.tv\/site\/wp-json\/wp\/v2\/categories?post=110472"},{"taxonomy":"post_tag","embeddable":true,"href":"https:\/\/www.altominho.tv\/site\/wp-json\/wp\/v2\/tags?post=110472"}],"curies":[{"name":"wp","href":"https:\/\/api.w.org\/{rel}","templated":true}]}}