{"id":110409,"date":"2024-09-11T10:25:24","date_gmt":"2024-09-11T09:25:24","guid":{"rendered":"https:\/\/www.altominho.tv\/site\/?p=110409"},"modified":"2024-09-11T10:25:27","modified_gmt":"2024-09-11T09:25:27","slug":"cim-alto-minho-celebra-15-anos-com-iniciativa-de-volta-a-escola","status":"publish","type":"post","link":"https:\/\/www.altominho.tv\/site\/2024\/09\/11\/cim-alto-minho-celebra-15-anos-com-iniciativa-de-volta-a-escola\/","title":{"rendered":"CIM Alto Minho celebra 15 anos com iniciativa &#8220;De Volta \u00e0 Escola&#8221;"},"content":{"rendered":"<p><span data-contrast=\"auto\">No \u00e2mbito das comemora\u00e7\u00f5es do seu 15.\u00ba anivers\u00e1rio, a Comunidade Intermunicipal do Alto Minho (CIM Alto Minho) lan\u00e7a a a\u00e7\u00e3o \u201cDe Volta \u00e0 Escola\u201d, que beneficiar\u00e1 cerca de 6 mil alunos da regi\u00e3o. Esta iniciativa consiste na oferta de um l\u00e1pis infinito aos estudantes do 4.\u00ba, 6.\u00ba e 9.\u00ba anos dos agrupamentos de escolas do Alto Minho.<\/span><\/p>\n<p><span data-contrast=\"auto\">\u201cEsta a\u00e7\u00e3o ter\u00e1 um impacto direto em milhares de jovens, educando e sensibilizando para pr\u00e1ticas mais sustent\u00e1veis desde cedo. A CIM Alto Minho acredita que, ao incutir estes valores nas novas gera\u00e7\u00f5es, est\u00e1 a contribuir para um futuro mais consciente e respons\u00e1vel\u201d, destaca Manoel Batista, presidente da CIM Alto Minho.<\/span><span data-ccp-props=\"{&quot;201341983&quot;:0,&quot;335559739&quot;:160,&quot;335559740&quot;:279}\">\u00a0<\/span><\/p>\n<p><span data-contrast=\"auto\">&#8220;Com o lema \u00b4CIM Alto Minho &#8211; 15 anos de trabalho no territ\u00f3rio e para o territ\u00f3rio`, a CIM refor\u00e7a o seu compromisso com a sustentabilidade e a educa\u00e7\u00e3o ambiental. O l\u00e1pis infinito, s\u00edmbolo desta campanha, \u00e9 uma ferramenta que representa um compromisso ecol\u00f3gico, permitindo escrever por um longo per\u00edodo sem necessidade de substitui\u00e7\u00e3o frequente, alinhando-se assim com a filosofia de redu\u00e7\u00e3o de desperd\u00edcio e de preserva\u00e7\u00e3o do meio ambiente&#8221;, refere a associa\u00e7\u00e3o.<\/span><\/p>\n<p><span data-contrast=\"auto\">Ser\u00e3o ainda oferecidos livros \u00e0s bibliotecas escolares, nomeadamente \u201cBiofilia\u201d, \u201cEnergia por mi\u00fados para gra\u00fados\u201d, \u201cFlora e as Altera\u00e7\u00f5es Clim\u00e1ticas\u201d, \u201cFlora a carta mais importante do mundo\u201d, \u201cPaisagens, Esp\u00e9cies, Hist\u00f3rias &#8211; Caderno\u00a0Professores\u201d e \u201cINFORISK\u201d.<\/span><span data-ccp-props=\"{&quot;201341983&quot;:0,&quot;335559739&quot;:160,&quot;335559740&quot;:279}\">\u00a0<\/span><\/p>\n<p><span data-contrast=\"auto\">A CIM Alto Minho iniciou em outubro de 2023 a celebra\u00e7\u00e3o dos seus 15 anos, com uma s\u00e9rie de iniciativas cont\u00ednuas, mensais, que se estender\u00e3o at\u00e9 outubro de 2024. Estas a\u00e7\u00f5es visam destacar a miss\u00e3o da CIM e o impacto positivo das suas interven\u00e7\u00f5es nos concelhos do Alto Minho.<\/span><\/p>\n<p><span data-contrast=\"auto\">A CIM Alto Minho foi constitu\u00edda a 15 de outubro de 2008, englobando os munic\u00edpios que correspondem \u00e0 Unidade Territorial Estat\u00edstica de N\u00edvel III (NUT III) do Alto Minho: Arcos de Valdevez, Caminha, Melga\u00e7o, Mon\u00e7\u00e3o, Paredes de Coura, Ponte da Barca, Ponte do Lima, Valen\u00e7a, Viana do Castelo e Vila Nova de Cerveira.<\/span><span data-ccp-props=\"{&quot;201341983&quot;:0,&quot;335559739&quot;:160,&quot;335559740&quot;:279}\">\u00a0<\/span><\/p>\n","protected":false},"excerpt":{"rendered":"<p>No \u00e2mbito das comemora\u00e7\u00f5es do seu 15.\u00ba anivers\u00e1rio, a Comunidade Intermunicipal do Alto Minho (CIM Alto Minho) lan\u00e7a a a\u00e7\u00e3o \u201cDe Volta \u00e0 Escola\u201d, que beneficiar\u00e1 cerca de 6 mil alunos da regi\u00e3o. Esta iniciativa consiste na oferta de um l\u00e1pis infinito aos estudantes do 4.\u00ba, 6.\u00ba e 9.\u00ba anos dos agrupamentos de escolas do [&hellip;]<\/p>\n","protected":false},"author":1,"featured_media":110410,"comment_status":"closed","ping_status":"closed","sticky":false,"template":"","format":"standard","meta":{"_exactmetrics_skip_tracking":false,"_exactmetrics_sitenote_active":false,"_exactmetrics_sitenote_note":"","_exactmetrics_sitenote_category":0,"footnotes":""},"categories":[73],"tags":[22],"class_list":["post-110409","post","type-post","status-publish","format-standard","has-post-thumbnail","hentry","category-alto-minho","tag-educacao"],"yoast_head":"<!-- This site is optimized with the Yoast SEO Premium plugin v27.5 (Yoast SEO v27.5) - https:\/\/yoast.com\/product\/yoast-seo-premium-wordpress\/ -->\n<title>CIM Alto Minho celebra 15 anos com iniciativa &quot;De Volta \u00e0 Escola&quot;<\/title>\n<meta name=\"description\" content=\"No \u00e2mbito das comemora\u00e7\u00f5es do seu 15.\u00ba anivers\u00e1rio, a Comunidade Intermunicipal do Alto Minho (CIM Alto Minho) lan\u00e7a a a\u00e7\u00e3o \u201cDe Volta \u00e0 Escola\u201d, que beneficiar\u00e1 cerca de 6 mil alunos da regi\u00e3o. Esta iniciativa consiste na oferta de um l\u00e1pis infinito aos estudantes do 4.\u00ba, 6.\u00ba e 9.\u00ba anos dos agrupamentos de escolas do Alto Minho.\" \/>\n<meta name=\"robots\" content=\"index, follow, max-snippet:-1, max-image-preview:large, max-video-preview:-1\" \/>\n<link rel=\"canonical\" href=\"https:\/\/www.altominho.tv\/site\/2024\/09\/11\/cim-alto-minho-celebra-15-anos-com-iniciativa-de-volta-a-escola\/\" \/>\n<meta property=\"og:locale\" content=\"pt_PT\" \/>\n<meta property=\"og:type\" content=\"article\" \/>\n<meta property=\"og:title\" content=\"CIM Alto Minho celebra 15 anos com iniciativa &quot;De Volta \u00e0 Escola&quot;\" \/>\n<meta property=\"og:description\" content=\"No \u00e2mbito das comemora\u00e7\u00f5es do seu 15.\u00ba anivers\u00e1rio, a Comunidade Intermunicipal do Alto Minho (CIM Alto Minho) lan\u00e7a a a\u00e7\u00e3o \u201cDe Volta \u00e0 Escola\u201d, que beneficiar\u00e1 cerca de 6 mil alunos da regi\u00e3o. Esta iniciativa consiste na oferta de um l\u00e1pis infinito aos estudantes do 4.\u00ba, 6.\u00ba e 9.\u00ba anos dos agrupamentos de escolas do Alto Minho.\" \/>\n<meta property=\"og:url\" content=\"https:\/\/www.altominho.tv\/site\/2024\/09\/11\/cim-alto-minho-celebra-15-anos-com-iniciativa-de-volta-a-escola\/\" \/>\n<meta property=\"og:site_name\" content=\"Altominho.tv\" \/>\n<meta property=\"article:publisher\" content=\"https:\/\/www.facebook.com\/altominhotv\" \/>\n<meta property=\"article:published_time\" content=\"2024-09-11T09:25:24+00:00\" \/>\n<meta property=\"article:modified_time\" content=\"2024-09-11T09:25:27+00:00\" \/>\n<meta property=\"og:image\" content=\"https:\/\/www.altominho.tv\/site\/wp-content\/uploads\/2024\/09\/cim-alto-minho.jpg\" \/>\n\t<meta property=\"og:image:width\" content=\"2000\" \/>\n\t<meta property=\"og:image:height\" content=\"1125\" \/>\n\t<meta property=\"og:image:type\" content=\"image\/jpeg\" \/>\n<meta name=\"author\" content=\"Altominho.tv\" \/>\n<meta name=\"twitter:card\" content=\"summary_large_image\" \/>\n<meta name=\"twitter:creator\" content=\"@altominhoTV\" \/>\n<meta name=\"twitter:site\" content=\"@altominhoTV\" \/>\n<meta name=\"twitter:label1\" content=\"Escrito por\" \/>\n\t<meta name=\"twitter:data1\" content=\"Altominho.tv\" \/>\n\t<meta name=\"twitter:label2\" content=\"Tempo estimado de leitura\" \/>\n\t<meta name=\"twitter:data2\" content=\"2 minutos\" \/>\n<script type=\"application\/ld+json\" class=\"yoast-schema-graph\">{\"@context\":\"https:\\\/\\\/schema.org\",\"@graph\":[{\"@type\":\"Article\",\"@id\":\"https:\\\/\\\/www.altominho.tv\\\/site\\\/2024\\\/09\\\/11\\\/cim-alto-minho-celebra-15-anos-com-iniciativa-de-volta-a-escola\\\/#article\",\"isPartOf\":{\"@id\":\"https:\\\/\\\/www.altominho.tv\\\/site\\\/2024\\\/09\\\/11\\\/cim-alto-minho-celebra-15-anos-com-iniciativa-de-volta-a-escola\\\/\"},\"author\":{\"name\":\"Altominho.tv\",\"@id\":\"https:\\\/\\\/www.altominho.tv\\\/site\\\/#\\\/schema\\\/person\\\/4e536851627d7914baf3dac752b6af22\"},\"headline\":\"CIM Alto Minho celebra 15 anos com iniciativa &#8220;De Volta \u00e0 Escola&#8221;\",\"datePublished\":\"2024-09-11T09:25:24+00:00\",\"dateModified\":\"2024-09-11T09:25:27+00:00\",\"mainEntityOfPage\":{\"@id\":\"https:\\\/\\\/www.altominho.tv\\\/site\\\/2024\\\/09\\\/11\\\/cim-alto-minho-celebra-15-anos-com-iniciativa-de-volta-a-escola\\\/\"},\"wordCount\":357,\"image\":{\"@id\":\"https:\\\/\\\/www.altominho.tv\\\/site\\\/2024\\\/09\\\/11\\\/cim-alto-minho-celebra-15-anos-com-iniciativa-de-volta-a-escola\\\/#primaryimage\"},\"thumbnailUrl\":\"https:\\\/\\\/www.altominho.tv\\\/site\\\/wp-content\\\/uploads\\\/2024\\\/09\\\/cim-alto-minho.jpg\",\"keywords\":[\"Educa\u00e7\u00e3o\"],\"articleSection\":[\"Alto Minho\"],\"inLanguage\":\"pt-PT\",\"copyrightYear\":\"2024\",\"copyrightHolder\":{\"@id\":\"https:\\\/\\\/www.altominho.tv\\\/site\\\/#organization\"}},{\"@type\":\"WebPage\",\"@id\":\"https:\\\/\\\/www.altominho.tv\\\/site\\\/2024\\\/09\\\/11\\\/cim-alto-minho-celebra-15-anos-com-iniciativa-de-volta-a-escola\\\/\",\"url\":\"https:\\\/\\\/www.altominho.tv\\\/site\\\/2024\\\/09\\\/11\\\/cim-alto-minho-celebra-15-anos-com-iniciativa-de-volta-a-escola\\\/\",\"name\":\"CIM Alto Minho celebra 15 anos com iniciativa \\\"De Volta \u00e0 Escola\\\"\",\"isPartOf\":{\"@id\":\"https:\\\/\\\/www.altominho.tv\\\/site\\\/#website\"},\"primaryImageOfPage\":{\"@id\":\"https:\\\/\\\/www.altominho.tv\\\/site\\\/2024\\\/09\\\/11\\\/cim-alto-minho-celebra-15-anos-com-iniciativa-de-volta-a-escola\\\/#primaryimage\"},\"image\":{\"@id\":\"https:\\\/\\\/www.altominho.tv\\\/site\\\/2024\\\/09\\\/11\\\/cim-alto-minho-celebra-15-anos-com-iniciativa-de-volta-a-escola\\\/#primaryimage\"},\"thumbnailUrl\":\"https:\\\/\\\/www.altominho.tv\\\/site\\\/wp-content\\\/uploads\\\/2024\\\/09\\\/cim-alto-minho.jpg\",\"datePublished\":\"2024-09-11T09:25:24+00:00\",\"dateModified\":\"2024-09-11T09:25:27+00:00\",\"author\":{\"@id\":\"https:\\\/\\\/www.altominho.tv\\\/site\\\/#\\\/schema\\\/person\\\/4e536851627d7914baf3dac752b6af22\"},\"description\":\"No \u00e2mbito das comemora\u00e7\u00f5es do seu 15.\u00ba anivers\u00e1rio, a Comunidade Intermunicipal do Alto Minho (CIM Alto Minho) lan\u00e7a a a\u00e7\u00e3o \u201cDe Volta \u00e0 Escola\u201d, que beneficiar\u00e1 cerca de 6 mil alunos da regi\u00e3o. Esta iniciativa consiste na oferta de um l\u00e1pis infinito aos estudantes do 4.\u00ba, 6.\u00ba e 9.\u00ba anos dos agrupamentos de escolas do Alto Minho.\",\"breadcrumb\":{\"@id\":\"https:\\\/\\\/www.altominho.tv\\\/site\\\/2024\\\/09\\\/11\\\/cim-alto-minho-celebra-15-anos-com-iniciativa-de-volta-a-escola\\\/#breadcrumb\"},\"inLanguage\":\"pt-PT\",\"potentialAction\":[{\"@type\":\"ReadAction\",\"target\":[\"https:\\\/\\\/www.altominho.tv\\\/site\\\/2024\\\/09\\\/11\\\/cim-alto-minho-celebra-15-anos-com-iniciativa-de-volta-a-escola\\\/\"]}]},{\"@type\":\"ImageObject\",\"inLanguage\":\"pt-PT\",\"@id\":\"https:\\\/\\\/www.altominho.tv\\\/site\\\/2024\\\/09\\\/11\\\/cim-alto-minho-celebra-15-anos-com-iniciativa-de-volta-a-escola\\\/#primaryimage\",\"url\":\"https:\\\/\\\/www.altominho.tv\\\/site\\\/wp-content\\\/uploads\\\/2024\\\/09\\\/cim-alto-minho.jpg\",\"contentUrl\":\"https:\\\/\\\/www.altominho.tv\\\/site\\\/wp-content\\\/uploads\\\/2024\\\/09\\\/cim-alto-minho.jpg\",\"width\":2000,\"height\":1125},{\"@type\":\"BreadcrumbList\",\"@id\":\"https:\\\/\\\/www.altominho.tv\\\/site\\\/2024\\\/09\\\/11\\\/cim-alto-minho-celebra-15-anos-com-iniciativa-de-volta-a-escola\\\/#breadcrumb\",\"itemListElement\":[{\"@type\":\"ListItem\",\"position\":1,\"name\":\"In\u00edcio\",\"item\":\"https:\\\/\\\/www.altominho.tv\\\/site\\\/\"},{\"@type\":\"ListItem\",\"position\":2,\"name\":\"CIM Alto Minho celebra 15 anos com iniciativa &#8220;De Volta \u00e0 Escola&#8221;\"}]},{\"@type\":\"WebSite\",\"@id\":\"https:\\\/\\\/www.altominho.tv\\\/site\\\/#website\",\"url\":\"https:\\\/\\\/www.altominho.tv\\\/site\\\/\",\"name\":\"Altominho.tv\",\"description\":\"A sua regi\u00e3o \u00e0 dist\u00e2ncia de um clique...\",\"potentialAction\":[{\"@type\":\"SearchAction\",\"target\":{\"@type\":\"EntryPoint\",\"urlTemplate\":\"https:\\\/\\\/www.altominho.tv\\\/site\\\/?s={search_term_string}\"},\"query-input\":{\"@type\":\"PropertyValueSpecification\",\"valueRequired\":true,\"valueName\":\"search_term_string\"}}],\"inLanguage\":\"pt-PT\"},{\"@type\":\"Person\",\"@id\":\"https:\\\/\\\/www.altominho.tv\\\/site\\\/#\\\/schema\\\/person\\\/4e536851627d7914baf3dac752b6af22\",\"name\":\"Altominho.tv\",\"image\":{\"@type\":\"ImageObject\",\"inLanguage\":\"pt-PT\",\"@id\":\"https:\\\/\\\/www.altominho.tv\\\/site\\\/wp-content\\\/uploads\\\/2019\\\/11\\\/Logo_Avatar_2-150x150.jpg\",\"url\":\"https:\\\/\\\/www.altominho.tv\\\/site\\\/wp-content\\\/uploads\\\/2019\\\/11\\\/Logo_Avatar_2-150x150.jpg\",\"contentUrl\":\"https:\\\/\\\/www.altominho.tv\\\/site\\\/wp-content\\\/uploads\\\/2019\\\/11\\\/Logo_Avatar_2-150x150.jpg\",\"caption\":\"Altominho.tv\"},\"url\":\"https:\\\/\\\/www.altominho.tv\\\/site\\\/author\\\/altominhotv-tecnico\\\/\"}]}<\/script>\n<!-- \/ Yoast SEO Premium plugin. -->","yoast_head_json":{"title":"CIM Alto Minho celebra 15 anos com iniciativa \"De Volta \u00e0 Escola\"","description":"No \u00e2mbito das comemora\u00e7\u00f5es do seu 15.\u00ba anivers\u00e1rio, a Comunidade Intermunicipal do Alto Minho (CIM Alto Minho) lan\u00e7a a a\u00e7\u00e3o \u201cDe Volta \u00e0 Escola\u201d, que beneficiar\u00e1 cerca de 6 mil alunos da regi\u00e3o. Esta iniciativa consiste na oferta de um l\u00e1pis infinito aos estudantes do 4.\u00ba, 6.\u00ba e 9.\u00ba anos dos agrupamentos de escolas do Alto Minho.","robots":{"index":"index","follow":"follow","max-snippet":"max-snippet:-1","max-image-preview":"max-image-preview:large","max-video-preview":"max-video-preview:-1"},"canonical":"https:\/\/www.altominho.tv\/site\/2024\/09\/11\/cim-alto-minho-celebra-15-anos-com-iniciativa-de-volta-a-escola\/","og_locale":"pt_PT","og_type":"article","og_title":"CIM Alto Minho celebra 15 anos com iniciativa \"De Volta \u00e0 Escola\"","og_description":"No \u00e2mbito das comemora\u00e7\u00f5es do seu 15.\u00ba anivers\u00e1rio, a Comunidade Intermunicipal do Alto Minho (CIM Alto Minho) lan\u00e7a a a\u00e7\u00e3o \u201cDe Volta \u00e0 Escola\u201d, que beneficiar\u00e1 cerca de 6 mil alunos da regi\u00e3o. Esta iniciativa consiste na oferta de um l\u00e1pis infinito aos estudantes do 4.\u00ba, 6.\u00ba e 9.\u00ba anos dos agrupamentos de escolas do Alto Minho.","og_url":"https:\/\/www.altominho.tv\/site\/2024\/09\/11\/cim-alto-minho-celebra-15-anos-com-iniciativa-de-volta-a-escola\/","og_site_name":"Altominho.tv","article_publisher":"https:\/\/www.facebook.com\/altominhotv","article_published_time":"2024-09-11T09:25:24+00:00","article_modified_time":"2024-09-11T09:25:27+00:00","og_image":[{"width":2000,"height":1125,"url":"https:\/\/www.altominho.tv\/site\/wp-content\/uploads\/2024\/09\/cim-alto-minho.jpg","type":"image\/jpeg"}],"author":"Altominho.tv","twitter_card":"summary_large_image","twitter_creator":"@altominhoTV","twitter_site":"@altominhoTV","twitter_misc":{"Escrito por":"Altominho.tv","Tempo estimado de leitura":"2 minutos"},"schema":{"@context":"https:\/\/schema.org","@graph":[{"@type":"Article","@id":"https:\/\/www.altominho.tv\/site\/2024\/09\/11\/cim-alto-minho-celebra-15-anos-com-iniciativa-de-volta-a-escola\/#article","isPartOf":{"@id":"https:\/\/www.altominho.tv\/site\/2024\/09\/11\/cim-alto-minho-celebra-15-anos-com-iniciativa-de-volta-a-escola\/"},"author":{"name":"Altominho.tv","@id":"https:\/\/www.altominho.tv\/site\/#\/schema\/person\/4e536851627d7914baf3dac752b6af22"},"headline":"CIM Alto Minho celebra 15 anos com iniciativa &#8220;De Volta \u00e0 Escola&#8221;","datePublished":"2024-09-11T09:25:24+00:00","dateModified":"2024-09-11T09:25:27+00:00","mainEntityOfPage":{"@id":"https:\/\/www.altominho.tv\/site\/2024\/09\/11\/cim-alto-minho-celebra-15-anos-com-iniciativa-de-volta-a-escola\/"},"wordCount":357,"image":{"@id":"https:\/\/www.altominho.tv\/site\/2024\/09\/11\/cim-alto-minho-celebra-15-anos-com-iniciativa-de-volta-a-escola\/#primaryimage"},"thumbnailUrl":"https:\/\/www.altominho.tv\/site\/wp-content\/uploads\/2024\/09\/cim-alto-minho.jpg","keywords":["Educa\u00e7\u00e3o"],"articleSection":["Alto Minho"],"inLanguage":"pt-PT","copyrightYear":"2024","copyrightHolder":{"@id":"https:\/\/www.altominho.tv\/site\/#organization"}},{"@type":"WebPage","@id":"https:\/\/www.altominho.tv\/site\/2024\/09\/11\/cim-alto-minho-celebra-15-anos-com-iniciativa-de-volta-a-escola\/","url":"https:\/\/www.altominho.tv\/site\/2024\/09\/11\/cim-alto-minho-celebra-15-anos-com-iniciativa-de-volta-a-escola\/","name":"CIM Alto Minho celebra 15 anos com iniciativa \"De Volta \u00e0 Escola\"","isPartOf":{"@id":"https:\/\/www.altominho.tv\/site\/#website"},"primaryImageOfPage":{"@id":"https:\/\/www.altominho.tv\/site\/2024\/09\/11\/cim-alto-minho-celebra-15-anos-com-iniciativa-de-volta-a-escola\/#primaryimage"},"image":{"@id":"https:\/\/www.altominho.tv\/site\/2024\/09\/11\/cim-alto-minho-celebra-15-anos-com-iniciativa-de-volta-a-escola\/#primaryimage"},"thumbnailUrl":"https:\/\/www.altominho.tv\/site\/wp-content\/uploads\/2024\/09\/cim-alto-minho.jpg","datePublished":"2024-09-11T09:25:24+00:00","dateModified":"2024-09-11T09:25:27+00:00","author":{"@id":"https:\/\/www.altominho.tv\/site\/#\/schema\/person\/4e536851627d7914baf3dac752b6af22"},"description":"No \u00e2mbito das comemora\u00e7\u00f5es do seu 15.\u00ba anivers\u00e1rio, a Comunidade Intermunicipal do Alto Minho (CIM Alto Minho) lan\u00e7a a a\u00e7\u00e3o \u201cDe Volta \u00e0 Escola\u201d, que beneficiar\u00e1 cerca de 6 mil alunos da regi\u00e3o. Esta iniciativa consiste na oferta de um l\u00e1pis infinito aos estudantes do 4.\u00ba, 6.\u00ba e 9.\u00ba anos dos agrupamentos de escolas do Alto Minho.","breadcrumb":{"@id":"https:\/\/www.altominho.tv\/site\/2024\/09\/11\/cim-alto-minho-celebra-15-anos-com-iniciativa-de-volta-a-escola\/#breadcrumb"},"inLanguage":"pt-PT","potentialAction":[{"@type":"ReadAction","target":["https:\/\/www.altominho.tv\/site\/2024\/09\/11\/cim-alto-minho-celebra-15-anos-com-iniciativa-de-volta-a-escola\/"]}]},{"@type":"ImageObject","inLanguage":"pt-PT","@id":"https:\/\/www.altominho.tv\/site\/2024\/09\/11\/cim-alto-minho-celebra-15-anos-com-iniciativa-de-volta-a-escola\/#primaryimage","url":"https:\/\/www.altominho.tv\/site\/wp-content\/uploads\/2024\/09\/cim-alto-minho.jpg","contentUrl":"https:\/\/www.altominho.tv\/site\/wp-content\/uploads\/2024\/09\/cim-alto-minho.jpg","width":2000,"height":1125},{"@type":"BreadcrumbList","@id":"https:\/\/www.altominho.tv\/site\/2024\/09\/11\/cim-alto-minho-celebra-15-anos-com-iniciativa-de-volta-a-escola\/#breadcrumb","itemListElement":[{"@type":"ListItem","position":1,"name":"In\u00edcio","item":"https:\/\/www.altominho.tv\/site\/"},{"@type":"ListItem","position":2,"name":"CIM Alto Minho celebra 15 anos com iniciativa &#8220;De Volta \u00e0 Escola&#8221;"}]},{"@type":"WebSite","@id":"https:\/\/www.altominho.tv\/site\/#website","url":"https:\/\/www.altominho.tv\/site\/","name":"Altominho.tv","description":"A sua regi\u00e3o \u00e0 dist\u00e2ncia de um clique...","potentialAction":[{"@type":"SearchAction","target":{"@type":"EntryPoint","urlTemplate":"https:\/\/www.altominho.tv\/site\/?s={search_term_string}"},"query-input":{"@type":"PropertyValueSpecification","valueRequired":true,"valueName":"search_term_string"}}],"inLanguage":"pt-PT"},{"@type":"Person","@id":"https:\/\/www.altominho.tv\/site\/#\/schema\/person\/4e536851627d7914baf3dac752b6af22","name":"Altominho.tv","image":{"@type":"ImageObject","inLanguage":"pt-PT","@id":"https:\/\/www.altominho.tv\/site\/wp-content\/uploads\/2019\/11\/Logo_Avatar_2-150x150.jpg","url":"https:\/\/www.altominho.tv\/site\/wp-content\/uploads\/2019\/11\/Logo_Avatar_2-150x150.jpg","contentUrl":"https:\/\/www.altominho.tv\/site\/wp-content\/uploads\/2019\/11\/Logo_Avatar_2-150x150.jpg","caption":"Altominho.tv"},"url":"https:\/\/www.altominho.tv\/site\/author\/altominhotv-tecnico\/"}]}},"_links":{"self":[{"href":"https:\/\/www.altominho.tv\/site\/wp-json\/wp\/v2\/posts\/110409","targetHints":{"allow":["GET"]}}],"collection":[{"href":"https:\/\/www.altominho.tv\/site\/wp-json\/wp\/v2\/posts"}],"about":[{"href":"https:\/\/www.altominho.tv\/site\/wp-json\/wp\/v2\/types\/post"}],"author":[{"embeddable":true,"href":"https:\/\/www.altominho.tv\/site\/wp-json\/wp\/v2\/users\/1"}],"replies":[{"embeddable":true,"href":"https:\/\/www.altominho.tv\/site\/wp-json\/wp\/v2\/comments?post=110409"}],"version-history":[{"count":1,"href":"https:\/\/www.altominho.tv\/site\/wp-json\/wp\/v2\/posts\/110409\/revisions"}],"predecessor-version":[{"id":110412,"href":"https:\/\/www.altominho.tv\/site\/wp-json\/wp\/v2\/posts\/110409\/revisions\/110412"}],"wp:featuredmedia":[{"embeddable":true,"href":"https:\/\/www.altominho.tv\/site\/wp-json\/wp\/v2\/media\/110410"}],"wp:attachment":[{"href":"https:\/\/www.altominho.tv\/site\/wp-json\/wp\/v2\/media?parent=110409"}],"wp:term":[{"taxonomy":"category","embeddable":true,"href":"https:\/\/www.altominho.tv\/site\/wp-json\/wp\/v2\/categories?post=110409"},{"taxonomy":"post_tag","embeddable":true,"href":"https:\/\/www.altominho.tv\/site\/wp-json\/wp\/v2\/tags?post=110409"}],"curies":[{"name":"wp","href":"https:\/\/api.w.org\/{rel}","templated":true}]}}