{"id":110366,"date":"2024-09-09T16:06:24","date_gmt":"2024-09-09T15:06:24","guid":{"rendered":"https:\/\/www.altominho.tv\/site\/?p=110366"},"modified":"2024-09-09T16:23:52","modified_gmt":"2024-09-09T15:23:52","slug":"moncao-morte-policia-judiciaria","status":"publish","type":"post","link":"https:\/\/www.altominho.tv\/site\/2024\/09\/09\/moncao-morte-policia-judiciaria\/","title":{"rendered":"PJ det\u00e9m em Melga\u00e7o suspeito de matar seguran\u00e7a de bar em Mon\u00e7\u00e3o"},"content":{"rendered":"\n<p>A Pol\u00edcia Judici\u00e1ria (PJ) deteve hoje em Melga\u00e7o um homem, de 55 anos, suspeito de ter matado a tiro o seguran\u00e7a de um bar no concelho vizinho de Mon\u00e7\u00e3o.<\/p>\n\n\n\n<p>Fonte do Comando Territorial da GNR de Viana do Castelo explicou que o suspeito foi localizado e detido pela PJ em uma das suas resid\u00eancias.<\/p>\n\n\n\n<p>Desde a madrugada de hoje que a PJ est\u00e1 a investigar a morte o seguran\u00e7a de um bar, de 38 anos, na freguesia de Cortes, em Mon\u00e7\u00e3o, que ocorreu no domingo, pelas 23h39.<\/p>\n\n\n\n<p>Anteriormente, a fonte da GNR disse que \u201cforam feitos dois disparos, sendo que apenas um atingiu o homem na cabe\u00e7a\u201d.<\/p>\n\n\n\n<p>\u201cAlgu\u00e9m ter\u00e1 tocado na porta e quando [a v\u00edtima] abriu levou os disparos\u201d, acrescentou.<\/p>\n\n\n\n<p>O seguran\u00e7a foi socorrido no local pelos meios do INEM, mas acabou por morrer.<\/p>\n\n\n\n<p>A fonte da GNR acrescentou que, quando os militares chegaram ao local, \u201cn\u00e3o havia testemunhas\u201d, apenas o corpo do homem deitado no ch\u00e3o.<\/p>\n\n\n\n<p>\u201cA clientela que estaria no interior do bar desapareceu ap\u00f3s os disparos\u201d, acrescentou.<\/p>\n\n\n\n<p>O estabelecimento de divers\u00e3o noturna, \u201csituado num local isolado\u201d da freguesia de Cortes, Mon\u00e7\u00e3o, no distrito de Viana do Castelo, \u201cn\u00e3o tem c\u00e2maras de videovigil\u00e2ncia\u201d.<\/p>\n\n\n\n<p>De acordo com informa\u00e7\u00e3o do Comando Sub-Regional de Emerg\u00eancia e Prote\u00e7\u00e3o Civil, ao local deslocaram-se ainda elementos dos Bombeiros Volunt\u00e1rios de Mon\u00e7\u00e3o, a Viatura M\u00e9dica de Emerg\u00eancia e Reanima\u00e7\u00e3o (VMER) estacionada no hospital de Santa Luzia, em Viana do Castelo, e a Viatura de Suporte Imediato de Vida (SIV) de Valen\u00e7a.<\/p>\n","protected":false},"excerpt":{"rendered":"<p>A Pol\u00edcia Judici\u00e1ria (PJ) deteve hoje em Melga\u00e7o um homem, de 55 anos, suspeito de ter matado a tiro o seguran\u00e7a de um bar no concelho vizinho de Mon\u00e7\u00e3o. Fonte do Comando Territorial da GNR de Viana do Castelo explicou que o suspeito foi localizado e detido pela PJ em uma das suas resid\u00eancias. Desde [&hellip;]<\/p>\n","protected":false},"author":1,"featured_media":110368,"comment_status":"closed","ping_status":"closed","sticky":false,"template":"","format":"standard","meta":{"_exactmetrics_skip_tracking":false,"_exactmetrics_sitenote_active":false,"_exactmetrics_sitenote_note":"","_exactmetrics_sitenote_category":0,"footnotes":""},"categories":[9],"tags":[27],"class_list":["post-110366","post","type-post","status-publish","format-standard","has-post-thumbnail","hentry","category-moncao","tag-sociedade"],"yoast_head":"<!-- This site is optimized with the Yoast SEO Premium plugin v27.5 (Yoast SEO v27.5) - https:\/\/yoast.com\/product\/yoast-seo-premium-wordpress\/ -->\n<title>PJ det\u00e9m em Melga\u00e7o suspeito de matar seguran\u00e7a de bar em Mon\u00e7\u00e3o<\/title>\n<meta name=\"description\" content=\"A Pol\u00edcia Judici\u00e1ria deteve em Melga\u00e7o, o suspeito de matar o seguran\u00e7a de um bar em Mon\u00e7\u00e3o.\" \/>\n<meta name=\"robots\" content=\"index, follow, max-snippet:-1, max-image-preview:large, max-video-preview:-1\" \/>\n<link rel=\"canonical\" href=\"https:\/\/www.altominho.tv\/site\/2024\/09\/09\/moncao-morte-policia-judiciaria\/\" \/>\n<meta property=\"og:locale\" content=\"pt_PT\" \/>\n<meta property=\"og:type\" content=\"article\" \/>\n<meta property=\"og:title\" content=\"PJ det\u00e9m em Melga\u00e7o suspeito de matar seguran\u00e7a de bar em Mon\u00e7\u00e3o\" \/>\n<meta property=\"og:description\" content=\"A Pol\u00edcia Judici\u00e1ria deteve em Melga\u00e7o, o suspeito de matar o seguran\u00e7a de um bar em Mon\u00e7\u00e3o.\" \/>\n<meta property=\"og:url\" content=\"https:\/\/www.altominho.tv\/site\/2024\/09\/09\/moncao-morte-policia-judiciaria\/\" \/>\n<meta property=\"og:site_name\" content=\"Altominho.tv\" \/>\n<meta property=\"article:publisher\" content=\"https:\/\/www.facebook.com\/altominhotv\" \/>\n<meta property=\"article:published_time\" content=\"2024-09-09T15:06:24+00:00\" \/>\n<meta property=\"article:modified_time\" content=\"2024-09-09T15:23:52+00:00\" \/>\n<meta property=\"og:image\" content=\"https:\/\/www.altominho.tv\/site\/wp-content\/uploads\/2024\/09\/policia-judiciaria.jpg\" \/>\n\t<meta property=\"og:image:width\" content=\"1290\" \/>\n\t<meta property=\"og:image:height\" content=\"830\" \/>\n\t<meta property=\"og:image:type\" content=\"image\/jpeg\" \/>\n<meta name=\"author\" content=\"Altominho.tv\" \/>\n<meta name=\"twitter:card\" content=\"summary_large_image\" \/>\n<meta name=\"twitter:creator\" content=\"@altominhoTV\" \/>\n<meta name=\"twitter:site\" content=\"@altominhoTV\" \/>\n<meta name=\"twitter:label1\" content=\"Escrito por\" \/>\n\t<meta name=\"twitter:data1\" content=\"Altominho.tv\" \/>\n\t<meta name=\"twitter:label2\" content=\"Tempo estimado de leitura\" \/>\n\t<meta name=\"twitter:data2\" content=\"2 minutos\" \/>\n<script type=\"application\/ld+json\" class=\"yoast-schema-graph\">{\"@context\":\"https:\\\/\\\/schema.org\",\"@graph\":[{\"@type\":\"Article\",\"@id\":\"https:\\\/\\\/www.altominho.tv\\\/site\\\/2024\\\/09\\\/09\\\/moncao-morte-policia-judiciaria\\\/#article\",\"isPartOf\":{\"@id\":\"https:\\\/\\\/www.altominho.tv\\\/site\\\/2024\\\/09\\\/09\\\/moncao-morte-policia-judiciaria\\\/\"},\"author\":{\"name\":\"Altominho.tv\",\"@id\":\"https:\\\/\\\/www.altominho.tv\\\/site\\\/#\\\/schema\\\/person\\\/4e536851627d7914baf3dac752b6af22\"},\"headline\":\"PJ det\u00e9m em Melga\u00e7o suspeito de matar seguran\u00e7a de bar em Mon\u00e7\u00e3o\",\"datePublished\":\"2024-09-09T15:06:24+00:00\",\"dateModified\":\"2024-09-09T15:23:52+00:00\",\"mainEntityOfPage\":{\"@id\":\"https:\\\/\\\/www.altominho.tv\\\/site\\\/2024\\\/09\\\/09\\\/moncao-morte-policia-judiciaria\\\/\"},\"wordCount\":290,\"image\":{\"@id\":\"https:\\\/\\\/www.altominho.tv\\\/site\\\/2024\\\/09\\\/09\\\/moncao-morte-policia-judiciaria\\\/#primaryimage\"},\"thumbnailUrl\":\"https:\\\/\\\/www.altominho.tv\\\/site\\\/wp-content\\\/uploads\\\/2024\\\/09\\\/policia-judiciaria.jpg\",\"keywords\":[\"Sociedade\"],\"articleSection\":[\"Mon\u00e7\u00e3o\"],\"inLanguage\":\"pt-PT\",\"copyrightYear\":\"2024\",\"copyrightHolder\":{\"@id\":\"https:\\\/\\\/www.altominho.tv\\\/site\\\/#organization\"}},{\"@type\":\"WebPage\",\"@id\":\"https:\\\/\\\/www.altominho.tv\\\/site\\\/2024\\\/09\\\/09\\\/moncao-morte-policia-judiciaria\\\/\",\"url\":\"https:\\\/\\\/www.altominho.tv\\\/site\\\/2024\\\/09\\\/09\\\/moncao-morte-policia-judiciaria\\\/\",\"name\":\"PJ det\u00e9m em Melga\u00e7o suspeito de matar seguran\u00e7a de bar em Mon\u00e7\u00e3o\",\"isPartOf\":{\"@id\":\"https:\\\/\\\/www.altominho.tv\\\/site\\\/#website\"},\"primaryImageOfPage\":{\"@id\":\"https:\\\/\\\/www.altominho.tv\\\/site\\\/2024\\\/09\\\/09\\\/moncao-morte-policia-judiciaria\\\/#primaryimage\"},\"image\":{\"@id\":\"https:\\\/\\\/www.altominho.tv\\\/site\\\/2024\\\/09\\\/09\\\/moncao-morte-policia-judiciaria\\\/#primaryimage\"},\"thumbnailUrl\":\"https:\\\/\\\/www.altominho.tv\\\/site\\\/wp-content\\\/uploads\\\/2024\\\/09\\\/policia-judiciaria.jpg\",\"datePublished\":\"2024-09-09T15:06:24+00:00\",\"dateModified\":\"2024-09-09T15:23:52+00:00\",\"author\":{\"@id\":\"https:\\\/\\\/www.altominho.tv\\\/site\\\/#\\\/schema\\\/person\\\/4e536851627d7914baf3dac752b6af22\"},\"description\":\"A Pol\u00edcia Judici\u00e1ria deteve em Melga\u00e7o, o suspeito de matar o seguran\u00e7a de um bar em Mon\u00e7\u00e3o.\",\"breadcrumb\":{\"@id\":\"https:\\\/\\\/www.altominho.tv\\\/site\\\/2024\\\/09\\\/09\\\/moncao-morte-policia-judiciaria\\\/#breadcrumb\"},\"inLanguage\":\"pt-PT\",\"potentialAction\":[{\"@type\":\"ReadAction\",\"target\":[\"https:\\\/\\\/www.altominho.tv\\\/site\\\/2024\\\/09\\\/09\\\/moncao-morte-policia-judiciaria\\\/\"]}]},{\"@type\":\"ImageObject\",\"inLanguage\":\"pt-PT\",\"@id\":\"https:\\\/\\\/www.altominho.tv\\\/site\\\/2024\\\/09\\\/09\\\/moncao-morte-policia-judiciaria\\\/#primaryimage\",\"url\":\"https:\\\/\\\/www.altominho.tv\\\/site\\\/wp-content\\\/uploads\\\/2024\\\/09\\\/policia-judiciaria.jpg\",\"contentUrl\":\"https:\\\/\\\/www.altominho.tv\\\/site\\\/wp-content\\\/uploads\\\/2024\\\/09\\\/policia-judiciaria.jpg\",\"width\":1290,\"height\":830},{\"@type\":\"BreadcrumbList\",\"@id\":\"https:\\\/\\\/www.altominho.tv\\\/site\\\/2024\\\/09\\\/09\\\/moncao-morte-policia-judiciaria\\\/#breadcrumb\",\"itemListElement\":[{\"@type\":\"ListItem\",\"position\":1,\"name\":\"In\u00edcio\",\"item\":\"https:\\\/\\\/www.altominho.tv\\\/site\\\/\"},{\"@type\":\"ListItem\",\"position\":2,\"name\":\"PJ det\u00e9m em Melga\u00e7o suspeito de matar seguran\u00e7a de bar em Mon\u00e7\u00e3o\"}]},{\"@type\":\"WebSite\",\"@id\":\"https:\\\/\\\/www.altominho.tv\\\/site\\\/#website\",\"url\":\"https:\\\/\\\/www.altominho.tv\\\/site\\\/\",\"name\":\"Altominho.tv\",\"description\":\"A sua regi\u00e3o \u00e0 dist\u00e2ncia de um clique...\",\"potentialAction\":[{\"@type\":\"SearchAction\",\"target\":{\"@type\":\"EntryPoint\",\"urlTemplate\":\"https:\\\/\\\/www.altominho.tv\\\/site\\\/?s={search_term_string}\"},\"query-input\":{\"@type\":\"PropertyValueSpecification\",\"valueRequired\":true,\"valueName\":\"search_term_string\"}}],\"inLanguage\":\"pt-PT\"},{\"@type\":\"Person\",\"@id\":\"https:\\\/\\\/www.altominho.tv\\\/site\\\/#\\\/schema\\\/person\\\/4e536851627d7914baf3dac752b6af22\",\"name\":\"Altominho.tv\",\"image\":{\"@type\":\"ImageObject\",\"inLanguage\":\"pt-PT\",\"@id\":\"https:\\\/\\\/www.altominho.tv\\\/site\\\/wp-content\\\/uploads\\\/2019\\\/11\\\/Logo_Avatar_2-150x150.jpg\",\"url\":\"https:\\\/\\\/www.altominho.tv\\\/site\\\/wp-content\\\/uploads\\\/2019\\\/11\\\/Logo_Avatar_2-150x150.jpg\",\"contentUrl\":\"https:\\\/\\\/www.altominho.tv\\\/site\\\/wp-content\\\/uploads\\\/2019\\\/11\\\/Logo_Avatar_2-150x150.jpg\",\"caption\":\"Altominho.tv\"},\"url\":\"https:\\\/\\\/www.altominho.tv\\\/site\\\/author\\\/altominhotv-tecnico\\\/\"}]}<\/script>\n<!-- \/ Yoast SEO Premium plugin. -->","yoast_head_json":{"title":"PJ det\u00e9m em Melga\u00e7o suspeito de matar seguran\u00e7a de bar em Mon\u00e7\u00e3o","description":"A Pol\u00edcia Judici\u00e1ria deteve em Melga\u00e7o, o suspeito de matar o seguran\u00e7a de um bar em Mon\u00e7\u00e3o.","robots":{"index":"index","follow":"follow","max-snippet":"max-snippet:-1","max-image-preview":"max-image-preview:large","max-video-preview":"max-video-preview:-1"},"canonical":"https:\/\/www.altominho.tv\/site\/2024\/09\/09\/moncao-morte-policia-judiciaria\/","og_locale":"pt_PT","og_type":"article","og_title":"PJ det\u00e9m em Melga\u00e7o suspeito de matar seguran\u00e7a de bar em Mon\u00e7\u00e3o","og_description":"A Pol\u00edcia Judici\u00e1ria deteve em Melga\u00e7o, o suspeito de matar o seguran\u00e7a de um bar em Mon\u00e7\u00e3o.","og_url":"https:\/\/www.altominho.tv\/site\/2024\/09\/09\/moncao-morte-policia-judiciaria\/","og_site_name":"Altominho.tv","article_publisher":"https:\/\/www.facebook.com\/altominhotv","article_published_time":"2024-09-09T15:06:24+00:00","article_modified_time":"2024-09-09T15:23:52+00:00","og_image":[{"width":1290,"height":830,"url":"https:\/\/www.altominho.tv\/site\/wp-content\/uploads\/2024\/09\/policia-judiciaria.jpg","type":"image\/jpeg"}],"author":"Altominho.tv","twitter_card":"summary_large_image","twitter_creator":"@altominhoTV","twitter_site":"@altominhoTV","twitter_misc":{"Escrito por":"Altominho.tv","Tempo estimado de leitura":"2 minutos"},"schema":{"@context":"https:\/\/schema.org","@graph":[{"@type":"Article","@id":"https:\/\/www.altominho.tv\/site\/2024\/09\/09\/moncao-morte-policia-judiciaria\/#article","isPartOf":{"@id":"https:\/\/www.altominho.tv\/site\/2024\/09\/09\/moncao-morte-policia-judiciaria\/"},"author":{"name":"Altominho.tv","@id":"https:\/\/www.altominho.tv\/site\/#\/schema\/person\/4e536851627d7914baf3dac752b6af22"},"headline":"PJ det\u00e9m em Melga\u00e7o suspeito de matar seguran\u00e7a de bar em Mon\u00e7\u00e3o","datePublished":"2024-09-09T15:06:24+00:00","dateModified":"2024-09-09T15:23:52+00:00","mainEntityOfPage":{"@id":"https:\/\/www.altominho.tv\/site\/2024\/09\/09\/moncao-morte-policia-judiciaria\/"},"wordCount":290,"image":{"@id":"https:\/\/www.altominho.tv\/site\/2024\/09\/09\/moncao-morte-policia-judiciaria\/#primaryimage"},"thumbnailUrl":"https:\/\/www.altominho.tv\/site\/wp-content\/uploads\/2024\/09\/policia-judiciaria.jpg","keywords":["Sociedade"],"articleSection":["Mon\u00e7\u00e3o"],"inLanguage":"pt-PT","copyrightYear":"2024","copyrightHolder":{"@id":"https:\/\/www.altominho.tv\/site\/#organization"}},{"@type":"WebPage","@id":"https:\/\/www.altominho.tv\/site\/2024\/09\/09\/moncao-morte-policia-judiciaria\/","url":"https:\/\/www.altominho.tv\/site\/2024\/09\/09\/moncao-morte-policia-judiciaria\/","name":"PJ det\u00e9m em Melga\u00e7o suspeito de matar seguran\u00e7a de bar em Mon\u00e7\u00e3o","isPartOf":{"@id":"https:\/\/www.altominho.tv\/site\/#website"},"primaryImageOfPage":{"@id":"https:\/\/www.altominho.tv\/site\/2024\/09\/09\/moncao-morte-policia-judiciaria\/#primaryimage"},"image":{"@id":"https:\/\/www.altominho.tv\/site\/2024\/09\/09\/moncao-morte-policia-judiciaria\/#primaryimage"},"thumbnailUrl":"https:\/\/www.altominho.tv\/site\/wp-content\/uploads\/2024\/09\/policia-judiciaria.jpg","datePublished":"2024-09-09T15:06:24+00:00","dateModified":"2024-09-09T15:23:52+00:00","author":{"@id":"https:\/\/www.altominho.tv\/site\/#\/schema\/person\/4e536851627d7914baf3dac752b6af22"},"description":"A Pol\u00edcia Judici\u00e1ria deteve em Melga\u00e7o, o suspeito de matar o seguran\u00e7a de um bar em Mon\u00e7\u00e3o.","breadcrumb":{"@id":"https:\/\/www.altominho.tv\/site\/2024\/09\/09\/moncao-morte-policia-judiciaria\/#breadcrumb"},"inLanguage":"pt-PT","potentialAction":[{"@type":"ReadAction","target":["https:\/\/www.altominho.tv\/site\/2024\/09\/09\/moncao-morte-policia-judiciaria\/"]}]},{"@type":"ImageObject","inLanguage":"pt-PT","@id":"https:\/\/www.altominho.tv\/site\/2024\/09\/09\/moncao-morte-policia-judiciaria\/#primaryimage","url":"https:\/\/www.altominho.tv\/site\/wp-content\/uploads\/2024\/09\/policia-judiciaria.jpg","contentUrl":"https:\/\/www.altominho.tv\/site\/wp-content\/uploads\/2024\/09\/policia-judiciaria.jpg","width":1290,"height":830},{"@type":"BreadcrumbList","@id":"https:\/\/www.altominho.tv\/site\/2024\/09\/09\/moncao-morte-policia-judiciaria\/#breadcrumb","itemListElement":[{"@type":"ListItem","position":1,"name":"In\u00edcio","item":"https:\/\/www.altominho.tv\/site\/"},{"@type":"ListItem","position":2,"name":"PJ det\u00e9m em Melga\u00e7o suspeito de matar seguran\u00e7a de bar em Mon\u00e7\u00e3o"}]},{"@type":"WebSite","@id":"https:\/\/www.altominho.tv\/site\/#website","url":"https:\/\/www.altominho.tv\/site\/","name":"Altominho.tv","description":"A sua regi\u00e3o \u00e0 dist\u00e2ncia de um clique...","potentialAction":[{"@type":"SearchAction","target":{"@type":"EntryPoint","urlTemplate":"https:\/\/www.altominho.tv\/site\/?s={search_term_string}"},"query-input":{"@type":"PropertyValueSpecification","valueRequired":true,"valueName":"search_term_string"}}],"inLanguage":"pt-PT"},{"@type":"Person","@id":"https:\/\/www.altominho.tv\/site\/#\/schema\/person\/4e536851627d7914baf3dac752b6af22","name":"Altominho.tv","image":{"@type":"ImageObject","inLanguage":"pt-PT","@id":"https:\/\/www.altominho.tv\/site\/wp-content\/uploads\/2019\/11\/Logo_Avatar_2-150x150.jpg","url":"https:\/\/www.altominho.tv\/site\/wp-content\/uploads\/2019\/11\/Logo_Avatar_2-150x150.jpg","contentUrl":"https:\/\/www.altominho.tv\/site\/wp-content\/uploads\/2019\/11\/Logo_Avatar_2-150x150.jpg","caption":"Altominho.tv"},"url":"https:\/\/www.altominho.tv\/site\/author\/altominhotv-tecnico\/"}]}},"_links":{"self":[{"href":"https:\/\/www.altominho.tv\/site\/wp-json\/wp\/v2\/posts\/110366","targetHints":{"allow":["GET"]}}],"collection":[{"href":"https:\/\/www.altominho.tv\/site\/wp-json\/wp\/v2\/posts"}],"about":[{"href":"https:\/\/www.altominho.tv\/site\/wp-json\/wp\/v2\/types\/post"}],"author":[{"embeddable":true,"href":"https:\/\/www.altominho.tv\/site\/wp-json\/wp\/v2\/users\/1"}],"replies":[{"embeddable":true,"href":"https:\/\/www.altominho.tv\/site\/wp-json\/wp\/v2\/comments?post=110366"}],"version-history":[{"count":1,"href":"https:\/\/www.altominho.tv\/site\/wp-json\/wp\/v2\/posts\/110366\/revisions"}],"predecessor-version":[{"id":110369,"href":"https:\/\/www.altominho.tv\/site\/wp-json\/wp\/v2\/posts\/110366\/revisions\/110369"}],"wp:featuredmedia":[{"embeddable":true,"href":"https:\/\/www.altominho.tv\/site\/wp-json\/wp\/v2\/media\/110368"}],"wp:attachment":[{"href":"https:\/\/www.altominho.tv\/site\/wp-json\/wp\/v2\/media?parent=110366"}],"wp:term":[{"taxonomy":"category","embeddable":true,"href":"https:\/\/www.altominho.tv\/site\/wp-json\/wp\/v2\/categories?post=110366"},{"taxonomy":"post_tag","embeddable":true,"href":"https:\/\/www.altominho.tv\/site\/wp-json\/wp\/v2\/tags?post=110366"}],"curies":[{"name":"wp","href":"https:\/\/api.w.org\/{rel}","templated":true}]}}