{"id":110339,"date":"2024-09-09T10:41:41","date_gmt":"2024-09-09T09:41:41","guid":{"rendered":"https:\/\/www.altominho.tv\/site\/?p=110339"},"modified":"2024-09-09T10:52:25","modified_gmt":"2024-09-09T09:52:25","slug":"procissao-nossa-senhora-das-dores-ponte-de-lima-feiras-novas","status":"publish","type":"post","link":"https:\/\/www.altominho.tv\/site\/2024\/09\/09\/procissao-nossa-senhora-das-dores-ponte-de-lima-feiras-novas\/","title":{"rendered":"Prociss\u00e3o em Honra de Nossa Senhora das Dores tem lugar esta tarde em Ponte de Lima"},"content":{"rendered":"\n<p>A Prociss\u00e3o em Honra de Nossa Senhora das Dores tem lugar esta tarde em Ponte de Lima, naquele que \u00e9 o \u00faltimo dia das Feiras Novas.<\/p>\n\n\n\n<p>Para al\u00e9m do car\u00e1ter profano da Festa &#8220;\u00e9 a parte religiosa que a sustenta na sua origem&#8221;.<\/p>\n\n\n\n<p>Assim, as festas das Feiras Novas t\u00eam uma forte componente de religiosidade que marcam o seu ponto alto com a prociss\u00e3o realizada neste dia e que constitui uma forma singular de praticar o culto.<\/p>\n\n\n\n<p>Afluem a este ato milhares de pessoas, dando praticamente por encerradas as atividades das Festas.<\/p>\n\n\n\n<p>A Prociss\u00e3o tem in\u00edcio pelas 16h30, e percorre as ruas do Centro Hist\u00f3rico de Ponte de Lima.<\/p>\n\n\n\n<p>O \u00faltimo dia das Feiras Novas traz ainda a Missa Solene na Igreja Matriz, pelas 10h30, a Despedida das Bandas \u00e0s 19h30 no Largo de Cam\u00f5es, e a atua\u00e7\u00e3o do grupo Roconorte pelas 22h00.<\/p>\n\n\n\n<p>H\u00e1 ainda as tradicionais rusgas e concertinas.<\/p>\n","protected":false},"excerpt":{"rendered":"<p>A Prociss\u00e3o em Honra de Nossa Senhora das Dores tem lugar esta tarde em Ponte de Lima, naquele que \u00e9 o \u00faltimo dia das Feiras Novas. Para al\u00e9m do car\u00e1ter profano da Festa &#8220;\u00e9 a parte religiosa que a sustenta na sua origem&#8221;. Assim, as festas das Feiras Novas t\u00eam uma forte componente de religiosidade [&hellip;]<\/p>\n","protected":false},"author":7,"featured_media":110344,"comment_status":"closed","ping_status":"closed","sticky":false,"template":"","format":"standard","meta":{"_exactmetrics_skip_tracking":false,"_exactmetrics_sitenote_active":false,"_exactmetrics_sitenote_note":"","_exactmetrics_sitenote_category":0,"footnotes":""},"categories":[12],"tags":[27],"class_list":["post-110339","post","type-post","status-publish","format-standard","has-post-thumbnail","hentry","category-ponte-de-lima","tag-sociedade"],"yoast_head":"<!-- This site is optimized with the Yoast SEO Premium plugin v27.5 (Yoast SEO v27.5) - https:\/\/yoast.com\/product\/yoast-seo-premium-wordpress\/ -->\n<title>Prociss\u00e3o em Honra de Nossa Senhora das Dores tem lugar esta tarde em Ponte de Lima<\/title>\n<meta name=\"description\" content=\"A Prociss\u00e3o em Honra de Nossa Senhora das Dores tem lugar esta tarde em Ponte de Lima, naquele que \u00e9 o \u00faltimo dia das Feiras Novas.\" \/>\n<meta name=\"robots\" content=\"index, follow, max-snippet:-1, max-image-preview:large, max-video-preview:-1\" \/>\n<link rel=\"canonical\" href=\"https:\/\/www.altominho.tv\/site\/2024\/09\/09\/procissao-nossa-senhora-das-dores-ponte-de-lima-feiras-novas\/\" \/>\n<meta property=\"og:locale\" content=\"pt_PT\" \/>\n<meta property=\"og:type\" content=\"article\" \/>\n<meta property=\"og:title\" content=\"Prociss\u00e3o em Honra de Nossa Senhora das Dores tem lugar esta tarde em Ponte de Lima\" \/>\n<meta property=\"og:description\" content=\"A Prociss\u00e3o em Honra de Nossa Senhora das Dores tem lugar esta tarde em Ponte de Lima, naquele que \u00e9 o \u00faltimo dia das Feiras Novas.\" \/>\n<meta property=\"og:url\" content=\"https:\/\/www.altominho.tv\/site\/2024\/09\/09\/procissao-nossa-senhora-das-dores-ponte-de-lima-feiras-novas\/\" \/>\n<meta property=\"og:site_name\" content=\"Altominho.tv\" \/>\n<meta property=\"article:publisher\" content=\"https:\/\/www.facebook.com\/altominhotv\" \/>\n<meta property=\"article:published_time\" content=\"2024-09-09T09:41:41+00:00\" \/>\n<meta property=\"article:modified_time\" content=\"2024-09-09T09:52:25+00:00\" \/>\n<meta property=\"og:image\" content=\"https:\/\/www.altominho.tv\/site\/wp-content\/uploads\/2024\/09\/Captura-de-Ecra-25.png\" \/>\n\t<meta property=\"og:image:width\" content=\"1366\" \/>\n\t<meta property=\"og:image:height\" content=\"768\" \/>\n\t<meta property=\"og:image:type\" content=\"image\/png\" \/>\n<meta name=\"author\" content=\"Andreia Cunha\" \/>\n<meta name=\"twitter:card\" content=\"summary_large_image\" \/>\n<meta name=\"twitter:creator\" content=\"@altominhoTV\" \/>\n<meta name=\"twitter:site\" content=\"@altominhoTV\" \/>\n<meta name=\"twitter:label1\" content=\"Escrito por\" \/>\n\t<meta name=\"twitter:data1\" content=\"Andreia Cunha\" \/>\n\t<meta name=\"twitter:label2\" content=\"Tempo estimado de leitura\" \/>\n\t<meta name=\"twitter:data2\" content=\"2 minutos\" \/>\n<script type=\"application\/ld+json\" class=\"yoast-schema-graph\">{\"@context\":\"https:\\\/\\\/schema.org\",\"@graph\":[{\"@type\":\"Article\",\"@id\":\"https:\\\/\\\/www.altominho.tv\\\/site\\\/2024\\\/09\\\/09\\\/procissao-nossa-senhora-das-dores-ponte-de-lima-feiras-novas\\\/#article\",\"isPartOf\":{\"@id\":\"https:\\\/\\\/www.altominho.tv\\\/site\\\/2024\\\/09\\\/09\\\/procissao-nossa-senhora-das-dores-ponte-de-lima-feiras-novas\\\/\"},\"author\":{\"name\":\"Andreia Cunha\",\"@id\":\"https:\\\/\\\/www.altominho.tv\\\/site\\\/#\\\/schema\\\/person\\\/a0e4ef6d041f98ca284393d8f1d97153\"},\"headline\":\"Prociss\u00e3o em Honra de Nossa Senhora das Dores tem lugar esta tarde em Ponte de Lima\",\"datePublished\":\"2024-09-09T09:41:41+00:00\",\"dateModified\":\"2024-09-09T09:52:25+00:00\",\"mainEntityOfPage\":{\"@id\":\"https:\\\/\\\/www.altominho.tv\\\/site\\\/2024\\\/09\\\/09\\\/procissao-nossa-senhora-das-dores-ponte-de-lima-feiras-novas\\\/\"},\"wordCount\":175,\"image\":{\"@id\":\"https:\\\/\\\/www.altominho.tv\\\/site\\\/2024\\\/09\\\/09\\\/procissao-nossa-senhora-das-dores-ponte-de-lima-feiras-novas\\\/#primaryimage\"},\"thumbnailUrl\":\"https:\\\/\\\/www.altominho.tv\\\/site\\\/wp-content\\\/uploads\\\/2024\\\/09\\\/Captura-de-Ecra-25.png\",\"keywords\":[\"Sociedade\"],\"articleSection\":[\"Ponte de Lima\"],\"inLanguage\":\"pt-PT\",\"copyrightYear\":\"2024\",\"copyrightHolder\":{\"@id\":\"https:\\\/\\\/www.altominho.tv\\\/site\\\/#organization\"}},{\"@type\":\"WebPage\",\"@id\":\"https:\\\/\\\/www.altominho.tv\\\/site\\\/2024\\\/09\\\/09\\\/procissao-nossa-senhora-das-dores-ponte-de-lima-feiras-novas\\\/\",\"url\":\"https:\\\/\\\/www.altominho.tv\\\/site\\\/2024\\\/09\\\/09\\\/procissao-nossa-senhora-das-dores-ponte-de-lima-feiras-novas\\\/\",\"name\":\"Prociss\u00e3o em Honra de Nossa Senhora das Dores tem lugar esta tarde em Ponte de Lima\",\"isPartOf\":{\"@id\":\"https:\\\/\\\/www.altominho.tv\\\/site\\\/#website\"},\"primaryImageOfPage\":{\"@id\":\"https:\\\/\\\/www.altominho.tv\\\/site\\\/2024\\\/09\\\/09\\\/procissao-nossa-senhora-das-dores-ponte-de-lima-feiras-novas\\\/#primaryimage\"},\"image\":{\"@id\":\"https:\\\/\\\/www.altominho.tv\\\/site\\\/2024\\\/09\\\/09\\\/procissao-nossa-senhora-das-dores-ponte-de-lima-feiras-novas\\\/#primaryimage\"},\"thumbnailUrl\":\"https:\\\/\\\/www.altominho.tv\\\/site\\\/wp-content\\\/uploads\\\/2024\\\/09\\\/Captura-de-Ecra-25.png\",\"datePublished\":\"2024-09-09T09:41:41+00:00\",\"dateModified\":\"2024-09-09T09:52:25+00:00\",\"author\":{\"@id\":\"https:\\\/\\\/www.altominho.tv\\\/site\\\/#\\\/schema\\\/person\\\/a0e4ef6d041f98ca284393d8f1d97153\"},\"description\":\"A Prociss\u00e3o em Honra de Nossa Senhora das Dores tem lugar esta tarde em Ponte de Lima, naquele que \u00e9 o \u00faltimo dia das Feiras Novas.\",\"breadcrumb\":{\"@id\":\"https:\\\/\\\/www.altominho.tv\\\/site\\\/2024\\\/09\\\/09\\\/procissao-nossa-senhora-das-dores-ponte-de-lima-feiras-novas\\\/#breadcrumb\"},\"inLanguage\":\"pt-PT\",\"potentialAction\":[{\"@type\":\"ReadAction\",\"target\":[\"https:\\\/\\\/www.altominho.tv\\\/site\\\/2024\\\/09\\\/09\\\/procissao-nossa-senhora-das-dores-ponte-de-lima-feiras-novas\\\/\"]}]},{\"@type\":\"ImageObject\",\"inLanguage\":\"pt-PT\",\"@id\":\"https:\\\/\\\/www.altominho.tv\\\/site\\\/2024\\\/09\\\/09\\\/procissao-nossa-senhora-das-dores-ponte-de-lima-feiras-novas\\\/#primaryimage\",\"url\":\"https:\\\/\\\/www.altominho.tv\\\/site\\\/wp-content\\\/uploads\\\/2024\\\/09\\\/Captura-de-Ecra-25.png\",\"contentUrl\":\"https:\\\/\\\/www.altominho.tv\\\/site\\\/wp-content\\\/uploads\\\/2024\\\/09\\\/Captura-de-Ecra-25.png\",\"width\":1366,\"height\":768},{\"@type\":\"BreadcrumbList\",\"@id\":\"https:\\\/\\\/www.altominho.tv\\\/site\\\/2024\\\/09\\\/09\\\/procissao-nossa-senhora-das-dores-ponte-de-lima-feiras-novas\\\/#breadcrumb\",\"itemListElement\":[{\"@type\":\"ListItem\",\"position\":1,\"name\":\"In\u00edcio\",\"item\":\"https:\\\/\\\/www.altominho.tv\\\/site\\\/\"},{\"@type\":\"ListItem\",\"position\":2,\"name\":\"Prociss\u00e3o em Honra de Nossa Senhora das Dores tem lugar esta tarde em Ponte de Lima\"}]},{\"@type\":\"WebSite\",\"@id\":\"https:\\\/\\\/www.altominho.tv\\\/site\\\/#website\",\"url\":\"https:\\\/\\\/www.altominho.tv\\\/site\\\/\",\"name\":\"Altominho.tv\",\"description\":\"A sua regi\u00e3o \u00e0 dist\u00e2ncia de um clique...\",\"potentialAction\":[{\"@type\":\"SearchAction\",\"target\":{\"@type\":\"EntryPoint\",\"urlTemplate\":\"https:\\\/\\\/www.altominho.tv\\\/site\\\/?s={search_term_string}\"},\"query-input\":{\"@type\":\"PropertyValueSpecification\",\"valueRequired\":true,\"valueName\":\"search_term_string\"}}],\"inLanguage\":\"pt-PT\"},{\"@type\":\"Person\",\"@id\":\"https:\\\/\\\/www.altominho.tv\\\/site\\\/#\\\/schema\\\/person\\\/a0e4ef6d041f98ca284393d8f1d97153\",\"name\":\"Andreia Cunha\",\"image\":{\"@type\":\"ImageObject\",\"inLanguage\":\"pt-PT\",\"@id\":\"https:\\\/\\\/www.altominho.tv\\\/site\\\/wp-content\\\/uploads\\\/2017\\\/11\\\/Andreia_Cunha-1-150x150.jpg\",\"url\":\"https:\\\/\\\/www.altominho.tv\\\/site\\\/wp-content\\\/uploads\\\/2017\\\/11\\\/Andreia_Cunha-1-150x150.jpg\",\"contentUrl\":\"https:\\\/\\\/www.altominho.tv\\\/site\\\/wp-content\\\/uploads\\\/2017\\\/11\\\/Andreia_Cunha-1-150x150.jpg\",\"caption\":\"Andreia Cunha\"},\"url\":\"https:\\\/\\\/www.altominho.tv\\\/site\\\/author\\\/andreiacunha\\\/\"}]}<\/script>\n<!-- \/ Yoast SEO Premium plugin. -->","yoast_head_json":{"title":"Prociss\u00e3o em Honra de Nossa Senhora das Dores tem lugar esta tarde em Ponte de Lima","description":"A Prociss\u00e3o em Honra de Nossa Senhora das Dores tem lugar esta tarde em Ponte de Lima, naquele que \u00e9 o \u00faltimo dia das Feiras Novas.","robots":{"index":"index","follow":"follow","max-snippet":"max-snippet:-1","max-image-preview":"max-image-preview:large","max-video-preview":"max-video-preview:-1"},"canonical":"https:\/\/www.altominho.tv\/site\/2024\/09\/09\/procissao-nossa-senhora-das-dores-ponte-de-lima-feiras-novas\/","og_locale":"pt_PT","og_type":"article","og_title":"Prociss\u00e3o em Honra de Nossa Senhora das Dores tem lugar esta tarde em Ponte de Lima","og_description":"A Prociss\u00e3o em Honra de Nossa Senhora das Dores tem lugar esta tarde em Ponte de Lima, naquele que \u00e9 o \u00faltimo dia das Feiras Novas.","og_url":"https:\/\/www.altominho.tv\/site\/2024\/09\/09\/procissao-nossa-senhora-das-dores-ponte-de-lima-feiras-novas\/","og_site_name":"Altominho.tv","article_publisher":"https:\/\/www.facebook.com\/altominhotv","article_published_time":"2024-09-09T09:41:41+00:00","article_modified_time":"2024-09-09T09:52:25+00:00","og_image":[{"width":1366,"height":768,"url":"https:\/\/www.altominho.tv\/site\/wp-content\/uploads\/2024\/09\/Captura-de-Ecra-25.png","type":"image\/png"}],"author":"Andreia Cunha","twitter_card":"summary_large_image","twitter_creator":"@altominhoTV","twitter_site":"@altominhoTV","twitter_misc":{"Escrito por":"Andreia Cunha","Tempo estimado de leitura":"2 minutos"},"schema":{"@context":"https:\/\/schema.org","@graph":[{"@type":"Article","@id":"https:\/\/www.altominho.tv\/site\/2024\/09\/09\/procissao-nossa-senhora-das-dores-ponte-de-lima-feiras-novas\/#article","isPartOf":{"@id":"https:\/\/www.altominho.tv\/site\/2024\/09\/09\/procissao-nossa-senhora-das-dores-ponte-de-lima-feiras-novas\/"},"author":{"name":"Andreia Cunha","@id":"https:\/\/www.altominho.tv\/site\/#\/schema\/person\/a0e4ef6d041f98ca284393d8f1d97153"},"headline":"Prociss\u00e3o em Honra de Nossa Senhora das Dores tem lugar esta tarde em Ponte de Lima","datePublished":"2024-09-09T09:41:41+00:00","dateModified":"2024-09-09T09:52:25+00:00","mainEntityOfPage":{"@id":"https:\/\/www.altominho.tv\/site\/2024\/09\/09\/procissao-nossa-senhora-das-dores-ponte-de-lima-feiras-novas\/"},"wordCount":175,"image":{"@id":"https:\/\/www.altominho.tv\/site\/2024\/09\/09\/procissao-nossa-senhora-das-dores-ponte-de-lima-feiras-novas\/#primaryimage"},"thumbnailUrl":"https:\/\/www.altominho.tv\/site\/wp-content\/uploads\/2024\/09\/Captura-de-Ecra-25.png","keywords":["Sociedade"],"articleSection":["Ponte de Lima"],"inLanguage":"pt-PT","copyrightYear":"2024","copyrightHolder":{"@id":"https:\/\/www.altominho.tv\/site\/#organization"}},{"@type":"WebPage","@id":"https:\/\/www.altominho.tv\/site\/2024\/09\/09\/procissao-nossa-senhora-das-dores-ponte-de-lima-feiras-novas\/","url":"https:\/\/www.altominho.tv\/site\/2024\/09\/09\/procissao-nossa-senhora-das-dores-ponte-de-lima-feiras-novas\/","name":"Prociss\u00e3o em Honra de Nossa Senhora das Dores tem lugar esta tarde em Ponte de Lima","isPartOf":{"@id":"https:\/\/www.altominho.tv\/site\/#website"},"primaryImageOfPage":{"@id":"https:\/\/www.altominho.tv\/site\/2024\/09\/09\/procissao-nossa-senhora-das-dores-ponte-de-lima-feiras-novas\/#primaryimage"},"image":{"@id":"https:\/\/www.altominho.tv\/site\/2024\/09\/09\/procissao-nossa-senhora-das-dores-ponte-de-lima-feiras-novas\/#primaryimage"},"thumbnailUrl":"https:\/\/www.altominho.tv\/site\/wp-content\/uploads\/2024\/09\/Captura-de-Ecra-25.png","datePublished":"2024-09-09T09:41:41+00:00","dateModified":"2024-09-09T09:52:25+00:00","author":{"@id":"https:\/\/www.altominho.tv\/site\/#\/schema\/person\/a0e4ef6d041f98ca284393d8f1d97153"},"description":"A Prociss\u00e3o em Honra de Nossa Senhora das Dores tem lugar esta tarde em Ponte de Lima, naquele que \u00e9 o \u00faltimo dia das Feiras Novas.","breadcrumb":{"@id":"https:\/\/www.altominho.tv\/site\/2024\/09\/09\/procissao-nossa-senhora-das-dores-ponte-de-lima-feiras-novas\/#breadcrumb"},"inLanguage":"pt-PT","potentialAction":[{"@type":"ReadAction","target":["https:\/\/www.altominho.tv\/site\/2024\/09\/09\/procissao-nossa-senhora-das-dores-ponte-de-lima-feiras-novas\/"]}]},{"@type":"ImageObject","inLanguage":"pt-PT","@id":"https:\/\/www.altominho.tv\/site\/2024\/09\/09\/procissao-nossa-senhora-das-dores-ponte-de-lima-feiras-novas\/#primaryimage","url":"https:\/\/www.altominho.tv\/site\/wp-content\/uploads\/2024\/09\/Captura-de-Ecra-25.png","contentUrl":"https:\/\/www.altominho.tv\/site\/wp-content\/uploads\/2024\/09\/Captura-de-Ecra-25.png","width":1366,"height":768},{"@type":"BreadcrumbList","@id":"https:\/\/www.altominho.tv\/site\/2024\/09\/09\/procissao-nossa-senhora-das-dores-ponte-de-lima-feiras-novas\/#breadcrumb","itemListElement":[{"@type":"ListItem","position":1,"name":"In\u00edcio","item":"https:\/\/www.altominho.tv\/site\/"},{"@type":"ListItem","position":2,"name":"Prociss\u00e3o em Honra de Nossa Senhora das Dores tem lugar esta tarde em Ponte de Lima"}]},{"@type":"WebSite","@id":"https:\/\/www.altominho.tv\/site\/#website","url":"https:\/\/www.altominho.tv\/site\/","name":"Altominho.tv","description":"A sua regi\u00e3o \u00e0 dist\u00e2ncia de um clique...","potentialAction":[{"@type":"SearchAction","target":{"@type":"EntryPoint","urlTemplate":"https:\/\/www.altominho.tv\/site\/?s={search_term_string}"},"query-input":{"@type":"PropertyValueSpecification","valueRequired":true,"valueName":"search_term_string"}}],"inLanguage":"pt-PT"},{"@type":"Person","@id":"https:\/\/www.altominho.tv\/site\/#\/schema\/person\/a0e4ef6d041f98ca284393d8f1d97153","name":"Andreia Cunha","image":{"@type":"ImageObject","inLanguage":"pt-PT","@id":"https:\/\/www.altominho.tv\/site\/wp-content\/uploads\/2017\/11\/Andreia_Cunha-1-150x150.jpg","url":"https:\/\/www.altominho.tv\/site\/wp-content\/uploads\/2017\/11\/Andreia_Cunha-1-150x150.jpg","contentUrl":"https:\/\/www.altominho.tv\/site\/wp-content\/uploads\/2017\/11\/Andreia_Cunha-1-150x150.jpg","caption":"Andreia Cunha"},"url":"https:\/\/www.altominho.tv\/site\/author\/andreiacunha\/"}]}},"_links":{"self":[{"href":"https:\/\/www.altominho.tv\/site\/wp-json\/wp\/v2\/posts\/110339","targetHints":{"allow":["GET"]}}],"collection":[{"href":"https:\/\/www.altominho.tv\/site\/wp-json\/wp\/v2\/posts"}],"about":[{"href":"https:\/\/www.altominho.tv\/site\/wp-json\/wp\/v2\/types\/post"}],"author":[{"embeddable":true,"href":"https:\/\/www.altominho.tv\/site\/wp-json\/wp\/v2\/users\/7"}],"replies":[{"embeddable":true,"href":"https:\/\/www.altominho.tv\/site\/wp-json\/wp\/v2\/comments?post=110339"}],"version-history":[{"count":2,"href":"https:\/\/www.altominho.tv\/site\/wp-json\/wp\/v2\/posts\/110339\/revisions"}],"predecessor-version":[{"id":110346,"href":"https:\/\/www.altominho.tv\/site\/wp-json\/wp\/v2\/posts\/110339\/revisions\/110346"}],"wp:featuredmedia":[{"embeddable":true,"href":"https:\/\/www.altominho.tv\/site\/wp-json\/wp\/v2\/media\/110344"}],"wp:attachment":[{"href":"https:\/\/www.altominho.tv\/site\/wp-json\/wp\/v2\/media?parent=110339"}],"wp:term":[{"taxonomy":"category","embeddable":true,"href":"https:\/\/www.altominho.tv\/site\/wp-json\/wp\/v2\/categories?post=110339"},{"taxonomy":"post_tag","embeddable":true,"href":"https:\/\/www.altominho.tv\/site\/wp-json\/wp\/v2\/tags?post=110339"}],"curies":[{"name":"wp","href":"https:\/\/api.w.org\/{rel}","templated":true}]}}