{"id":110302,"date":"2024-09-06T17:02:50","date_gmt":"2024-09-06T16:02:50","guid":{"rendered":"https:\/\/www.altominho.tv\/site\/?p=110302"},"modified":"2024-09-06T17:02:51","modified_gmt":"2024-09-06T16:02:51","slug":"camara-apoia-alunos","status":"publish","type":"post","link":"https:\/\/www.altominho.tv\/site\/2024\/09\/06\/camara-apoia-alunos\/","title":{"rendered":"C\u00e2mara apoia compra de cadernos de fichas a 1.311 alunos do ensino b\u00e1sico"},"content":{"rendered":"<p>A C\u00e2mara de Arcos de Valdevez vai apoiar as fam\u00edlias na aquisi\u00e7\u00e3o dos cadernos de fichas escolares de 1.311 alunos do 1.\u00ba ao 3.\u00ba ciclos do ensino b\u00e1sico, num investimento de 60 mil euros, foi hoje divulgado.<\/p>\n<p>Em comunicado, a autarquia do distrito de Viana do Castelo adiantou que, no ano letivo 2024\/2025, os cadernos de fichas continuam a ser gratuitos para os alunos com escal\u00e3o A e B, e comparticipada em 50% para os restantes alunos.<\/p>\n<p>No \u201c\u00e2mbito deste apoio, a autarquia celebrou protocolos de colabora\u00e7\u00e3o com o agrupamento de escolas de Valdevez, a associa\u00e7\u00e3o de pais e encarregados de educa\u00e7\u00e3o e quatro livrarias do concelho\u201d.<\/p>\n","protected":false},"excerpt":{"rendered":"<p>A C\u00e2mara de Arcos de Valdevez vai apoiar as fam\u00edlias na aquisi\u00e7\u00e3o dos cadernos de fichas escolares de 1.311 alunos do 1.\u00ba ao 3.\u00ba ciclos do ensino b\u00e1sico, num investimento de 60 mil euros, foi hoje divulgado. Em comunicado, a autarquia do distrito de Viana do Castelo adiantou que, no ano letivo 2024\/2025, os cadernos [&hellip;]<\/p>\n","protected":false},"author":13,"featured_media":107733,"comment_status":"closed","ping_status":"closed","sticky":false,"template":"","format":"standard","meta":{"_exactmetrics_skip_tracking":false,"_exactmetrics_sitenote_active":false,"_exactmetrics_sitenote_note":"","_exactmetrics_sitenote_category":0,"footnotes":""},"categories":[2],"tags":[22],"class_list":["post-110302","post","type-post","status-publish","format-standard","has-post-thumbnail","hentry","category-arcos-de-valdevez","tag-educacao"],"yoast_head":"<!-- This site is optimized with the Yoast SEO Premium plugin v27.5 (Yoast SEO v27.5) - https:\/\/yoast.com\/product\/yoast-seo-premium-wordpress\/ -->\n<title>C\u00e2mara apoia compra de cadernos de fichas a 1.311 alunos do ensino b\u00e1sico<\/title>\n<meta name=\"description\" content=\"No ano letivo 2024\/2025, os cadernos de fichas continuam a ser gratuitos para os alunos com escal\u00e3o A e B, e comparticipada em 50% para os restantes alunos.\" \/>\n<meta name=\"robots\" content=\"index, follow, max-snippet:-1, max-image-preview:large, max-video-preview:-1\" \/>\n<link rel=\"canonical\" href=\"https:\/\/www.altominho.tv\/site\/2024\/09\/06\/camara-apoia-alunos\/\" \/>\n<meta property=\"og:locale\" content=\"pt_PT\" \/>\n<meta property=\"og:type\" content=\"article\" \/>\n<meta property=\"og:title\" content=\"C\u00e2mara apoia compra de cadernos de fichas a 1.311 alunos do ensino b\u00e1sico\" \/>\n<meta property=\"og:description\" content=\"No ano letivo 2024\/2025, os cadernos de fichas continuam a ser gratuitos para os alunos com escal\u00e3o A e B, e comparticipada em 50% para os restantes alunos.\" \/>\n<meta property=\"og:url\" content=\"https:\/\/www.altominho.tv\/site\/2024\/09\/06\/camara-apoia-alunos\/\" \/>\n<meta property=\"og:site_name\" content=\"Altominho.tv\" \/>\n<meta property=\"article:publisher\" content=\"https:\/\/www.facebook.com\/altominhotv\" \/>\n<meta property=\"article:published_time\" content=\"2024-09-06T16:02:50+00:00\" \/>\n<meta property=\"article:modified_time\" content=\"2024-09-06T16:02:51+00:00\" \/>\n<meta property=\"og:image\" content=\"https:\/\/www.altominho.tv\/site\/wp-content\/uploads\/2024\/06\/apoio-escolar.jpg\" \/>\n\t<meta property=\"og:image:width\" content=\"1024\" \/>\n\t<meta property=\"og:image:height\" content=\"683\" \/>\n\t<meta property=\"og:image:type\" content=\"image\/jpeg\" \/>\n<meta name=\"author\" content=\"Lusa\" \/>\n<meta name=\"twitter:card\" content=\"summary_large_image\" \/>\n<meta name=\"twitter:creator\" content=\"@altominhoTV\" \/>\n<meta name=\"twitter:site\" content=\"@altominhoTV\" \/>\n<meta name=\"twitter:label1\" content=\"Escrito por\" \/>\n\t<meta name=\"twitter:data1\" content=\"Lusa\" \/>\n\t<meta name=\"twitter:label2\" content=\"Tempo estimado de leitura\" \/>\n\t<meta name=\"twitter:data2\" content=\"1 minuto\" \/>\n<script type=\"application\/ld+json\" class=\"yoast-schema-graph\">{\"@context\":\"https:\\\/\\\/schema.org\",\"@graph\":[{\"@type\":\"Article\",\"@id\":\"https:\\\/\\\/www.altominho.tv\\\/site\\\/2024\\\/09\\\/06\\\/camara-apoia-alunos\\\/#article\",\"isPartOf\":{\"@id\":\"https:\\\/\\\/www.altominho.tv\\\/site\\\/2024\\\/09\\\/06\\\/camara-apoia-alunos\\\/\"},\"author\":{\"name\":\"Lusa\",\"@id\":\"https:\\\/\\\/www.altominho.tv\\\/site\\\/#\\\/schema\\\/person\\\/63f693da3e1899361cbe955c46f3232e\"},\"headline\":\"C\u00e2mara apoia compra de cadernos de fichas a 1.311 alunos do ensino b\u00e1sico\",\"datePublished\":\"2024-09-06T16:02:50+00:00\",\"dateModified\":\"2024-09-06T16:02:51+00:00\",\"mainEntityOfPage\":{\"@id\":\"https:\\\/\\\/www.altominho.tv\\\/site\\\/2024\\\/09\\\/06\\\/camara-apoia-alunos\\\/\"},\"wordCount\":123,\"image\":{\"@id\":\"https:\\\/\\\/www.altominho.tv\\\/site\\\/2024\\\/09\\\/06\\\/camara-apoia-alunos\\\/#primaryimage\"},\"thumbnailUrl\":\"https:\\\/\\\/www.altominho.tv\\\/site\\\/wp-content\\\/uploads\\\/2024\\\/06\\\/apoio-escolar.jpg\",\"keywords\":[\"Educa\u00e7\u00e3o\"],\"articleSection\":[\"Arcos de Valdevez\"],\"inLanguage\":\"pt-PT\",\"copyrightYear\":\"2024\",\"copyrightHolder\":{\"@id\":\"https:\\\/\\\/www.altominho.tv\\\/site\\\/#organization\"}},{\"@type\":\"WebPage\",\"@id\":\"https:\\\/\\\/www.altominho.tv\\\/site\\\/2024\\\/09\\\/06\\\/camara-apoia-alunos\\\/\",\"url\":\"https:\\\/\\\/www.altominho.tv\\\/site\\\/2024\\\/09\\\/06\\\/camara-apoia-alunos\\\/\",\"name\":\"C\u00e2mara apoia compra de cadernos de fichas a 1.311 alunos do ensino b\u00e1sico\",\"isPartOf\":{\"@id\":\"https:\\\/\\\/www.altominho.tv\\\/site\\\/#website\"},\"primaryImageOfPage\":{\"@id\":\"https:\\\/\\\/www.altominho.tv\\\/site\\\/2024\\\/09\\\/06\\\/camara-apoia-alunos\\\/#primaryimage\"},\"image\":{\"@id\":\"https:\\\/\\\/www.altominho.tv\\\/site\\\/2024\\\/09\\\/06\\\/camara-apoia-alunos\\\/#primaryimage\"},\"thumbnailUrl\":\"https:\\\/\\\/www.altominho.tv\\\/site\\\/wp-content\\\/uploads\\\/2024\\\/06\\\/apoio-escolar.jpg\",\"datePublished\":\"2024-09-06T16:02:50+00:00\",\"dateModified\":\"2024-09-06T16:02:51+00:00\",\"author\":{\"@id\":\"https:\\\/\\\/www.altominho.tv\\\/site\\\/#\\\/schema\\\/person\\\/63f693da3e1899361cbe955c46f3232e\"},\"description\":\"No ano letivo 2024\\\/2025, os cadernos de fichas continuam a ser gratuitos para os alunos com escal\u00e3o A e B, e comparticipada em 50% para os restantes alunos.\",\"breadcrumb\":{\"@id\":\"https:\\\/\\\/www.altominho.tv\\\/site\\\/2024\\\/09\\\/06\\\/camara-apoia-alunos\\\/#breadcrumb\"},\"inLanguage\":\"pt-PT\",\"potentialAction\":[{\"@type\":\"ReadAction\",\"target\":[\"https:\\\/\\\/www.altominho.tv\\\/site\\\/2024\\\/09\\\/06\\\/camara-apoia-alunos\\\/\"]}]},{\"@type\":\"ImageObject\",\"inLanguage\":\"pt-PT\",\"@id\":\"https:\\\/\\\/www.altominho.tv\\\/site\\\/2024\\\/09\\\/06\\\/camara-apoia-alunos\\\/#primaryimage\",\"url\":\"https:\\\/\\\/www.altominho.tv\\\/site\\\/wp-content\\\/uploads\\\/2024\\\/06\\\/apoio-escolar.jpg\",\"contentUrl\":\"https:\\\/\\\/www.altominho.tv\\\/site\\\/wp-content\\\/uploads\\\/2024\\\/06\\\/apoio-escolar.jpg\",\"width\":1024,\"height\":683},{\"@type\":\"BreadcrumbList\",\"@id\":\"https:\\\/\\\/www.altominho.tv\\\/site\\\/2024\\\/09\\\/06\\\/camara-apoia-alunos\\\/#breadcrumb\",\"itemListElement\":[{\"@type\":\"ListItem\",\"position\":1,\"name\":\"In\u00edcio\",\"item\":\"https:\\\/\\\/www.altominho.tv\\\/site\\\/\"},{\"@type\":\"ListItem\",\"position\":2,\"name\":\"C\u00e2mara apoia compra de cadernos de fichas a 1.311 alunos do ensino b\u00e1sico\"}]},{\"@type\":\"WebSite\",\"@id\":\"https:\\\/\\\/www.altominho.tv\\\/site\\\/#website\",\"url\":\"https:\\\/\\\/www.altominho.tv\\\/site\\\/\",\"name\":\"Altominho.tv\",\"description\":\"A sua regi\u00e3o \u00e0 dist\u00e2ncia de um clique...\",\"potentialAction\":[{\"@type\":\"SearchAction\",\"target\":{\"@type\":\"EntryPoint\",\"urlTemplate\":\"https:\\\/\\\/www.altominho.tv\\\/site\\\/?s={search_term_string}\"},\"query-input\":{\"@type\":\"PropertyValueSpecification\",\"valueRequired\":true,\"valueName\":\"search_term_string\"}}],\"inLanguage\":\"pt-PT\"},{\"@type\":\"Person\",\"@id\":\"https:\\\/\\\/www.altominho.tv\\\/site\\\/#\\\/schema\\\/person\\\/63f693da3e1899361cbe955c46f3232e\",\"name\":\"Lusa\",\"image\":{\"@type\":\"ImageObject\",\"inLanguage\":\"pt-PT\",\"@id\":\"https:\\\/\\\/www.altominho.tv\\\/site\\\/wp-content\\\/uploads\\\/2019\\\/08\\\/LUSA_Logo.gif\",\"url\":\"https:\\\/\\\/www.altominho.tv\\\/site\\\/wp-content\\\/uploads\\\/2019\\\/08\\\/LUSA_Logo.gif\",\"contentUrl\":\"https:\\\/\\\/www.altominho.tv\\\/site\\\/wp-content\\\/uploads\\\/2019\\\/08\\\/LUSA_Logo.gif\",\"caption\":\"Lusa\"},\"sameAs\":[\"http:\\\/\\\/\\\/\\\/www.altominho.tv\\\/site\"],\"url\":\"https:\\\/\\\/www.altominho.tv\\\/site\\\/author\\\/lusa\\\/\"}]}<\/script>\n<!-- \/ Yoast SEO Premium plugin. -->","yoast_head_json":{"title":"C\u00e2mara apoia compra de cadernos de fichas a 1.311 alunos do ensino b\u00e1sico","description":"No ano letivo 2024\/2025, os cadernos de fichas continuam a ser gratuitos para os alunos com escal\u00e3o A e B, e comparticipada em 50% para os restantes alunos.","robots":{"index":"index","follow":"follow","max-snippet":"max-snippet:-1","max-image-preview":"max-image-preview:large","max-video-preview":"max-video-preview:-1"},"canonical":"https:\/\/www.altominho.tv\/site\/2024\/09\/06\/camara-apoia-alunos\/","og_locale":"pt_PT","og_type":"article","og_title":"C\u00e2mara apoia compra de cadernos de fichas a 1.311 alunos do ensino b\u00e1sico","og_description":"No ano letivo 2024\/2025, os cadernos de fichas continuam a ser gratuitos para os alunos com escal\u00e3o A e B, e comparticipada em 50% para os restantes alunos.","og_url":"https:\/\/www.altominho.tv\/site\/2024\/09\/06\/camara-apoia-alunos\/","og_site_name":"Altominho.tv","article_publisher":"https:\/\/www.facebook.com\/altominhotv","article_published_time":"2024-09-06T16:02:50+00:00","article_modified_time":"2024-09-06T16:02:51+00:00","og_image":[{"width":1024,"height":683,"url":"https:\/\/www.altominho.tv\/site\/wp-content\/uploads\/2024\/06\/apoio-escolar.jpg","type":"image\/jpeg"}],"author":"Lusa","twitter_card":"summary_large_image","twitter_creator":"@altominhoTV","twitter_site":"@altominhoTV","twitter_misc":{"Escrito por":"Lusa","Tempo estimado de leitura":"1 minuto"},"schema":{"@context":"https:\/\/schema.org","@graph":[{"@type":"Article","@id":"https:\/\/www.altominho.tv\/site\/2024\/09\/06\/camara-apoia-alunos\/#article","isPartOf":{"@id":"https:\/\/www.altominho.tv\/site\/2024\/09\/06\/camara-apoia-alunos\/"},"author":{"name":"Lusa","@id":"https:\/\/www.altominho.tv\/site\/#\/schema\/person\/63f693da3e1899361cbe955c46f3232e"},"headline":"C\u00e2mara apoia compra de cadernos de fichas a 1.311 alunos do ensino b\u00e1sico","datePublished":"2024-09-06T16:02:50+00:00","dateModified":"2024-09-06T16:02:51+00:00","mainEntityOfPage":{"@id":"https:\/\/www.altominho.tv\/site\/2024\/09\/06\/camara-apoia-alunos\/"},"wordCount":123,"image":{"@id":"https:\/\/www.altominho.tv\/site\/2024\/09\/06\/camara-apoia-alunos\/#primaryimage"},"thumbnailUrl":"https:\/\/www.altominho.tv\/site\/wp-content\/uploads\/2024\/06\/apoio-escolar.jpg","keywords":["Educa\u00e7\u00e3o"],"articleSection":["Arcos de Valdevez"],"inLanguage":"pt-PT","copyrightYear":"2024","copyrightHolder":{"@id":"https:\/\/www.altominho.tv\/site\/#organization"}},{"@type":"WebPage","@id":"https:\/\/www.altominho.tv\/site\/2024\/09\/06\/camara-apoia-alunos\/","url":"https:\/\/www.altominho.tv\/site\/2024\/09\/06\/camara-apoia-alunos\/","name":"C\u00e2mara apoia compra de cadernos de fichas a 1.311 alunos do ensino b\u00e1sico","isPartOf":{"@id":"https:\/\/www.altominho.tv\/site\/#website"},"primaryImageOfPage":{"@id":"https:\/\/www.altominho.tv\/site\/2024\/09\/06\/camara-apoia-alunos\/#primaryimage"},"image":{"@id":"https:\/\/www.altominho.tv\/site\/2024\/09\/06\/camara-apoia-alunos\/#primaryimage"},"thumbnailUrl":"https:\/\/www.altominho.tv\/site\/wp-content\/uploads\/2024\/06\/apoio-escolar.jpg","datePublished":"2024-09-06T16:02:50+00:00","dateModified":"2024-09-06T16:02:51+00:00","author":{"@id":"https:\/\/www.altominho.tv\/site\/#\/schema\/person\/63f693da3e1899361cbe955c46f3232e"},"description":"No ano letivo 2024\/2025, os cadernos de fichas continuam a ser gratuitos para os alunos com escal\u00e3o A e B, e comparticipada em 50% para os restantes alunos.","breadcrumb":{"@id":"https:\/\/www.altominho.tv\/site\/2024\/09\/06\/camara-apoia-alunos\/#breadcrumb"},"inLanguage":"pt-PT","potentialAction":[{"@type":"ReadAction","target":["https:\/\/www.altominho.tv\/site\/2024\/09\/06\/camara-apoia-alunos\/"]}]},{"@type":"ImageObject","inLanguage":"pt-PT","@id":"https:\/\/www.altominho.tv\/site\/2024\/09\/06\/camara-apoia-alunos\/#primaryimage","url":"https:\/\/www.altominho.tv\/site\/wp-content\/uploads\/2024\/06\/apoio-escolar.jpg","contentUrl":"https:\/\/www.altominho.tv\/site\/wp-content\/uploads\/2024\/06\/apoio-escolar.jpg","width":1024,"height":683},{"@type":"BreadcrumbList","@id":"https:\/\/www.altominho.tv\/site\/2024\/09\/06\/camara-apoia-alunos\/#breadcrumb","itemListElement":[{"@type":"ListItem","position":1,"name":"In\u00edcio","item":"https:\/\/www.altominho.tv\/site\/"},{"@type":"ListItem","position":2,"name":"C\u00e2mara apoia compra de cadernos de fichas a 1.311 alunos do ensino b\u00e1sico"}]},{"@type":"WebSite","@id":"https:\/\/www.altominho.tv\/site\/#website","url":"https:\/\/www.altominho.tv\/site\/","name":"Altominho.tv","description":"A sua regi\u00e3o \u00e0 dist\u00e2ncia de um clique...","potentialAction":[{"@type":"SearchAction","target":{"@type":"EntryPoint","urlTemplate":"https:\/\/www.altominho.tv\/site\/?s={search_term_string}"},"query-input":{"@type":"PropertyValueSpecification","valueRequired":true,"valueName":"search_term_string"}}],"inLanguage":"pt-PT"},{"@type":"Person","@id":"https:\/\/www.altominho.tv\/site\/#\/schema\/person\/63f693da3e1899361cbe955c46f3232e","name":"Lusa","image":{"@type":"ImageObject","inLanguage":"pt-PT","@id":"https:\/\/www.altominho.tv\/site\/wp-content\/uploads\/2019\/08\/LUSA_Logo.gif","url":"https:\/\/www.altominho.tv\/site\/wp-content\/uploads\/2019\/08\/LUSA_Logo.gif","contentUrl":"https:\/\/www.altominho.tv\/site\/wp-content\/uploads\/2019\/08\/LUSA_Logo.gif","caption":"Lusa"},"sameAs":["http:\/\/\/\/www.altominho.tv\/site"],"url":"https:\/\/www.altominho.tv\/site\/author\/lusa\/"}]}},"_links":{"self":[{"href":"https:\/\/www.altominho.tv\/site\/wp-json\/wp\/v2\/posts\/110302","targetHints":{"allow":["GET"]}}],"collection":[{"href":"https:\/\/www.altominho.tv\/site\/wp-json\/wp\/v2\/posts"}],"about":[{"href":"https:\/\/www.altominho.tv\/site\/wp-json\/wp\/v2\/types\/post"}],"author":[{"embeddable":true,"href":"https:\/\/www.altominho.tv\/site\/wp-json\/wp\/v2\/users\/13"}],"replies":[{"embeddable":true,"href":"https:\/\/www.altominho.tv\/site\/wp-json\/wp\/v2\/comments?post=110302"}],"version-history":[{"count":1,"href":"https:\/\/www.altominho.tv\/site\/wp-json\/wp\/v2\/posts\/110302\/revisions"}],"predecessor-version":[{"id":110303,"href":"https:\/\/www.altominho.tv\/site\/wp-json\/wp\/v2\/posts\/110302\/revisions\/110303"}],"wp:featuredmedia":[{"embeddable":true,"href":"https:\/\/www.altominho.tv\/site\/wp-json\/wp\/v2\/media\/107733"}],"wp:attachment":[{"href":"https:\/\/www.altominho.tv\/site\/wp-json\/wp\/v2\/media?parent=110302"}],"wp:term":[{"taxonomy":"category","embeddable":true,"href":"https:\/\/www.altominho.tv\/site\/wp-json\/wp\/v2\/categories?post=110302"},{"taxonomy":"post_tag","embeddable":true,"href":"https:\/\/www.altominho.tv\/site\/wp-json\/wp\/v2\/tags?post=110302"}],"curies":[{"name":"wp","href":"https:\/\/api.w.org\/{rel}","templated":true}]}}