{"id":110288,"date":"2024-09-05T16:55:18","date_gmt":"2024-09-05T15:55:18","guid":{"rendered":"https:\/\/www.altominho.tv\/site\/?p=110288"},"modified":"2024-09-05T16:55:20","modified_gmt":"2024-09-05T15:55:20","slug":"tribunal-linha-alta-tensao-alto-minho","status":"publish","type":"post","link":"https:\/\/www.altominho.tv\/site\/2024\/09\/05\/tribunal-linha-alta-tensao-alto-minho\/","title":{"rendered":"Tribunal declara ineficaz licen\u00e7a de instala\u00e7\u00e3o de linha alta tens\u00e3o no Alto Minho"},"content":{"rendered":"\n<p>O Tribunal Administrativo e Fiscal (TAF) de Braga declarou ineficaz a licen\u00e7a emitida pela Dire\u00e7\u00e3o-Geral de Energia e Geologia \u00e0 Rede El\u00e9trica Nacional (REN) para a instala\u00e7\u00e3o da linha de Alta Tens\u00e3o Ponte de Lima-Fontefria (Galiza), foi hoje revelado.<\/p>\n\n\n\n<p>Em causa est\u00e1 a \u201clinha Dupla Ponte de Lima &#8211; Fontefr\u00eda, Tro\u00e7o Portugu\u00eas, a 400 kV\u201d, que em julho de 2023 recebeu parecer favor\u00e1vel condicionado no RECAPE &#8211; Relat\u00f3rio de Conformidade Ambiental do Projeto de Execu\u00e7\u00e3o, de acordo com os documentos dispon\u00edveis no \u2018site\u2019 da Ag\u00eancia Portuguesa do Ambiente (APA), consultados pela Lusa.<\/p>\n\n\n\n<p>A linha abrange os concelhos de Vila Verde, no distrito de Braga, e Ponte de Lima, Ponte da Barca, Arcos de Valdevez, Mon\u00e7\u00e3o e Melga\u00e7o, no distrito de Viana do Castelo.<\/p>\n\n\n\n<p>No despacho, datado de 03 de setembro e hoje enviado \u00e0 Lusa pelo presidente da C\u00e2mara de Mon\u00e7\u00e3o, o juiz do TAF de Braga declara \u201cineficaz o ato correspondente \u00e0 Licen\u00e7a de Estabelecimento emitida a favor da REN referente \u00e0 instala\u00e7\u00e3o da Linha \u00c1rea Dupla, a 400kv, entre a subesta\u00e7\u00e3o de Ponte de Lima e Fontefria, Tro\u00e7o Portugu\u00eas, a 400kv com uma extens\u00e3o total de 65.800 metros e 168 apoios\u201d.<\/p>\n\n\n\n<p>Esta decis\u00e3o diz respeito \u00e0 segunda provid\u00eancia cautelar interposta pelas c\u00e2maras de Mon\u00e7\u00e3o (PSD), Ponte de Lima (CDS), Ponte da Barca (PSD), Arcos de Valdevez (PSD) e Melga\u00e7o (PS), no distrito de Viana do Castelo, na qual solicitaram a declara\u00e7\u00e3o de inefic\u00e1cia da licen\u00e7a de estabelecimento emitida a favor da REN para aquela linha,<\/p>\n\n\n\n<p>Na contesta\u00e7\u00e3o, a REN tinha defendido a \u201cespecial urg\u00eancia\u201d da linha, nomeadamente para uma \u201credu\u00e7\u00e3o e converg\u00eancia de pre\u00e7os\u201d no mercado ib\u00e9rico.<\/p>\n\n\n\n<p>\u201cQualquer diferimento da execu\u00e7\u00e3o do projeto de constru\u00e7\u00e3o e implementa\u00e7\u00e3o da Linha, ou de qualquer um dos seus tro\u00e7os, ser\u00e1 gravemente prejudicial para o interesse p\u00fablico, por raz\u00f5es que se prendem, nomeadamente, com [\u2026] o aumento do pre\u00e7o da energia: a constru\u00e7\u00e3o desta Linha permite aumentar a importa\u00e7\u00e3o e exporta\u00e7\u00e3o de eletricidade de e para Espanha, contribuindo para uma redu\u00e7\u00e3o e converg\u00eancia de pre\u00e7os no mercado do MIBEL [Mercado Ib\u00e9rico de Eletricidade]\u201d, argumentou a el\u00e9trica nacional.<\/p>\n\n\n\n<p>O juiz considerou que, \u201capesar de demonstrado o relevo da infraestrutura do ponto de vista do interesse p\u00fablico\u201d, na contesta\u00e7\u00e3o da REN \u201cn\u00e3o s\u00e3o invocadas raz\u00f5es concretas e s\u00f3lidas para demonstrar a necessidade de prosseguir com a execu\u00e7\u00e3o do ato, nomeadamente pelo in\u00edcio de constru\u00e7\u00e3o da linha, j\u00e1 que todos os objetivos visados pela mesma continuam a ser poss\u00edveis, n\u00e3o existindo refer\u00eancia a datas concretas como limite para a conclus\u00e3o dos trabalhos, \u00e0 perda de financiamentos, etc\u2026\u201d.<\/p>\n\n\n\n<p>\u201cN\u00e3o duvida o Tribunal, portanto, do relevo da infraestrutura. Mas demonstrando o relevo da infraestrutura em causa, nenhuma destas raz\u00f5es serve para explicar em que medida o diferimento da sua execu\u00e7\u00e3o \u00e9, por si s\u00f3, gravemente prejudicial para o interesse p\u00fablico. Em que medida, por exemplo, o atraso na execu\u00e7\u00e3o em tr\u00eas ou seis meses seria gravemente prejudicial ao interesse p\u00fablico \u2013 na verdade, sempre existiria a possibilidade de executar a obra e obter os benef\u00edcios esperados com a mesma\u201d, l\u00ea-se no despacho.<\/p>\n\n\n\n<p>No documento, o tribunal refere que, \u201cbem vistos os termos da resolu\u00e7\u00e3o, nela se assume (ponto 6) que o procedimento de Avalia\u00e7\u00e3o de Impacte Ambiental (AIA) demorou, por si, cerca de tr\u00eas anos, desenvolvendo-se entre julho de 2019 e junho de 2022, culminando com a Declara\u00e7\u00e3o de Impacte Ambiental (DIA) favor\u00e1vel condicionada\u201d.<\/p>\n\n\n\n<p>E acrescenta que \u201csomente em 20\/04\/2023 teve in\u00edcio o procedimento de verifica\u00e7\u00e3o da conformidade ambiental, e que culminou com a emiss\u00e3o da Decis\u00e3o sobre a Conformidade Ambiental do Projeto de Execu\u00e7\u00e3o (DCAPE) em 04\/07\/2023\u201d.<\/p>\n\n\n\n<p>\u201cAo todo, at\u00e9 \u00e0 DCAPE, decorreram cerca de quatro anos. Cumpriria, por isso, n\u00e3o apenas justificar o relevo e a import\u00e2ncia da infraestrutura, mas sobretudo porque \u00e9 indispens\u00e1vel o in\u00edcio imediato da sua execu\u00e7\u00e3o, sem ser poss\u00edvel aguardar alguns meses pela decis\u00e3o do Tribunal \u2013 quando se aguardou quatro anos pela decis\u00e3o administrativa\u201d, l\u00ea-se no despacho.<\/p>\n\n\n\n<p>O tribunal adianta que, \u201cem bom rigor, a resolu\u00e7\u00e3o fundamentada nem esclarece de forma cabal se em Espanha j\u00e1 existem as condi\u00e7\u00f5es para realizar a liga\u00e7\u00e3o logo que a infraestrutura se encontre executada\u201d.<\/p>\n\n\n\n<p>O tribunal lembra que a licen\u00e7a para a instala\u00e7\u00e3o da linha de \u201cteve a dura\u00e7\u00e3o de quase quatro anos, pelo que mal se compreende que, face \u00e0 demora da fase administrativa, seja agora a espera pela decis\u00e3o cautelar a causar preju\u00edzo grave ao interesse p\u00fablico\u201d.<\/p>\n\n\n\n<p>O juiz refere-se \u00e0 primeira provid\u00eancia cautelar interposta pelos munic\u00edpios e que se encontra atualmente no Supremo Tribunal Administrativo, na qual \u00e9 requerida a suspens\u00e3o da efic\u00e1cia da DCAPE.<\/p>\n","protected":false},"excerpt":{"rendered":"<p>O Tribunal Administrativo e Fiscal (TAF) de Braga declarou ineficaz a licen\u00e7a emitida pela Dire\u00e7\u00e3o-Geral de Energia e Geologia \u00e0 Rede El\u00e9trica Nacional (REN) para a instala\u00e7\u00e3o da linha de Alta Tens\u00e3o Ponte de Lima-Fontefria (Galiza), foi hoje revelado. Em causa est\u00e1 a \u201clinha Dupla Ponte de Lima &#8211; Fontefr\u00eda, Tro\u00e7o Portugu\u00eas, a 400 kV\u201d, [&hellip;]<\/p>\n","protected":false},"author":16,"featured_media":110289,"comment_status":"closed","ping_status":"closed","sticky":false,"template":"","format":"standard","meta":{"_exactmetrics_skip_tracking":false,"_exactmetrics_sitenote_active":false,"_exactmetrics_sitenote_note":"","_exactmetrics_sitenote_category":0,"footnotes":""},"categories":[73],"tags":[27],"class_list":["post-110288","post","type-post","status-publish","format-standard","has-post-thumbnail","hentry","category-alto-minho","tag-sociedade"],"yoast_head":"<!-- This site is optimized with the Yoast SEO Premium plugin v27.5 (Yoast SEO v27.5) - https:\/\/yoast.com\/product\/yoast-seo-premium-wordpress\/ -->\n<title>Tribunal declara ineficaz licen\u00e7a de instala\u00e7\u00e3o de linha alta tens\u00e3o no Alto Minho<\/title>\n<meta name=\"description\" content=\"Tribunal declara ineficaz licen\u00e7a de instala\u00e7\u00e3o de linha alta tens\u00e3o no Alto Minho.\" \/>\n<meta name=\"robots\" content=\"index, follow, max-snippet:-1, max-image-preview:large, max-video-preview:-1\" \/>\n<link rel=\"canonical\" href=\"https:\/\/www.altominho.tv\/site\/2024\/09\/05\/tribunal-linha-alta-tensao-alto-minho\/\" \/>\n<meta property=\"og:locale\" content=\"pt_PT\" \/>\n<meta property=\"og:type\" content=\"article\" \/>\n<meta property=\"og:title\" content=\"Tribunal declara ineficaz licen\u00e7a de instala\u00e7\u00e3o de linha alta tens\u00e3o no Alto Minho\" \/>\n<meta property=\"og:description\" content=\"Tribunal declara ineficaz licen\u00e7a de instala\u00e7\u00e3o de linha alta tens\u00e3o no Alto Minho.\" \/>\n<meta property=\"og:url\" content=\"https:\/\/www.altominho.tv\/site\/2024\/09\/05\/tribunal-linha-alta-tensao-alto-minho\/\" \/>\n<meta property=\"og:site_name\" content=\"Altominho.tv\" \/>\n<meta property=\"article:publisher\" content=\"https:\/\/www.facebook.com\/altominhotv\" \/>\n<meta property=\"article:published_time\" content=\"2024-09-05T15:55:18+00:00\" \/>\n<meta property=\"article:modified_time\" content=\"2024-09-05T15:55:20+00:00\" \/>\n<meta property=\"og:image\" content=\"https:\/\/www.altominho.tv\/site\/wp-content\/uploads\/2024\/09\/linha-alta-tensao.jpg\" \/>\n\t<meta property=\"og:image:width\" content=\"1200\" \/>\n\t<meta property=\"og:image:height\" content=\"630\" \/>\n\t<meta property=\"og:image:type\" content=\"image\/jpeg\" \/>\n<meta name=\"author\" content=\"Andreia Cunha | Lusa\" \/>\n<meta name=\"twitter:card\" content=\"summary_large_image\" \/>\n<meta name=\"twitter:creator\" content=\"@altominhoTV\" \/>\n<meta name=\"twitter:site\" content=\"@altominhoTV\" \/>\n<meta name=\"twitter:label1\" content=\"Escrito por\" \/>\n\t<meta name=\"twitter:data1\" content=\"Andreia Cunha | Lusa\" \/>\n\t<meta name=\"twitter:label2\" content=\"Tempo estimado de leitura\" \/>\n\t<meta name=\"twitter:data2\" content=\"5 minutos\" \/>\n<script type=\"application\/ld+json\" class=\"yoast-schema-graph\">{\"@context\":\"https:\\\/\\\/schema.org\",\"@graph\":[{\"@type\":\"Article\",\"@id\":\"https:\\\/\\\/www.altominho.tv\\\/site\\\/2024\\\/09\\\/05\\\/tribunal-linha-alta-tensao-alto-minho\\\/#article\",\"isPartOf\":{\"@id\":\"https:\\\/\\\/www.altominho.tv\\\/site\\\/2024\\\/09\\\/05\\\/tribunal-linha-alta-tensao-alto-minho\\\/\"},\"author\":{\"name\":\"Andreia Cunha | Lusa\",\"@id\":\"https:\\\/\\\/www.altominho.tv\\\/site\\\/#\\\/schema\\\/person\\\/dbaf181c01b51ff40c9f461a905d321e\"},\"headline\":\"Tribunal declara ineficaz licen\u00e7a de instala\u00e7\u00e3o de linha alta tens\u00e3o no Alto Minho\",\"datePublished\":\"2024-09-05T15:55:18+00:00\",\"dateModified\":\"2024-09-05T15:55:20+00:00\",\"mainEntityOfPage\":{\"@id\":\"https:\\\/\\\/www.altominho.tv\\\/site\\\/2024\\\/09\\\/05\\\/tribunal-linha-alta-tensao-alto-minho\\\/\"},\"wordCount\":851,\"image\":{\"@id\":\"https:\\\/\\\/www.altominho.tv\\\/site\\\/2024\\\/09\\\/05\\\/tribunal-linha-alta-tensao-alto-minho\\\/#primaryimage\"},\"thumbnailUrl\":\"https:\\\/\\\/www.altominho.tv\\\/site\\\/wp-content\\\/uploads\\\/2024\\\/09\\\/linha-alta-tensao.jpg\",\"keywords\":[\"Sociedade\"],\"articleSection\":[\"Alto Minho\"],\"inLanguage\":\"pt-PT\",\"copyrightYear\":\"2024\",\"copyrightHolder\":{\"@id\":\"https:\\\/\\\/www.altominho.tv\\\/site\\\/#organization\"}},{\"@type\":\"WebPage\",\"@id\":\"https:\\\/\\\/www.altominho.tv\\\/site\\\/2024\\\/09\\\/05\\\/tribunal-linha-alta-tensao-alto-minho\\\/\",\"url\":\"https:\\\/\\\/www.altominho.tv\\\/site\\\/2024\\\/09\\\/05\\\/tribunal-linha-alta-tensao-alto-minho\\\/\",\"name\":\"Tribunal declara ineficaz licen\u00e7a de instala\u00e7\u00e3o de linha alta tens\u00e3o no Alto Minho\",\"isPartOf\":{\"@id\":\"https:\\\/\\\/www.altominho.tv\\\/site\\\/#website\"},\"primaryImageOfPage\":{\"@id\":\"https:\\\/\\\/www.altominho.tv\\\/site\\\/2024\\\/09\\\/05\\\/tribunal-linha-alta-tensao-alto-minho\\\/#primaryimage\"},\"image\":{\"@id\":\"https:\\\/\\\/www.altominho.tv\\\/site\\\/2024\\\/09\\\/05\\\/tribunal-linha-alta-tensao-alto-minho\\\/#primaryimage\"},\"thumbnailUrl\":\"https:\\\/\\\/www.altominho.tv\\\/site\\\/wp-content\\\/uploads\\\/2024\\\/09\\\/linha-alta-tensao.jpg\",\"datePublished\":\"2024-09-05T15:55:18+00:00\",\"dateModified\":\"2024-09-05T15:55:20+00:00\",\"author\":{\"@id\":\"https:\\\/\\\/www.altominho.tv\\\/site\\\/#\\\/schema\\\/person\\\/dbaf181c01b51ff40c9f461a905d321e\"},\"description\":\"Tribunal declara ineficaz licen\u00e7a de instala\u00e7\u00e3o de linha alta tens\u00e3o no Alto Minho.\",\"breadcrumb\":{\"@id\":\"https:\\\/\\\/www.altominho.tv\\\/site\\\/2024\\\/09\\\/05\\\/tribunal-linha-alta-tensao-alto-minho\\\/#breadcrumb\"},\"inLanguage\":\"pt-PT\",\"potentialAction\":[{\"@type\":\"ReadAction\",\"target\":[\"https:\\\/\\\/www.altominho.tv\\\/site\\\/2024\\\/09\\\/05\\\/tribunal-linha-alta-tensao-alto-minho\\\/\"]}]},{\"@type\":\"ImageObject\",\"inLanguage\":\"pt-PT\",\"@id\":\"https:\\\/\\\/www.altominho.tv\\\/site\\\/2024\\\/09\\\/05\\\/tribunal-linha-alta-tensao-alto-minho\\\/#primaryimage\",\"url\":\"https:\\\/\\\/www.altominho.tv\\\/site\\\/wp-content\\\/uploads\\\/2024\\\/09\\\/linha-alta-tensao.jpg\",\"contentUrl\":\"https:\\\/\\\/www.altominho.tv\\\/site\\\/wp-content\\\/uploads\\\/2024\\\/09\\\/linha-alta-tensao.jpg\",\"width\":1200,\"height\":630},{\"@type\":\"BreadcrumbList\",\"@id\":\"https:\\\/\\\/www.altominho.tv\\\/site\\\/2024\\\/09\\\/05\\\/tribunal-linha-alta-tensao-alto-minho\\\/#breadcrumb\",\"itemListElement\":[{\"@type\":\"ListItem\",\"position\":1,\"name\":\"In\u00edcio\",\"item\":\"https:\\\/\\\/www.altominho.tv\\\/site\\\/\"},{\"@type\":\"ListItem\",\"position\":2,\"name\":\"Tribunal declara ineficaz licen\u00e7a de instala\u00e7\u00e3o de linha alta tens\u00e3o no Alto Minho\"}]},{\"@type\":\"WebSite\",\"@id\":\"https:\\\/\\\/www.altominho.tv\\\/site\\\/#website\",\"url\":\"https:\\\/\\\/www.altominho.tv\\\/site\\\/\",\"name\":\"Altominho.tv\",\"description\":\"A sua regi\u00e3o \u00e0 dist\u00e2ncia de um clique...\",\"potentialAction\":[{\"@type\":\"SearchAction\",\"target\":{\"@type\":\"EntryPoint\",\"urlTemplate\":\"https:\\\/\\\/www.altominho.tv\\\/site\\\/?s={search_term_string}\"},\"query-input\":{\"@type\":\"PropertyValueSpecification\",\"valueRequired\":true,\"valueName\":\"search_term_string\"}}],\"inLanguage\":\"pt-PT\"},{\"@type\":\"Person\",\"@id\":\"https:\\\/\\\/www.altominho.tv\\\/site\\\/#\\\/schema\\\/person\\\/dbaf181c01b51ff40c9f461a905d321e\",\"name\":\"Andreia Cunha | Lusa\",\"image\":{\"@type\":\"ImageObject\",\"inLanguage\":\"pt-PT\",\"@id\":\"https:\\\/\\\/www.altominho.tv\\\/site\\\/wp-content\\\/uploads\\\/2017\\\/11\\\/Andreia_Cunha-1-150x150.jpg\",\"url\":\"https:\\\/\\\/www.altominho.tv\\\/site\\\/wp-content\\\/uploads\\\/2017\\\/11\\\/Andreia_Cunha-1-150x150.jpg\",\"contentUrl\":\"https:\\\/\\\/www.altominho.tv\\\/site\\\/wp-content\\\/uploads\\\/2017\\\/11\\\/Andreia_Cunha-1-150x150.jpg\",\"caption\":\"Andreia Cunha | Lusa\"},\"sameAs\":[\"https:\\\/\\\/www.altominho.tv\\\/site\"],\"url\":\"https:\\\/\\\/www.altominho.tv\\\/site\\\/author\\\/andreiacunhalusa\\\/\"}]}<\/script>\n<!-- \/ Yoast SEO Premium plugin. -->","yoast_head_json":{"title":"Tribunal declara ineficaz licen\u00e7a de instala\u00e7\u00e3o de linha alta tens\u00e3o no Alto Minho","description":"Tribunal declara ineficaz licen\u00e7a de instala\u00e7\u00e3o de linha alta tens\u00e3o no Alto Minho.","robots":{"index":"index","follow":"follow","max-snippet":"max-snippet:-1","max-image-preview":"max-image-preview:large","max-video-preview":"max-video-preview:-1"},"canonical":"https:\/\/www.altominho.tv\/site\/2024\/09\/05\/tribunal-linha-alta-tensao-alto-minho\/","og_locale":"pt_PT","og_type":"article","og_title":"Tribunal declara ineficaz licen\u00e7a de instala\u00e7\u00e3o de linha alta tens\u00e3o no Alto Minho","og_description":"Tribunal declara ineficaz licen\u00e7a de instala\u00e7\u00e3o de linha alta tens\u00e3o no Alto Minho.","og_url":"https:\/\/www.altominho.tv\/site\/2024\/09\/05\/tribunal-linha-alta-tensao-alto-minho\/","og_site_name":"Altominho.tv","article_publisher":"https:\/\/www.facebook.com\/altominhotv","article_published_time":"2024-09-05T15:55:18+00:00","article_modified_time":"2024-09-05T15:55:20+00:00","og_image":[{"width":1200,"height":630,"url":"https:\/\/www.altominho.tv\/site\/wp-content\/uploads\/2024\/09\/linha-alta-tensao.jpg","type":"image\/jpeg"}],"author":"Andreia Cunha | Lusa","twitter_card":"summary_large_image","twitter_creator":"@altominhoTV","twitter_site":"@altominhoTV","twitter_misc":{"Escrito por":"Andreia Cunha | Lusa","Tempo estimado de leitura":"5 minutos"},"schema":{"@context":"https:\/\/schema.org","@graph":[{"@type":"Article","@id":"https:\/\/www.altominho.tv\/site\/2024\/09\/05\/tribunal-linha-alta-tensao-alto-minho\/#article","isPartOf":{"@id":"https:\/\/www.altominho.tv\/site\/2024\/09\/05\/tribunal-linha-alta-tensao-alto-minho\/"},"author":{"name":"Andreia Cunha | Lusa","@id":"https:\/\/www.altominho.tv\/site\/#\/schema\/person\/dbaf181c01b51ff40c9f461a905d321e"},"headline":"Tribunal declara ineficaz licen\u00e7a de instala\u00e7\u00e3o de linha alta tens\u00e3o no Alto Minho","datePublished":"2024-09-05T15:55:18+00:00","dateModified":"2024-09-05T15:55:20+00:00","mainEntityOfPage":{"@id":"https:\/\/www.altominho.tv\/site\/2024\/09\/05\/tribunal-linha-alta-tensao-alto-minho\/"},"wordCount":851,"image":{"@id":"https:\/\/www.altominho.tv\/site\/2024\/09\/05\/tribunal-linha-alta-tensao-alto-minho\/#primaryimage"},"thumbnailUrl":"https:\/\/www.altominho.tv\/site\/wp-content\/uploads\/2024\/09\/linha-alta-tensao.jpg","keywords":["Sociedade"],"articleSection":["Alto Minho"],"inLanguage":"pt-PT","copyrightYear":"2024","copyrightHolder":{"@id":"https:\/\/www.altominho.tv\/site\/#organization"}},{"@type":"WebPage","@id":"https:\/\/www.altominho.tv\/site\/2024\/09\/05\/tribunal-linha-alta-tensao-alto-minho\/","url":"https:\/\/www.altominho.tv\/site\/2024\/09\/05\/tribunal-linha-alta-tensao-alto-minho\/","name":"Tribunal declara ineficaz licen\u00e7a de instala\u00e7\u00e3o de linha alta tens\u00e3o no Alto Minho","isPartOf":{"@id":"https:\/\/www.altominho.tv\/site\/#website"},"primaryImageOfPage":{"@id":"https:\/\/www.altominho.tv\/site\/2024\/09\/05\/tribunal-linha-alta-tensao-alto-minho\/#primaryimage"},"image":{"@id":"https:\/\/www.altominho.tv\/site\/2024\/09\/05\/tribunal-linha-alta-tensao-alto-minho\/#primaryimage"},"thumbnailUrl":"https:\/\/www.altominho.tv\/site\/wp-content\/uploads\/2024\/09\/linha-alta-tensao.jpg","datePublished":"2024-09-05T15:55:18+00:00","dateModified":"2024-09-05T15:55:20+00:00","author":{"@id":"https:\/\/www.altominho.tv\/site\/#\/schema\/person\/dbaf181c01b51ff40c9f461a905d321e"},"description":"Tribunal declara ineficaz licen\u00e7a de instala\u00e7\u00e3o de linha alta tens\u00e3o no Alto Minho.","breadcrumb":{"@id":"https:\/\/www.altominho.tv\/site\/2024\/09\/05\/tribunal-linha-alta-tensao-alto-minho\/#breadcrumb"},"inLanguage":"pt-PT","potentialAction":[{"@type":"ReadAction","target":["https:\/\/www.altominho.tv\/site\/2024\/09\/05\/tribunal-linha-alta-tensao-alto-minho\/"]}]},{"@type":"ImageObject","inLanguage":"pt-PT","@id":"https:\/\/www.altominho.tv\/site\/2024\/09\/05\/tribunal-linha-alta-tensao-alto-minho\/#primaryimage","url":"https:\/\/www.altominho.tv\/site\/wp-content\/uploads\/2024\/09\/linha-alta-tensao.jpg","contentUrl":"https:\/\/www.altominho.tv\/site\/wp-content\/uploads\/2024\/09\/linha-alta-tensao.jpg","width":1200,"height":630},{"@type":"BreadcrumbList","@id":"https:\/\/www.altominho.tv\/site\/2024\/09\/05\/tribunal-linha-alta-tensao-alto-minho\/#breadcrumb","itemListElement":[{"@type":"ListItem","position":1,"name":"In\u00edcio","item":"https:\/\/www.altominho.tv\/site\/"},{"@type":"ListItem","position":2,"name":"Tribunal declara ineficaz licen\u00e7a de instala\u00e7\u00e3o de linha alta tens\u00e3o no Alto Minho"}]},{"@type":"WebSite","@id":"https:\/\/www.altominho.tv\/site\/#website","url":"https:\/\/www.altominho.tv\/site\/","name":"Altominho.tv","description":"A sua regi\u00e3o \u00e0 dist\u00e2ncia de um clique...","potentialAction":[{"@type":"SearchAction","target":{"@type":"EntryPoint","urlTemplate":"https:\/\/www.altominho.tv\/site\/?s={search_term_string}"},"query-input":{"@type":"PropertyValueSpecification","valueRequired":true,"valueName":"search_term_string"}}],"inLanguage":"pt-PT"},{"@type":"Person","@id":"https:\/\/www.altominho.tv\/site\/#\/schema\/person\/dbaf181c01b51ff40c9f461a905d321e","name":"Andreia Cunha | Lusa","image":{"@type":"ImageObject","inLanguage":"pt-PT","@id":"https:\/\/www.altominho.tv\/site\/wp-content\/uploads\/2017\/11\/Andreia_Cunha-1-150x150.jpg","url":"https:\/\/www.altominho.tv\/site\/wp-content\/uploads\/2017\/11\/Andreia_Cunha-1-150x150.jpg","contentUrl":"https:\/\/www.altominho.tv\/site\/wp-content\/uploads\/2017\/11\/Andreia_Cunha-1-150x150.jpg","caption":"Andreia Cunha | Lusa"},"sameAs":["https:\/\/www.altominho.tv\/site"],"url":"https:\/\/www.altominho.tv\/site\/author\/andreiacunhalusa\/"}]}},"_links":{"self":[{"href":"https:\/\/www.altominho.tv\/site\/wp-json\/wp\/v2\/posts\/110288","targetHints":{"allow":["GET"]}}],"collection":[{"href":"https:\/\/www.altominho.tv\/site\/wp-json\/wp\/v2\/posts"}],"about":[{"href":"https:\/\/www.altominho.tv\/site\/wp-json\/wp\/v2\/types\/post"}],"author":[{"embeddable":true,"href":"https:\/\/www.altominho.tv\/site\/wp-json\/wp\/v2\/users\/16"}],"replies":[{"embeddable":true,"href":"https:\/\/www.altominho.tv\/site\/wp-json\/wp\/v2\/comments?post=110288"}],"version-history":[{"count":1,"href":"https:\/\/www.altominho.tv\/site\/wp-json\/wp\/v2\/posts\/110288\/revisions"}],"predecessor-version":[{"id":110290,"href":"https:\/\/www.altominho.tv\/site\/wp-json\/wp\/v2\/posts\/110288\/revisions\/110290"}],"wp:featuredmedia":[{"embeddable":true,"href":"https:\/\/www.altominho.tv\/site\/wp-json\/wp\/v2\/media\/110289"}],"wp:attachment":[{"href":"https:\/\/www.altominho.tv\/site\/wp-json\/wp\/v2\/media?parent=110288"}],"wp:term":[{"taxonomy":"category","embeddable":true,"href":"https:\/\/www.altominho.tv\/site\/wp-json\/wp\/v2\/categories?post=110288"},{"taxonomy":"post_tag","embeddable":true,"href":"https:\/\/www.altominho.tv\/site\/wp-json\/wp\/v2\/tags?post=110288"}],"curies":[{"name":"wp","href":"https:\/\/api.w.org\/{rel}","templated":true}]}}