{"id":110279,"date":"2024-09-05T13:30:00","date_gmt":"2024-09-05T12:30:00","guid":{"rendered":"https:\/\/www.altominho.tv\/site\/?p=110279"},"modified":"2024-09-05T12:23:26","modified_gmt":"2024-09-05T11:23:26","slug":"ja-comecaram-as-tradicionais-feiras-novas-em-ponte-de-lima","status":"publish","type":"post","link":"https:\/\/www.altominho.tv\/site\/2024\/09\/05\/ja-comecaram-as-tradicionais-feiras-novas-em-ponte-de-lima\/","title":{"rendered":"J\u00e1 come\u00e7aram as tradicionais Feiras Novas em Ponte de Lima"},"content":{"rendered":"\n<figure class=\"wp-block-embed is-type-video is-provider-youtube wp-block-embed-youtube wp-embed-aspect-16-9 wp-has-aspect-ratio\"><div class=\"wp-block-embed__wrapper\">\n<iframe loading=\"lazy\" title=\"J\u00e1 come\u00e7aram as tradicionais Feiras Novas em Ponte de Lima | Altominho TV\" width=\"770\" height=\"433\" src=\"https:\/\/www.youtube.com\/embed\/29JQr1RRwH4?feature=oembed\" frameborder=\"0\" allow=\"accelerometer; autoplay; clipboard-write; encrypted-media; gyroscope; picture-in-picture; web-share\" referrerpolicy=\"strict-origin-when-cross-origin\" allowfullscreen><\/iframe>\n<\/div><\/figure>\n\n\n<p>J\u00e1 come\u00e7aram as tradicionais Feiras Novas, em Ponte de Lima. Na primeira noite, centenas de tocadores de concertina desfilaram pelas ruas desta vila.<\/p>\n<p>Ao longo de seis dias h\u00e1 rusgas, concertinas, cantares ao desafio, e \u00e9 esperada a visita de largos milhares de pessoas.<\/p>","protected":false},"excerpt":{"rendered":"<p>J\u00e1 come\u00e7aram as tradicionais Feiras Novas, em Ponte de Lima. Na primeira noite, centenas de tocadores de concertina desfilaram pelas ruas desta vila. Ao longo de seis dias h\u00e1 rusgas, concertinas, cantares ao desafio, e \u00e9 esperada a visita de largos milhares de pessoas.<\/p>\n","protected":false},"author":8,"featured_media":110281,"comment_status":"closed","ping_status":"closed","sticky":false,"template":"","format":"video","meta":{"_exactmetrics_skip_tracking":false,"_exactmetrics_sitenote_active":false,"_exactmetrics_sitenote_note":"","_exactmetrics_sitenote_category":0,"footnotes":""},"categories":[12],"tags":[19,27],"class_list":["post-110279","post","type-post","status-publish","format-video","has-post-thumbnail","hentry","category-ponte-de-lima","tag-cultura","tag-sociedade","post_format-post-format-video"],"yoast_head":"<!-- This site is optimized with the Yoast SEO Premium plugin v27.4 (Yoast SEO v27.4) - https:\/\/yoast.com\/product\/yoast-seo-premium-wordpress\/ -->\n<title>J\u00e1 come\u00e7aram as tradicionais Feiras Novas em Ponte de Lima<\/title>\n<meta name=\"description\" content=\"Ao longo de seis dias h\u00e1 rusgas, concertinas, cantares ao desafio, e \u00e9 esperada a visita de largos milhares de pessoas.\" \/>\n<meta name=\"robots\" content=\"index, follow, max-snippet:-1, max-image-preview:large, max-video-preview:-1\" \/>\n<link rel=\"canonical\" href=\"https:\/\/www.altominho.tv\/site\/2024\/09\/05\/ja-comecaram-as-tradicionais-feiras-novas-em-ponte-de-lima\/\" \/>\n<meta property=\"og:locale\" content=\"pt_PT\" \/>\n<meta property=\"og:type\" content=\"article\" \/>\n<meta property=\"og:title\" content=\"J\u00e1 come\u00e7aram as tradicionais Feiras Novas em Ponte de Lima\" \/>\n<meta property=\"og:description\" content=\"Ao longo de seis dias h\u00e1 rusgas, concertinas, cantares ao desafio, e \u00e9 esperada a visita de largos milhares de pessoas.\" \/>\n<meta property=\"og:url\" content=\"https:\/\/www.altominho.tv\/site\/2024\/09\/05\/ja-comecaram-as-tradicionais-feiras-novas-em-ponte-de-lima\/\" \/>\n<meta property=\"og:site_name\" content=\"Altominho.tv\" \/>\n<meta property=\"article:publisher\" content=\"https:\/\/www.facebook.com\/altominhotv\" \/>\n<meta property=\"article:published_time\" content=\"2024-09-05T12:30:00+00:00\" \/>\n<meta property=\"og:image\" content=\"https:\/\/www.altominho.tv\/site\/wp-content\/uploads\/2024\/09\/29jqr1rrwh4.jpg\" \/>\n\t<meta property=\"og:image:width\" content=\"1280\" \/>\n\t<meta property=\"og:image:height\" content=\"720\" \/>\n\t<meta property=\"og:image:type\" content=\"image\/jpeg\" \/>\n<meta name=\"author\" content=\"Alexandre Ferreira\" \/>\n<meta name=\"twitter:card\" content=\"summary_large_image\" \/>\n<meta name=\"twitter:creator\" content=\"@altominhoTV\" \/>\n<meta name=\"twitter:site\" content=\"@altominhoTV\" \/>\n<meta name=\"twitter:label1\" content=\"Escrito por\" \/>\n\t<meta name=\"twitter:data1\" content=\"Alexandre Ferreira\" \/>\n\t<meta name=\"twitter:label2\" content=\"Tempo estimado de leitura\" \/>\n\t<meta name=\"twitter:data2\" content=\"1 minuto\" \/>\n<script type=\"application\/ld+json\" class=\"yoast-schema-graph\">{\"@context\":\"https:\\\/\\\/schema.org\",\"@graph\":[{\"@type\":\"Article\",\"@id\":\"https:\\\/\\\/www.altominho.tv\\\/site\\\/2024\\\/09\\\/05\\\/ja-comecaram-as-tradicionais-feiras-novas-em-ponte-de-lima\\\/#article\",\"isPartOf\":{\"@id\":\"https:\\\/\\\/www.altominho.tv\\\/site\\\/2024\\\/09\\\/05\\\/ja-comecaram-as-tradicionais-feiras-novas-em-ponte-de-lima\\\/\"},\"author\":{\"name\":\"Alexandre Ferreira\",\"@id\":\"https:\\\/\\\/www.altominho.tv\\\/site\\\/#\\\/schema\\\/person\\\/56c462a0f6591602f4e9fb3fa6ea49bd\"},\"headline\":\"J\u00e1 come\u00e7aram as tradicionais Feiras Novas em Ponte de Lima\",\"datePublished\":\"2024-09-05T12:30:00+00:00\",\"mainEntityOfPage\":{\"@id\":\"https:\\\/\\\/www.altominho.tv\\\/site\\\/2024\\\/09\\\/05\\\/ja-comecaram-as-tradicionais-feiras-novas-em-ponte-de-lima\\\/\"},\"wordCount\":60,\"image\":{\"@id\":\"https:\\\/\\\/www.altominho.tv\\\/site\\\/2024\\\/09\\\/05\\\/ja-comecaram-as-tradicionais-feiras-novas-em-ponte-de-lima\\\/#primaryimage\"},\"thumbnailUrl\":\"https:\\\/\\\/www.altominho.tv\\\/site\\\/wp-content\\\/uploads\\\/2024\\\/09\\\/29jqr1rrwh4.jpg\",\"keywords\":[\"Cultura\",\"Sociedade\"],\"articleSection\":[\"Ponte de Lima\"],\"inLanguage\":\"pt-PT\",\"copyrightYear\":\"2024\",\"copyrightHolder\":{\"@id\":\"https:\\\/\\\/www.altominho.tv\\\/site\\\/#organization\"}},{\"@type\":\"WebPage\",\"@id\":\"https:\\\/\\\/www.altominho.tv\\\/site\\\/2024\\\/09\\\/05\\\/ja-comecaram-as-tradicionais-feiras-novas-em-ponte-de-lima\\\/\",\"url\":\"https:\\\/\\\/www.altominho.tv\\\/site\\\/2024\\\/09\\\/05\\\/ja-comecaram-as-tradicionais-feiras-novas-em-ponte-de-lima\\\/\",\"name\":\"J\u00e1 come\u00e7aram as tradicionais Feiras Novas em Ponte de Lima\",\"isPartOf\":{\"@id\":\"https:\\\/\\\/www.altominho.tv\\\/site\\\/#website\"},\"primaryImageOfPage\":{\"@id\":\"https:\\\/\\\/www.altominho.tv\\\/site\\\/2024\\\/09\\\/05\\\/ja-comecaram-as-tradicionais-feiras-novas-em-ponte-de-lima\\\/#primaryimage\"},\"image\":{\"@id\":\"https:\\\/\\\/www.altominho.tv\\\/site\\\/2024\\\/09\\\/05\\\/ja-comecaram-as-tradicionais-feiras-novas-em-ponte-de-lima\\\/#primaryimage\"},\"thumbnailUrl\":\"https:\\\/\\\/www.altominho.tv\\\/site\\\/wp-content\\\/uploads\\\/2024\\\/09\\\/29jqr1rrwh4.jpg\",\"datePublished\":\"2024-09-05T12:30:00+00:00\",\"author\":{\"@id\":\"https:\\\/\\\/www.altominho.tv\\\/site\\\/#\\\/schema\\\/person\\\/56c462a0f6591602f4e9fb3fa6ea49bd\"},\"description\":\"Ao longo de seis dias h\u00e1 rusgas, concertinas, cantares ao desafio, e \u00e9 esperada a visita de largos milhares de pessoas.\",\"breadcrumb\":{\"@id\":\"https:\\\/\\\/www.altominho.tv\\\/site\\\/2024\\\/09\\\/05\\\/ja-comecaram-as-tradicionais-feiras-novas-em-ponte-de-lima\\\/#breadcrumb\"},\"inLanguage\":\"pt-PT\",\"potentialAction\":[{\"@type\":\"ReadAction\",\"target\":[\"https:\\\/\\\/www.altominho.tv\\\/site\\\/2024\\\/09\\\/05\\\/ja-comecaram-as-tradicionais-feiras-novas-em-ponte-de-lima\\\/\"]}]},{\"@type\":\"ImageObject\",\"inLanguage\":\"pt-PT\",\"@id\":\"https:\\\/\\\/www.altominho.tv\\\/site\\\/2024\\\/09\\\/05\\\/ja-comecaram-as-tradicionais-feiras-novas-em-ponte-de-lima\\\/#primaryimage\",\"url\":\"https:\\\/\\\/www.altominho.tv\\\/site\\\/wp-content\\\/uploads\\\/2024\\\/09\\\/29jqr1rrwh4.jpg\",\"contentUrl\":\"https:\\\/\\\/www.altominho.tv\\\/site\\\/wp-content\\\/uploads\\\/2024\\\/09\\\/29jqr1rrwh4.jpg\",\"width\":1280,\"height\":720},{\"@type\":\"BreadcrumbList\",\"@id\":\"https:\\\/\\\/www.altominho.tv\\\/site\\\/2024\\\/09\\\/05\\\/ja-comecaram-as-tradicionais-feiras-novas-em-ponte-de-lima\\\/#breadcrumb\",\"itemListElement\":[{\"@type\":\"ListItem\",\"position\":1,\"name\":\"In\u00edcio\",\"item\":\"https:\\\/\\\/www.altominho.tv\\\/site\\\/\"},{\"@type\":\"ListItem\",\"position\":2,\"name\":\"J\u00e1 come\u00e7aram as tradicionais Feiras Novas em Ponte de Lima\"}]},{\"@type\":\"WebSite\",\"@id\":\"https:\\\/\\\/www.altominho.tv\\\/site\\\/#website\",\"url\":\"https:\\\/\\\/www.altominho.tv\\\/site\\\/\",\"name\":\"Altominho.tv\",\"description\":\"A sua regi\u00e3o \u00e0 dist\u00e2ncia de um clique...\",\"potentialAction\":[{\"@type\":\"SearchAction\",\"target\":{\"@type\":\"EntryPoint\",\"urlTemplate\":\"https:\\\/\\\/www.altominho.tv\\\/site\\\/?s={search_term_string}\"},\"query-input\":{\"@type\":\"PropertyValueSpecification\",\"valueRequired\":true,\"valueName\":\"search_term_string\"}}],\"inLanguage\":\"pt-PT\"},{\"@type\":\"Person\",\"@id\":\"https:\\\/\\\/www.altominho.tv\\\/site\\\/#\\\/schema\\\/person\\\/56c462a0f6591602f4e9fb3fa6ea49bd\",\"name\":\"Alexandre Ferreira\",\"image\":{\"@type\":\"ImageObject\",\"inLanguage\":\"pt-PT\",\"@id\":\"https:\\\/\\\/www.altominho.tv\\\/site\\\/wp-content\\\/uploads\\\/2017\\\/11\\\/Alexandre-150x150.jpg\",\"url\":\"https:\\\/\\\/www.altominho.tv\\\/site\\\/wp-content\\\/uploads\\\/2017\\\/11\\\/Alexandre-150x150.jpg\",\"contentUrl\":\"https:\\\/\\\/www.altominho.tv\\\/site\\\/wp-content\\\/uploads\\\/2017\\\/11\\\/Alexandre-150x150.jpg\",\"caption\":\"Alexandre Ferreira\"},\"url\":\"https:\\\/\\\/www.altominho.tv\\\/site\\\/author\\\/alexandreferreira\\\/\"}]}<\/script>\n<meta property=\"og:video\" content=\"https:\/\/www.youtube.com\/embed\/29JQr1RRwH4\" \/>\n<meta property=\"og:video:type\" content=\"text\/html\" \/>\n<meta property=\"og:video:duration\" content=\"117\" \/>\n<meta property=\"og:video:width\" content=\"480\" \/>\n<meta property=\"og:video:height\" content=\"270\" \/>\n<meta property=\"ya:ovs:adult\" content=\"false\" \/>\n<meta property=\"ya:ovs:upload_date\" content=\"2024-09-05T12:30:00+00:00\" \/>\n<meta property=\"ya:ovs:allow_embed\" content=\"true\" \/>\n<!-- \/ Yoast SEO Premium plugin. -->","yoast_head_json":{"title":"J\u00e1 come\u00e7aram as tradicionais Feiras Novas em Ponte de Lima","description":"Ao longo de seis dias h\u00e1 rusgas, concertinas, cantares ao desafio, e \u00e9 esperada a visita de largos milhares de pessoas.","robots":{"index":"index","follow":"follow","max-snippet":"max-snippet:-1","max-image-preview":"max-image-preview:large","max-video-preview":"max-video-preview:-1"},"canonical":"https:\/\/www.altominho.tv\/site\/2024\/09\/05\/ja-comecaram-as-tradicionais-feiras-novas-em-ponte-de-lima\/","og_locale":"pt_PT","og_type":"article","og_title":"J\u00e1 come\u00e7aram as tradicionais Feiras Novas em Ponte de Lima","og_description":"Ao longo de seis dias h\u00e1 rusgas, concertinas, cantares ao desafio, e \u00e9 esperada a visita de largos milhares de pessoas.","og_url":"https:\/\/www.altominho.tv\/site\/2024\/09\/05\/ja-comecaram-as-tradicionais-feiras-novas-em-ponte-de-lima\/","og_site_name":"Altominho.tv","article_publisher":"https:\/\/www.facebook.com\/altominhotv","article_published_time":"2024-09-05T12:30:00+00:00","og_image":[{"width":1280,"height":720,"url":"https:\/\/www.altominho.tv\/site\/wp-content\/uploads\/2024\/09\/29jqr1rrwh4.jpg","type":"image\/jpeg"}],"author":"Alexandre Ferreira","twitter_card":"summary_large_image","twitter_creator":"@altominhoTV","twitter_site":"@altominhoTV","twitter_misc":{"Escrito por":"Alexandre Ferreira","Tempo estimado de leitura":"1 minuto"},"schema":{"@context":"https:\/\/schema.org","@graph":[{"@type":"Article","@id":"https:\/\/www.altominho.tv\/site\/2024\/09\/05\/ja-comecaram-as-tradicionais-feiras-novas-em-ponte-de-lima\/#article","isPartOf":{"@id":"https:\/\/www.altominho.tv\/site\/2024\/09\/05\/ja-comecaram-as-tradicionais-feiras-novas-em-ponte-de-lima\/"},"author":{"name":"Alexandre Ferreira","@id":"https:\/\/www.altominho.tv\/site\/#\/schema\/person\/56c462a0f6591602f4e9fb3fa6ea49bd"},"headline":"J\u00e1 come\u00e7aram as tradicionais Feiras Novas em Ponte de Lima","datePublished":"2024-09-05T12:30:00+00:00","mainEntityOfPage":{"@id":"https:\/\/www.altominho.tv\/site\/2024\/09\/05\/ja-comecaram-as-tradicionais-feiras-novas-em-ponte-de-lima\/"},"wordCount":60,"image":{"@id":"https:\/\/www.altominho.tv\/site\/2024\/09\/05\/ja-comecaram-as-tradicionais-feiras-novas-em-ponte-de-lima\/#primaryimage"},"thumbnailUrl":"https:\/\/www.altominho.tv\/site\/wp-content\/uploads\/2024\/09\/29jqr1rrwh4.jpg","keywords":["Cultura","Sociedade"],"articleSection":["Ponte de Lima"],"inLanguage":"pt-PT","copyrightYear":"2024","copyrightHolder":{"@id":"https:\/\/www.altominho.tv\/site\/#organization"}},{"@type":"WebPage","@id":"https:\/\/www.altominho.tv\/site\/2024\/09\/05\/ja-comecaram-as-tradicionais-feiras-novas-em-ponte-de-lima\/","url":"https:\/\/www.altominho.tv\/site\/2024\/09\/05\/ja-comecaram-as-tradicionais-feiras-novas-em-ponte-de-lima\/","name":"J\u00e1 come\u00e7aram as tradicionais Feiras Novas em Ponte de Lima","isPartOf":{"@id":"https:\/\/www.altominho.tv\/site\/#website"},"primaryImageOfPage":{"@id":"https:\/\/www.altominho.tv\/site\/2024\/09\/05\/ja-comecaram-as-tradicionais-feiras-novas-em-ponte-de-lima\/#primaryimage"},"image":{"@id":"https:\/\/www.altominho.tv\/site\/2024\/09\/05\/ja-comecaram-as-tradicionais-feiras-novas-em-ponte-de-lima\/#primaryimage"},"thumbnailUrl":"https:\/\/www.altominho.tv\/site\/wp-content\/uploads\/2024\/09\/29jqr1rrwh4.jpg","datePublished":"2024-09-05T12:30:00+00:00","author":{"@id":"https:\/\/www.altominho.tv\/site\/#\/schema\/person\/56c462a0f6591602f4e9fb3fa6ea49bd"},"description":"Ao longo de seis dias h\u00e1 rusgas, concertinas, cantares ao desafio, e \u00e9 esperada a visita de largos milhares de pessoas.","breadcrumb":{"@id":"https:\/\/www.altominho.tv\/site\/2024\/09\/05\/ja-comecaram-as-tradicionais-feiras-novas-em-ponte-de-lima\/#breadcrumb"},"inLanguage":"pt-PT","potentialAction":[{"@type":"ReadAction","target":["https:\/\/www.altominho.tv\/site\/2024\/09\/05\/ja-comecaram-as-tradicionais-feiras-novas-em-ponte-de-lima\/"]}]},{"@type":"ImageObject","inLanguage":"pt-PT","@id":"https:\/\/www.altominho.tv\/site\/2024\/09\/05\/ja-comecaram-as-tradicionais-feiras-novas-em-ponte-de-lima\/#primaryimage","url":"https:\/\/www.altominho.tv\/site\/wp-content\/uploads\/2024\/09\/29jqr1rrwh4.jpg","contentUrl":"https:\/\/www.altominho.tv\/site\/wp-content\/uploads\/2024\/09\/29jqr1rrwh4.jpg","width":1280,"height":720},{"@type":"BreadcrumbList","@id":"https:\/\/www.altominho.tv\/site\/2024\/09\/05\/ja-comecaram-as-tradicionais-feiras-novas-em-ponte-de-lima\/#breadcrumb","itemListElement":[{"@type":"ListItem","position":1,"name":"In\u00edcio","item":"https:\/\/www.altominho.tv\/site\/"},{"@type":"ListItem","position":2,"name":"J\u00e1 come\u00e7aram as tradicionais Feiras Novas em Ponte de Lima"}]},{"@type":"WebSite","@id":"https:\/\/www.altominho.tv\/site\/#website","url":"https:\/\/www.altominho.tv\/site\/","name":"Altominho.tv","description":"A sua regi\u00e3o \u00e0 dist\u00e2ncia de um clique...","potentialAction":[{"@type":"SearchAction","target":{"@type":"EntryPoint","urlTemplate":"https:\/\/www.altominho.tv\/site\/?s={search_term_string}"},"query-input":{"@type":"PropertyValueSpecification","valueRequired":true,"valueName":"search_term_string"}}],"inLanguage":"pt-PT"},{"@type":"Person","@id":"https:\/\/www.altominho.tv\/site\/#\/schema\/person\/56c462a0f6591602f4e9fb3fa6ea49bd","name":"Alexandre Ferreira","image":{"@type":"ImageObject","inLanguage":"pt-PT","@id":"https:\/\/www.altominho.tv\/site\/wp-content\/uploads\/2017\/11\/Alexandre-150x150.jpg","url":"https:\/\/www.altominho.tv\/site\/wp-content\/uploads\/2017\/11\/Alexandre-150x150.jpg","contentUrl":"https:\/\/www.altominho.tv\/site\/wp-content\/uploads\/2017\/11\/Alexandre-150x150.jpg","caption":"Alexandre Ferreira"},"url":"https:\/\/www.altominho.tv\/site\/author\/alexandreferreira\/"}]},"og_video":"https:\/\/www.youtube.com\/embed\/29JQr1RRwH4","og_video_type":"text\/html","og_video_duration":"117","og_video_width":"480","og_video_height":"270","ya_ovs_adult":"false","ya_ovs_upload_date":"2024-09-05T12:30:00+00:00","ya_ovs_allow_embed":"true"},"_links":{"self":[{"href":"https:\/\/www.altominho.tv\/site\/wp-json\/wp\/v2\/posts\/110279","targetHints":{"allow":["GET"]}}],"collection":[{"href":"https:\/\/www.altominho.tv\/site\/wp-json\/wp\/v2\/posts"}],"about":[{"href":"https:\/\/www.altominho.tv\/site\/wp-json\/wp\/v2\/types\/post"}],"author":[{"embeddable":true,"href":"https:\/\/www.altominho.tv\/site\/wp-json\/wp\/v2\/users\/8"}],"replies":[{"embeddable":true,"href":"https:\/\/www.altominho.tv\/site\/wp-json\/wp\/v2\/comments?post=110279"}],"version-history":[{"count":1,"href":"https:\/\/www.altominho.tv\/site\/wp-json\/wp\/v2\/posts\/110279\/revisions"}],"predecessor-version":[{"id":110280,"href":"https:\/\/www.altominho.tv\/site\/wp-json\/wp\/v2\/posts\/110279\/revisions\/110280"}],"wp:featuredmedia":[{"embeddable":true,"href":"https:\/\/www.altominho.tv\/site\/wp-json\/wp\/v2\/media\/110281"}],"wp:attachment":[{"href":"https:\/\/www.altominho.tv\/site\/wp-json\/wp\/v2\/media?parent=110279"}],"wp:term":[{"taxonomy":"category","embeddable":true,"href":"https:\/\/www.altominho.tv\/site\/wp-json\/wp\/v2\/categories?post=110279"},{"taxonomy":"post_tag","embeddable":true,"href":"https:\/\/www.altominho.tv\/site\/wp-json\/wp\/v2\/tags?post=110279"}],"curies":[{"name":"wp","href":"https:\/\/api.w.org\/{rel}","templated":true}]}}