{"id":110274,"date":"2024-09-05T10:38:17","date_gmt":"2024-09-05T09:38:17","guid":{"rendered":"https:\/\/www.altominho.tv\/site\/?p=110274"},"modified":"2024-09-05T10:38:19","modified_gmt":"2024-09-05T09:38:19","slug":"arcos-de-valdevez-incendio-2","status":"publish","type":"post","link":"https:\/\/www.altominho.tv\/site\/2024\/09\/05\/arcos-de-valdevez-incendio-2\/","title":{"rendered":"Fogo em Arcos de Valdevez em rescaldo desde as 07h00"},"content":{"rendered":"\n<p>O inc\u00eandio que deflagrou na ter\u00e7a-feira \u00e0 noite em S\u00e3o Jorge e Ermelo, em Arcos de Valdevez, distrito de Viana do Castelo, entrou em fase de rescaldo \u00e0s 07h00 de hoje, adiantou \u00e0 Lusa fonte da Prote\u00e7\u00e3o Civil.<\/p>\n\n\n\n<p>Fonte do Comando Sub-regional do Alto Minho adiantou que os operacionais permanecem o terreno para vigiar reacendimentos.<\/p>\n\n\n\n<p>Pelas 10h00, encontravam-se em S\u00e3o Jorge e Ermelo 129 operacionais, apoiados por 44 viaturas, de acordo com a p\u00e1gina na Internet da Autoridade Nacional de Emerg\u00eancia e Prote\u00e7\u00e3o Civil (ANEPC).<\/p>\n\n\n\n<p>Em Ponte da Barca, estavam pelas 10h08, em resolu\u00e7\u00e3o os inc\u00eandios de Lavradas e Azias\/ Mourelo, ambos iniciados na ter\u00e7a-feira.<\/p>\n\n\n\n<p>No terreno permanecem no total quase 34 operacionais e 11 viaturas.<\/p>\n\n\n\n<p>Em Ponte de Lima, o inc\u00eandio que deflagrou \u00e0s 12 de ter\u00e7a-feira, no lugar da Feira, na Uni\u00e3o de Freguesias de Ardeg\u00e3o, Freixo e Mato encontra-se em conclus\u00e3o, com 17 operacionais e quatro viaturas no terreno.<\/p>\n","protected":false},"excerpt":{"rendered":"<p>O inc\u00eandio que deflagrou na ter\u00e7a-feira \u00e0 noite em S\u00e3o Jorge e Ermelo, em Arcos de Valdevez, distrito de Viana do Castelo, entrou em fase de rescaldo \u00e0s 07h00 de hoje, adiantou \u00e0 Lusa fonte da Prote\u00e7\u00e3o Civil. Fonte do Comando Sub-regional do Alto Minho adiantou que os operacionais permanecem o terreno para vigiar reacendimentos. [&hellip;]<\/p>\n","protected":false},"author":16,"featured_media":110249,"comment_status":"closed","ping_status":"closed","sticky":false,"template":"","format":"standard","meta":{"_exactmetrics_skip_tracking":false,"_exactmetrics_sitenote_active":false,"_exactmetrics_sitenote_note":"","_exactmetrics_sitenote_category":0,"footnotes":""},"categories":[2],"tags":[27],"class_list":["post-110274","post","type-post","status-publish","format-standard","has-post-thumbnail","hentry","category-arcos-de-valdevez","tag-sociedade"],"yoast_head":"<!-- This site is optimized with the Yoast SEO Premium plugin v27.5 (Yoast SEO v27.5) - https:\/\/yoast.com\/product\/yoast-seo-premium-wordpress\/ -->\n<title>Fogo em Arcos de Valdevez em rescaldo desde as 07h00<\/title>\n<meta name=\"description\" content=\"O fogo que estava ativo em Arcos de Valdevez, est\u00e1 em fase de rescaldo desde as 07h00.\" \/>\n<meta name=\"robots\" content=\"index, follow, max-snippet:-1, max-image-preview:large, max-video-preview:-1\" \/>\n<link rel=\"canonical\" href=\"https:\/\/www.altominho.tv\/site\/2024\/09\/05\/arcos-de-valdevez-incendio-2\/\" \/>\n<meta property=\"og:locale\" content=\"pt_PT\" \/>\n<meta property=\"og:type\" content=\"article\" \/>\n<meta property=\"og:title\" content=\"Fogo em Arcos de Valdevez em rescaldo desde as 07h00\" \/>\n<meta property=\"og:description\" content=\"O fogo que estava ativo em Arcos de Valdevez, est\u00e1 em fase de rescaldo desde as 07h00.\" \/>\n<meta property=\"og:url\" content=\"https:\/\/www.altominho.tv\/site\/2024\/09\/05\/arcos-de-valdevez-incendio-2\/\" \/>\n<meta property=\"og:site_name\" content=\"Altominho.tv\" \/>\n<meta property=\"article:publisher\" content=\"https:\/\/www.facebook.com\/altominhotv\" \/>\n<meta property=\"article:published_time\" content=\"2024-09-05T09:38:17+00:00\" \/>\n<meta property=\"article:modified_time\" content=\"2024-09-05T09:38:19+00:00\" \/>\n<meta property=\"og:image\" content=\"https:\/\/www.altominho.tv\/site\/wp-content\/uploads\/2024\/09\/incendio-11.jpg\" \/>\n\t<meta property=\"og:image:width\" content=\"1920\" \/>\n\t<meta property=\"og:image:height\" content=\"1080\" \/>\n\t<meta property=\"og:image:type\" content=\"image\/jpeg\" \/>\n<meta name=\"author\" content=\"Andreia Cunha | Lusa\" \/>\n<meta name=\"twitter:card\" content=\"summary_large_image\" \/>\n<meta name=\"twitter:creator\" content=\"@altominhoTV\" \/>\n<meta name=\"twitter:site\" content=\"@altominhoTV\" \/>\n<meta name=\"twitter:label1\" content=\"Escrito por\" \/>\n\t<meta name=\"twitter:data1\" content=\"Andreia Cunha | Lusa\" \/>\n\t<meta name=\"twitter:label2\" content=\"Tempo estimado de leitura\" \/>\n\t<meta name=\"twitter:data2\" content=\"2 minutos\" \/>\n<script type=\"application\/ld+json\" class=\"yoast-schema-graph\">{\"@context\":\"https:\\\/\\\/schema.org\",\"@graph\":[{\"@type\":\"Article\",\"@id\":\"https:\\\/\\\/www.altominho.tv\\\/site\\\/2024\\\/09\\\/05\\\/arcos-de-valdevez-incendio-2\\\/#article\",\"isPartOf\":{\"@id\":\"https:\\\/\\\/www.altominho.tv\\\/site\\\/2024\\\/09\\\/05\\\/arcos-de-valdevez-incendio-2\\\/\"},\"author\":{\"name\":\"Andreia Cunha | Lusa\",\"@id\":\"https:\\\/\\\/www.altominho.tv\\\/site\\\/#\\\/schema\\\/person\\\/dbaf181c01b51ff40c9f461a905d321e\"},\"headline\":\"Fogo em Arcos de Valdevez em rescaldo desde as 07h00\",\"datePublished\":\"2024-09-05T09:38:17+00:00\",\"dateModified\":\"2024-09-05T09:38:19+00:00\",\"mainEntityOfPage\":{\"@id\":\"https:\\\/\\\/www.altominho.tv\\\/site\\\/2024\\\/09\\\/05\\\/arcos-de-valdevez-incendio-2\\\/\"},\"wordCount\":170,\"image\":{\"@id\":\"https:\\\/\\\/www.altominho.tv\\\/site\\\/2024\\\/09\\\/05\\\/arcos-de-valdevez-incendio-2\\\/#primaryimage\"},\"thumbnailUrl\":\"https:\\\/\\\/www.altominho.tv\\\/site\\\/wp-content\\\/uploads\\\/2024\\\/09\\\/incendio-11.jpg\",\"keywords\":[\"Sociedade\"],\"articleSection\":[\"Arcos de Valdevez\"],\"inLanguage\":\"pt-PT\",\"copyrightYear\":\"2024\",\"copyrightHolder\":{\"@id\":\"https:\\\/\\\/www.altominho.tv\\\/site\\\/#organization\"}},{\"@type\":\"WebPage\",\"@id\":\"https:\\\/\\\/www.altominho.tv\\\/site\\\/2024\\\/09\\\/05\\\/arcos-de-valdevez-incendio-2\\\/\",\"url\":\"https:\\\/\\\/www.altominho.tv\\\/site\\\/2024\\\/09\\\/05\\\/arcos-de-valdevez-incendio-2\\\/\",\"name\":\"Fogo em Arcos de Valdevez em rescaldo desde as 07h00\",\"isPartOf\":{\"@id\":\"https:\\\/\\\/www.altominho.tv\\\/site\\\/#website\"},\"primaryImageOfPage\":{\"@id\":\"https:\\\/\\\/www.altominho.tv\\\/site\\\/2024\\\/09\\\/05\\\/arcos-de-valdevez-incendio-2\\\/#primaryimage\"},\"image\":{\"@id\":\"https:\\\/\\\/www.altominho.tv\\\/site\\\/2024\\\/09\\\/05\\\/arcos-de-valdevez-incendio-2\\\/#primaryimage\"},\"thumbnailUrl\":\"https:\\\/\\\/www.altominho.tv\\\/site\\\/wp-content\\\/uploads\\\/2024\\\/09\\\/incendio-11.jpg\",\"datePublished\":\"2024-09-05T09:38:17+00:00\",\"dateModified\":\"2024-09-05T09:38:19+00:00\",\"author\":{\"@id\":\"https:\\\/\\\/www.altominho.tv\\\/site\\\/#\\\/schema\\\/person\\\/dbaf181c01b51ff40c9f461a905d321e\"},\"description\":\"O fogo que estava ativo em Arcos de Valdevez, est\u00e1 em fase de rescaldo desde as 07h00.\",\"breadcrumb\":{\"@id\":\"https:\\\/\\\/www.altominho.tv\\\/site\\\/2024\\\/09\\\/05\\\/arcos-de-valdevez-incendio-2\\\/#breadcrumb\"},\"inLanguage\":\"pt-PT\",\"potentialAction\":[{\"@type\":\"ReadAction\",\"target\":[\"https:\\\/\\\/www.altominho.tv\\\/site\\\/2024\\\/09\\\/05\\\/arcos-de-valdevez-incendio-2\\\/\"]}]},{\"@type\":\"ImageObject\",\"inLanguage\":\"pt-PT\",\"@id\":\"https:\\\/\\\/www.altominho.tv\\\/site\\\/2024\\\/09\\\/05\\\/arcos-de-valdevez-incendio-2\\\/#primaryimage\",\"url\":\"https:\\\/\\\/www.altominho.tv\\\/site\\\/wp-content\\\/uploads\\\/2024\\\/09\\\/incendio-11.jpg\",\"contentUrl\":\"https:\\\/\\\/www.altominho.tv\\\/site\\\/wp-content\\\/uploads\\\/2024\\\/09\\\/incendio-11.jpg\",\"width\":1920,\"height\":1080,\"caption\":\"Imagem de arquivo\"},{\"@type\":\"BreadcrumbList\",\"@id\":\"https:\\\/\\\/www.altominho.tv\\\/site\\\/2024\\\/09\\\/05\\\/arcos-de-valdevez-incendio-2\\\/#breadcrumb\",\"itemListElement\":[{\"@type\":\"ListItem\",\"position\":1,\"name\":\"In\u00edcio\",\"item\":\"https:\\\/\\\/www.altominho.tv\\\/site\\\/\"},{\"@type\":\"ListItem\",\"position\":2,\"name\":\"Fogo em Arcos de Valdevez em rescaldo desde as 07h00\"}]},{\"@type\":\"WebSite\",\"@id\":\"https:\\\/\\\/www.altominho.tv\\\/site\\\/#website\",\"url\":\"https:\\\/\\\/www.altominho.tv\\\/site\\\/\",\"name\":\"Altominho.tv\",\"description\":\"A sua regi\u00e3o \u00e0 dist\u00e2ncia de um clique...\",\"potentialAction\":[{\"@type\":\"SearchAction\",\"target\":{\"@type\":\"EntryPoint\",\"urlTemplate\":\"https:\\\/\\\/www.altominho.tv\\\/site\\\/?s={search_term_string}\"},\"query-input\":{\"@type\":\"PropertyValueSpecification\",\"valueRequired\":true,\"valueName\":\"search_term_string\"}}],\"inLanguage\":\"pt-PT\"},{\"@type\":\"Person\",\"@id\":\"https:\\\/\\\/www.altominho.tv\\\/site\\\/#\\\/schema\\\/person\\\/dbaf181c01b51ff40c9f461a905d321e\",\"name\":\"Andreia Cunha | Lusa\",\"image\":{\"@type\":\"ImageObject\",\"inLanguage\":\"pt-PT\",\"@id\":\"https:\\\/\\\/www.altominho.tv\\\/site\\\/wp-content\\\/uploads\\\/2017\\\/11\\\/Andreia_Cunha-1-150x150.jpg\",\"url\":\"https:\\\/\\\/www.altominho.tv\\\/site\\\/wp-content\\\/uploads\\\/2017\\\/11\\\/Andreia_Cunha-1-150x150.jpg\",\"contentUrl\":\"https:\\\/\\\/www.altominho.tv\\\/site\\\/wp-content\\\/uploads\\\/2017\\\/11\\\/Andreia_Cunha-1-150x150.jpg\",\"caption\":\"Andreia Cunha | Lusa\"},\"sameAs\":[\"https:\\\/\\\/www.altominho.tv\\\/site\"],\"url\":\"https:\\\/\\\/www.altominho.tv\\\/site\\\/author\\\/andreiacunhalusa\\\/\"}]}<\/script>\n<!-- \/ Yoast SEO Premium plugin. -->","yoast_head_json":{"title":"Fogo em Arcos de Valdevez em rescaldo desde as 07h00","description":"O fogo que estava ativo em Arcos de Valdevez, est\u00e1 em fase de rescaldo desde as 07h00.","robots":{"index":"index","follow":"follow","max-snippet":"max-snippet:-1","max-image-preview":"max-image-preview:large","max-video-preview":"max-video-preview:-1"},"canonical":"https:\/\/www.altominho.tv\/site\/2024\/09\/05\/arcos-de-valdevez-incendio-2\/","og_locale":"pt_PT","og_type":"article","og_title":"Fogo em Arcos de Valdevez em rescaldo desde as 07h00","og_description":"O fogo que estava ativo em Arcos de Valdevez, est\u00e1 em fase de rescaldo desde as 07h00.","og_url":"https:\/\/www.altominho.tv\/site\/2024\/09\/05\/arcos-de-valdevez-incendio-2\/","og_site_name":"Altominho.tv","article_publisher":"https:\/\/www.facebook.com\/altominhotv","article_published_time":"2024-09-05T09:38:17+00:00","article_modified_time":"2024-09-05T09:38:19+00:00","og_image":[{"width":1920,"height":1080,"url":"https:\/\/www.altominho.tv\/site\/wp-content\/uploads\/2024\/09\/incendio-11.jpg","type":"image\/jpeg"}],"author":"Andreia Cunha | Lusa","twitter_card":"summary_large_image","twitter_creator":"@altominhoTV","twitter_site":"@altominhoTV","twitter_misc":{"Escrito por":"Andreia Cunha | Lusa","Tempo estimado de leitura":"2 minutos"},"schema":{"@context":"https:\/\/schema.org","@graph":[{"@type":"Article","@id":"https:\/\/www.altominho.tv\/site\/2024\/09\/05\/arcos-de-valdevez-incendio-2\/#article","isPartOf":{"@id":"https:\/\/www.altominho.tv\/site\/2024\/09\/05\/arcos-de-valdevez-incendio-2\/"},"author":{"name":"Andreia Cunha | Lusa","@id":"https:\/\/www.altominho.tv\/site\/#\/schema\/person\/dbaf181c01b51ff40c9f461a905d321e"},"headline":"Fogo em Arcos de Valdevez em rescaldo desde as 07h00","datePublished":"2024-09-05T09:38:17+00:00","dateModified":"2024-09-05T09:38:19+00:00","mainEntityOfPage":{"@id":"https:\/\/www.altominho.tv\/site\/2024\/09\/05\/arcos-de-valdevez-incendio-2\/"},"wordCount":170,"image":{"@id":"https:\/\/www.altominho.tv\/site\/2024\/09\/05\/arcos-de-valdevez-incendio-2\/#primaryimage"},"thumbnailUrl":"https:\/\/www.altominho.tv\/site\/wp-content\/uploads\/2024\/09\/incendio-11.jpg","keywords":["Sociedade"],"articleSection":["Arcos de Valdevez"],"inLanguage":"pt-PT","copyrightYear":"2024","copyrightHolder":{"@id":"https:\/\/www.altominho.tv\/site\/#organization"}},{"@type":"WebPage","@id":"https:\/\/www.altominho.tv\/site\/2024\/09\/05\/arcos-de-valdevez-incendio-2\/","url":"https:\/\/www.altominho.tv\/site\/2024\/09\/05\/arcos-de-valdevez-incendio-2\/","name":"Fogo em Arcos de Valdevez em rescaldo desde as 07h00","isPartOf":{"@id":"https:\/\/www.altominho.tv\/site\/#website"},"primaryImageOfPage":{"@id":"https:\/\/www.altominho.tv\/site\/2024\/09\/05\/arcos-de-valdevez-incendio-2\/#primaryimage"},"image":{"@id":"https:\/\/www.altominho.tv\/site\/2024\/09\/05\/arcos-de-valdevez-incendio-2\/#primaryimage"},"thumbnailUrl":"https:\/\/www.altominho.tv\/site\/wp-content\/uploads\/2024\/09\/incendio-11.jpg","datePublished":"2024-09-05T09:38:17+00:00","dateModified":"2024-09-05T09:38:19+00:00","author":{"@id":"https:\/\/www.altominho.tv\/site\/#\/schema\/person\/dbaf181c01b51ff40c9f461a905d321e"},"description":"O fogo que estava ativo em Arcos de Valdevez, est\u00e1 em fase de rescaldo desde as 07h00.","breadcrumb":{"@id":"https:\/\/www.altominho.tv\/site\/2024\/09\/05\/arcos-de-valdevez-incendio-2\/#breadcrumb"},"inLanguage":"pt-PT","potentialAction":[{"@type":"ReadAction","target":["https:\/\/www.altominho.tv\/site\/2024\/09\/05\/arcos-de-valdevez-incendio-2\/"]}]},{"@type":"ImageObject","inLanguage":"pt-PT","@id":"https:\/\/www.altominho.tv\/site\/2024\/09\/05\/arcos-de-valdevez-incendio-2\/#primaryimage","url":"https:\/\/www.altominho.tv\/site\/wp-content\/uploads\/2024\/09\/incendio-11.jpg","contentUrl":"https:\/\/www.altominho.tv\/site\/wp-content\/uploads\/2024\/09\/incendio-11.jpg","width":1920,"height":1080,"caption":"Imagem de arquivo"},{"@type":"BreadcrumbList","@id":"https:\/\/www.altominho.tv\/site\/2024\/09\/05\/arcos-de-valdevez-incendio-2\/#breadcrumb","itemListElement":[{"@type":"ListItem","position":1,"name":"In\u00edcio","item":"https:\/\/www.altominho.tv\/site\/"},{"@type":"ListItem","position":2,"name":"Fogo em Arcos de Valdevez em rescaldo desde as 07h00"}]},{"@type":"WebSite","@id":"https:\/\/www.altominho.tv\/site\/#website","url":"https:\/\/www.altominho.tv\/site\/","name":"Altominho.tv","description":"A sua regi\u00e3o \u00e0 dist\u00e2ncia de um clique...","potentialAction":[{"@type":"SearchAction","target":{"@type":"EntryPoint","urlTemplate":"https:\/\/www.altominho.tv\/site\/?s={search_term_string}"},"query-input":{"@type":"PropertyValueSpecification","valueRequired":true,"valueName":"search_term_string"}}],"inLanguage":"pt-PT"},{"@type":"Person","@id":"https:\/\/www.altominho.tv\/site\/#\/schema\/person\/dbaf181c01b51ff40c9f461a905d321e","name":"Andreia Cunha | Lusa","image":{"@type":"ImageObject","inLanguage":"pt-PT","@id":"https:\/\/www.altominho.tv\/site\/wp-content\/uploads\/2017\/11\/Andreia_Cunha-1-150x150.jpg","url":"https:\/\/www.altominho.tv\/site\/wp-content\/uploads\/2017\/11\/Andreia_Cunha-1-150x150.jpg","contentUrl":"https:\/\/www.altominho.tv\/site\/wp-content\/uploads\/2017\/11\/Andreia_Cunha-1-150x150.jpg","caption":"Andreia Cunha | Lusa"},"sameAs":["https:\/\/www.altominho.tv\/site"],"url":"https:\/\/www.altominho.tv\/site\/author\/andreiacunhalusa\/"}]}},"_links":{"self":[{"href":"https:\/\/www.altominho.tv\/site\/wp-json\/wp\/v2\/posts\/110274","targetHints":{"allow":["GET"]}}],"collection":[{"href":"https:\/\/www.altominho.tv\/site\/wp-json\/wp\/v2\/posts"}],"about":[{"href":"https:\/\/www.altominho.tv\/site\/wp-json\/wp\/v2\/types\/post"}],"author":[{"embeddable":true,"href":"https:\/\/www.altominho.tv\/site\/wp-json\/wp\/v2\/users\/16"}],"replies":[{"embeddable":true,"href":"https:\/\/www.altominho.tv\/site\/wp-json\/wp\/v2\/comments?post=110274"}],"version-history":[{"count":1,"href":"https:\/\/www.altominho.tv\/site\/wp-json\/wp\/v2\/posts\/110274\/revisions"}],"predecessor-version":[{"id":110275,"href":"https:\/\/www.altominho.tv\/site\/wp-json\/wp\/v2\/posts\/110274\/revisions\/110275"}],"wp:featuredmedia":[{"embeddable":true,"href":"https:\/\/www.altominho.tv\/site\/wp-json\/wp\/v2\/media\/110249"}],"wp:attachment":[{"href":"https:\/\/www.altominho.tv\/site\/wp-json\/wp\/v2\/media?parent=110274"}],"wp:term":[{"taxonomy":"category","embeddable":true,"href":"https:\/\/www.altominho.tv\/site\/wp-json\/wp\/v2\/categories?post=110274"},{"taxonomy":"post_tag","embeddable":true,"href":"https:\/\/www.altominho.tv\/site\/wp-json\/wp\/v2\/tags?post=110274"}],"curies":[{"name":"wp","href":"https:\/\/api.w.org\/{rel}","templated":true}]}}