{"id":110258,"date":"2024-09-04T15:41:46","date_gmt":"2024-09-04T14:41:46","guid":{"rendered":"https:\/\/www.altominho.tv\/site\/?p=110258"},"modified":"2024-09-04T16:03:14","modified_gmt":"2024-09-04T15:03:14","slug":"arcos-de-valdevez-incendios-2","status":"publish","type":"post","link":"https:\/\/www.altominho.tv\/site\/2024\/09\/04\/arcos-de-valdevez-incendios-2\/","title":{"rendered":"N\u00famero elevado de fogos em Arcos de Valdevez \u00e9 \u201cfalha grave\u201d a debater\u00a0"},"content":{"rendered":"\n<p>O presidente da Associa\u00e7\u00e3o Humanit\u00e1ria dos Bombeiros Volunt\u00e1rios de Arcos de Valdevez\u00a0disse hoje que o elevado n\u00famero de inc\u00eandios registados todos os anos s\u00e3o \u201cuma falha grave\u201d que merece \u201creflex\u00e3o por todos os que constituem a Prote\u00e7\u00e3o Civil\u201d.<\/p>\n\n\n\n<p>\u201cAno ap\u00f3s ano, Arcos de Valdevez continua a ser destacadamente o concelho com o maior n\u00famero de inc\u00eandios a n\u00edvel nacional. \u00c9 raro falhar a medalha de ouro nesta tr\u00e1gica estat\u00edstica. H\u00e1 assim uma falha grave que tem de ser objeto de reflex\u00e3o por todos os que constituem a Prote\u00e7\u00e3o Civil, principalmente a n\u00edvel municipal\u201d, afirma Germano Amorim, citado numa nota hoje enviada \u00e0 imprensa.<\/p>\n\n\n\n<p>Segundo o respons\u00e1vel, \u201cn\u00e3o \u00e9 toler\u00e1vel que se se aceite esta realidade como normal e sem que essencialmente se lance um debate alargado entre todos os que constituem este complexo edif\u00edcio\u201d.<\/p>\n\n\n\n<p>\u201cN\u00e3o \u00e9 igualmente aceit\u00e1vel que se continue a aceitar que o n\u00edvel de investimento p\u00fablico seja t\u00e3o escasso em mat\u00e9ria de combate, j\u00e1 que a preven\u00e7\u00e3o e a organiza\u00e7\u00e3o territorial s\u00e3o evidentemente uma falha terr\u00edvel\u201d, acrescente.<\/p>\n\n\n\n<p>Germano Amorim defende um \u201crefor\u00e7o significativo do financiamento, a montante e a jusante, em Arcos de Valdevez, que se encontra em pleno Parque Nacional Peneda Ger\u00eas (PNPG)&#8221;.<\/p>\n\n\n\n<p>\u201cCada vez que ocorre um inc\u00eandio est\u00e3o em risco a integridade das pessoas, seus animais e bens. Est\u00e1 em causa a natureza, a biodiversidade, o bem-estar das popula\u00e7\u00f5es, a sua riqueza, a sua economia, o turismo, entre outros. Quem quer continuar a tapar o sol com a peneira que o fa\u00e7a, que em dias de fogo, torna-se bastante mais f\u00e1cil\u201d, avan\u00e7ou.<\/p>\n\n\n\n<p>Como exemplo apontou o cen\u00e1rio que hoje se vive no concelho \u201ccom 222 operacionais de v\u00e1rios pontos do pa\u00eds, com 46 viaturas e apoio de oito meios a\u00e9reos a proceder ao combate a v\u00e1rios inc\u00eandios que lavram essencialmente a zona da Uni\u00e3o de Freguesias de S\u00e3o Jorge e Ermelo e que, possivelmente, afetar\u00e1 tamb\u00e9m a freguesia do Vale, sendo que outro inc\u00eandio em Guilhadeses deflagrou recentemente\u201d.<\/p>\n\n\n\n<p>\u00c0s 15h20, segundo informa\u00e7\u00e3o na p\u00e1gina oficial da Internet da Autoridade Nacional de Emerg\u00eancia e Prote\u00e7\u00e3o Civil (ANEPC), o inc\u00eandio que lavra desde ter\u00e7a-feira \u00e0s 20h21, mobilizava 245 operacionais, 72 viaturas e, 10 meios a\u00e9reos.<\/p>\n","protected":false},"excerpt":{"rendered":"<p>O presidente da Associa\u00e7\u00e3o Humanit\u00e1ria dos Bombeiros Volunt\u00e1rios de Arcos de Valdevez\u00a0disse hoje que o elevado n\u00famero de inc\u00eandios registados todos os anos s\u00e3o \u201cuma falha grave\u201d que merece \u201creflex\u00e3o por todos os que constituem a Prote\u00e7\u00e3o Civil\u201d. \u201cAno ap\u00f3s ano, Arcos de Valdevez continua a ser destacadamente o concelho com o maior n\u00famero de [&hellip;]<\/p>\n","protected":false},"author":16,"featured_media":110259,"comment_status":"closed","ping_status":"closed","sticky":false,"template":"","format":"standard","meta":{"_exactmetrics_skip_tracking":false,"_exactmetrics_sitenote_active":false,"_exactmetrics_sitenote_note":"","_exactmetrics_sitenote_category":0,"footnotes":""},"categories":[2],"tags":[27],"class_list":["post-110258","post","type-post","status-publish","format-standard","has-post-thumbnail","hentry","category-arcos-de-valdevez","tag-sociedade"],"yoast_head":"<!-- This site is optimized with the Yoast SEO Premium plugin v27.5 (Yoast SEO v27.5) - https:\/\/yoast.com\/product\/yoast-seo-premium-wordpress\/ -->\n<title>N\u00famero elevado de fogos em Arcos de Valdevez \u00e9 \u201cfalha grave\u201d a debater\u00a0<\/title>\n<meta name=\"description\" content=\"O presidente da Associa\u00e7\u00e3o Humanit\u00e1ria dos Bombeiros Volunt\u00e1rios de Arcos de Valdevez\u00a0disse hoje que o elevado n\u00famero de inc\u00eandios registados todos os anos s\u00e3o \u201cuma falha grave\u201d que merece \u201creflex\u00e3o por todos os que constituem a Prote\u00e7\u00e3o Civil\u201d.\" \/>\n<meta name=\"robots\" content=\"index, follow, max-snippet:-1, max-image-preview:large, max-video-preview:-1\" \/>\n<link rel=\"canonical\" href=\"https:\/\/www.altominho.tv\/site\/2024\/09\/04\/arcos-de-valdevez-incendios-2\/\" \/>\n<meta property=\"og:locale\" content=\"pt_PT\" \/>\n<meta property=\"og:type\" content=\"article\" \/>\n<meta property=\"og:title\" content=\"N\u00famero elevado de fogos em Arcos de Valdevez \u00e9 \u201cfalha grave\u201d a debater\u00a0\" \/>\n<meta property=\"og:description\" content=\"O presidente da Associa\u00e7\u00e3o Humanit\u00e1ria dos Bombeiros Volunt\u00e1rios de Arcos de Valdevez\u00a0disse hoje que o elevado n\u00famero de inc\u00eandios registados todos os anos s\u00e3o \u201cuma falha grave\u201d que merece \u201creflex\u00e3o por todos os que constituem a Prote\u00e7\u00e3o Civil\u201d.\" \/>\n<meta property=\"og:url\" content=\"https:\/\/www.altominho.tv\/site\/2024\/09\/04\/arcos-de-valdevez-incendios-2\/\" \/>\n<meta property=\"og:site_name\" content=\"Altominho.tv\" \/>\n<meta property=\"article:publisher\" content=\"https:\/\/www.facebook.com\/altominhotv\" \/>\n<meta property=\"article:published_time\" content=\"2024-09-04T14:41:46+00:00\" \/>\n<meta property=\"article:modified_time\" content=\"2024-09-04T15:03:14+00:00\" \/>\n<meta property=\"og:image\" content=\"https:\/\/www.altominho.tv\/site\/wp-content\/uploads\/2024\/09\/incendio-12.jpeg\" \/>\n\t<meta property=\"og:image:width\" content=\"740\" \/>\n\t<meta property=\"og:image:height\" content=\"416\" \/>\n\t<meta property=\"og:image:type\" content=\"image\/jpeg\" \/>\n<meta name=\"author\" content=\"Andreia Cunha | Lusa\" \/>\n<meta name=\"twitter:card\" content=\"summary_large_image\" \/>\n<meta name=\"twitter:creator\" content=\"@altominhoTV\" \/>\n<meta name=\"twitter:site\" content=\"@altominhoTV\" \/>\n<meta name=\"twitter:label1\" content=\"Escrito por\" \/>\n\t<meta name=\"twitter:data1\" content=\"Andreia Cunha | Lusa\" \/>\n\t<meta name=\"twitter:label2\" content=\"Tempo estimado de leitura\" \/>\n\t<meta name=\"twitter:data2\" content=\"3 minutos\" \/>\n<script type=\"application\/ld+json\" class=\"yoast-schema-graph\">{\"@context\":\"https:\\\/\\\/schema.org\",\"@graph\":[{\"@type\":\"Article\",\"@id\":\"https:\\\/\\\/www.altominho.tv\\\/site\\\/2024\\\/09\\\/04\\\/arcos-de-valdevez-incendios-2\\\/#article\",\"isPartOf\":{\"@id\":\"https:\\\/\\\/www.altominho.tv\\\/site\\\/2024\\\/09\\\/04\\\/arcos-de-valdevez-incendios-2\\\/\"},\"author\":{\"name\":\"Andreia Cunha | Lusa\",\"@id\":\"https:\\\/\\\/www.altominho.tv\\\/site\\\/#\\\/schema\\\/person\\\/dbaf181c01b51ff40c9f461a905d321e\"},\"headline\":\"N\u00famero elevado de fogos em Arcos de Valdevez \u00e9 \u201cfalha grave\u201d a debater\u00a0\",\"datePublished\":\"2024-09-04T14:41:46+00:00\",\"dateModified\":\"2024-09-04T15:03:14+00:00\",\"mainEntityOfPage\":{\"@id\":\"https:\\\/\\\/www.altominho.tv\\\/site\\\/2024\\\/09\\\/04\\\/arcos-de-valdevez-incendios-2\\\/\"},\"wordCount\":420,\"image\":{\"@id\":\"https:\\\/\\\/www.altominho.tv\\\/site\\\/2024\\\/09\\\/04\\\/arcos-de-valdevez-incendios-2\\\/#primaryimage\"},\"thumbnailUrl\":\"https:\\\/\\\/www.altominho.tv\\\/site\\\/wp-content\\\/uploads\\\/2024\\\/09\\\/incendio-12.jpeg\",\"keywords\":[\"Sociedade\"],\"articleSection\":[\"Arcos de Valdevez\"],\"inLanguage\":\"pt-PT\",\"copyrightYear\":\"2024\",\"copyrightHolder\":{\"@id\":\"https:\\\/\\\/www.altominho.tv\\\/site\\\/#organization\"}},{\"@type\":\"WebPage\",\"@id\":\"https:\\\/\\\/www.altominho.tv\\\/site\\\/2024\\\/09\\\/04\\\/arcos-de-valdevez-incendios-2\\\/\",\"url\":\"https:\\\/\\\/www.altominho.tv\\\/site\\\/2024\\\/09\\\/04\\\/arcos-de-valdevez-incendios-2\\\/\",\"name\":\"N\u00famero elevado de fogos em Arcos de Valdevez \u00e9 \u201cfalha grave\u201d a debater\u00a0\",\"isPartOf\":{\"@id\":\"https:\\\/\\\/www.altominho.tv\\\/site\\\/#website\"},\"primaryImageOfPage\":{\"@id\":\"https:\\\/\\\/www.altominho.tv\\\/site\\\/2024\\\/09\\\/04\\\/arcos-de-valdevez-incendios-2\\\/#primaryimage\"},\"image\":{\"@id\":\"https:\\\/\\\/www.altominho.tv\\\/site\\\/2024\\\/09\\\/04\\\/arcos-de-valdevez-incendios-2\\\/#primaryimage\"},\"thumbnailUrl\":\"https:\\\/\\\/www.altominho.tv\\\/site\\\/wp-content\\\/uploads\\\/2024\\\/09\\\/incendio-12.jpeg\",\"datePublished\":\"2024-09-04T14:41:46+00:00\",\"dateModified\":\"2024-09-04T15:03:14+00:00\",\"author\":{\"@id\":\"https:\\\/\\\/www.altominho.tv\\\/site\\\/#\\\/schema\\\/person\\\/dbaf181c01b51ff40c9f461a905d321e\"},\"description\":\"O presidente da Associa\u00e7\u00e3o Humanit\u00e1ria dos Bombeiros Volunt\u00e1rios de Arcos de Valdevez\u00a0disse hoje que o elevado n\u00famero de inc\u00eandios registados todos os anos s\u00e3o \u201cuma falha grave\u201d que merece \u201creflex\u00e3o por todos os que constituem a Prote\u00e7\u00e3o Civil\u201d.\",\"breadcrumb\":{\"@id\":\"https:\\\/\\\/www.altominho.tv\\\/site\\\/2024\\\/09\\\/04\\\/arcos-de-valdevez-incendios-2\\\/#breadcrumb\"},\"inLanguage\":\"pt-PT\",\"potentialAction\":[{\"@type\":\"ReadAction\",\"target\":[\"https:\\\/\\\/www.altominho.tv\\\/site\\\/2024\\\/09\\\/04\\\/arcos-de-valdevez-incendios-2\\\/\"]}]},{\"@type\":\"ImageObject\",\"inLanguage\":\"pt-PT\",\"@id\":\"https:\\\/\\\/www.altominho.tv\\\/site\\\/2024\\\/09\\\/04\\\/arcos-de-valdevez-incendios-2\\\/#primaryimage\",\"url\":\"https:\\\/\\\/www.altominho.tv\\\/site\\\/wp-content\\\/uploads\\\/2024\\\/09\\\/incendio-12.jpeg\",\"contentUrl\":\"https:\\\/\\\/www.altominho.tv\\\/site\\\/wp-content\\\/uploads\\\/2024\\\/09\\\/incendio-12.jpeg\",\"width\":740,\"height\":416,\"caption\":\"ARQUIVO\"},{\"@type\":\"BreadcrumbList\",\"@id\":\"https:\\\/\\\/www.altominho.tv\\\/site\\\/2024\\\/09\\\/04\\\/arcos-de-valdevez-incendios-2\\\/#breadcrumb\",\"itemListElement\":[{\"@type\":\"ListItem\",\"position\":1,\"name\":\"In\u00edcio\",\"item\":\"https:\\\/\\\/www.altominho.tv\\\/site\\\/\"},{\"@type\":\"ListItem\",\"position\":2,\"name\":\"N\u00famero elevado de fogos em Arcos de Valdevez \u00e9 \u201cfalha grave\u201d a debater\u00a0\"}]},{\"@type\":\"WebSite\",\"@id\":\"https:\\\/\\\/www.altominho.tv\\\/site\\\/#website\",\"url\":\"https:\\\/\\\/www.altominho.tv\\\/site\\\/\",\"name\":\"Altominho.tv\",\"description\":\"A sua regi\u00e3o \u00e0 dist\u00e2ncia de um clique...\",\"potentialAction\":[{\"@type\":\"SearchAction\",\"target\":{\"@type\":\"EntryPoint\",\"urlTemplate\":\"https:\\\/\\\/www.altominho.tv\\\/site\\\/?s={search_term_string}\"},\"query-input\":{\"@type\":\"PropertyValueSpecification\",\"valueRequired\":true,\"valueName\":\"search_term_string\"}}],\"inLanguage\":\"pt-PT\"},{\"@type\":\"Person\",\"@id\":\"https:\\\/\\\/www.altominho.tv\\\/site\\\/#\\\/schema\\\/person\\\/dbaf181c01b51ff40c9f461a905d321e\",\"name\":\"Andreia Cunha | Lusa\",\"image\":{\"@type\":\"ImageObject\",\"inLanguage\":\"pt-PT\",\"@id\":\"https:\\\/\\\/www.altominho.tv\\\/site\\\/wp-content\\\/uploads\\\/2017\\\/11\\\/Andreia_Cunha-1-150x150.jpg\",\"url\":\"https:\\\/\\\/www.altominho.tv\\\/site\\\/wp-content\\\/uploads\\\/2017\\\/11\\\/Andreia_Cunha-1-150x150.jpg\",\"contentUrl\":\"https:\\\/\\\/www.altominho.tv\\\/site\\\/wp-content\\\/uploads\\\/2017\\\/11\\\/Andreia_Cunha-1-150x150.jpg\",\"caption\":\"Andreia Cunha | Lusa\"},\"sameAs\":[\"https:\\\/\\\/www.altominho.tv\\\/site\"],\"url\":\"https:\\\/\\\/www.altominho.tv\\\/site\\\/author\\\/andreiacunhalusa\\\/\"}]}<\/script>\n<!-- \/ Yoast SEO Premium plugin. -->","yoast_head_json":{"title":"N\u00famero elevado de fogos em Arcos de Valdevez \u00e9 \u201cfalha grave\u201d a debater\u00a0","description":"O presidente da Associa\u00e7\u00e3o Humanit\u00e1ria dos Bombeiros Volunt\u00e1rios de Arcos de Valdevez\u00a0disse hoje que o elevado n\u00famero de inc\u00eandios registados todos os anos s\u00e3o \u201cuma falha grave\u201d que merece \u201creflex\u00e3o por todos os que constituem a Prote\u00e7\u00e3o Civil\u201d.","robots":{"index":"index","follow":"follow","max-snippet":"max-snippet:-1","max-image-preview":"max-image-preview:large","max-video-preview":"max-video-preview:-1"},"canonical":"https:\/\/www.altominho.tv\/site\/2024\/09\/04\/arcos-de-valdevez-incendios-2\/","og_locale":"pt_PT","og_type":"article","og_title":"N\u00famero elevado de fogos em Arcos de Valdevez \u00e9 \u201cfalha grave\u201d a debater\u00a0","og_description":"O presidente da Associa\u00e7\u00e3o Humanit\u00e1ria dos Bombeiros Volunt\u00e1rios de Arcos de Valdevez\u00a0disse hoje que o elevado n\u00famero de inc\u00eandios registados todos os anos s\u00e3o \u201cuma falha grave\u201d que merece \u201creflex\u00e3o por todos os que constituem a Prote\u00e7\u00e3o Civil\u201d.","og_url":"https:\/\/www.altominho.tv\/site\/2024\/09\/04\/arcos-de-valdevez-incendios-2\/","og_site_name":"Altominho.tv","article_publisher":"https:\/\/www.facebook.com\/altominhotv","article_published_time":"2024-09-04T14:41:46+00:00","article_modified_time":"2024-09-04T15:03:14+00:00","og_image":[{"width":740,"height":416,"url":"https:\/\/www.altominho.tv\/site\/wp-content\/uploads\/2024\/09\/incendio-12.jpeg","type":"image\/jpeg"}],"author":"Andreia Cunha | Lusa","twitter_card":"summary_large_image","twitter_creator":"@altominhoTV","twitter_site":"@altominhoTV","twitter_misc":{"Escrito por":"Andreia Cunha | Lusa","Tempo estimado de leitura":"3 minutos"},"schema":{"@context":"https:\/\/schema.org","@graph":[{"@type":"Article","@id":"https:\/\/www.altominho.tv\/site\/2024\/09\/04\/arcos-de-valdevez-incendios-2\/#article","isPartOf":{"@id":"https:\/\/www.altominho.tv\/site\/2024\/09\/04\/arcos-de-valdevez-incendios-2\/"},"author":{"name":"Andreia Cunha | Lusa","@id":"https:\/\/www.altominho.tv\/site\/#\/schema\/person\/dbaf181c01b51ff40c9f461a905d321e"},"headline":"N\u00famero elevado de fogos em Arcos de Valdevez \u00e9 \u201cfalha grave\u201d a debater\u00a0","datePublished":"2024-09-04T14:41:46+00:00","dateModified":"2024-09-04T15:03:14+00:00","mainEntityOfPage":{"@id":"https:\/\/www.altominho.tv\/site\/2024\/09\/04\/arcos-de-valdevez-incendios-2\/"},"wordCount":420,"image":{"@id":"https:\/\/www.altominho.tv\/site\/2024\/09\/04\/arcos-de-valdevez-incendios-2\/#primaryimage"},"thumbnailUrl":"https:\/\/www.altominho.tv\/site\/wp-content\/uploads\/2024\/09\/incendio-12.jpeg","keywords":["Sociedade"],"articleSection":["Arcos de Valdevez"],"inLanguage":"pt-PT","copyrightYear":"2024","copyrightHolder":{"@id":"https:\/\/www.altominho.tv\/site\/#organization"}},{"@type":"WebPage","@id":"https:\/\/www.altominho.tv\/site\/2024\/09\/04\/arcos-de-valdevez-incendios-2\/","url":"https:\/\/www.altominho.tv\/site\/2024\/09\/04\/arcos-de-valdevez-incendios-2\/","name":"N\u00famero elevado de fogos em Arcos de Valdevez \u00e9 \u201cfalha grave\u201d a debater\u00a0","isPartOf":{"@id":"https:\/\/www.altominho.tv\/site\/#website"},"primaryImageOfPage":{"@id":"https:\/\/www.altominho.tv\/site\/2024\/09\/04\/arcos-de-valdevez-incendios-2\/#primaryimage"},"image":{"@id":"https:\/\/www.altominho.tv\/site\/2024\/09\/04\/arcos-de-valdevez-incendios-2\/#primaryimage"},"thumbnailUrl":"https:\/\/www.altominho.tv\/site\/wp-content\/uploads\/2024\/09\/incendio-12.jpeg","datePublished":"2024-09-04T14:41:46+00:00","dateModified":"2024-09-04T15:03:14+00:00","author":{"@id":"https:\/\/www.altominho.tv\/site\/#\/schema\/person\/dbaf181c01b51ff40c9f461a905d321e"},"description":"O presidente da Associa\u00e7\u00e3o Humanit\u00e1ria dos Bombeiros Volunt\u00e1rios de Arcos de Valdevez\u00a0disse hoje que o elevado n\u00famero de inc\u00eandios registados todos os anos s\u00e3o \u201cuma falha grave\u201d que merece \u201creflex\u00e3o por todos os que constituem a Prote\u00e7\u00e3o Civil\u201d.","breadcrumb":{"@id":"https:\/\/www.altominho.tv\/site\/2024\/09\/04\/arcos-de-valdevez-incendios-2\/#breadcrumb"},"inLanguage":"pt-PT","potentialAction":[{"@type":"ReadAction","target":["https:\/\/www.altominho.tv\/site\/2024\/09\/04\/arcos-de-valdevez-incendios-2\/"]}]},{"@type":"ImageObject","inLanguage":"pt-PT","@id":"https:\/\/www.altominho.tv\/site\/2024\/09\/04\/arcos-de-valdevez-incendios-2\/#primaryimage","url":"https:\/\/www.altominho.tv\/site\/wp-content\/uploads\/2024\/09\/incendio-12.jpeg","contentUrl":"https:\/\/www.altominho.tv\/site\/wp-content\/uploads\/2024\/09\/incendio-12.jpeg","width":740,"height":416,"caption":"ARQUIVO"},{"@type":"BreadcrumbList","@id":"https:\/\/www.altominho.tv\/site\/2024\/09\/04\/arcos-de-valdevez-incendios-2\/#breadcrumb","itemListElement":[{"@type":"ListItem","position":1,"name":"In\u00edcio","item":"https:\/\/www.altominho.tv\/site\/"},{"@type":"ListItem","position":2,"name":"N\u00famero elevado de fogos em Arcos de Valdevez \u00e9 \u201cfalha grave\u201d a debater\u00a0"}]},{"@type":"WebSite","@id":"https:\/\/www.altominho.tv\/site\/#website","url":"https:\/\/www.altominho.tv\/site\/","name":"Altominho.tv","description":"A sua regi\u00e3o \u00e0 dist\u00e2ncia de um clique...","potentialAction":[{"@type":"SearchAction","target":{"@type":"EntryPoint","urlTemplate":"https:\/\/www.altominho.tv\/site\/?s={search_term_string}"},"query-input":{"@type":"PropertyValueSpecification","valueRequired":true,"valueName":"search_term_string"}}],"inLanguage":"pt-PT"},{"@type":"Person","@id":"https:\/\/www.altominho.tv\/site\/#\/schema\/person\/dbaf181c01b51ff40c9f461a905d321e","name":"Andreia Cunha | Lusa","image":{"@type":"ImageObject","inLanguage":"pt-PT","@id":"https:\/\/www.altominho.tv\/site\/wp-content\/uploads\/2017\/11\/Andreia_Cunha-1-150x150.jpg","url":"https:\/\/www.altominho.tv\/site\/wp-content\/uploads\/2017\/11\/Andreia_Cunha-1-150x150.jpg","contentUrl":"https:\/\/www.altominho.tv\/site\/wp-content\/uploads\/2017\/11\/Andreia_Cunha-1-150x150.jpg","caption":"Andreia Cunha | Lusa"},"sameAs":["https:\/\/www.altominho.tv\/site"],"url":"https:\/\/www.altominho.tv\/site\/author\/andreiacunhalusa\/"}]}},"_links":{"self":[{"href":"https:\/\/www.altominho.tv\/site\/wp-json\/wp\/v2\/posts\/110258","targetHints":{"allow":["GET"]}}],"collection":[{"href":"https:\/\/www.altominho.tv\/site\/wp-json\/wp\/v2\/posts"}],"about":[{"href":"https:\/\/www.altominho.tv\/site\/wp-json\/wp\/v2\/types\/post"}],"author":[{"embeddable":true,"href":"https:\/\/www.altominho.tv\/site\/wp-json\/wp\/v2\/users\/16"}],"replies":[{"embeddable":true,"href":"https:\/\/www.altominho.tv\/site\/wp-json\/wp\/v2\/comments?post=110258"}],"version-history":[{"count":2,"href":"https:\/\/www.altominho.tv\/site\/wp-json\/wp\/v2\/posts\/110258\/revisions"}],"predecessor-version":[{"id":110261,"href":"https:\/\/www.altominho.tv\/site\/wp-json\/wp\/v2\/posts\/110258\/revisions\/110261"}],"wp:featuredmedia":[{"embeddable":true,"href":"https:\/\/www.altominho.tv\/site\/wp-json\/wp\/v2\/media\/110259"}],"wp:attachment":[{"href":"https:\/\/www.altominho.tv\/site\/wp-json\/wp\/v2\/media?parent=110258"}],"wp:term":[{"taxonomy":"category","embeddable":true,"href":"https:\/\/www.altominho.tv\/site\/wp-json\/wp\/v2\/categories?post=110258"},{"taxonomy":"post_tag","embeddable":true,"href":"https:\/\/www.altominho.tv\/site\/wp-json\/wp\/v2\/tags?post=110258"}],"curies":[{"name":"wp","href":"https:\/\/api.w.org\/{rel}","templated":true}]}}