{"id":110245,"date":"2024-09-04T14:44:02","date_gmt":"2024-09-04T13:44:02","guid":{"rendered":"https:\/\/www.altominho.tv\/site\/?p=110245"},"modified":"2024-09-04T14:44:04","modified_gmt":"2024-09-04T13:44:04","slug":"incendios-arcos-de-valdevez","status":"publish","type":"post","link":"https:\/\/www.altominho.tv\/site\/2024\/09\/04\/incendios-arcos-de-valdevez\/","title":{"rendered":"Inc\u00eandios: Arcos de Valdevez pede refor\u00e7o de investiga\u00e7\u00e3o para travar m\u00e3o criminosa"},"content":{"rendered":"\n<p>O presidente da C\u00e2mara de Arcos de Valdevez pediu hoje ao secret\u00e1rio de Estado da Prote\u00e7\u00e3o Civil o \u201crefor\u00e7o de policiamento e investiga\u00e7\u00e3o\u201d para travar os fogos com \u201corigem criminosa\u201d que t\u00eam assolado o concelho.<\/p>\n\n\n\n<p>\u201cTudo indica que [o inc\u00eandio que lavra em S\u00e3o Jorge e Ermelo] \u00e9 fogo intencional e de origem criminosa pelas circunst\u00e2ncias em que ocorreu, a hora a que ocorreu, a forma como o fogo evoluiu. A informa\u00e7\u00e3o que me v\u00e3o dando \u00e9 que ser\u00e1 essa a origem deste e de muitos outros. Temos de ter uma a\u00e7\u00e3o concertada de forma que se consiga travar estas pessoas que t\u00eam inten\u00e7\u00f5es que s\u00e3o efetivamente criminosas\u201d, afirmou \u00e0 ag\u00eancia Lusa Jo\u00e3o Manuel Esteves.<\/p>\n\n\n\n<p>O inc\u00eandio em S\u00e3o Jorge e Ermelo, concelho de Arcos de Valdevez, distrito de Viana do Castelo, deflagrou \u00e0s 20h21 de ter\u00e7a-feira e permanece ativo, tendo consumido mais de 900 hectares de mato.<\/p>\n\n\n\n<p>O autarca social-democrata disse ter falado com o secret\u00e1rio de Estado da Prote\u00e7\u00e3o Civil para pedir o refor\u00e7o de meios de vigil\u00e2ncia, policiamento e investiga\u00e7\u00e3o criminal, \u201cno sentido de tentar identificar ou p\u00f4r algum cobro a estas inten\u00e7\u00f5es criminosas que est\u00e3o com muitas incid\u00eancias\u201d.<\/p>\n\n\n\n<p>\u201cO presidente da Rep\u00fablica tamb\u00e9m ligou hoje para se inteirar do inc\u00eandio e alertei para a necessidade de ser refor\u00e7ado o policiamento e a investiga\u00e7\u00e3o\u201d, acrescentou.<\/p>\n\n\n\n<p>O presidente da C\u00e2mara de Arcos de Valdevez, no distrito de Viana do Castelo, sublinhou \u201cos esfor\u00e7os de todos os operacionais, do Instituto de Conserva\u00e7\u00e3o da Natureza e Florestas (ICNF) e das Juntas de Freguesia.<\/p>\n\n\n\n<p>\u201cTemos tentado resolver os problemas, mas h\u00e1 um n\u00famero muito elevado de inc\u00eandios. A esmagadora maioria, segundo o sentimento geral, tem origem criminosa. Isto esgota os meios, desanima as pessoas e \u00e9 um combate desigual. Fazem-se todos os esfor\u00e7os, as pessoas passam horas atr\u00e1s dos inc\u00eandios e, de repente, surge mais um e, a seguir outro noutro lado\u201d, refor\u00e7ou.<\/p>\n\n\n\n<p>Em declara\u00e7\u00f5es \u00e0 ag\u00eancia Lusa, o segundo comandante do Comando Sub-regional do Alto Minho, Carlos Pereira, adiantou que \u201co vento est\u00e1 bastante forte e a complicar as manobras de extin\u00e7\u00e3o\u201d do fogo.<\/p>\n\n\n\n<p>\u201cH\u00e1 zonas do inc\u00eandio que est\u00e3o controladas, mas a cabe\u00e7a do inc\u00eandio est\u00e1 mais complicada\u201d, frisou.<\/p>\n\n\n\n<p>Segundo Carlos Pereira, n\u00e3o h\u00e1 feridos entre os operacionais no terreno, nem aldeias em perigo.<\/p>\n\n\n\n<p>O respons\u00e1vel disse ter a expectativa de at\u00e9 final do dia conseguir resolver a situa\u00e7\u00e3o.<\/p>\n\n\n\n<p>\u201c\u00c9 sempre uma expectativa porque h\u00e1 fen\u00f3menos que n\u00e3o controlamos, mas estamos a fazer o melhor poss\u00edvel\u201d, destacou.<\/p>\n\n\n\n<p>\u00c0s 13h43, segundo informa\u00e7\u00e3o na p\u00e1gina oficial da Internet da Autoridade Nacional de Emerg\u00eancia e Prote\u00e7\u00e3o Civil (ANEPC), o inc\u00eandio mobilizava 225 operacionais, 70 viaturas e quatro meios a\u00e9reos.<\/p>\n","protected":false},"excerpt":{"rendered":"<p>O presidente da C\u00e2mara de Arcos de Valdevez pediu hoje ao secret\u00e1rio de Estado da Prote\u00e7\u00e3o Civil o \u201crefor\u00e7o de policiamento e investiga\u00e7\u00e3o\u201d para travar os fogos com \u201corigem criminosa\u201d que t\u00eam assolado o concelho. \u201cTudo indica que [o inc\u00eandio que lavra em S\u00e3o Jorge e Ermelo] \u00e9 fogo intencional e de origem criminosa pelas [&hellip;]<\/p>\n","protected":false},"author":16,"featured_media":110249,"comment_status":"closed","ping_status":"closed","sticky":false,"template":"","format":"standard","meta":{"_exactmetrics_skip_tracking":false,"_exactmetrics_sitenote_active":false,"_exactmetrics_sitenote_note":"","_exactmetrics_sitenote_category":0,"footnotes":""},"categories":[2],"tags":[27],"class_list":["post-110245","post","type-post","status-publish","format-standard","has-post-thumbnail","hentry","category-arcos-de-valdevez","tag-sociedade"],"yoast_head":"<!-- This site is optimized with the Yoast SEO Premium plugin v27.5 (Yoast SEO v27.5) - https:\/\/yoast.com\/product\/yoast-seo-premium-wordpress\/ -->\n<title>Inc\u00eandios: Arcos de Valdevez pede refor\u00e7o de investiga\u00e7\u00e3o para travar m\u00e3o criminosa<\/title>\n<meta name=\"description\" content=\"Inc\u00eandios: Arcos de Valdevez pede refor\u00e7o de investiga\u00e7\u00e3o para travar m\u00e3o criminosa.\" \/>\n<meta name=\"robots\" content=\"index, follow, max-snippet:-1, max-image-preview:large, max-video-preview:-1\" \/>\n<link rel=\"canonical\" href=\"https:\/\/www.altominho.tv\/site\/2024\/09\/04\/incendios-arcos-de-valdevez\/\" \/>\n<meta property=\"og:locale\" content=\"pt_PT\" \/>\n<meta property=\"og:type\" content=\"article\" \/>\n<meta property=\"og:title\" content=\"Inc\u00eandios: Arcos de Valdevez pede refor\u00e7o de investiga\u00e7\u00e3o para travar m\u00e3o criminosa\" \/>\n<meta property=\"og:description\" content=\"Inc\u00eandios: Arcos de Valdevez pede refor\u00e7o de investiga\u00e7\u00e3o para travar m\u00e3o criminosa.\" \/>\n<meta property=\"og:url\" content=\"https:\/\/www.altominho.tv\/site\/2024\/09\/04\/incendios-arcos-de-valdevez\/\" \/>\n<meta property=\"og:site_name\" content=\"Altominho.tv\" \/>\n<meta property=\"article:publisher\" content=\"https:\/\/www.facebook.com\/altominhotv\" \/>\n<meta property=\"article:published_time\" content=\"2024-09-04T13:44:02+00:00\" \/>\n<meta property=\"article:modified_time\" content=\"2024-09-04T13:44:04+00:00\" \/>\n<meta property=\"og:image\" content=\"https:\/\/www.altominho.tv\/site\/wp-content\/uploads\/2024\/09\/incendio-11.jpg\" \/>\n\t<meta property=\"og:image:width\" content=\"1920\" \/>\n\t<meta property=\"og:image:height\" content=\"1080\" \/>\n\t<meta property=\"og:image:type\" content=\"image\/jpeg\" \/>\n<meta name=\"author\" content=\"Andreia Cunha | Lusa\" \/>\n<meta name=\"twitter:card\" content=\"summary_large_image\" \/>\n<meta name=\"twitter:creator\" content=\"@altominhoTV\" \/>\n<meta name=\"twitter:site\" content=\"@altominhoTV\" \/>\n<meta name=\"twitter:label1\" content=\"Escrito por\" \/>\n\t<meta name=\"twitter:data1\" content=\"Andreia Cunha | Lusa\" \/>\n\t<meta name=\"twitter:label2\" content=\"Tempo estimado de leitura\" \/>\n\t<meta name=\"twitter:data2\" content=\"3 minutos\" \/>\n<script type=\"application\/ld+json\" class=\"yoast-schema-graph\">{\"@context\":\"https:\\\/\\\/schema.org\",\"@graph\":[{\"@type\":\"Article\",\"@id\":\"https:\\\/\\\/www.altominho.tv\\\/site\\\/2024\\\/09\\\/04\\\/incendios-arcos-de-valdevez\\\/#article\",\"isPartOf\":{\"@id\":\"https:\\\/\\\/www.altominho.tv\\\/site\\\/2024\\\/09\\\/04\\\/incendios-arcos-de-valdevez\\\/\"},\"author\":{\"name\":\"Andreia Cunha | Lusa\",\"@id\":\"https:\\\/\\\/www.altominho.tv\\\/site\\\/#\\\/schema\\\/person\\\/dbaf181c01b51ff40c9f461a905d321e\"},\"headline\":\"Inc\u00eandios: Arcos de Valdevez pede refor\u00e7o de investiga\u00e7\u00e3o para travar m\u00e3o criminosa\",\"datePublished\":\"2024-09-04T13:44:02+00:00\",\"dateModified\":\"2024-09-04T13:44:04+00:00\",\"mainEntityOfPage\":{\"@id\":\"https:\\\/\\\/www.altominho.tv\\\/site\\\/2024\\\/09\\\/04\\\/incendios-arcos-de-valdevez\\\/\"},\"wordCount\":506,\"image\":{\"@id\":\"https:\\\/\\\/www.altominho.tv\\\/site\\\/2024\\\/09\\\/04\\\/incendios-arcos-de-valdevez\\\/#primaryimage\"},\"thumbnailUrl\":\"https:\\\/\\\/www.altominho.tv\\\/site\\\/wp-content\\\/uploads\\\/2024\\\/09\\\/incendio-11.jpg\",\"keywords\":[\"Sociedade\"],\"articleSection\":[\"Arcos de Valdevez\"],\"inLanguage\":\"pt-PT\",\"copyrightYear\":\"2024\",\"copyrightHolder\":{\"@id\":\"https:\\\/\\\/www.altominho.tv\\\/site\\\/#organization\"}},{\"@type\":\"WebPage\",\"@id\":\"https:\\\/\\\/www.altominho.tv\\\/site\\\/2024\\\/09\\\/04\\\/incendios-arcos-de-valdevez\\\/\",\"url\":\"https:\\\/\\\/www.altominho.tv\\\/site\\\/2024\\\/09\\\/04\\\/incendios-arcos-de-valdevez\\\/\",\"name\":\"Inc\u00eandios: Arcos de Valdevez pede refor\u00e7o de investiga\u00e7\u00e3o para travar m\u00e3o criminosa\",\"isPartOf\":{\"@id\":\"https:\\\/\\\/www.altominho.tv\\\/site\\\/#website\"},\"primaryImageOfPage\":{\"@id\":\"https:\\\/\\\/www.altominho.tv\\\/site\\\/2024\\\/09\\\/04\\\/incendios-arcos-de-valdevez\\\/#primaryimage\"},\"image\":{\"@id\":\"https:\\\/\\\/www.altominho.tv\\\/site\\\/2024\\\/09\\\/04\\\/incendios-arcos-de-valdevez\\\/#primaryimage\"},\"thumbnailUrl\":\"https:\\\/\\\/www.altominho.tv\\\/site\\\/wp-content\\\/uploads\\\/2024\\\/09\\\/incendio-11.jpg\",\"datePublished\":\"2024-09-04T13:44:02+00:00\",\"dateModified\":\"2024-09-04T13:44:04+00:00\",\"author\":{\"@id\":\"https:\\\/\\\/www.altominho.tv\\\/site\\\/#\\\/schema\\\/person\\\/dbaf181c01b51ff40c9f461a905d321e\"},\"description\":\"Inc\u00eandios: Arcos de Valdevez pede refor\u00e7o de investiga\u00e7\u00e3o para travar m\u00e3o criminosa.\",\"breadcrumb\":{\"@id\":\"https:\\\/\\\/www.altominho.tv\\\/site\\\/2024\\\/09\\\/04\\\/incendios-arcos-de-valdevez\\\/#breadcrumb\"},\"inLanguage\":\"pt-PT\",\"potentialAction\":[{\"@type\":\"ReadAction\",\"target\":[\"https:\\\/\\\/www.altominho.tv\\\/site\\\/2024\\\/09\\\/04\\\/incendios-arcos-de-valdevez\\\/\"]}]},{\"@type\":\"ImageObject\",\"inLanguage\":\"pt-PT\",\"@id\":\"https:\\\/\\\/www.altominho.tv\\\/site\\\/2024\\\/09\\\/04\\\/incendios-arcos-de-valdevez\\\/#primaryimage\",\"url\":\"https:\\\/\\\/www.altominho.tv\\\/site\\\/wp-content\\\/uploads\\\/2024\\\/09\\\/incendio-11.jpg\",\"contentUrl\":\"https:\\\/\\\/www.altominho.tv\\\/site\\\/wp-content\\\/uploads\\\/2024\\\/09\\\/incendio-11.jpg\",\"width\":1920,\"height\":1080,\"caption\":\"Imagem de arquivo\"},{\"@type\":\"BreadcrumbList\",\"@id\":\"https:\\\/\\\/www.altominho.tv\\\/site\\\/2024\\\/09\\\/04\\\/incendios-arcos-de-valdevez\\\/#breadcrumb\",\"itemListElement\":[{\"@type\":\"ListItem\",\"position\":1,\"name\":\"In\u00edcio\",\"item\":\"https:\\\/\\\/www.altominho.tv\\\/site\\\/\"},{\"@type\":\"ListItem\",\"position\":2,\"name\":\"Inc\u00eandios: Arcos de Valdevez pede refor\u00e7o de investiga\u00e7\u00e3o para travar m\u00e3o criminosa\"}]},{\"@type\":\"WebSite\",\"@id\":\"https:\\\/\\\/www.altominho.tv\\\/site\\\/#website\",\"url\":\"https:\\\/\\\/www.altominho.tv\\\/site\\\/\",\"name\":\"Altominho.tv\",\"description\":\"A sua regi\u00e3o \u00e0 dist\u00e2ncia de um clique...\",\"potentialAction\":[{\"@type\":\"SearchAction\",\"target\":{\"@type\":\"EntryPoint\",\"urlTemplate\":\"https:\\\/\\\/www.altominho.tv\\\/site\\\/?s={search_term_string}\"},\"query-input\":{\"@type\":\"PropertyValueSpecification\",\"valueRequired\":true,\"valueName\":\"search_term_string\"}}],\"inLanguage\":\"pt-PT\"},{\"@type\":\"Person\",\"@id\":\"https:\\\/\\\/www.altominho.tv\\\/site\\\/#\\\/schema\\\/person\\\/dbaf181c01b51ff40c9f461a905d321e\",\"name\":\"Andreia Cunha | Lusa\",\"image\":{\"@type\":\"ImageObject\",\"inLanguage\":\"pt-PT\",\"@id\":\"https:\\\/\\\/www.altominho.tv\\\/site\\\/wp-content\\\/uploads\\\/2017\\\/11\\\/Andreia_Cunha-1-150x150.jpg\",\"url\":\"https:\\\/\\\/www.altominho.tv\\\/site\\\/wp-content\\\/uploads\\\/2017\\\/11\\\/Andreia_Cunha-1-150x150.jpg\",\"contentUrl\":\"https:\\\/\\\/www.altominho.tv\\\/site\\\/wp-content\\\/uploads\\\/2017\\\/11\\\/Andreia_Cunha-1-150x150.jpg\",\"caption\":\"Andreia Cunha | Lusa\"},\"sameAs\":[\"https:\\\/\\\/www.altominho.tv\\\/site\"],\"url\":\"https:\\\/\\\/www.altominho.tv\\\/site\\\/author\\\/andreiacunhalusa\\\/\"}]}<\/script>\n<!-- \/ Yoast SEO Premium plugin. -->","yoast_head_json":{"title":"Inc\u00eandios: Arcos de Valdevez pede refor\u00e7o de investiga\u00e7\u00e3o para travar m\u00e3o criminosa","description":"Inc\u00eandios: Arcos de Valdevez pede refor\u00e7o de investiga\u00e7\u00e3o para travar m\u00e3o criminosa.","robots":{"index":"index","follow":"follow","max-snippet":"max-snippet:-1","max-image-preview":"max-image-preview:large","max-video-preview":"max-video-preview:-1"},"canonical":"https:\/\/www.altominho.tv\/site\/2024\/09\/04\/incendios-arcos-de-valdevez\/","og_locale":"pt_PT","og_type":"article","og_title":"Inc\u00eandios: Arcos de Valdevez pede refor\u00e7o de investiga\u00e7\u00e3o para travar m\u00e3o criminosa","og_description":"Inc\u00eandios: Arcos de Valdevez pede refor\u00e7o de investiga\u00e7\u00e3o para travar m\u00e3o criminosa.","og_url":"https:\/\/www.altominho.tv\/site\/2024\/09\/04\/incendios-arcos-de-valdevez\/","og_site_name":"Altominho.tv","article_publisher":"https:\/\/www.facebook.com\/altominhotv","article_published_time":"2024-09-04T13:44:02+00:00","article_modified_time":"2024-09-04T13:44:04+00:00","og_image":[{"width":1920,"height":1080,"url":"https:\/\/www.altominho.tv\/site\/wp-content\/uploads\/2024\/09\/incendio-11.jpg","type":"image\/jpeg"}],"author":"Andreia Cunha | Lusa","twitter_card":"summary_large_image","twitter_creator":"@altominhoTV","twitter_site":"@altominhoTV","twitter_misc":{"Escrito por":"Andreia Cunha | Lusa","Tempo estimado de leitura":"3 minutos"},"schema":{"@context":"https:\/\/schema.org","@graph":[{"@type":"Article","@id":"https:\/\/www.altominho.tv\/site\/2024\/09\/04\/incendios-arcos-de-valdevez\/#article","isPartOf":{"@id":"https:\/\/www.altominho.tv\/site\/2024\/09\/04\/incendios-arcos-de-valdevez\/"},"author":{"name":"Andreia Cunha | Lusa","@id":"https:\/\/www.altominho.tv\/site\/#\/schema\/person\/dbaf181c01b51ff40c9f461a905d321e"},"headline":"Inc\u00eandios: Arcos de Valdevez pede refor\u00e7o de investiga\u00e7\u00e3o para travar m\u00e3o criminosa","datePublished":"2024-09-04T13:44:02+00:00","dateModified":"2024-09-04T13:44:04+00:00","mainEntityOfPage":{"@id":"https:\/\/www.altominho.tv\/site\/2024\/09\/04\/incendios-arcos-de-valdevez\/"},"wordCount":506,"image":{"@id":"https:\/\/www.altominho.tv\/site\/2024\/09\/04\/incendios-arcos-de-valdevez\/#primaryimage"},"thumbnailUrl":"https:\/\/www.altominho.tv\/site\/wp-content\/uploads\/2024\/09\/incendio-11.jpg","keywords":["Sociedade"],"articleSection":["Arcos de Valdevez"],"inLanguage":"pt-PT","copyrightYear":"2024","copyrightHolder":{"@id":"https:\/\/www.altominho.tv\/site\/#organization"}},{"@type":"WebPage","@id":"https:\/\/www.altominho.tv\/site\/2024\/09\/04\/incendios-arcos-de-valdevez\/","url":"https:\/\/www.altominho.tv\/site\/2024\/09\/04\/incendios-arcos-de-valdevez\/","name":"Inc\u00eandios: Arcos de Valdevez pede refor\u00e7o de investiga\u00e7\u00e3o para travar m\u00e3o criminosa","isPartOf":{"@id":"https:\/\/www.altominho.tv\/site\/#website"},"primaryImageOfPage":{"@id":"https:\/\/www.altominho.tv\/site\/2024\/09\/04\/incendios-arcos-de-valdevez\/#primaryimage"},"image":{"@id":"https:\/\/www.altominho.tv\/site\/2024\/09\/04\/incendios-arcos-de-valdevez\/#primaryimage"},"thumbnailUrl":"https:\/\/www.altominho.tv\/site\/wp-content\/uploads\/2024\/09\/incendio-11.jpg","datePublished":"2024-09-04T13:44:02+00:00","dateModified":"2024-09-04T13:44:04+00:00","author":{"@id":"https:\/\/www.altominho.tv\/site\/#\/schema\/person\/dbaf181c01b51ff40c9f461a905d321e"},"description":"Inc\u00eandios: Arcos de Valdevez pede refor\u00e7o de investiga\u00e7\u00e3o para travar m\u00e3o criminosa.","breadcrumb":{"@id":"https:\/\/www.altominho.tv\/site\/2024\/09\/04\/incendios-arcos-de-valdevez\/#breadcrumb"},"inLanguage":"pt-PT","potentialAction":[{"@type":"ReadAction","target":["https:\/\/www.altominho.tv\/site\/2024\/09\/04\/incendios-arcos-de-valdevez\/"]}]},{"@type":"ImageObject","inLanguage":"pt-PT","@id":"https:\/\/www.altominho.tv\/site\/2024\/09\/04\/incendios-arcos-de-valdevez\/#primaryimage","url":"https:\/\/www.altominho.tv\/site\/wp-content\/uploads\/2024\/09\/incendio-11.jpg","contentUrl":"https:\/\/www.altominho.tv\/site\/wp-content\/uploads\/2024\/09\/incendio-11.jpg","width":1920,"height":1080,"caption":"Imagem de arquivo"},{"@type":"BreadcrumbList","@id":"https:\/\/www.altominho.tv\/site\/2024\/09\/04\/incendios-arcos-de-valdevez\/#breadcrumb","itemListElement":[{"@type":"ListItem","position":1,"name":"In\u00edcio","item":"https:\/\/www.altominho.tv\/site\/"},{"@type":"ListItem","position":2,"name":"Inc\u00eandios: Arcos de Valdevez pede refor\u00e7o de investiga\u00e7\u00e3o para travar m\u00e3o criminosa"}]},{"@type":"WebSite","@id":"https:\/\/www.altominho.tv\/site\/#website","url":"https:\/\/www.altominho.tv\/site\/","name":"Altominho.tv","description":"A sua regi\u00e3o \u00e0 dist\u00e2ncia de um clique...","potentialAction":[{"@type":"SearchAction","target":{"@type":"EntryPoint","urlTemplate":"https:\/\/www.altominho.tv\/site\/?s={search_term_string}"},"query-input":{"@type":"PropertyValueSpecification","valueRequired":true,"valueName":"search_term_string"}}],"inLanguage":"pt-PT"},{"@type":"Person","@id":"https:\/\/www.altominho.tv\/site\/#\/schema\/person\/dbaf181c01b51ff40c9f461a905d321e","name":"Andreia Cunha | Lusa","image":{"@type":"ImageObject","inLanguage":"pt-PT","@id":"https:\/\/www.altominho.tv\/site\/wp-content\/uploads\/2017\/11\/Andreia_Cunha-1-150x150.jpg","url":"https:\/\/www.altominho.tv\/site\/wp-content\/uploads\/2017\/11\/Andreia_Cunha-1-150x150.jpg","contentUrl":"https:\/\/www.altominho.tv\/site\/wp-content\/uploads\/2017\/11\/Andreia_Cunha-1-150x150.jpg","caption":"Andreia Cunha | Lusa"},"sameAs":["https:\/\/www.altominho.tv\/site"],"url":"https:\/\/www.altominho.tv\/site\/author\/andreiacunhalusa\/"}]}},"_links":{"self":[{"href":"https:\/\/www.altominho.tv\/site\/wp-json\/wp\/v2\/posts\/110245","targetHints":{"allow":["GET"]}}],"collection":[{"href":"https:\/\/www.altominho.tv\/site\/wp-json\/wp\/v2\/posts"}],"about":[{"href":"https:\/\/www.altominho.tv\/site\/wp-json\/wp\/v2\/types\/post"}],"author":[{"embeddable":true,"href":"https:\/\/www.altominho.tv\/site\/wp-json\/wp\/v2\/users\/16"}],"replies":[{"embeddable":true,"href":"https:\/\/www.altominho.tv\/site\/wp-json\/wp\/v2\/comments?post=110245"}],"version-history":[{"count":1,"href":"https:\/\/www.altominho.tv\/site\/wp-json\/wp\/v2\/posts\/110245\/revisions"}],"predecessor-version":[{"id":110250,"href":"https:\/\/www.altominho.tv\/site\/wp-json\/wp\/v2\/posts\/110245\/revisions\/110250"}],"wp:featuredmedia":[{"embeddable":true,"href":"https:\/\/www.altominho.tv\/site\/wp-json\/wp\/v2\/media\/110249"}],"wp:attachment":[{"href":"https:\/\/www.altominho.tv\/site\/wp-json\/wp\/v2\/media?parent=110245"}],"wp:term":[{"taxonomy":"category","embeddable":true,"href":"https:\/\/www.altominho.tv\/site\/wp-json\/wp\/v2\/categories?post=110245"},{"taxonomy":"post_tag","embeddable":true,"href":"https:\/\/www.altominho.tv\/site\/wp-json\/wp\/v2\/tags?post=110245"}],"curies":[{"name":"wp","href":"https:\/\/api.w.org\/{rel}","templated":true}]}}