{"id":110114,"date":"2024-08-30T16:25:06","date_gmt":"2024-08-30T15:25:06","guid":{"rendered":"https:\/\/www.altominho.tv\/site\/?p=110114"},"modified":"2024-08-30T16:25:08","modified_gmt":"2024-08-30T15:25:08","slug":"taxa-turistica-de-caminha-entra-em-vigor-na-quinta-feira","status":"publish","type":"post","link":"https:\/\/www.altominho.tv\/site\/2024\/08\/30\/taxa-turistica-de-caminha-entra-em-vigor-na-quinta-feira\/","title":{"rendered":"Taxa tur\u00edstica de Caminha entra em vigor na quinta-feira"},"content":{"rendered":"<p>A taxa tur\u00edstica de Caminha, de 1,50 euros na \u00e9poca alta, entra em vigor na quinta-feira, n\u00e3o se aplica a reservas anteriores e o sistema vai estar \u201csob avalia\u00e7\u00e3o\u201d da autarquia, revelou hoje o presidente.<\/p>\n<p>Em declara\u00e7\u00f5es \u00e0 Lusa, o presidente da C\u00e2mara de Caminha, Rui Lages (PS) indicou que \u201co n\u00famero de dormidas tem vindo a aumentar no concelho, o que coloca novos desafios, por exemplo na recolha de res\u00edduos\u201d, pelo que estava na altura de fazer a experi\u00eancia da aplica\u00e7\u00e3o da taxa tur\u00edstica.<\/p>\n<p>O regulamento da taxa tur\u00edstica de Caminha foi publicado no Di\u00e1rio da Rep\u00fablica a 05 de agosto, com a indica\u00e7\u00e3o de que entraria \u201cem vigor no m\u00eas seguinte \u00e0 sua publica\u00e7\u00e3o\u201d, pelo que a taxa come\u00e7a a ser cobrada a 5 de setembro, afirmou Rui Lages.<\/p>\n<p>O pagamento da taxa \u00e9 devido a partir dos 16 anos e limitado a um m\u00e1ximo de \u201csete noites seguidas\u201d.<\/p>\n<p>O valor \u00e9 de 1,50 euros na \u00e9poca alta e de um euro durante a \u00e9poca baixa.<\/p>\n<p>A taxa aplica-se a todos os estabelecimentos de hospedagem, incluindo alojamento local, parques de campismo e caravanismo.<\/p>\n<p>Ficam isentos do pagamento peregrinos de Santiago de Compostela, Espanha, e de F\u00e1tima, desde que devidamente credenciados e apenas na primeira noite.<\/p>\n<p>Igualmente isentos ficam os \u201ccidad\u00e3os portadores de defici\u00eancia, com incapacidade igual ou superior a 60%, desde que apresentem comprovativo desta condi\u00e7\u00e3o\u201d, e \u201cantigos combatentes ou vi\u00fava\/vi\u00favo de antigo combatente que detenha o cart\u00e3o\u201d.<\/p>\n<p>O mesmo se aplica a \u201ccidad\u00e3os cuja estadia seja motivada por situa\u00e7\u00f5es de despejo ou situa\u00e7\u00f5es que impliquem o desalojamento em situa\u00e7\u00f5es an\u00e1logas, devidamente comprovadas\u201d, ou que sejam \u201ctemporariamente instalados pelos organismos sociais p\u00fablicos do Estado e\/ou municipais, em estabelecimentos de alojamento de cariz social ou tur\u00edsticos\u201d.<\/p>\n<p>A isen\u00e7\u00e3o abrange ainda quem seja alojado por situa\u00e7\u00f5es \u201cde emerg\u00eancia social ou da prote\u00e7\u00e3o civil\u201d ou que, \u201cpor raz\u00f5es de conflito e deslocados dos seus pa\u00edses de origem\u201d, residam \u201ctemporariamente em Portugal, desde que devidamente comprovado pelos servi\u00e7os respons\u00e1veis desse pedido de asilo\u201d.<\/p>\n<p>Entre as justifica\u00e7\u00f5es para a aplica\u00e7\u00e3o da taxa, o munic\u00edpio indica \u201cas estat\u00edsticas que revelam um crescimento significativo da taxa de ocupa\u00e7\u00e3o tur\u00edstica nos \u00faltimos anos\u201d.<br \/>\n\u201cDesde 2013 at\u00e9 2022 o n\u00famero de dormidas no concelho de Caminha passou de 46.992 para 117.208, isto \u00e9, cresceu 249,42%\u201d, observa a c\u00e2mara.<\/p>\n<p>O regulamento indica ainda que a oferta hoteleira \u00e9 atualmente de \u201c512 quartos, 325 em instala\u00e7\u00f5es hoteleiras, 118 em alojamento local e 69 em turismo no espa\u00e7o rural e de habita\u00e7\u00e3o\u201d.<\/p>\n","protected":false},"excerpt":{"rendered":"<p>A taxa tur\u00edstica de Caminha, de 1,50 euros na \u00e9poca alta, entra em vigor na quinta-feira, n\u00e3o se aplica a reservas anteriores e o sistema vai estar \u201csob avalia\u00e7\u00e3o\u201d da autarquia, revelou hoje o presidente. Em declara\u00e7\u00f5es \u00e0 Lusa, o presidente da C\u00e2mara de Caminha, Rui Lages (PS) indicou que \u201co n\u00famero de dormidas tem [&hellip;]<\/p>\n","protected":false},"author":13,"featured_media":107670,"comment_status":"closed","ping_status":"closed","sticky":false,"template":"","format":"standard","meta":{"_exactmetrics_skip_tracking":false,"_exactmetrics_sitenote_active":false,"_exactmetrics_sitenote_note":"","_exactmetrics_sitenote_category":0,"footnotes":""},"categories":[7],"tags":[56329],"class_list":["post-110114","post","type-post","status-publish","format-standard","has-post-thumbnail","hentry","category-caminha","tag-turismo"],"yoast_head":"<!-- This site is optimized with the Yoast SEO Premium plugin v27.5 (Yoast SEO v27.5) - https:\/\/yoast.com\/product\/yoast-seo-premium-wordpress\/ -->\n<title>Taxa tur\u00edstica de Caminha entra em vigor na quinta-feira<\/title>\n<meta name=\"description\" content=\"A taxa tur\u00edstica de Caminha, de 1,50 euros na \u00e9poca alta, entra em vigor na quinta-feira, n\u00e3o se aplica a reservas anteriores e o sistema vai estar \u201csob avalia\u00e7\u00e3o\u201d da autarquia, revelou hoje o presidente.\" \/>\n<meta name=\"robots\" content=\"index, follow, max-snippet:-1, max-image-preview:large, max-video-preview:-1\" \/>\n<link rel=\"canonical\" href=\"https:\/\/www.altominho.tv\/site\/2024\/08\/30\/taxa-turistica-de-caminha-entra-em-vigor-na-quinta-feira\/\" \/>\n<meta property=\"og:locale\" content=\"pt_PT\" \/>\n<meta property=\"og:type\" content=\"article\" \/>\n<meta property=\"og:title\" content=\"Taxa tur\u00edstica de Caminha entra em vigor na quinta-feira\" \/>\n<meta property=\"og:description\" content=\"A taxa tur\u00edstica de Caminha, de 1,50 euros na \u00e9poca alta, entra em vigor na quinta-feira, n\u00e3o se aplica a reservas anteriores e o sistema vai estar \u201csob avalia\u00e7\u00e3o\u201d da autarquia, revelou hoje o presidente.\" \/>\n<meta property=\"og:url\" content=\"https:\/\/www.altominho.tv\/site\/2024\/08\/30\/taxa-turistica-de-caminha-entra-em-vigor-na-quinta-feira\/\" \/>\n<meta property=\"og:site_name\" content=\"Altominho.tv\" \/>\n<meta property=\"article:publisher\" content=\"https:\/\/www.facebook.com\/altominhotv\" \/>\n<meta property=\"article:published_time\" content=\"2024-08-30T15:25:06+00:00\" \/>\n<meta property=\"article:modified_time\" content=\"2024-08-30T15:25:08+00:00\" \/>\n<meta property=\"og:image\" content=\"https:\/\/www.altominho.tv\/site\/wp-content\/uploads\/2024\/06\/caminha-1.jpeg\" \/>\n\t<meta property=\"og:image:width\" content=\"1505\" \/>\n\t<meta property=\"og:image:height\" content=\"800\" \/>\n\t<meta property=\"og:image:type\" content=\"image\/jpeg\" \/>\n<meta name=\"author\" content=\"Lusa\" \/>\n<meta name=\"twitter:card\" content=\"summary_large_image\" \/>\n<meta name=\"twitter:creator\" content=\"@altominhoTV\" \/>\n<meta name=\"twitter:site\" content=\"@altominhoTV\" \/>\n<meta name=\"twitter:label1\" content=\"Escrito por\" \/>\n\t<meta name=\"twitter:data1\" content=\"Lusa\" \/>\n\t<meta name=\"twitter:label2\" content=\"Tempo estimado de leitura\" \/>\n\t<meta name=\"twitter:data2\" content=\"3 minutos\" \/>\n<script type=\"application\/ld+json\" class=\"yoast-schema-graph\">{\"@context\":\"https:\\\/\\\/schema.org\",\"@graph\":[{\"@type\":\"Article\",\"@id\":\"https:\\\/\\\/www.altominho.tv\\\/site\\\/2024\\\/08\\\/30\\\/taxa-turistica-de-caminha-entra-em-vigor-na-quinta-feira\\\/#article\",\"isPartOf\":{\"@id\":\"https:\\\/\\\/www.altominho.tv\\\/site\\\/2024\\\/08\\\/30\\\/taxa-turistica-de-caminha-entra-em-vigor-na-quinta-feira\\\/\"},\"author\":{\"name\":\"Lusa\",\"@id\":\"https:\\\/\\\/www.altominho.tv\\\/site\\\/#\\\/schema\\\/person\\\/63f693da3e1899361cbe955c46f3232e\"},\"headline\":\"Taxa tur\u00edstica de Caminha entra em vigor na quinta-feira\",\"datePublished\":\"2024-08-30T15:25:06+00:00\",\"dateModified\":\"2024-08-30T15:25:08+00:00\",\"mainEntityOfPage\":{\"@id\":\"https:\\\/\\\/www.altominho.tv\\\/site\\\/2024\\\/08\\\/30\\\/taxa-turistica-de-caminha-entra-em-vigor-na-quinta-feira\\\/\"},\"wordCount\":454,\"image\":{\"@id\":\"https:\\\/\\\/www.altominho.tv\\\/site\\\/2024\\\/08\\\/30\\\/taxa-turistica-de-caminha-entra-em-vigor-na-quinta-feira\\\/#primaryimage\"},\"thumbnailUrl\":\"https:\\\/\\\/www.altominho.tv\\\/site\\\/wp-content\\\/uploads\\\/2024\\\/06\\\/caminha-1.jpeg\",\"keywords\":[\"Turismo\"],\"articleSection\":[\"Caminha\"],\"inLanguage\":\"pt-PT\",\"copyrightYear\":\"2024\",\"copyrightHolder\":{\"@id\":\"https:\\\/\\\/www.altominho.tv\\\/site\\\/#organization\"}},{\"@type\":\"WebPage\",\"@id\":\"https:\\\/\\\/www.altominho.tv\\\/site\\\/2024\\\/08\\\/30\\\/taxa-turistica-de-caminha-entra-em-vigor-na-quinta-feira\\\/\",\"url\":\"https:\\\/\\\/www.altominho.tv\\\/site\\\/2024\\\/08\\\/30\\\/taxa-turistica-de-caminha-entra-em-vigor-na-quinta-feira\\\/\",\"name\":\"Taxa tur\u00edstica de Caminha entra em vigor na quinta-feira\",\"isPartOf\":{\"@id\":\"https:\\\/\\\/www.altominho.tv\\\/site\\\/#website\"},\"primaryImageOfPage\":{\"@id\":\"https:\\\/\\\/www.altominho.tv\\\/site\\\/2024\\\/08\\\/30\\\/taxa-turistica-de-caminha-entra-em-vigor-na-quinta-feira\\\/#primaryimage\"},\"image\":{\"@id\":\"https:\\\/\\\/www.altominho.tv\\\/site\\\/2024\\\/08\\\/30\\\/taxa-turistica-de-caminha-entra-em-vigor-na-quinta-feira\\\/#primaryimage\"},\"thumbnailUrl\":\"https:\\\/\\\/www.altominho.tv\\\/site\\\/wp-content\\\/uploads\\\/2024\\\/06\\\/caminha-1.jpeg\",\"datePublished\":\"2024-08-30T15:25:06+00:00\",\"dateModified\":\"2024-08-30T15:25:08+00:00\",\"author\":{\"@id\":\"https:\\\/\\\/www.altominho.tv\\\/site\\\/#\\\/schema\\\/person\\\/63f693da3e1899361cbe955c46f3232e\"},\"description\":\"A taxa tur\u00edstica de Caminha, de 1,50 euros na \u00e9poca alta, entra em vigor na quinta-feira, n\u00e3o se aplica a reservas anteriores e o sistema vai estar \u201csob avalia\u00e7\u00e3o\u201d da autarquia, revelou hoje o presidente.\",\"breadcrumb\":{\"@id\":\"https:\\\/\\\/www.altominho.tv\\\/site\\\/2024\\\/08\\\/30\\\/taxa-turistica-de-caminha-entra-em-vigor-na-quinta-feira\\\/#breadcrumb\"},\"inLanguage\":\"pt-PT\",\"potentialAction\":[{\"@type\":\"ReadAction\",\"target\":[\"https:\\\/\\\/www.altominho.tv\\\/site\\\/2024\\\/08\\\/30\\\/taxa-turistica-de-caminha-entra-em-vigor-na-quinta-feira\\\/\"]}]},{\"@type\":\"ImageObject\",\"inLanguage\":\"pt-PT\",\"@id\":\"https:\\\/\\\/www.altominho.tv\\\/site\\\/2024\\\/08\\\/30\\\/taxa-turistica-de-caminha-entra-em-vigor-na-quinta-feira\\\/#primaryimage\",\"url\":\"https:\\\/\\\/www.altominho.tv\\\/site\\\/wp-content\\\/uploads\\\/2024\\\/06\\\/caminha-1.jpeg\",\"contentUrl\":\"https:\\\/\\\/www.altominho.tv\\\/site\\\/wp-content\\\/uploads\\\/2024\\\/06\\\/caminha-1.jpeg\",\"width\":1505,\"height\":800},{\"@type\":\"BreadcrumbList\",\"@id\":\"https:\\\/\\\/www.altominho.tv\\\/site\\\/2024\\\/08\\\/30\\\/taxa-turistica-de-caminha-entra-em-vigor-na-quinta-feira\\\/#breadcrumb\",\"itemListElement\":[{\"@type\":\"ListItem\",\"position\":1,\"name\":\"In\u00edcio\",\"item\":\"https:\\\/\\\/www.altominho.tv\\\/site\\\/\"},{\"@type\":\"ListItem\",\"position\":2,\"name\":\"Taxa tur\u00edstica de Caminha entra em vigor na quinta-feira\"}]},{\"@type\":\"WebSite\",\"@id\":\"https:\\\/\\\/www.altominho.tv\\\/site\\\/#website\",\"url\":\"https:\\\/\\\/www.altominho.tv\\\/site\\\/\",\"name\":\"Altominho.tv\",\"description\":\"A sua regi\u00e3o \u00e0 dist\u00e2ncia de um clique...\",\"potentialAction\":[{\"@type\":\"SearchAction\",\"target\":{\"@type\":\"EntryPoint\",\"urlTemplate\":\"https:\\\/\\\/www.altominho.tv\\\/site\\\/?s={search_term_string}\"},\"query-input\":{\"@type\":\"PropertyValueSpecification\",\"valueRequired\":true,\"valueName\":\"search_term_string\"}}],\"inLanguage\":\"pt-PT\"},{\"@type\":\"Person\",\"@id\":\"https:\\\/\\\/www.altominho.tv\\\/site\\\/#\\\/schema\\\/person\\\/63f693da3e1899361cbe955c46f3232e\",\"name\":\"Lusa\",\"image\":{\"@type\":\"ImageObject\",\"inLanguage\":\"pt-PT\",\"@id\":\"https:\\\/\\\/www.altominho.tv\\\/site\\\/wp-content\\\/uploads\\\/2019\\\/08\\\/LUSA_Logo.gif\",\"url\":\"https:\\\/\\\/www.altominho.tv\\\/site\\\/wp-content\\\/uploads\\\/2019\\\/08\\\/LUSA_Logo.gif\",\"contentUrl\":\"https:\\\/\\\/www.altominho.tv\\\/site\\\/wp-content\\\/uploads\\\/2019\\\/08\\\/LUSA_Logo.gif\",\"caption\":\"Lusa\"},\"sameAs\":[\"http:\\\/\\\/\\\/\\\/www.altominho.tv\\\/site\"],\"url\":\"https:\\\/\\\/www.altominho.tv\\\/site\\\/author\\\/lusa\\\/\"}]}<\/script>\n<!-- \/ Yoast SEO Premium plugin. -->","yoast_head_json":{"title":"Taxa tur\u00edstica de Caminha entra em vigor na quinta-feira","description":"A taxa tur\u00edstica de Caminha, de 1,50 euros na \u00e9poca alta, entra em vigor na quinta-feira, n\u00e3o se aplica a reservas anteriores e o sistema vai estar \u201csob avalia\u00e7\u00e3o\u201d da autarquia, revelou hoje o presidente.","robots":{"index":"index","follow":"follow","max-snippet":"max-snippet:-1","max-image-preview":"max-image-preview:large","max-video-preview":"max-video-preview:-1"},"canonical":"https:\/\/www.altominho.tv\/site\/2024\/08\/30\/taxa-turistica-de-caminha-entra-em-vigor-na-quinta-feira\/","og_locale":"pt_PT","og_type":"article","og_title":"Taxa tur\u00edstica de Caminha entra em vigor na quinta-feira","og_description":"A taxa tur\u00edstica de Caminha, de 1,50 euros na \u00e9poca alta, entra em vigor na quinta-feira, n\u00e3o se aplica a reservas anteriores e o sistema vai estar \u201csob avalia\u00e7\u00e3o\u201d da autarquia, revelou hoje o presidente.","og_url":"https:\/\/www.altominho.tv\/site\/2024\/08\/30\/taxa-turistica-de-caminha-entra-em-vigor-na-quinta-feira\/","og_site_name":"Altominho.tv","article_publisher":"https:\/\/www.facebook.com\/altominhotv","article_published_time":"2024-08-30T15:25:06+00:00","article_modified_time":"2024-08-30T15:25:08+00:00","og_image":[{"width":1505,"height":800,"url":"https:\/\/www.altominho.tv\/site\/wp-content\/uploads\/2024\/06\/caminha-1.jpeg","type":"image\/jpeg"}],"author":"Lusa","twitter_card":"summary_large_image","twitter_creator":"@altominhoTV","twitter_site":"@altominhoTV","twitter_misc":{"Escrito por":"Lusa","Tempo estimado de leitura":"3 minutos"},"schema":{"@context":"https:\/\/schema.org","@graph":[{"@type":"Article","@id":"https:\/\/www.altominho.tv\/site\/2024\/08\/30\/taxa-turistica-de-caminha-entra-em-vigor-na-quinta-feira\/#article","isPartOf":{"@id":"https:\/\/www.altominho.tv\/site\/2024\/08\/30\/taxa-turistica-de-caminha-entra-em-vigor-na-quinta-feira\/"},"author":{"name":"Lusa","@id":"https:\/\/www.altominho.tv\/site\/#\/schema\/person\/63f693da3e1899361cbe955c46f3232e"},"headline":"Taxa tur\u00edstica de Caminha entra em vigor na quinta-feira","datePublished":"2024-08-30T15:25:06+00:00","dateModified":"2024-08-30T15:25:08+00:00","mainEntityOfPage":{"@id":"https:\/\/www.altominho.tv\/site\/2024\/08\/30\/taxa-turistica-de-caminha-entra-em-vigor-na-quinta-feira\/"},"wordCount":454,"image":{"@id":"https:\/\/www.altominho.tv\/site\/2024\/08\/30\/taxa-turistica-de-caminha-entra-em-vigor-na-quinta-feira\/#primaryimage"},"thumbnailUrl":"https:\/\/www.altominho.tv\/site\/wp-content\/uploads\/2024\/06\/caminha-1.jpeg","keywords":["Turismo"],"articleSection":["Caminha"],"inLanguage":"pt-PT","copyrightYear":"2024","copyrightHolder":{"@id":"https:\/\/www.altominho.tv\/site\/#organization"}},{"@type":"WebPage","@id":"https:\/\/www.altominho.tv\/site\/2024\/08\/30\/taxa-turistica-de-caminha-entra-em-vigor-na-quinta-feira\/","url":"https:\/\/www.altominho.tv\/site\/2024\/08\/30\/taxa-turistica-de-caminha-entra-em-vigor-na-quinta-feira\/","name":"Taxa tur\u00edstica de Caminha entra em vigor na quinta-feira","isPartOf":{"@id":"https:\/\/www.altominho.tv\/site\/#website"},"primaryImageOfPage":{"@id":"https:\/\/www.altominho.tv\/site\/2024\/08\/30\/taxa-turistica-de-caminha-entra-em-vigor-na-quinta-feira\/#primaryimage"},"image":{"@id":"https:\/\/www.altominho.tv\/site\/2024\/08\/30\/taxa-turistica-de-caminha-entra-em-vigor-na-quinta-feira\/#primaryimage"},"thumbnailUrl":"https:\/\/www.altominho.tv\/site\/wp-content\/uploads\/2024\/06\/caminha-1.jpeg","datePublished":"2024-08-30T15:25:06+00:00","dateModified":"2024-08-30T15:25:08+00:00","author":{"@id":"https:\/\/www.altominho.tv\/site\/#\/schema\/person\/63f693da3e1899361cbe955c46f3232e"},"description":"A taxa tur\u00edstica de Caminha, de 1,50 euros na \u00e9poca alta, entra em vigor na quinta-feira, n\u00e3o se aplica a reservas anteriores e o sistema vai estar \u201csob avalia\u00e7\u00e3o\u201d da autarquia, revelou hoje o presidente.","breadcrumb":{"@id":"https:\/\/www.altominho.tv\/site\/2024\/08\/30\/taxa-turistica-de-caminha-entra-em-vigor-na-quinta-feira\/#breadcrumb"},"inLanguage":"pt-PT","potentialAction":[{"@type":"ReadAction","target":["https:\/\/www.altominho.tv\/site\/2024\/08\/30\/taxa-turistica-de-caminha-entra-em-vigor-na-quinta-feira\/"]}]},{"@type":"ImageObject","inLanguage":"pt-PT","@id":"https:\/\/www.altominho.tv\/site\/2024\/08\/30\/taxa-turistica-de-caminha-entra-em-vigor-na-quinta-feira\/#primaryimage","url":"https:\/\/www.altominho.tv\/site\/wp-content\/uploads\/2024\/06\/caminha-1.jpeg","contentUrl":"https:\/\/www.altominho.tv\/site\/wp-content\/uploads\/2024\/06\/caminha-1.jpeg","width":1505,"height":800},{"@type":"BreadcrumbList","@id":"https:\/\/www.altominho.tv\/site\/2024\/08\/30\/taxa-turistica-de-caminha-entra-em-vigor-na-quinta-feira\/#breadcrumb","itemListElement":[{"@type":"ListItem","position":1,"name":"In\u00edcio","item":"https:\/\/www.altominho.tv\/site\/"},{"@type":"ListItem","position":2,"name":"Taxa tur\u00edstica de Caminha entra em vigor na quinta-feira"}]},{"@type":"WebSite","@id":"https:\/\/www.altominho.tv\/site\/#website","url":"https:\/\/www.altominho.tv\/site\/","name":"Altominho.tv","description":"A sua regi\u00e3o \u00e0 dist\u00e2ncia de um clique...","potentialAction":[{"@type":"SearchAction","target":{"@type":"EntryPoint","urlTemplate":"https:\/\/www.altominho.tv\/site\/?s={search_term_string}"},"query-input":{"@type":"PropertyValueSpecification","valueRequired":true,"valueName":"search_term_string"}}],"inLanguage":"pt-PT"},{"@type":"Person","@id":"https:\/\/www.altominho.tv\/site\/#\/schema\/person\/63f693da3e1899361cbe955c46f3232e","name":"Lusa","image":{"@type":"ImageObject","inLanguage":"pt-PT","@id":"https:\/\/www.altominho.tv\/site\/wp-content\/uploads\/2019\/08\/LUSA_Logo.gif","url":"https:\/\/www.altominho.tv\/site\/wp-content\/uploads\/2019\/08\/LUSA_Logo.gif","contentUrl":"https:\/\/www.altominho.tv\/site\/wp-content\/uploads\/2019\/08\/LUSA_Logo.gif","caption":"Lusa"},"sameAs":["http:\/\/\/\/www.altominho.tv\/site"],"url":"https:\/\/www.altominho.tv\/site\/author\/lusa\/"}]}},"_links":{"self":[{"href":"https:\/\/www.altominho.tv\/site\/wp-json\/wp\/v2\/posts\/110114","targetHints":{"allow":["GET"]}}],"collection":[{"href":"https:\/\/www.altominho.tv\/site\/wp-json\/wp\/v2\/posts"}],"about":[{"href":"https:\/\/www.altominho.tv\/site\/wp-json\/wp\/v2\/types\/post"}],"author":[{"embeddable":true,"href":"https:\/\/www.altominho.tv\/site\/wp-json\/wp\/v2\/users\/13"}],"replies":[{"embeddable":true,"href":"https:\/\/www.altominho.tv\/site\/wp-json\/wp\/v2\/comments?post=110114"}],"version-history":[{"count":1,"href":"https:\/\/www.altominho.tv\/site\/wp-json\/wp\/v2\/posts\/110114\/revisions"}],"predecessor-version":[{"id":110115,"href":"https:\/\/www.altominho.tv\/site\/wp-json\/wp\/v2\/posts\/110114\/revisions\/110115"}],"wp:featuredmedia":[{"embeddable":true,"href":"https:\/\/www.altominho.tv\/site\/wp-json\/wp\/v2\/media\/107670"}],"wp:attachment":[{"href":"https:\/\/www.altominho.tv\/site\/wp-json\/wp\/v2\/media?parent=110114"}],"wp:term":[{"taxonomy":"category","embeddable":true,"href":"https:\/\/www.altominho.tv\/site\/wp-json\/wp\/v2\/categories?post=110114"},{"taxonomy":"post_tag","embeddable":true,"href":"https:\/\/www.altominho.tv\/site\/wp-json\/wp\/v2\/tags?post=110114"}],"curies":[{"name":"wp","href":"https:\/\/api.w.org\/{rel}","templated":true}]}}