{"id":109971,"date":"2024-08-26T11:38:03","date_gmt":"2024-08-26T10:38:03","guid":{"rendered":"https:\/\/www.altominho.tv\/site\/?p=109971"},"modified":"2024-08-26T11:38:05","modified_gmt":"2024-08-26T10:38:05","slug":"arcos-de-valdevez-senhora-da-peneda-peneda-romarias","status":"publish","type":"post","link":"https:\/\/www.altominho.tv\/site\/2024\/08\/26\/arcos-de-valdevez-senhora-da-peneda-peneda-romarias\/","title":{"rendered":"Romaria de Nossa Senhora da Peneda realiza-se de 31 de agosto a 8 de setembro"},"content":{"rendered":"\n<p>A Tradicional Romaria de Nossa Senhora da Peneda, no concelho de Arcos de Valdevez, realiza-se de 31 de agosto a 8 de setembro.<\/p>\n\n\n\n<p>Uma semana de festa, com um programa diverso.<\/p>\n\n\n\n<p>A Romaria come\u00e7a j\u00e1 este s\u00e1bado, com a eucaristia pelas 12h00.<\/p>\n\n\n\n<p>Os restantes destaques do programa, s\u00e3o a atua\u00e7\u00e3o de Grupos Folcl\u00f3ricos, a Via Sacra, o concerto de Augusto Can\u00e1rio, a Eucaristia em Castelhano, a Ben\u00e7\u00e3o das Concertinas, o Baile Popular e ainda a Prociss\u00e3o de Velas.<\/p>\n\n\n\n<p>A Romaria termina no domingo, dia 8 de agosto, com a Eucaristia e Prociss\u00e3o, presidida pelo Bispo da Diocese de Viana do Castelo, D. Jo\u00e3o Lavrador. <\/p>\n\n\n\n<figure class=\"wp-block-image size-large\"><img loading=\"lazy\" decoding=\"async\" width=\"869\" height=\"1024\" src=\"https:\/\/www.altominho.tv\/site\/wp-content\/uploads\/2024\/08\/romaria-peneda-24-869x1024.jpg\" alt=\"\" class=\"wp-image-109972\" srcset=\"https:\/\/www.altominho.tv\/site\/wp-content\/uploads\/2024\/08\/romaria-peneda-24-869x1024.jpg 869w, https:\/\/www.altominho.tv\/site\/wp-content\/uploads\/2024\/08\/romaria-peneda-24-368x433.jpg 368w, https:\/\/www.altominho.tv\/site\/wp-content\/uploads\/2024\/08\/romaria-peneda-24-768x905.jpg 768w, https:\/\/www.altominho.tv\/site\/wp-content\/uploads\/2024\/08\/romaria-peneda-24-370x436.jpg 370w, https:\/\/www.altominho.tv\/site\/wp-content\/uploads\/2024\/08\/romaria-peneda-24-270x318.jpg 270w, https:\/\/www.altominho.tv\/site\/wp-content\/uploads\/2024\/08\/romaria-peneda-24-570x671.jpg 570w, https:\/\/www.altominho.tv\/site\/wp-content\/uploads\/2024\/08\/romaria-peneda-24-740x872.jpg 740w, https:\/\/www.altominho.tv\/site\/wp-content\/uploads\/2024\/08\/romaria-peneda-24.jpg 1080w\" sizes=\"auto, (max-width: 869px) 100vw, 869px\" \/><\/figure>\n","protected":false},"excerpt":{"rendered":"<p>A Tradicional Romaria de Nossa Senhora da Peneda, no concelho de Arcos de Valdevez, realiza-se de 31 de agosto a 8 de setembro. Uma semana de festa, com um programa diverso. A Romaria come\u00e7a j\u00e1 este s\u00e1bado, com a eucaristia pelas 12h00. Os restantes destaques do programa, s\u00e3o a atua\u00e7\u00e3o de Grupos Folcl\u00f3ricos, a Via [&hellip;]<\/p>\n","protected":false},"author":7,"featured_media":109974,"comment_status":"closed","ping_status":"closed","sticky":false,"template":"","format":"standard","meta":{"_exactmetrics_skip_tracking":false,"_exactmetrics_sitenote_active":false,"_exactmetrics_sitenote_note":"","_exactmetrics_sitenote_category":0,"footnotes":""},"categories":[2],"tags":[27],"class_list":["post-109971","post","type-post","status-publish","format-standard","has-post-thumbnail","hentry","category-arcos-de-valdevez","tag-sociedade"],"yoast_head":"<!-- This site is optimized with the Yoast SEO Premium plugin v27.5 (Yoast SEO v27.5) - https:\/\/yoast.com\/product\/yoast-seo-premium-wordpress\/ -->\n<title>Romaria de Nossa Senhora da Peneda realiza-se de 31 de agosto a 8 de setembro<\/title>\n<meta name=\"description\" content=\"A tradicional Romaria de Nossa Senhora da Peneda realiza-se de 31 de agosto a 8 de setembro, com um programa diverso.\" \/>\n<meta name=\"robots\" content=\"index, follow, max-snippet:-1, max-image-preview:large, max-video-preview:-1\" \/>\n<link rel=\"canonical\" href=\"https:\/\/www.altominho.tv\/site\/2024\/08\/26\/arcos-de-valdevez-senhora-da-peneda-peneda-romarias\/\" \/>\n<meta property=\"og:locale\" content=\"pt_PT\" \/>\n<meta property=\"og:type\" content=\"article\" \/>\n<meta property=\"og:title\" content=\"Romaria de Nossa Senhora da Peneda realiza-se de 31 de agosto a 8 de setembro\" \/>\n<meta property=\"og:description\" content=\"A tradicional Romaria de Nossa Senhora da Peneda realiza-se de 31 de agosto a 8 de setembro, com um programa diverso.\" \/>\n<meta property=\"og:url\" content=\"https:\/\/www.altominho.tv\/site\/2024\/08\/26\/arcos-de-valdevez-senhora-da-peneda-peneda-romarias\/\" \/>\n<meta property=\"og:site_name\" content=\"Altominho.tv\" \/>\n<meta property=\"article:publisher\" content=\"https:\/\/www.facebook.com\/altominhotv\" \/>\n<meta property=\"article:published_time\" content=\"2024-08-26T10:38:03+00:00\" \/>\n<meta property=\"article:modified_time\" content=\"2024-08-26T10:38:05+00:00\" \/>\n<meta property=\"og:image\" content=\"https:\/\/www.altominho.tv\/site\/wp-content\/uploads\/2024\/08\/santuario-peneda.jpg\" \/>\n\t<meta property=\"og:image:width\" content=\"1280\" \/>\n\t<meta property=\"og:image:height\" content=\"720\" \/>\n\t<meta property=\"og:image:type\" content=\"image\/jpeg\" \/>\n<meta name=\"author\" content=\"Andreia Cunha\" \/>\n<meta name=\"twitter:card\" content=\"summary_large_image\" \/>\n<meta name=\"twitter:creator\" content=\"@altominhoTV\" \/>\n<meta name=\"twitter:site\" content=\"@altominhoTV\" \/>\n<meta name=\"twitter:label1\" content=\"Escrito por\" \/>\n\t<meta name=\"twitter:data1\" content=\"Andreia Cunha\" \/>\n\t<meta name=\"twitter:label2\" content=\"Tempo estimado de leitura\" \/>\n\t<meta name=\"twitter:data2\" content=\"1 minuto\" \/>\n<script type=\"application\/ld+json\" class=\"yoast-schema-graph\">{\"@context\":\"https:\\\/\\\/schema.org\",\"@graph\":[{\"@type\":\"Article\",\"@id\":\"https:\\\/\\\/www.altominho.tv\\\/site\\\/2024\\\/08\\\/26\\\/arcos-de-valdevez-senhora-da-peneda-peneda-romarias\\\/#article\",\"isPartOf\":{\"@id\":\"https:\\\/\\\/www.altominho.tv\\\/site\\\/2024\\\/08\\\/26\\\/arcos-de-valdevez-senhora-da-peneda-peneda-romarias\\\/\"},\"author\":{\"name\":\"Andreia Cunha\",\"@id\":\"https:\\\/\\\/www.altominho.tv\\\/site\\\/#\\\/schema\\\/person\\\/a0e4ef6d041f98ca284393d8f1d97153\"},\"headline\":\"Romaria de Nossa Senhora da Peneda realiza-se de 31 de agosto a 8 de setembro\",\"datePublished\":\"2024-08-26T10:38:03+00:00\",\"dateModified\":\"2024-08-26T10:38:05+00:00\",\"mainEntityOfPage\":{\"@id\":\"https:\\\/\\\/www.altominho.tv\\\/site\\\/2024\\\/08\\\/26\\\/arcos-de-valdevez-senhora-da-peneda-peneda-romarias\\\/\"},\"wordCount\":124,\"image\":{\"@id\":\"https:\\\/\\\/www.altominho.tv\\\/site\\\/2024\\\/08\\\/26\\\/arcos-de-valdevez-senhora-da-peneda-peneda-romarias\\\/#primaryimage\"},\"thumbnailUrl\":\"https:\\\/\\\/www.altominho.tv\\\/site\\\/wp-content\\\/uploads\\\/2024\\\/08\\\/santuario-peneda.jpg\",\"keywords\":[\"Sociedade\"],\"articleSection\":[\"Arcos de Valdevez\"],\"inLanguage\":\"pt-PT\",\"copyrightYear\":\"2024\",\"copyrightHolder\":{\"@id\":\"https:\\\/\\\/www.altominho.tv\\\/site\\\/#organization\"}},{\"@type\":\"WebPage\",\"@id\":\"https:\\\/\\\/www.altominho.tv\\\/site\\\/2024\\\/08\\\/26\\\/arcos-de-valdevez-senhora-da-peneda-peneda-romarias\\\/\",\"url\":\"https:\\\/\\\/www.altominho.tv\\\/site\\\/2024\\\/08\\\/26\\\/arcos-de-valdevez-senhora-da-peneda-peneda-romarias\\\/\",\"name\":\"Romaria de Nossa Senhora da Peneda realiza-se de 31 de agosto a 8 de setembro\",\"isPartOf\":{\"@id\":\"https:\\\/\\\/www.altominho.tv\\\/site\\\/#website\"},\"primaryImageOfPage\":{\"@id\":\"https:\\\/\\\/www.altominho.tv\\\/site\\\/2024\\\/08\\\/26\\\/arcos-de-valdevez-senhora-da-peneda-peneda-romarias\\\/#primaryimage\"},\"image\":{\"@id\":\"https:\\\/\\\/www.altominho.tv\\\/site\\\/2024\\\/08\\\/26\\\/arcos-de-valdevez-senhora-da-peneda-peneda-romarias\\\/#primaryimage\"},\"thumbnailUrl\":\"https:\\\/\\\/www.altominho.tv\\\/site\\\/wp-content\\\/uploads\\\/2024\\\/08\\\/santuario-peneda.jpg\",\"datePublished\":\"2024-08-26T10:38:03+00:00\",\"dateModified\":\"2024-08-26T10:38:05+00:00\",\"author\":{\"@id\":\"https:\\\/\\\/www.altominho.tv\\\/site\\\/#\\\/schema\\\/person\\\/a0e4ef6d041f98ca284393d8f1d97153\"},\"description\":\"A tradicional Romaria de Nossa Senhora da Peneda realiza-se de 31 de agosto a 8 de setembro, com um programa diverso.\",\"breadcrumb\":{\"@id\":\"https:\\\/\\\/www.altominho.tv\\\/site\\\/2024\\\/08\\\/26\\\/arcos-de-valdevez-senhora-da-peneda-peneda-romarias\\\/#breadcrumb\"},\"inLanguage\":\"pt-PT\",\"potentialAction\":[{\"@type\":\"ReadAction\",\"target\":[\"https:\\\/\\\/www.altominho.tv\\\/site\\\/2024\\\/08\\\/26\\\/arcos-de-valdevez-senhora-da-peneda-peneda-romarias\\\/\"]}]},{\"@type\":\"ImageObject\",\"inLanguage\":\"pt-PT\",\"@id\":\"https:\\\/\\\/www.altominho.tv\\\/site\\\/2024\\\/08\\\/26\\\/arcos-de-valdevez-senhora-da-peneda-peneda-romarias\\\/#primaryimage\",\"url\":\"https:\\\/\\\/www.altominho.tv\\\/site\\\/wp-content\\\/uploads\\\/2024\\\/08\\\/santuario-peneda.jpg\",\"contentUrl\":\"https:\\\/\\\/www.altominho.tv\\\/site\\\/wp-content\\\/uploads\\\/2024\\\/08\\\/santuario-peneda.jpg\",\"width\":1280,\"height\":720},{\"@type\":\"BreadcrumbList\",\"@id\":\"https:\\\/\\\/www.altominho.tv\\\/site\\\/2024\\\/08\\\/26\\\/arcos-de-valdevez-senhora-da-peneda-peneda-romarias\\\/#breadcrumb\",\"itemListElement\":[{\"@type\":\"ListItem\",\"position\":1,\"name\":\"In\u00edcio\",\"item\":\"https:\\\/\\\/www.altominho.tv\\\/site\\\/\"},{\"@type\":\"ListItem\",\"position\":2,\"name\":\"Romaria de Nossa Senhora da Peneda realiza-se de 31 de agosto a 8 de setembro\"}]},{\"@type\":\"WebSite\",\"@id\":\"https:\\\/\\\/www.altominho.tv\\\/site\\\/#website\",\"url\":\"https:\\\/\\\/www.altominho.tv\\\/site\\\/\",\"name\":\"Altominho.tv\",\"description\":\"A sua regi\u00e3o \u00e0 dist\u00e2ncia de um clique...\",\"potentialAction\":[{\"@type\":\"SearchAction\",\"target\":{\"@type\":\"EntryPoint\",\"urlTemplate\":\"https:\\\/\\\/www.altominho.tv\\\/site\\\/?s={search_term_string}\"},\"query-input\":{\"@type\":\"PropertyValueSpecification\",\"valueRequired\":true,\"valueName\":\"search_term_string\"}}],\"inLanguage\":\"pt-PT\"},{\"@type\":\"Person\",\"@id\":\"https:\\\/\\\/www.altominho.tv\\\/site\\\/#\\\/schema\\\/person\\\/a0e4ef6d041f98ca284393d8f1d97153\",\"name\":\"Andreia Cunha\",\"image\":{\"@type\":\"ImageObject\",\"inLanguage\":\"pt-PT\",\"@id\":\"https:\\\/\\\/www.altominho.tv\\\/site\\\/wp-content\\\/uploads\\\/2017\\\/11\\\/Andreia_Cunha-1-150x150.jpg\",\"url\":\"https:\\\/\\\/www.altominho.tv\\\/site\\\/wp-content\\\/uploads\\\/2017\\\/11\\\/Andreia_Cunha-1-150x150.jpg\",\"contentUrl\":\"https:\\\/\\\/www.altominho.tv\\\/site\\\/wp-content\\\/uploads\\\/2017\\\/11\\\/Andreia_Cunha-1-150x150.jpg\",\"caption\":\"Andreia Cunha\"},\"url\":\"https:\\\/\\\/www.altominho.tv\\\/site\\\/author\\\/andreiacunha\\\/\"}]}<\/script>\n<!-- \/ Yoast SEO Premium plugin. -->","yoast_head_json":{"title":"Romaria de Nossa Senhora da Peneda realiza-se de 31 de agosto a 8 de setembro","description":"A tradicional Romaria de Nossa Senhora da Peneda realiza-se de 31 de agosto a 8 de setembro, com um programa diverso.","robots":{"index":"index","follow":"follow","max-snippet":"max-snippet:-1","max-image-preview":"max-image-preview:large","max-video-preview":"max-video-preview:-1"},"canonical":"https:\/\/www.altominho.tv\/site\/2024\/08\/26\/arcos-de-valdevez-senhora-da-peneda-peneda-romarias\/","og_locale":"pt_PT","og_type":"article","og_title":"Romaria de Nossa Senhora da Peneda realiza-se de 31 de agosto a 8 de setembro","og_description":"A tradicional Romaria de Nossa Senhora da Peneda realiza-se de 31 de agosto a 8 de setembro, com um programa diverso.","og_url":"https:\/\/www.altominho.tv\/site\/2024\/08\/26\/arcos-de-valdevez-senhora-da-peneda-peneda-romarias\/","og_site_name":"Altominho.tv","article_publisher":"https:\/\/www.facebook.com\/altominhotv","article_published_time":"2024-08-26T10:38:03+00:00","article_modified_time":"2024-08-26T10:38:05+00:00","og_image":[{"width":1280,"height":720,"url":"https:\/\/www.altominho.tv\/site\/wp-content\/uploads\/2024\/08\/santuario-peneda.jpg","type":"image\/jpeg"}],"author":"Andreia Cunha","twitter_card":"summary_large_image","twitter_creator":"@altominhoTV","twitter_site":"@altominhoTV","twitter_misc":{"Escrito por":"Andreia Cunha","Tempo estimado de leitura":"1 minuto"},"schema":{"@context":"https:\/\/schema.org","@graph":[{"@type":"Article","@id":"https:\/\/www.altominho.tv\/site\/2024\/08\/26\/arcos-de-valdevez-senhora-da-peneda-peneda-romarias\/#article","isPartOf":{"@id":"https:\/\/www.altominho.tv\/site\/2024\/08\/26\/arcos-de-valdevez-senhora-da-peneda-peneda-romarias\/"},"author":{"name":"Andreia Cunha","@id":"https:\/\/www.altominho.tv\/site\/#\/schema\/person\/a0e4ef6d041f98ca284393d8f1d97153"},"headline":"Romaria de Nossa Senhora da Peneda realiza-se de 31 de agosto a 8 de setembro","datePublished":"2024-08-26T10:38:03+00:00","dateModified":"2024-08-26T10:38:05+00:00","mainEntityOfPage":{"@id":"https:\/\/www.altominho.tv\/site\/2024\/08\/26\/arcos-de-valdevez-senhora-da-peneda-peneda-romarias\/"},"wordCount":124,"image":{"@id":"https:\/\/www.altominho.tv\/site\/2024\/08\/26\/arcos-de-valdevez-senhora-da-peneda-peneda-romarias\/#primaryimage"},"thumbnailUrl":"https:\/\/www.altominho.tv\/site\/wp-content\/uploads\/2024\/08\/santuario-peneda.jpg","keywords":["Sociedade"],"articleSection":["Arcos de Valdevez"],"inLanguage":"pt-PT","copyrightYear":"2024","copyrightHolder":{"@id":"https:\/\/www.altominho.tv\/site\/#organization"}},{"@type":"WebPage","@id":"https:\/\/www.altominho.tv\/site\/2024\/08\/26\/arcos-de-valdevez-senhora-da-peneda-peneda-romarias\/","url":"https:\/\/www.altominho.tv\/site\/2024\/08\/26\/arcos-de-valdevez-senhora-da-peneda-peneda-romarias\/","name":"Romaria de Nossa Senhora da Peneda realiza-se de 31 de agosto a 8 de setembro","isPartOf":{"@id":"https:\/\/www.altominho.tv\/site\/#website"},"primaryImageOfPage":{"@id":"https:\/\/www.altominho.tv\/site\/2024\/08\/26\/arcos-de-valdevez-senhora-da-peneda-peneda-romarias\/#primaryimage"},"image":{"@id":"https:\/\/www.altominho.tv\/site\/2024\/08\/26\/arcos-de-valdevez-senhora-da-peneda-peneda-romarias\/#primaryimage"},"thumbnailUrl":"https:\/\/www.altominho.tv\/site\/wp-content\/uploads\/2024\/08\/santuario-peneda.jpg","datePublished":"2024-08-26T10:38:03+00:00","dateModified":"2024-08-26T10:38:05+00:00","author":{"@id":"https:\/\/www.altominho.tv\/site\/#\/schema\/person\/a0e4ef6d041f98ca284393d8f1d97153"},"description":"A tradicional Romaria de Nossa Senhora da Peneda realiza-se de 31 de agosto a 8 de setembro, com um programa diverso.","breadcrumb":{"@id":"https:\/\/www.altominho.tv\/site\/2024\/08\/26\/arcos-de-valdevez-senhora-da-peneda-peneda-romarias\/#breadcrumb"},"inLanguage":"pt-PT","potentialAction":[{"@type":"ReadAction","target":["https:\/\/www.altominho.tv\/site\/2024\/08\/26\/arcos-de-valdevez-senhora-da-peneda-peneda-romarias\/"]}]},{"@type":"ImageObject","inLanguage":"pt-PT","@id":"https:\/\/www.altominho.tv\/site\/2024\/08\/26\/arcos-de-valdevez-senhora-da-peneda-peneda-romarias\/#primaryimage","url":"https:\/\/www.altominho.tv\/site\/wp-content\/uploads\/2024\/08\/santuario-peneda.jpg","contentUrl":"https:\/\/www.altominho.tv\/site\/wp-content\/uploads\/2024\/08\/santuario-peneda.jpg","width":1280,"height":720},{"@type":"BreadcrumbList","@id":"https:\/\/www.altominho.tv\/site\/2024\/08\/26\/arcos-de-valdevez-senhora-da-peneda-peneda-romarias\/#breadcrumb","itemListElement":[{"@type":"ListItem","position":1,"name":"In\u00edcio","item":"https:\/\/www.altominho.tv\/site\/"},{"@type":"ListItem","position":2,"name":"Romaria de Nossa Senhora da Peneda realiza-se de 31 de agosto a 8 de setembro"}]},{"@type":"WebSite","@id":"https:\/\/www.altominho.tv\/site\/#website","url":"https:\/\/www.altominho.tv\/site\/","name":"Altominho.tv","description":"A sua regi\u00e3o \u00e0 dist\u00e2ncia de um clique...","potentialAction":[{"@type":"SearchAction","target":{"@type":"EntryPoint","urlTemplate":"https:\/\/www.altominho.tv\/site\/?s={search_term_string}"},"query-input":{"@type":"PropertyValueSpecification","valueRequired":true,"valueName":"search_term_string"}}],"inLanguage":"pt-PT"},{"@type":"Person","@id":"https:\/\/www.altominho.tv\/site\/#\/schema\/person\/a0e4ef6d041f98ca284393d8f1d97153","name":"Andreia Cunha","image":{"@type":"ImageObject","inLanguage":"pt-PT","@id":"https:\/\/www.altominho.tv\/site\/wp-content\/uploads\/2017\/11\/Andreia_Cunha-1-150x150.jpg","url":"https:\/\/www.altominho.tv\/site\/wp-content\/uploads\/2017\/11\/Andreia_Cunha-1-150x150.jpg","contentUrl":"https:\/\/www.altominho.tv\/site\/wp-content\/uploads\/2017\/11\/Andreia_Cunha-1-150x150.jpg","caption":"Andreia Cunha"},"url":"https:\/\/www.altominho.tv\/site\/author\/andreiacunha\/"}]}},"_links":{"self":[{"href":"https:\/\/www.altominho.tv\/site\/wp-json\/wp\/v2\/posts\/109971","targetHints":{"allow":["GET"]}}],"collection":[{"href":"https:\/\/www.altominho.tv\/site\/wp-json\/wp\/v2\/posts"}],"about":[{"href":"https:\/\/www.altominho.tv\/site\/wp-json\/wp\/v2\/types\/post"}],"author":[{"embeddable":true,"href":"https:\/\/www.altominho.tv\/site\/wp-json\/wp\/v2\/users\/7"}],"replies":[{"embeddable":true,"href":"https:\/\/www.altominho.tv\/site\/wp-json\/wp\/v2\/comments?post=109971"}],"version-history":[{"count":1,"href":"https:\/\/www.altominho.tv\/site\/wp-json\/wp\/v2\/posts\/109971\/revisions"}],"predecessor-version":[{"id":109975,"href":"https:\/\/www.altominho.tv\/site\/wp-json\/wp\/v2\/posts\/109971\/revisions\/109975"}],"wp:featuredmedia":[{"embeddable":true,"href":"https:\/\/www.altominho.tv\/site\/wp-json\/wp\/v2\/media\/109974"}],"wp:attachment":[{"href":"https:\/\/www.altominho.tv\/site\/wp-json\/wp\/v2\/media?parent=109971"}],"wp:term":[{"taxonomy":"category","embeddable":true,"href":"https:\/\/www.altominho.tv\/site\/wp-json\/wp\/v2\/categories?post=109971"},{"taxonomy":"post_tag","embeddable":true,"href":"https:\/\/www.altominho.tv\/site\/wp-json\/wp\/v2\/tags?post=109971"}],"curies":[{"name":"wp","href":"https:\/\/api.w.org\/{rel}","templated":true}]}}