{"id":10995,"date":"2018-03-22T16:20:08","date_gmt":"2018-03-22T16:20:08","guid":{"rendered":"http:\/\/www.altominho.tv\/site\/?p=10995"},"modified":"2018-03-22T16:20:08","modified_gmt":"2018-03-22T16:20:08","slug":"projeto-de-operacao-de-reabilitacao-urbana-sistematica-da-area-de-reabilitacao-urbana-adjacente-ao-nucleo-central-foi-aprovado","status":"publish","type":"post","link":"https:\/\/www.altominho.tv\/site\/2018\/03\/22\/projeto-de-operacao-de-reabilitacao-urbana-sistematica-da-area-de-reabilitacao-urbana-adjacente-ao-nucleo-central-foi-aprovado\/","title":{"rendered":"Projeto de Opera\u00e7\u00e3o de Reabilita\u00e7\u00e3o Urbana Sistem\u00e1tica da \u00c1rea de Reabilita\u00e7\u00e3o Urbana Adjacente ao N\u00facleo Central foi aprovado"},"content":{"rendered":"<p>A C\u00e2mara Municipal de Ponte de Lima, em reuni\u00e3o realizada a 29 de janeiro de 2018, deliberou aprovar o projeto de Opera\u00e7\u00e3o de Reabilita\u00e7\u00e3o Urbana Sistem\u00e1tica da \u00c1rea de Reabilita\u00e7\u00e3o Urbana Adjacente ao N\u00facleo Central e submete-lo a discuss\u00e3o p\u00fablica, pelo per\u00edodo de 20 dias, de acordo com o previsto no n.\u00ba4 do artigo 17.\u00ba do Regime Jur\u00eddico da Reabilita\u00e7\u00e3o Urbana, aprovado pelo Decreto-Lei n.\u00ba 307\/2009, de 23 de outubro, na reda\u00e7\u00e3o atual, promovida nos termos previstos do artigo 89.\u00ba do Decreto-Lei n.\u00ba 80\/2015, de 14 de maio.<\/p>\n<p>A Opera\u00e7\u00e3o de Reabilita\u00e7\u00e3o Urbana \u00e9 orientada por um Programa Estrat\u00e9gico de Reabilita\u00e7\u00e3o Urbana, elaborado nos termos do Regime Jur\u00eddico da Reabilita\u00e7\u00e3o Urbana e estabelece a vis\u00e3o e os eixos estrat\u00e9gicos, os projetos de reabilita\u00e7\u00e3o, as estimativas de investimento, as fontes de financiamento e benef\u00edcios fiscais resultantes da aprova\u00e7\u00e3o da delimita\u00e7\u00e3o da \u00c1rea de Reabilita\u00e7\u00e3o Urbana Adjacente ao N\u00facleo Central, conforme delibera\u00e7\u00e3o da Assembleia Municipal, publicada pelo Aviso n.\u00ba 12916\/2016, no Di\u00e1rio da Rep\u00fablica, 2.\u00aa s\u00e9rie \u2014 N.\u00ba 203 \u2014 21 de outubro de 2016.<\/p>\n<p>O per\u00edodo de discuss\u00e3o p\u00fablica tem in\u00edcio no 5.\u00ba a contar do dia 21 de mar\u00e7o de 2018, data da publica\u00e7\u00e3o do Aviso n.\u00ba 3736\/2018, no Di\u00e1rio da Rep\u00fablica, 2.\u00aa S\u00e9rie, n.\u00ba 57, da mesma data.<\/p>\n","protected":false},"excerpt":{"rendered":"<p>A C\u00e2mara Municipal de Ponte de Lima, em reuni\u00e3o realizada a 29 de janeiro de 2018, deliberou aprovar o projeto de Opera\u00e7\u00e3o de Reabilita\u00e7\u00e3o Urbana Sistem\u00e1tica da \u00c1rea de Reabilita\u00e7\u00e3o Urbana Adjacente ao N\u00facleo Central e submete-lo a discuss\u00e3o p\u00fablica, pelo per\u00edodo de 20 dias, de acordo com o previsto no n.\u00ba4 do artigo 17.\u00ba [&hellip;]<\/p>\n","protected":false},"author":11,"featured_media":10996,"comment_status":"closed","ping_status":"closed","sticky":false,"template":"","format":"standard","meta":{"_exactmetrics_skip_tracking":false,"_exactmetrics_sitenote_active":false,"_exactmetrics_sitenote_note":"","_exactmetrics_sitenote_category":0,"footnotes":""},"categories":[12],"tags":[21],"class_list":["post-10995","post","type-post","status-publish","format-standard","has-post-thumbnail","hentry","category-ponte-de-lima","tag-economia"],"yoast_head":"<!-- This site is optimized with the Yoast SEO Premium plugin v27.5 (Yoast SEO v27.5) - https:\/\/yoast.com\/product\/yoast-seo-premium-wordpress\/ -->\n<title>Projeto de Opera\u00e7\u00e3o de Reabilita\u00e7\u00e3o Urbana Sistem\u00e1tica da \u00c1rea de Reabilita\u00e7\u00e3o Urbana Adjacente ao N\u00facleo Central foi aprovado<\/title>\n<meta name=\"robots\" content=\"index, follow, max-snippet:-1, max-image-preview:large, max-video-preview:-1\" \/>\n<link rel=\"canonical\" href=\"https:\/\/www.altominho.tv\/site\/2018\/03\/22\/projeto-de-operacao-de-reabilitacao-urbana-sistematica-da-area-de-reabilitacao-urbana-adjacente-ao-nucleo-central-foi-aprovado\/\" \/>\n<meta property=\"og:locale\" content=\"pt_PT\" \/>\n<meta property=\"og:type\" content=\"article\" \/>\n<meta property=\"og:title\" content=\"Projeto de Opera\u00e7\u00e3o de Reabilita\u00e7\u00e3o Urbana Sistem\u00e1tica da \u00c1rea de Reabilita\u00e7\u00e3o Urbana Adjacente ao N\u00facleo Central foi aprovado\" \/>\n<meta property=\"og:description\" content=\"A C\u00e2mara Municipal de Ponte de Lima, em reuni\u00e3o realizada a 29 de janeiro de 2018, deliberou aprovar o projeto de Opera\u00e7\u00e3o de Reabilita\u00e7\u00e3o Urbana Sistem\u00e1tica da \u00c1rea de Reabilita\u00e7\u00e3o Urbana Adjacente ao N\u00facleo Central e submete-lo a discuss\u00e3o p\u00fablica, pelo per\u00edodo de 20 dias, de acordo com o previsto no n.\u00ba4 do artigo 17.\u00ba [&hellip;]\" \/>\n<meta property=\"og:url\" content=\"https:\/\/www.altominho.tv\/site\/2018\/03\/22\/projeto-de-operacao-de-reabilitacao-urbana-sistematica-da-area-de-reabilitacao-urbana-adjacente-ao-nucleo-central-foi-aprovado\/\" \/>\n<meta property=\"og:site_name\" content=\"Altominho.tv\" \/>\n<meta property=\"article:publisher\" content=\"https:\/\/www.facebook.com\/altominhotv\" \/>\n<meta property=\"article:published_time\" content=\"2018-03-22T16:20:08+00:00\" \/>\n<meta property=\"og:image\" content=\"https:\/\/www.altominho.tv\/site\/wp-content\/uploads\/2018\/03\/Ponte-de-Lima-Capa-Medium.jpg\" \/>\n\t<meta property=\"og:image:width\" content=\"1166\" \/>\n\t<meta property=\"og:image:height\" content=\"768\" \/>\n\t<meta property=\"og:image:type\" content=\"image\/jpeg\" \/>\n<meta name=\"author\" content=\"M\u00e1rcio Ferreira\" \/>\n<meta name=\"twitter:card\" content=\"summary_large_image\" \/>\n<meta name=\"twitter:creator\" content=\"@altominhoTV\" \/>\n<meta name=\"twitter:site\" content=\"@altominhoTV\" \/>\n<meta name=\"twitter:label1\" content=\"Escrito por\" \/>\n\t<meta name=\"twitter:data1\" content=\"M\u00e1rcio Ferreira\" \/>\n\t<meta name=\"twitter:label2\" content=\"Tempo estimado de leitura\" \/>\n\t<meta name=\"twitter:data2\" content=\"1 minuto\" \/>\n<script type=\"application\/ld+json\" class=\"yoast-schema-graph\">{\"@context\":\"https:\\\/\\\/schema.org\",\"@graph\":[{\"@type\":\"Article\",\"@id\":\"https:\\\/\\\/www.altominho.tv\\\/site\\\/2018\\\/03\\\/22\\\/projeto-de-operacao-de-reabilitacao-urbana-sistematica-da-area-de-reabilitacao-urbana-adjacente-ao-nucleo-central-foi-aprovado\\\/#article\",\"isPartOf\":{\"@id\":\"https:\\\/\\\/www.altominho.tv\\\/site\\\/2018\\\/03\\\/22\\\/projeto-de-operacao-de-reabilitacao-urbana-sistematica-da-area-de-reabilitacao-urbana-adjacente-ao-nucleo-central-foi-aprovado\\\/\"},\"author\":{\"name\":\"M\u00e1rcio Ferreira\",\"@id\":\"https:\\\/\\\/www.altominho.tv\\\/site\\\/#\\\/schema\\\/person\\\/f836e37082b5dabe9144f3eb724ed5a7\"},\"headline\":\"Projeto de Opera\u00e7\u00e3o de Reabilita\u00e7\u00e3o Urbana Sistem\u00e1tica da \u00c1rea de Reabilita\u00e7\u00e3o Urbana Adjacente ao N\u00facleo Central foi aprovado\",\"datePublished\":\"2018-03-22T16:20:08+00:00\",\"mainEntityOfPage\":{\"@id\":\"https:\\\/\\\/www.altominho.tv\\\/site\\\/2018\\\/03\\\/22\\\/projeto-de-operacao-de-reabilitacao-urbana-sistematica-da-area-de-reabilitacao-urbana-adjacente-ao-nucleo-central-foi-aprovado\\\/\"},\"wordCount\":249,\"image\":{\"@id\":\"https:\\\/\\\/www.altominho.tv\\\/site\\\/2018\\\/03\\\/22\\\/projeto-de-operacao-de-reabilitacao-urbana-sistematica-da-area-de-reabilitacao-urbana-adjacente-ao-nucleo-central-foi-aprovado\\\/#primaryimage\"},\"thumbnailUrl\":\"https:\\\/\\\/www.altominho.tv\\\/site\\\/wp-content\\\/uploads\\\/2018\\\/03\\\/Ponte-de-Lima-Capa-Medium.jpg\",\"keywords\":[\"Economia\"],\"articleSection\":[\"Ponte de Lima\"],\"inLanguage\":\"pt-PT\",\"copyrightYear\":\"2018\",\"copyrightHolder\":{\"@id\":\"https:\\\/\\\/www.altominho.tv\\\/site\\\/#organization\"}},{\"@type\":\"WebPage\",\"@id\":\"https:\\\/\\\/www.altominho.tv\\\/site\\\/2018\\\/03\\\/22\\\/projeto-de-operacao-de-reabilitacao-urbana-sistematica-da-area-de-reabilitacao-urbana-adjacente-ao-nucleo-central-foi-aprovado\\\/\",\"url\":\"https:\\\/\\\/www.altominho.tv\\\/site\\\/2018\\\/03\\\/22\\\/projeto-de-operacao-de-reabilitacao-urbana-sistematica-da-area-de-reabilitacao-urbana-adjacente-ao-nucleo-central-foi-aprovado\\\/\",\"name\":\"Projeto de Opera\u00e7\u00e3o de Reabilita\u00e7\u00e3o Urbana Sistem\u00e1tica da \u00c1rea de Reabilita\u00e7\u00e3o Urbana Adjacente ao N\u00facleo Central foi aprovado\",\"isPartOf\":{\"@id\":\"https:\\\/\\\/www.altominho.tv\\\/site\\\/#website\"},\"primaryImageOfPage\":{\"@id\":\"https:\\\/\\\/www.altominho.tv\\\/site\\\/2018\\\/03\\\/22\\\/projeto-de-operacao-de-reabilitacao-urbana-sistematica-da-area-de-reabilitacao-urbana-adjacente-ao-nucleo-central-foi-aprovado\\\/#primaryimage\"},\"image\":{\"@id\":\"https:\\\/\\\/www.altominho.tv\\\/site\\\/2018\\\/03\\\/22\\\/projeto-de-operacao-de-reabilitacao-urbana-sistematica-da-area-de-reabilitacao-urbana-adjacente-ao-nucleo-central-foi-aprovado\\\/#primaryimage\"},\"thumbnailUrl\":\"https:\\\/\\\/www.altominho.tv\\\/site\\\/wp-content\\\/uploads\\\/2018\\\/03\\\/Ponte-de-Lima-Capa-Medium.jpg\",\"datePublished\":\"2018-03-22T16:20:08+00:00\",\"author\":{\"@id\":\"https:\\\/\\\/www.altominho.tv\\\/site\\\/#\\\/schema\\\/person\\\/f836e37082b5dabe9144f3eb724ed5a7\"},\"breadcrumb\":{\"@id\":\"https:\\\/\\\/www.altominho.tv\\\/site\\\/2018\\\/03\\\/22\\\/projeto-de-operacao-de-reabilitacao-urbana-sistematica-da-area-de-reabilitacao-urbana-adjacente-ao-nucleo-central-foi-aprovado\\\/#breadcrumb\"},\"inLanguage\":\"pt-PT\",\"potentialAction\":[{\"@type\":\"ReadAction\",\"target\":[\"https:\\\/\\\/www.altominho.tv\\\/site\\\/2018\\\/03\\\/22\\\/projeto-de-operacao-de-reabilitacao-urbana-sistematica-da-area-de-reabilitacao-urbana-adjacente-ao-nucleo-central-foi-aprovado\\\/\"]}]},{\"@type\":\"ImageObject\",\"inLanguage\":\"pt-PT\",\"@id\":\"https:\\\/\\\/www.altominho.tv\\\/site\\\/2018\\\/03\\\/22\\\/projeto-de-operacao-de-reabilitacao-urbana-sistematica-da-area-de-reabilitacao-urbana-adjacente-ao-nucleo-central-foi-aprovado\\\/#primaryimage\",\"url\":\"https:\\\/\\\/www.altominho.tv\\\/site\\\/wp-content\\\/uploads\\\/2018\\\/03\\\/Ponte-de-Lima-Capa-Medium.jpg\",\"contentUrl\":\"https:\\\/\\\/www.altominho.tv\\\/site\\\/wp-content\\\/uploads\\\/2018\\\/03\\\/Ponte-de-Lima-Capa-Medium.jpg\",\"width\":1166,\"height\":768},{\"@type\":\"BreadcrumbList\",\"@id\":\"https:\\\/\\\/www.altominho.tv\\\/site\\\/2018\\\/03\\\/22\\\/projeto-de-operacao-de-reabilitacao-urbana-sistematica-da-area-de-reabilitacao-urbana-adjacente-ao-nucleo-central-foi-aprovado\\\/#breadcrumb\",\"itemListElement\":[{\"@type\":\"ListItem\",\"position\":1,\"name\":\"In\u00edcio\",\"item\":\"https:\\\/\\\/www.altominho.tv\\\/site\\\/\"},{\"@type\":\"ListItem\",\"position\":2,\"name\":\"Projeto de Opera\u00e7\u00e3o de Reabilita\u00e7\u00e3o Urbana Sistem\u00e1tica da \u00c1rea de Reabilita\u00e7\u00e3o Urbana Adjacente ao N\u00facleo Central foi aprovado\"}]},{\"@type\":\"WebSite\",\"@id\":\"https:\\\/\\\/www.altominho.tv\\\/site\\\/#website\",\"url\":\"https:\\\/\\\/www.altominho.tv\\\/site\\\/\",\"name\":\"Altominho.tv\",\"description\":\"A sua regi\u00e3o \u00e0 dist\u00e2ncia de um clique...\",\"potentialAction\":[{\"@type\":\"SearchAction\",\"target\":{\"@type\":\"EntryPoint\",\"urlTemplate\":\"https:\\\/\\\/www.altominho.tv\\\/site\\\/?s={search_term_string}\"},\"query-input\":{\"@type\":\"PropertyValueSpecification\",\"valueRequired\":true,\"valueName\":\"search_term_string\"}}],\"inLanguage\":\"pt-PT\"},{\"@type\":\"Person\",\"@id\":\"https:\\\/\\\/www.altominho.tv\\\/site\\\/#\\\/schema\\\/person\\\/f836e37082b5dabe9144f3eb724ed5a7\",\"name\":\"M\u00e1rcio Ferreira\",\"image\":{\"@type\":\"ImageObject\",\"inLanguage\":\"pt-PT\",\"@id\":\"https:\\\/\\\/www.altominho.tv\\\/site\\\/wp-content\\\/uploads\\\/2017\\\/11\\\/Marcio-150x150.jpg\",\"url\":\"https:\\\/\\\/www.altominho.tv\\\/site\\\/wp-content\\\/uploads\\\/2017\\\/11\\\/Marcio-150x150.jpg\",\"contentUrl\":\"https:\\\/\\\/www.altominho.tv\\\/site\\\/wp-content\\\/uploads\\\/2017\\\/11\\\/Marcio-150x150.jpg\",\"caption\":\"M\u00e1rcio Ferreira\"},\"url\":\"https:\\\/\\\/www.altominho.tv\\\/site\\\/author\\\/marcioferreira\\\/\"}]}<\/script>\n<!-- \/ Yoast SEO Premium plugin. -->","yoast_head_json":{"title":"Projeto de Opera\u00e7\u00e3o de Reabilita\u00e7\u00e3o Urbana Sistem\u00e1tica da \u00c1rea de Reabilita\u00e7\u00e3o Urbana Adjacente ao N\u00facleo Central foi aprovado","robots":{"index":"index","follow":"follow","max-snippet":"max-snippet:-1","max-image-preview":"max-image-preview:large","max-video-preview":"max-video-preview:-1"},"canonical":"https:\/\/www.altominho.tv\/site\/2018\/03\/22\/projeto-de-operacao-de-reabilitacao-urbana-sistematica-da-area-de-reabilitacao-urbana-adjacente-ao-nucleo-central-foi-aprovado\/","og_locale":"pt_PT","og_type":"article","og_title":"Projeto de Opera\u00e7\u00e3o de Reabilita\u00e7\u00e3o Urbana Sistem\u00e1tica da \u00c1rea de Reabilita\u00e7\u00e3o Urbana Adjacente ao N\u00facleo Central foi aprovado","og_description":"A C\u00e2mara Municipal de Ponte de Lima, em reuni\u00e3o realizada a 29 de janeiro de 2018, deliberou aprovar o projeto de Opera\u00e7\u00e3o de Reabilita\u00e7\u00e3o Urbana Sistem\u00e1tica da \u00c1rea de Reabilita\u00e7\u00e3o Urbana Adjacente ao N\u00facleo Central e submete-lo a discuss\u00e3o p\u00fablica, pelo per\u00edodo de 20 dias, de acordo com o previsto no n.\u00ba4 do artigo 17.\u00ba [&hellip;]","og_url":"https:\/\/www.altominho.tv\/site\/2018\/03\/22\/projeto-de-operacao-de-reabilitacao-urbana-sistematica-da-area-de-reabilitacao-urbana-adjacente-ao-nucleo-central-foi-aprovado\/","og_site_name":"Altominho.tv","article_publisher":"https:\/\/www.facebook.com\/altominhotv","article_published_time":"2018-03-22T16:20:08+00:00","og_image":[{"width":1166,"height":768,"url":"https:\/\/www.altominho.tv\/site\/wp-content\/uploads\/2018\/03\/Ponte-de-Lima-Capa-Medium.jpg","type":"image\/jpeg"}],"author":"M\u00e1rcio Ferreira","twitter_card":"summary_large_image","twitter_creator":"@altominhoTV","twitter_site":"@altominhoTV","twitter_misc":{"Escrito por":"M\u00e1rcio Ferreira","Tempo estimado de leitura":"1 minuto"},"schema":{"@context":"https:\/\/schema.org","@graph":[{"@type":"Article","@id":"https:\/\/www.altominho.tv\/site\/2018\/03\/22\/projeto-de-operacao-de-reabilitacao-urbana-sistematica-da-area-de-reabilitacao-urbana-adjacente-ao-nucleo-central-foi-aprovado\/#article","isPartOf":{"@id":"https:\/\/www.altominho.tv\/site\/2018\/03\/22\/projeto-de-operacao-de-reabilitacao-urbana-sistematica-da-area-de-reabilitacao-urbana-adjacente-ao-nucleo-central-foi-aprovado\/"},"author":{"name":"M\u00e1rcio Ferreira","@id":"https:\/\/www.altominho.tv\/site\/#\/schema\/person\/f836e37082b5dabe9144f3eb724ed5a7"},"headline":"Projeto de Opera\u00e7\u00e3o de Reabilita\u00e7\u00e3o Urbana Sistem\u00e1tica da \u00c1rea de Reabilita\u00e7\u00e3o Urbana Adjacente ao N\u00facleo Central foi aprovado","datePublished":"2018-03-22T16:20:08+00:00","mainEntityOfPage":{"@id":"https:\/\/www.altominho.tv\/site\/2018\/03\/22\/projeto-de-operacao-de-reabilitacao-urbana-sistematica-da-area-de-reabilitacao-urbana-adjacente-ao-nucleo-central-foi-aprovado\/"},"wordCount":249,"image":{"@id":"https:\/\/www.altominho.tv\/site\/2018\/03\/22\/projeto-de-operacao-de-reabilitacao-urbana-sistematica-da-area-de-reabilitacao-urbana-adjacente-ao-nucleo-central-foi-aprovado\/#primaryimage"},"thumbnailUrl":"https:\/\/www.altominho.tv\/site\/wp-content\/uploads\/2018\/03\/Ponte-de-Lima-Capa-Medium.jpg","keywords":["Economia"],"articleSection":["Ponte de Lima"],"inLanguage":"pt-PT","copyrightYear":"2018","copyrightHolder":{"@id":"https:\/\/www.altominho.tv\/site\/#organization"}},{"@type":"WebPage","@id":"https:\/\/www.altominho.tv\/site\/2018\/03\/22\/projeto-de-operacao-de-reabilitacao-urbana-sistematica-da-area-de-reabilitacao-urbana-adjacente-ao-nucleo-central-foi-aprovado\/","url":"https:\/\/www.altominho.tv\/site\/2018\/03\/22\/projeto-de-operacao-de-reabilitacao-urbana-sistematica-da-area-de-reabilitacao-urbana-adjacente-ao-nucleo-central-foi-aprovado\/","name":"Projeto de Opera\u00e7\u00e3o de Reabilita\u00e7\u00e3o Urbana Sistem\u00e1tica da \u00c1rea de Reabilita\u00e7\u00e3o Urbana Adjacente ao N\u00facleo Central foi aprovado","isPartOf":{"@id":"https:\/\/www.altominho.tv\/site\/#website"},"primaryImageOfPage":{"@id":"https:\/\/www.altominho.tv\/site\/2018\/03\/22\/projeto-de-operacao-de-reabilitacao-urbana-sistematica-da-area-de-reabilitacao-urbana-adjacente-ao-nucleo-central-foi-aprovado\/#primaryimage"},"image":{"@id":"https:\/\/www.altominho.tv\/site\/2018\/03\/22\/projeto-de-operacao-de-reabilitacao-urbana-sistematica-da-area-de-reabilitacao-urbana-adjacente-ao-nucleo-central-foi-aprovado\/#primaryimage"},"thumbnailUrl":"https:\/\/www.altominho.tv\/site\/wp-content\/uploads\/2018\/03\/Ponte-de-Lima-Capa-Medium.jpg","datePublished":"2018-03-22T16:20:08+00:00","author":{"@id":"https:\/\/www.altominho.tv\/site\/#\/schema\/person\/f836e37082b5dabe9144f3eb724ed5a7"},"breadcrumb":{"@id":"https:\/\/www.altominho.tv\/site\/2018\/03\/22\/projeto-de-operacao-de-reabilitacao-urbana-sistematica-da-area-de-reabilitacao-urbana-adjacente-ao-nucleo-central-foi-aprovado\/#breadcrumb"},"inLanguage":"pt-PT","potentialAction":[{"@type":"ReadAction","target":["https:\/\/www.altominho.tv\/site\/2018\/03\/22\/projeto-de-operacao-de-reabilitacao-urbana-sistematica-da-area-de-reabilitacao-urbana-adjacente-ao-nucleo-central-foi-aprovado\/"]}]},{"@type":"ImageObject","inLanguage":"pt-PT","@id":"https:\/\/www.altominho.tv\/site\/2018\/03\/22\/projeto-de-operacao-de-reabilitacao-urbana-sistematica-da-area-de-reabilitacao-urbana-adjacente-ao-nucleo-central-foi-aprovado\/#primaryimage","url":"https:\/\/www.altominho.tv\/site\/wp-content\/uploads\/2018\/03\/Ponte-de-Lima-Capa-Medium.jpg","contentUrl":"https:\/\/www.altominho.tv\/site\/wp-content\/uploads\/2018\/03\/Ponte-de-Lima-Capa-Medium.jpg","width":1166,"height":768},{"@type":"BreadcrumbList","@id":"https:\/\/www.altominho.tv\/site\/2018\/03\/22\/projeto-de-operacao-de-reabilitacao-urbana-sistematica-da-area-de-reabilitacao-urbana-adjacente-ao-nucleo-central-foi-aprovado\/#breadcrumb","itemListElement":[{"@type":"ListItem","position":1,"name":"In\u00edcio","item":"https:\/\/www.altominho.tv\/site\/"},{"@type":"ListItem","position":2,"name":"Projeto de Opera\u00e7\u00e3o de Reabilita\u00e7\u00e3o Urbana Sistem\u00e1tica da \u00c1rea de Reabilita\u00e7\u00e3o Urbana Adjacente ao N\u00facleo Central foi aprovado"}]},{"@type":"WebSite","@id":"https:\/\/www.altominho.tv\/site\/#website","url":"https:\/\/www.altominho.tv\/site\/","name":"Altominho.tv","description":"A sua regi\u00e3o \u00e0 dist\u00e2ncia de um clique...","potentialAction":[{"@type":"SearchAction","target":{"@type":"EntryPoint","urlTemplate":"https:\/\/www.altominho.tv\/site\/?s={search_term_string}"},"query-input":{"@type":"PropertyValueSpecification","valueRequired":true,"valueName":"search_term_string"}}],"inLanguage":"pt-PT"},{"@type":"Person","@id":"https:\/\/www.altominho.tv\/site\/#\/schema\/person\/f836e37082b5dabe9144f3eb724ed5a7","name":"M\u00e1rcio Ferreira","image":{"@type":"ImageObject","inLanguage":"pt-PT","@id":"https:\/\/www.altominho.tv\/site\/wp-content\/uploads\/2017\/11\/Marcio-150x150.jpg","url":"https:\/\/www.altominho.tv\/site\/wp-content\/uploads\/2017\/11\/Marcio-150x150.jpg","contentUrl":"https:\/\/www.altominho.tv\/site\/wp-content\/uploads\/2017\/11\/Marcio-150x150.jpg","caption":"M\u00e1rcio Ferreira"},"url":"https:\/\/www.altominho.tv\/site\/author\/marcioferreira\/"}]}},"_links":{"self":[{"href":"https:\/\/www.altominho.tv\/site\/wp-json\/wp\/v2\/posts\/10995","targetHints":{"allow":["GET"]}}],"collection":[{"href":"https:\/\/www.altominho.tv\/site\/wp-json\/wp\/v2\/posts"}],"about":[{"href":"https:\/\/www.altominho.tv\/site\/wp-json\/wp\/v2\/types\/post"}],"author":[{"embeddable":true,"href":"https:\/\/www.altominho.tv\/site\/wp-json\/wp\/v2\/users\/11"}],"replies":[{"embeddable":true,"href":"https:\/\/www.altominho.tv\/site\/wp-json\/wp\/v2\/comments?post=10995"}],"version-history":[{"count":0,"href":"https:\/\/www.altominho.tv\/site\/wp-json\/wp\/v2\/posts\/10995\/revisions"}],"wp:featuredmedia":[{"embeddable":true,"href":"https:\/\/www.altominho.tv\/site\/wp-json\/wp\/v2\/media\/10996"}],"wp:attachment":[{"href":"https:\/\/www.altominho.tv\/site\/wp-json\/wp\/v2\/media?parent=10995"}],"wp:term":[{"taxonomy":"category","embeddable":true,"href":"https:\/\/www.altominho.tv\/site\/wp-json\/wp\/v2\/categories?post=10995"},{"taxonomy":"post_tag","embeddable":true,"href":"https:\/\/www.altominho.tv\/site\/wp-json\/wp\/v2\/tags?post=10995"}],"curies":[{"name":"wp","href":"https:\/\/api.w.org\/{rel}","templated":true}]}}