{"id":10992,"date":"2018-03-22T16:11:14","date_gmt":"2018-03-22T16:11:14","guid":{"rendered":"http:\/\/www.altominho.tv\/site\/?p=10992"},"modified":"2018-03-22T16:11:14","modified_gmt":"2018-03-22T16:11:14","slug":"ponte-de-lima-dedica-mes-de-marco-tambem-ao-teatro","status":"publish","type":"post","link":"https:\/\/www.altominho.tv\/site\/2018\/03\/22\/ponte-de-lima-dedica-mes-de-marco-tambem-ao-teatro\/","title":{"rendered":"Ponte de Lima, dedica m\u00eas de Mar\u00e7o tamb\u00e9m ao teatro"},"content":{"rendered":"<p>Depois da apresenta\u00e7\u00e3o do concerto encenado Lady &amp; Macbeth e da com\u00e9dia rom\u00e2ntica Enfim, N\u00f3s, o Teatro Diogo Bernardes, em Ponte de Lima, continuar\u00e1 a apresentar espect\u00e1culos teatrais de alto n\u00edvel durante o m\u00eas de Mar\u00e7o, o m\u00eas do teatro por excel\u00eancia, uma vez que a 27 se comemora em todo o mundo o Dia Mundial do Teatro.<\/p>\n<p>Esta sexta feira, 23 de Mar\u00e7o, \u00e0s 22h00, uma refer\u00eancia nacional e internacional do teatro, a Companhia do Chapit\u00f4, apresenta ATM \u2013 Ateli\u00ea de Tempos Mortos, um espect\u00e1culo para maiores de 12 anos, com interpreta\u00e7\u00e3o de Jorge Cruz, Ramon de Los Santos, Susana Nunes e Tiago Viegas.<\/p>\n<p>Um lugar, quatro vidas, uma hist\u00f3ria com, irremediavelmente, um final. E agora o tempo: C\u00e9u muito enrugado com previs\u00e3o de aguaceiros a partir do final da tarde. Aumento acentuado de manchas de melanina em todas as extremidades. Incontin\u00eancia nas terras baixas. Vento forte, com esquecimento moderado a partir da regi\u00e3o frontal. Neblina ou nevoeiro ocular com possibilidade de persist\u00eancia. Ligeira depress\u00e3o no interior com deforma\u00e7\u00e3o de geada. Nas costas: ondula\u00e7\u00e3o acentuada. Quanto ao tr\u00e2nsito, acidente ao km 90, originando trafego lento nas vias de acesso \u00e0s principais artroses sem possibilidade de desvio.<\/p>\n<p>No s\u00e1bado, dia 24, tamb\u00e9m \u00e0s 22h00, vinda de Serpa, a Baal17 \u2013 Companhia de Teatro levar\u00e1 \u00e0 cena um texto de alt\u00edssima qualidade com o t\u00edtulo Apareceu a Margarida, de Roberto Athayde, com encena\u00e7\u00e3o e dramaturgia de Clovis Levi e interpreta\u00e7\u00e3o de B\u00e1rbara Soares, Filipe Seixas, Rui Ramos e Sandra Serra, num espect\u00e1culo para maiores de 16 anos.<\/p>\n<p>A professora Dona Margarida vai dar a sua primeira aula a uma turma da quarta classe (os pr\u00f3prios espectadores). A Dona Margarida \u00e9 imprevis\u00edvel, autorit\u00e1ria, s\u00e1dica e maternal. Ela d\u00e1 uma verdadeira anti-aula demonstrando que, \u00e0s crian\u00e7as, s\u00f3 resta obedecer, serem inexpressivos, impotentes e n\u00e3o terem nada a dizer. Dona Margarida retrata, com uma f\u00faria avassaladora, os regimes totalit\u00e1rios que se multiplicam neste s\u00e9culo XXI. Dona Margarida alerta para a exist\u00eancia de linguagem suscept\u00edvel de ferir as almas mais sens\u00edveis.<\/p>\n<p>No Dia Mundial do Teatro, 27 de Mar\u00e7o, igualmente \u00e0s 22h00, a com\u00e9dia regressa \u00e0 secular sala limiana com o espect\u00e1culo A Grande Ressaca, para maiores de 12 anos, um texto de Roberto Pereira, com Carlos Cunha, \u00c9rika Mota, Nuno Pires, \u00c9lia Gonzalez e L\u00edgia Ferreira, encenado e dirigido por Carlos Cunha e Marina Mota.<\/p>\n<p>A Grande Ressaca \u00e9 uma com\u00e9dia teatral protagonizada por Carlos Cunha, no papel de Alberto, um empres\u00e1rio de mariscos congelados que h\u00e1 dez anos perdeu a sua mulher para Ramiro, um empres\u00e1rio com a mania que vende mariscos vivos (e vende mesmo). Alberto vive angustiado com esta perda e nunca deixou de acreditar que a sua mulher vai voltar para casa.<\/p>\n<p>Na noite em que Alberto faz sessenta anos, ele e o seu amigo \u2013 e empregado \u2013 Jaime abusam da bebida, o que d\u00e1 origem a uma grande ressaca no dia seguinte, ressaca essa com uma particularidade: Alberto n\u00e3o se lembra de nada do que fez na noite passada. Todavia, Jaime lembra-se e vamos descobrindo ao longo da pe\u00e7a que a noite foi tudo menos uma noite normal, e que, inclusivamente, Alberto matou Ramiro\u2026 e o corpo est\u00e1 l\u00e1 em casa.<\/p>\n<p>D\u00e1-se ent\u00e3o in\u00edcio, num ritmo fren\u00e9tico e com muitas personagens \u00e0 mistura, ao contra-rel\u00f3gio que Alberto ter\u00e1 de fazer para se livrar do corpo do amante da mulher (e de uma acompanhante que o<\/p>\n<p>chantageia), que agora quer regressar a casa. E no meio de muito humor e situa\u00e7\u00f5es altamente inusitadas, tamb\u00e9m se tocam temas fortes, como o amor, a solid\u00e3o, os afectos e a idade\u2026<\/p>\n<p>Por \u00faltimo, como n\u00e3o podia deixar de ser, os mais novos e as fam\u00edlias n\u00e3o podiam ficar esquecidos.<\/p>\n<p>No dia 30 de Mar\u00e7o, com sess\u00f5es \u00e0s 18h00 e \u00e0s 22h00, para maiores de 3 anos, da responsabilidade da Companhia A Tenda, subir\u00e1 ao palco o espect\u00e1culo C!nderella, de Paulo Oom e H\u00e9lder Gamboa a partir do conto de Charles Perrault, com encena\u00e7\u00e3o de H\u00e9lder Gamboa e interpreta\u00e7\u00e3o de \u00c2ngela Pinto, Gon\u00e7alo Ferreira e Sylvie Dias.<\/p>\n<p>O tradicional conto \u00e9 revisitado numa nova vers\u00e3o m\u00e1gica para toda a fam\u00edlia.<\/p>\n<p>A hist\u00f3ria cl\u00e1ssica \u00e9 contada de uma forma completamente inovadora, sendo que o Pr\u00edncipe se disfar\u00e7a de Fada, tentando levar a C!nderella ao baile e a Fada Madrinha que aparece \u00e9 a do Pr\u00edncipe e n\u00e3o a da C!nderella. Todos estes aparentes anacronismos provocam situa\u00e7\u00f5es hilariantes, n\u00e3o perdendo nunca de vista o lado rom\u00e2ntico e fe\u00e9rico da hist\u00f3ria. As magias sucedem-se em palco e a C!nderella transforma-se efectivamente numa linda Princesa.<\/p>\n<p>Acertem os ponteiros do rel\u00f3gio e deixem-se transportar para um mundo de fantasia. \u00c0 meia-noite, a magia termina&#8230; bi bidib\u00f3 bidib\u00fa!<\/p>\n","protected":false},"excerpt":{"rendered":"<p>Depois da apresenta\u00e7\u00e3o do concerto encenado Lady &amp; Macbeth e da com\u00e9dia rom\u00e2ntica Enfim, N\u00f3s, o Teatro Diogo Bernardes, em Ponte de Lima, continuar\u00e1 a apresentar espect\u00e1culos teatrais de alto n\u00edvel durante o m\u00eas de Mar\u00e7o, o m\u00eas do teatro por excel\u00eancia, uma vez que a 27 se comemora em todo o mundo o Dia [&hellip;]<\/p>\n","protected":false},"author":11,"featured_media":10993,"comment_status":"closed","ping_status":"closed","sticky":false,"template":"","format":"standard","meta":{"_exactmetrics_skip_tracking":false,"_exactmetrics_sitenote_active":false,"_exactmetrics_sitenote_note":"","_exactmetrics_sitenote_category":0,"footnotes":""},"categories":[12],"tags":[19],"class_list":["post-10992","post","type-post","status-publish","format-standard","has-post-thumbnail","hentry","category-ponte-de-lima","tag-cultura"],"yoast_head":"<!-- This site is optimized with the Yoast SEO Premium plugin v27.5 (Yoast SEO v27.5) - https:\/\/yoast.com\/product\/yoast-seo-premium-wordpress\/ -->\n<title>Ponte de Lima, dedica m\u00eas de Mar\u00e7o tamb\u00e9m ao teatro<\/title>\n<meta name=\"robots\" content=\"index, follow, max-snippet:-1, max-image-preview:large, max-video-preview:-1\" \/>\n<link rel=\"canonical\" href=\"https:\/\/www.altominho.tv\/site\/2018\/03\/22\/ponte-de-lima-dedica-mes-de-marco-tambem-ao-teatro\/\" \/>\n<meta property=\"og:locale\" content=\"pt_PT\" \/>\n<meta property=\"og:type\" content=\"article\" \/>\n<meta property=\"og:title\" content=\"Ponte de Lima, dedica m\u00eas de Mar\u00e7o tamb\u00e9m ao teatro\" \/>\n<meta property=\"og:description\" content=\"Depois da apresenta\u00e7\u00e3o do concerto encenado Lady &amp; Macbeth e da com\u00e9dia rom\u00e2ntica Enfim, N\u00f3s, o Teatro Diogo Bernardes, em Ponte de Lima, continuar\u00e1 a apresentar espect\u00e1culos teatrais de alto n\u00edvel durante o m\u00eas de Mar\u00e7o, o m\u00eas do teatro por excel\u00eancia, uma vez que a 27 se comemora em todo o mundo o Dia [&hellip;]\" \/>\n<meta property=\"og:url\" content=\"https:\/\/www.altominho.tv\/site\/2018\/03\/22\/ponte-de-lima-dedica-mes-de-marco-tambem-ao-teatro\/\" \/>\n<meta property=\"og:site_name\" content=\"Altominho.tv\" \/>\n<meta property=\"article:publisher\" content=\"https:\/\/www.facebook.com\/altominhotv\" \/>\n<meta property=\"article:published_time\" content=\"2018-03-22T16:11:14+00:00\" \/>\n<meta property=\"og:image\" content=\"https:\/\/www.altominho.tv\/site\/wp-content\/uploads\/2018\/03\/pontedelima04.jpg\" \/>\n\t<meta property=\"og:image:width\" content=\"800\" \/>\n\t<meta property=\"og:image:height\" content=\"409\" \/>\n\t<meta property=\"og:image:type\" content=\"image\/jpeg\" \/>\n<meta name=\"author\" content=\"M\u00e1rcio Ferreira\" \/>\n<meta name=\"twitter:card\" content=\"summary_large_image\" \/>\n<meta name=\"twitter:creator\" content=\"@altominhoTV\" \/>\n<meta name=\"twitter:site\" content=\"@altominhoTV\" \/>\n<meta name=\"twitter:label1\" content=\"Escrito por\" \/>\n\t<meta name=\"twitter:data1\" content=\"M\u00e1rcio Ferreira\" \/>\n\t<meta name=\"twitter:label2\" content=\"Tempo estimado de leitura\" \/>\n\t<meta name=\"twitter:data2\" content=\"4 minutos\" \/>\n<script type=\"application\/ld+json\" class=\"yoast-schema-graph\">{\"@context\":\"https:\\\/\\\/schema.org\",\"@graph\":[{\"@type\":\"Article\",\"@id\":\"https:\\\/\\\/www.altominho.tv\\\/site\\\/2018\\\/03\\\/22\\\/ponte-de-lima-dedica-mes-de-marco-tambem-ao-teatro\\\/#article\",\"isPartOf\":{\"@id\":\"https:\\\/\\\/www.altominho.tv\\\/site\\\/2018\\\/03\\\/22\\\/ponte-de-lima-dedica-mes-de-marco-tambem-ao-teatro\\\/\"},\"author\":{\"name\":\"M\u00e1rcio Ferreira\",\"@id\":\"https:\\\/\\\/www.altominho.tv\\\/site\\\/#\\\/schema\\\/person\\\/f836e37082b5dabe9144f3eb724ed5a7\"},\"headline\":\"Ponte de Lima, dedica m\u00eas de Mar\u00e7o tamb\u00e9m ao teatro\",\"datePublished\":\"2018-03-22T16:11:14+00:00\",\"mainEntityOfPage\":{\"@id\":\"https:\\\/\\\/www.altominho.tv\\\/site\\\/2018\\\/03\\\/22\\\/ponte-de-lima-dedica-mes-de-marco-tambem-ao-teatro\\\/\"},\"wordCount\":860,\"image\":{\"@id\":\"https:\\\/\\\/www.altominho.tv\\\/site\\\/2018\\\/03\\\/22\\\/ponte-de-lima-dedica-mes-de-marco-tambem-ao-teatro\\\/#primaryimage\"},\"thumbnailUrl\":\"https:\\\/\\\/www.altominho.tv\\\/site\\\/wp-content\\\/uploads\\\/2018\\\/03\\\/pontedelima04.jpg\",\"keywords\":[\"Cultura\"],\"articleSection\":[\"Ponte de Lima\"],\"inLanguage\":\"pt-PT\",\"copyrightYear\":\"2018\",\"copyrightHolder\":{\"@id\":\"https:\\\/\\\/www.altominho.tv\\\/site\\\/#organization\"}},{\"@type\":\"WebPage\",\"@id\":\"https:\\\/\\\/www.altominho.tv\\\/site\\\/2018\\\/03\\\/22\\\/ponte-de-lima-dedica-mes-de-marco-tambem-ao-teatro\\\/\",\"url\":\"https:\\\/\\\/www.altominho.tv\\\/site\\\/2018\\\/03\\\/22\\\/ponte-de-lima-dedica-mes-de-marco-tambem-ao-teatro\\\/\",\"name\":\"Ponte de Lima, dedica m\u00eas de Mar\u00e7o tamb\u00e9m ao teatro\",\"isPartOf\":{\"@id\":\"https:\\\/\\\/www.altominho.tv\\\/site\\\/#website\"},\"primaryImageOfPage\":{\"@id\":\"https:\\\/\\\/www.altominho.tv\\\/site\\\/2018\\\/03\\\/22\\\/ponte-de-lima-dedica-mes-de-marco-tambem-ao-teatro\\\/#primaryimage\"},\"image\":{\"@id\":\"https:\\\/\\\/www.altominho.tv\\\/site\\\/2018\\\/03\\\/22\\\/ponte-de-lima-dedica-mes-de-marco-tambem-ao-teatro\\\/#primaryimage\"},\"thumbnailUrl\":\"https:\\\/\\\/www.altominho.tv\\\/site\\\/wp-content\\\/uploads\\\/2018\\\/03\\\/pontedelima04.jpg\",\"datePublished\":\"2018-03-22T16:11:14+00:00\",\"author\":{\"@id\":\"https:\\\/\\\/www.altominho.tv\\\/site\\\/#\\\/schema\\\/person\\\/f836e37082b5dabe9144f3eb724ed5a7\"},\"breadcrumb\":{\"@id\":\"https:\\\/\\\/www.altominho.tv\\\/site\\\/2018\\\/03\\\/22\\\/ponte-de-lima-dedica-mes-de-marco-tambem-ao-teatro\\\/#breadcrumb\"},\"inLanguage\":\"pt-PT\",\"potentialAction\":[{\"@type\":\"ReadAction\",\"target\":[\"https:\\\/\\\/www.altominho.tv\\\/site\\\/2018\\\/03\\\/22\\\/ponte-de-lima-dedica-mes-de-marco-tambem-ao-teatro\\\/\"]}]},{\"@type\":\"ImageObject\",\"inLanguage\":\"pt-PT\",\"@id\":\"https:\\\/\\\/www.altominho.tv\\\/site\\\/2018\\\/03\\\/22\\\/ponte-de-lima-dedica-mes-de-marco-tambem-ao-teatro\\\/#primaryimage\",\"url\":\"https:\\\/\\\/www.altominho.tv\\\/site\\\/wp-content\\\/uploads\\\/2018\\\/03\\\/pontedelima04.jpg\",\"contentUrl\":\"https:\\\/\\\/www.altominho.tv\\\/site\\\/wp-content\\\/uploads\\\/2018\\\/03\\\/pontedelima04.jpg\",\"width\":800,\"height\":409},{\"@type\":\"BreadcrumbList\",\"@id\":\"https:\\\/\\\/www.altominho.tv\\\/site\\\/2018\\\/03\\\/22\\\/ponte-de-lima-dedica-mes-de-marco-tambem-ao-teatro\\\/#breadcrumb\",\"itemListElement\":[{\"@type\":\"ListItem\",\"position\":1,\"name\":\"In\u00edcio\",\"item\":\"https:\\\/\\\/www.altominho.tv\\\/site\\\/\"},{\"@type\":\"ListItem\",\"position\":2,\"name\":\"Ponte de Lima, dedica m\u00eas de Mar\u00e7o tamb\u00e9m ao teatro\"}]},{\"@type\":\"WebSite\",\"@id\":\"https:\\\/\\\/www.altominho.tv\\\/site\\\/#website\",\"url\":\"https:\\\/\\\/www.altominho.tv\\\/site\\\/\",\"name\":\"Altominho.tv\",\"description\":\"A sua regi\u00e3o \u00e0 dist\u00e2ncia de um clique...\",\"potentialAction\":[{\"@type\":\"SearchAction\",\"target\":{\"@type\":\"EntryPoint\",\"urlTemplate\":\"https:\\\/\\\/www.altominho.tv\\\/site\\\/?s={search_term_string}\"},\"query-input\":{\"@type\":\"PropertyValueSpecification\",\"valueRequired\":true,\"valueName\":\"search_term_string\"}}],\"inLanguage\":\"pt-PT\"},{\"@type\":\"Person\",\"@id\":\"https:\\\/\\\/www.altominho.tv\\\/site\\\/#\\\/schema\\\/person\\\/f836e37082b5dabe9144f3eb724ed5a7\",\"name\":\"M\u00e1rcio Ferreira\",\"image\":{\"@type\":\"ImageObject\",\"inLanguage\":\"pt-PT\",\"@id\":\"https:\\\/\\\/www.altominho.tv\\\/site\\\/wp-content\\\/uploads\\\/2017\\\/11\\\/Marcio-150x150.jpg\",\"url\":\"https:\\\/\\\/www.altominho.tv\\\/site\\\/wp-content\\\/uploads\\\/2017\\\/11\\\/Marcio-150x150.jpg\",\"contentUrl\":\"https:\\\/\\\/www.altominho.tv\\\/site\\\/wp-content\\\/uploads\\\/2017\\\/11\\\/Marcio-150x150.jpg\",\"caption\":\"M\u00e1rcio Ferreira\"},\"url\":\"https:\\\/\\\/www.altominho.tv\\\/site\\\/author\\\/marcioferreira\\\/\"}]}<\/script>\n<!-- \/ Yoast SEO Premium plugin. -->","yoast_head_json":{"title":"Ponte de Lima, dedica m\u00eas de Mar\u00e7o tamb\u00e9m ao teatro","robots":{"index":"index","follow":"follow","max-snippet":"max-snippet:-1","max-image-preview":"max-image-preview:large","max-video-preview":"max-video-preview:-1"},"canonical":"https:\/\/www.altominho.tv\/site\/2018\/03\/22\/ponte-de-lima-dedica-mes-de-marco-tambem-ao-teatro\/","og_locale":"pt_PT","og_type":"article","og_title":"Ponte de Lima, dedica m\u00eas de Mar\u00e7o tamb\u00e9m ao teatro","og_description":"Depois da apresenta\u00e7\u00e3o do concerto encenado Lady &amp; Macbeth e da com\u00e9dia rom\u00e2ntica Enfim, N\u00f3s, o Teatro Diogo Bernardes, em Ponte de Lima, continuar\u00e1 a apresentar espect\u00e1culos teatrais de alto n\u00edvel durante o m\u00eas de Mar\u00e7o, o m\u00eas do teatro por excel\u00eancia, uma vez que a 27 se comemora em todo o mundo o Dia [&hellip;]","og_url":"https:\/\/www.altominho.tv\/site\/2018\/03\/22\/ponte-de-lima-dedica-mes-de-marco-tambem-ao-teatro\/","og_site_name":"Altominho.tv","article_publisher":"https:\/\/www.facebook.com\/altominhotv","article_published_time":"2018-03-22T16:11:14+00:00","og_image":[{"width":800,"height":409,"url":"https:\/\/www.altominho.tv\/site\/wp-content\/uploads\/2018\/03\/pontedelima04.jpg","type":"image\/jpeg"}],"author":"M\u00e1rcio Ferreira","twitter_card":"summary_large_image","twitter_creator":"@altominhoTV","twitter_site":"@altominhoTV","twitter_misc":{"Escrito por":"M\u00e1rcio Ferreira","Tempo estimado de leitura":"4 minutos"},"schema":{"@context":"https:\/\/schema.org","@graph":[{"@type":"Article","@id":"https:\/\/www.altominho.tv\/site\/2018\/03\/22\/ponte-de-lima-dedica-mes-de-marco-tambem-ao-teatro\/#article","isPartOf":{"@id":"https:\/\/www.altominho.tv\/site\/2018\/03\/22\/ponte-de-lima-dedica-mes-de-marco-tambem-ao-teatro\/"},"author":{"name":"M\u00e1rcio Ferreira","@id":"https:\/\/www.altominho.tv\/site\/#\/schema\/person\/f836e37082b5dabe9144f3eb724ed5a7"},"headline":"Ponte de Lima, dedica m\u00eas de Mar\u00e7o tamb\u00e9m ao teatro","datePublished":"2018-03-22T16:11:14+00:00","mainEntityOfPage":{"@id":"https:\/\/www.altominho.tv\/site\/2018\/03\/22\/ponte-de-lima-dedica-mes-de-marco-tambem-ao-teatro\/"},"wordCount":860,"image":{"@id":"https:\/\/www.altominho.tv\/site\/2018\/03\/22\/ponte-de-lima-dedica-mes-de-marco-tambem-ao-teatro\/#primaryimage"},"thumbnailUrl":"https:\/\/www.altominho.tv\/site\/wp-content\/uploads\/2018\/03\/pontedelima04.jpg","keywords":["Cultura"],"articleSection":["Ponte de Lima"],"inLanguage":"pt-PT","copyrightYear":"2018","copyrightHolder":{"@id":"https:\/\/www.altominho.tv\/site\/#organization"}},{"@type":"WebPage","@id":"https:\/\/www.altominho.tv\/site\/2018\/03\/22\/ponte-de-lima-dedica-mes-de-marco-tambem-ao-teatro\/","url":"https:\/\/www.altominho.tv\/site\/2018\/03\/22\/ponte-de-lima-dedica-mes-de-marco-tambem-ao-teatro\/","name":"Ponte de Lima, dedica m\u00eas de Mar\u00e7o tamb\u00e9m ao teatro","isPartOf":{"@id":"https:\/\/www.altominho.tv\/site\/#website"},"primaryImageOfPage":{"@id":"https:\/\/www.altominho.tv\/site\/2018\/03\/22\/ponte-de-lima-dedica-mes-de-marco-tambem-ao-teatro\/#primaryimage"},"image":{"@id":"https:\/\/www.altominho.tv\/site\/2018\/03\/22\/ponte-de-lima-dedica-mes-de-marco-tambem-ao-teatro\/#primaryimage"},"thumbnailUrl":"https:\/\/www.altominho.tv\/site\/wp-content\/uploads\/2018\/03\/pontedelima04.jpg","datePublished":"2018-03-22T16:11:14+00:00","author":{"@id":"https:\/\/www.altominho.tv\/site\/#\/schema\/person\/f836e37082b5dabe9144f3eb724ed5a7"},"breadcrumb":{"@id":"https:\/\/www.altominho.tv\/site\/2018\/03\/22\/ponte-de-lima-dedica-mes-de-marco-tambem-ao-teatro\/#breadcrumb"},"inLanguage":"pt-PT","potentialAction":[{"@type":"ReadAction","target":["https:\/\/www.altominho.tv\/site\/2018\/03\/22\/ponte-de-lima-dedica-mes-de-marco-tambem-ao-teatro\/"]}]},{"@type":"ImageObject","inLanguage":"pt-PT","@id":"https:\/\/www.altominho.tv\/site\/2018\/03\/22\/ponte-de-lima-dedica-mes-de-marco-tambem-ao-teatro\/#primaryimage","url":"https:\/\/www.altominho.tv\/site\/wp-content\/uploads\/2018\/03\/pontedelima04.jpg","contentUrl":"https:\/\/www.altominho.tv\/site\/wp-content\/uploads\/2018\/03\/pontedelima04.jpg","width":800,"height":409},{"@type":"BreadcrumbList","@id":"https:\/\/www.altominho.tv\/site\/2018\/03\/22\/ponte-de-lima-dedica-mes-de-marco-tambem-ao-teatro\/#breadcrumb","itemListElement":[{"@type":"ListItem","position":1,"name":"In\u00edcio","item":"https:\/\/www.altominho.tv\/site\/"},{"@type":"ListItem","position":2,"name":"Ponte de Lima, dedica m\u00eas de Mar\u00e7o tamb\u00e9m ao teatro"}]},{"@type":"WebSite","@id":"https:\/\/www.altominho.tv\/site\/#website","url":"https:\/\/www.altominho.tv\/site\/","name":"Altominho.tv","description":"A sua regi\u00e3o \u00e0 dist\u00e2ncia de um clique...","potentialAction":[{"@type":"SearchAction","target":{"@type":"EntryPoint","urlTemplate":"https:\/\/www.altominho.tv\/site\/?s={search_term_string}"},"query-input":{"@type":"PropertyValueSpecification","valueRequired":true,"valueName":"search_term_string"}}],"inLanguage":"pt-PT"},{"@type":"Person","@id":"https:\/\/www.altominho.tv\/site\/#\/schema\/person\/f836e37082b5dabe9144f3eb724ed5a7","name":"M\u00e1rcio Ferreira","image":{"@type":"ImageObject","inLanguage":"pt-PT","@id":"https:\/\/www.altominho.tv\/site\/wp-content\/uploads\/2017\/11\/Marcio-150x150.jpg","url":"https:\/\/www.altominho.tv\/site\/wp-content\/uploads\/2017\/11\/Marcio-150x150.jpg","contentUrl":"https:\/\/www.altominho.tv\/site\/wp-content\/uploads\/2017\/11\/Marcio-150x150.jpg","caption":"M\u00e1rcio Ferreira"},"url":"https:\/\/www.altominho.tv\/site\/author\/marcioferreira\/"}]}},"_links":{"self":[{"href":"https:\/\/www.altominho.tv\/site\/wp-json\/wp\/v2\/posts\/10992","targetHints":{"allow":["GET"]}}],"collection":[{"href":"https:\/\/www.altominho.tv\/site\/wp-json\/wp\/v2\/posts"}],"about":[{"href":"https:\/\/www.altominho.tv\/site\/wp-json\/wp\/v2\/types\/post"}],"author":[{"embeddable":true,"href":"https:\/\/www.altominho.tv\/site\/wp-json\/wp\/v2\/users\/11"}],"replies":[{"embeddable":true,"href":"https:\/\/www.altominho.tv\/site\/wp-json\/wp\/v2\/comments?post=10992"}],"version-history":[{"count":0,"href":"https:\/\/www.altominho.tv\/site\/wp-json\/wp\/v2\/posts\/10992\/revisions"}],"wp:featuredmedia":[{"embeddable":true,"href":"https:\/\/www.altominho.tv\/site\/wp-json\/wp\/v2\/media\/10993"}],"wp:attachment":[{"href":"https:\/\/www.altominho.tv\/site\/wp-json\/wp\/v2\/media?parent=10992"}],"wp:term":[{"taxonomy":"category","embeddable":true,"href":"https:\/\/www.altominho.tv\/site\/wp-json\/wp\/v2\/categories?post=10992"},{"taxonomy":"post_tag","embeddable":true,"href":"https:\/\/www.altominho.tv\/site\/wp-json\/wp\/v2\/tags?post=10992"}],"curies":[{"name":"wp","href":"https:\/\/api.w.org\/{rel}","templated":true}]}}