{"id":109858,"date":"2024-08-21T16:46:52","date_gmt":"2024-08-21T15:46:52","guid":{"rendered":"https:\/\/www.altominho.tv\/site\/?p=109858"},"modified":"2024-08-21T16:46:54","modified_gmt":"2024-08-21T15:46:54","slug":"ponte-da-barca-formaliza-geminacao-com-ballancourt-sur-essonne","status":"publish","type":"post","link":"https:\/\/www.altominho.tv\/site\/2024\/08\/21\/ponte-da-barca-formaliza-geminacao-com-ballancourt-sur-essonne\/","title":{"rendered":"Ponte da Barca formaliza Gemina\u00e7\u00e3o com Ballancourt-sur-Essonne"},"content":{"rendered":"\n<p>A C\u00e2mara Municipal de Ponte da Barca oficializou, na manh\u00e3 desta quarta-feira, a gemina\u00e7\u00e3o com o munic\u00edpio franc\u00eas de Ballancourt-sur-Essonne, num evento realizado no emblem\u00e1tico Mercado Pombalino, situado no Jardim dos Poetas. A cerim\u00f3nia, que contou com a presen\u00e7a de diversas personalidades e entidades, assinalou o culminar de um processo que come\u00e7ou com uma celebra\u00e7\u00e3o pr\u00e9via em Ballancourt-sur-Essonne, refor\u00e7ando os la\u00e7os hist\u00f3ricos entre as duas comunidades.<\/p>\n\n\n\n<p>O acordo de gemina\u00e7\u00e3o foi formalizado pelo Presidente da C\u00e2mara Municipal de Ponte da Barca, Augusto Marinho, e pelo Maire de Ballancourt-sur-Essonne, Jacques Mione, numa cerim\u00f3nia que contou tamb\u00e9m com a presen\u00e7a do Secret\u00e1rio de Estado das Comunidades Portuguesas, Jos\u00e9 Ces\u00e1rio, al\u00e9m do Maire de Nanterre, Vereadores Municipais, Presidentes de Junta de Freguesia, Bombeiros Volunt\u00e1rios de Ponte da Barca e um grande n\u00famero de cidad\u00e3os.<\/p>\n\n\n\n<p>O Presidente da C\u00e2mara, Augusto Marinho destacou a import\u00e2ncia desta gemina\u00e7\u00e3o, considerando-a um marco significativo, especialmente para os muitos habitantes de Ponte da Barca que, h\u00e1 mais de cinquenta anos, emigraram para Ballancourt-sur-Essonne, onde foram acolhidos calorosamente pela comunidade local. <\/p>\n\n\n\n<p>&#8220;Esta gemina\u00e7\u00e3o \u00e9 o reconhecimento de uma liga\u00e7\u00e3o hist\u00f3rica entre as nossas vilas e um incentivo para fortalecer essa cumplicidade no futuro, atrav\u00e9s de diversas iniciativas que permitir\u00e3o o interc\u00e2mbio e a partilha de projetos entre as duas comunidades&#8221;, afirmou o autarca.<\/p>\n\n\n\n<p>O Maire de Ballancourt-sur-Essonne, Jacques Mione, sublinhou a import\u00e2ncia da rela\u00e7\u00e3o entre as duas comunidades. &#8220;Este \u00e9 um momento de grande significado para todos n\u00f3s. A liga\u00e7\u00e3o entre Ballancourt-sur-Essonne e Ponte da Barca n\u00e3o \u00e9 apenas formal; \u00e9 uma celebra\u00e7\u00e3o da amizade que existe h\u00e1 d\u00e9cadas. Os portugueses que vieram para a nossa vila s\u00e3o parte integrante da nossa comunidade, e esta gemina\u00e7\u00e3o s\u00f3 vem refor\u00e7ar a vontade de continuar a trabalhar juntos em projetos que beneficiem ambos os munic\u00edpios&#8221;, afirmou Mione.<\/p>\n\n\n\n<p>J\u00e1 o secret\u00e1rio de Estado das Comunidades Portuguesas, Jos\u00e9 Ces\u00e1rio, enalteceu a iniciativa e felicitou o Presidente da C\u00e2mara Municipal de Ponte da Barca, Augusto Marinho, pela realiza\u00e7\u00e3o deste acordo de gemina\u00e7\u00e3o. O Governante destacou a import\u00e2ncia de levar a cabo estes acordos, que englobam as comunidades portuguesas al\u00e9m-fronteiras, tornando o processo mais abrangente e inclusivo. <\/p>\n\n\n\n<p>&#8220;O desenvolvimento constr\u00f3i-se atrav\u00e9s da partilha&#8221;, afirmou o Secret\u00e1rio de Estado, acrescentando que &#8220;Portugal \u00e9 um pa\u00eds de v\u00e1rios territ\u00f3rios, com as suas diferen\u00e7as, e n\u00e3o podemos esquecer os que est\u00e3o fora do pa\u00eds, desempenhando um papel crucial. \u00c9 essencial incluir todos nos projetos locais e nacionais, e esta gemina\u00e7\u00e3o \u00e9 um exemplo claro da uni\u00e3o necess\u00e1ria entre poder local, central e organiza\u00e7\u00f5es&#8221;.<\/p>\n\n\n\n<p>A gemina\u00e7\u00e3o entre Ponte da Barca e Ballancourt-sur-Essonne, a primeira celebrada pelo munic\u00edpio franc\u00eas, representa um avan\u00e7o significativo na promo\u00e7\u00e3o de colabora\u00e7\u00f5es culturais, sociais e econ\u00f3micas entre as duas localidades, consolidando uma parceria que visa beneficiar os cidad\u00e3os de ambas as comunidades.<\/p>\n\n\n\n<p>A cerim\u00f3nia, que encerrou ao som dos Hinos de cada pa\u00eds, contou, ainda, na abertura, com a Marcha da Barca, cantada por Gabriel Lopes, acompanhado ao piano pelo professor Pedro Carlos, ambos da Academia de M\u00fasica de Ponte da Barca.<\/p>\n","protected":false},"excerpt":{"rendered":"<p>A C\u00e2mara Municipal de Ponte da Barca oficializou, na manh\u00e3 desta quarta-feira, a gemina\u00e7\u00e3o com o munic\u00edpio franc\u00eas de Ballancourt-sur-Essonne, num evento realizado no emblem\u00e1tico Mercado Pombalino, situado no Jardim dos Poetas. A cerim\u00f3nia, que contou com a presen\u00e7a de diversas personalidades e entidades, assinalou o culminar de um processo que come\u00e7ou com uma celebra\u00e7\u00e3o [&hellip;]<\/p>\n","protected":false},"author":1,"featured_media":109861,"comment_status":"closed","ping_status":"closed","sticky":false,"template":"","format":"standard","meta":{"_exactmetrics_skip_tracking":false,"_exactmetrics_sitenote_active":false,"_exactmetrics_sitenote_note":"","_exactmetrics_sitenote_category":0,"footnotes":""},"categories":[11],"tags":[27],"class_list":["post-109858","post","type-post","status-publish","format-standard","has-post-thumbnail","hentry","category-ponte-da-barca","tag-sociedade"],"yoast_head":"<!-- This site is optimized with the Yoast SEO Premium plugin v27.5 (Yoast SEO v27.5) - https:\/\/yoast.com\/product\/yoast-seo-premium-wordpress\/ -->\n<title>Ponte da Barca formaliza Gemina\u00e7\u00e3o com Ballancourt-sur-Essonne<\/title>\n<meta name=\"robots\" content=\"index, follow, max-snippet:-1, max-image-preview:large, max-video-preview:-1\" \/>\n<link rel=\"canonical\" href=\"https:\/\/www.altominho.tv\/site\/2024\/08\/21\/ponte-da-barca-formaliza-geminacao-com-ballancourt-sur-essonne\/\" \/>\n<meta property=\"og:locale\" content=\"pt_PT\" \/>\n<meta property=\"og:type\" content=\"article\" \/>\n<meta property=\"og:title\" content=\"Ponte da Barca formaliza Gemina\u00e7\u00e3o com Ballancourt-sur-Essonne\" \/>\n<meta property=\"og:description\" content=\"A C\u00e2mara Municipal de Ponte da Barca oficializou, na manh\u00e3 desta quarta-feira, a gemina\u00e7\u00e3o com o munic\u00edpio franc\u00eas de Ballancourt-sur-Essonne, num evento realizado no emblem\u00e1tico Mercado Pombalino, situado no Jardim dos Poetas. A cerim\u00f3nia, que contou com a presen\u00e7a de diversas personalidades e entidades, assinalou o culminar de um processo que come\u00e7ou com uma celebra\u00e7\u00e3o [&hellip;]\" \/>\n<meta property=\"og:url\" content=\"https:\/\/www.altominho.tv\/site\/2024\/08\/21\/ponte-da-barca-formaliza-geminacao-com-ballancourt-sur-essonne\/\" \/>\n<meta property=\"og:site_name\" content=\"Altominho.tv\" \/>\n<meta property=\"article:publisher\" content=\"https:\/\/www.facebook.com\/altominhotv\" \/>\n<meta property=\"article:published_time\" content=\"2024-08-21T15:46:52+00:00\" \/>\n<meta property=\"article:modified_time\" content=\"2024-08-21T15:46:54+00:00\" \/>\n<meta property=\"og:image\" content=\"https:\/\/www.altominho.tv\/site\/wp-content\/uploads\/2024\/08\/456604393_500047846107935_1556136859958767100_n.jpg\" \/>\n\t<meta property=\"og:image:width\" content=\"2048\" \/>\n\t<meta property=\"og:image:height\" content=\"1365\" \/>\n\t<meta property=\"og:image:type\" content=\"image\/jpeg\" \/>\n<meta name=\"author\" content=\"Altominho.tv\" \/>\n<meta name=\"twitter:card\" content=\"summary_large_image\" \/>\n<meta name=\"twitter:creator\" content=\"@altominhoTV\" \/>\n<meta name=\"twitter:site\" content=\"@altominhoTV\" \/>\n<meta name=\"twitter:label1\" content=\"Escrito por\" \/>\n\t<meta name=\"twitter:data1\" content=\"Altominho.tv\" \/>\n\t<meta name=\"twitter:label2\" content=\"Tempo estimado de leitura\" \/>\n\t<meta name=\"twitter:data2\" content=\"3 minutos\" \/>\n<script type=\"application\/ld+json\" class=\"yoast-schema-graph\">{\"@context\":\"https:\\\/\\\/schema.org\",\"@graph\":[{\"@type\":\"Article\",\"@id\":\"https:\\\/\\\/www.altominho.tv\\\/site\\\/2024\\\/08\\\/21\\\/ponte-da-barca-formaliza-geminacao-com-ballancourt-sur-essonne\\\/#article\",\"isPartOf\":{\"@id\":\"https:\\\/\\\/www.altominho.tv\\\/site\\\/2024\\\/08\\\/21\\\/ponte-da-barca-formaliza-geminacao-com-ballancourt-sur-essonne\\\/\"},\"author\":{\"name\":\"Altominho.tv\",\"@id\":\"https:\\\/\\\/www.altominho.tv\\\/site\\\/#\\\/schema\\\/person\\\/4e536851627d7914baf3dac752b6af22\"},\"headline\":\"Ponte da Barca formaliza Gemina\u00e7\u00e3o com Ballancourt-sur-Essonne\",\"datePublished\":\"2024-08-21T15:46:52+00:00\",\"dateModified\":\"2024-08-21T15:46:54+00:00\",\"mainEntityOfPage\":{\"@id\":\"https:\\\/\\\/www.altominho.tv\\\/site\\\/2024\\\/08\\\/21\\\/ponte-da-barca-formaliza-geminacao-com-ballancourt-sur-essonne\\\/\"},\"wordCount\":573,\"image\":{\"@id\":\"https:\\\/\\\/www.altominho.tv\\\/site\\\/2024\\\/08\\\/21\\\/ponte-da-barca-formaliza-geminacao-com-ballancourt-sur-essonne\\\/#primaryimage\"},\"thumbnailUrl\":\"https:\\\/\\\/www.altominho.tv\\\/site\\\/wp-content\\\/uploads\\\/2024\\\/08\\\/456604393_500047846107935_1556136859958767100_n.jpg\",\"keywords\":[\"Sociedade\"],\"articleSection\":[\"Ponte da Barca\"],\"inLanguage\":\"pt-PT\",\"copyrightYear\":\"2024\",\"copyrightHolder\":{\"@id\":\"https:\\\/\\\/www.altominho.tv\\\/site\\\/#organization\"}},{\"@type\":\"WebPage\",\"@id\":\"https:\\\/\\\/www.altominho.tv\\\/site\\\/2024\\\/08\\\/21\\\/ponte-da-barca-formaliza-geminacao-com-ballancourt-sur-essonne\\\/\",\"url\":\"https:\\\/\\\/www.altominho.tv\\\/site\\\/2024\\\/08\\\/21\\\/ponte-da-barca-formaliza-geminacao-com-ballancourt-sur-essonne\\\/\",\"name\":\"Ponte da Barca formaliza Gemina\u00e7\u00e3o com Ballancourt-sur-Essonne\",\"isPartOf\":{\"@id\":\"https:\\\/\\\/www.altominho.tv\\\/site\\\/#website\"},\"primaryImageOfPage\":{\"@id\":\"https:\\\/\\\/www.altominho.tv\\\/site\\\/2024\\\/08\\\/21\\\/ponte-da-barca-formaliza-geminacao-com-ballancourt-sur-essonne\\\/#primaryimage\"},\"image\":{\"@id\":\"https:\\\/\\\/www.altominho.tv\\\/site\\\/2024\\\/08\\\/21\\\/ponte-da-barca-formaliza-geminacao-com-ballancourt-sur-essonne\\\/#primaryimage\"},\"thumbnailUrl\":\"https:\\\/\\\/www.altominho.tv\\\/site\\\/wp-content\\\/uploads\\\/2024\\\/08\\\/456604393_500047846107935_1556136859958767100_n.jpg\",\"datePublished\":\"2024-08-21T15:46:52+00:00\",\"dateModified\":\"2024-08-21T15:46:54+00:00\",\"author\":{\"@id\":\"https:\\\/\\\/www.altominho.tv\\\/site\\\/#\\\/schema\\\/person\\\/4e536851627d7914baf3dac752b6af22\"},\"breadcrumb\":{\"@id\":\"https:\\\/\\\/www.altominho.tv\\\/site\\\/2024\\\/08\\\/21\\\/ponte-da-barca-formaliza-geminacao-com-ballancourt-sur-essonne\\\/#breadcrumb\"},\"inLanguage\":\"pt-PT\",\"potentialAction\":[{\"@type\":\"ReadAction\",\"target\":[\"https:\\\/\\\/www.altominho.tv\\\/site\\\/2024\\\/08\\\/21\\\/ponte-da-barca-formaliza-geminacao-com-ballancourt-sur-essonne\\\/\"]}]},{\"@type\":\"ImageObject\",\"inLanguage\":\"pt-PT\",\"@id\":\"https:\\\/\\\/www.altominho.tv\\\/site\\\/2024\\\/08\\\/21\\\/ponte-da-barca-formaliza-geminacao-com-ballancourt-sur-essonne\\\/#primaryimage\",\"url\":\"https:\\\/\\\/www.altominho.tv\\\/site\\\/wp-content\\\/uploads\\\/2024\\\/08\\\/456604393_500047846107935_1556136859958767100_n.jpg\",\"contentUrl\":\"https:\\\/\\\/www.altominho.tv\\\/site\\\/wp-content\\\/uploads\\\/2024\\\/08\\\/456604393_500047846107935_1556136859958767100_n.jpg\",\"width\":2048,\"height\":1365},{\"@type\":\"BreadcrumbList\",\"@id\":\"https:\\\/\\\/www.altominho.tv\\\/site\\\/2024\\\/08\\\/21\\\/ponte-da-barca-formaliza-geminacao-com-ballancourt-sur-essonne\\\/#breadcrumb\",\"itemListElement\":[{\"@type\":\"ListItem\",\"position\":1,\"name\":\"In\u00edcio\",\"item\":\"https:\\\/\\\/www.altominho.tv\\\/site\\\/\"},{\"@type\":\"ListItem\",\"position\":2,\"name\":\"Ponte da Barca formaliza Gemina\u00e7\u00e3o com Ballancourt-sur-Essonne\"}]},{\"@type\":\"WebSite\",\"@id\":\"https:\\\/\\\/www.altominho.tv\\\/site\\\/#website\",\"url\":\"https:\\\/\\\/www.altominho.tv\\\/site\\\/\",\"name\":\"Altominho.tv\",\"description\":\"A sua regi\u00e3o \u00e0 dist\u00e2ncia de um clique...\",\"potentialAction\":[{\"@type\":\"SearchAction\",\"target\":{\"@type\":\"EntryPoint\",\"urlTemplate\":\"https:\\\/\\\/www.altominho.tv\\\/site\\\/?s={search_term_string}\"},\"query-input\":{\"@type\":\"PropertyValueSpecification\",\"valueRequired\":true,\"valueName\":\"search_term_string\"}}],\"inLanguage\":\"pt-PT\"},{\"@type\":\"Person\",\"@id\":\"https:\\\/\\\/www.altominho.tv\\\/site\\\/#\\\/schema\\\/person\\\/4e536851627d7914baf3dac752b6af22\",\"name\":\"Altominho.tv\",\"image\":{\"@type\":\"ImageObject\",\"inLanguage\":\"pt-PT\",\"@id\":\"https:\\\/\\\/www.altominho.tv\\\/site\\\/wp-content\\\/uploads\\\/2019\\\/11\\\/Logo_Avatar_2-150x150.jpg\",\"url\":\"https:\\\/\\\/www.altominho.tv\\\/site\\\/wp-content\\\/uploads\\\/2019\\\/11\\\/Logo_Avatar_2-150x150.jpg\",\"contentUrl\":\"https:\\\/\\\/www.altominho.tv\\\/site\\\/wp-content\\\/uploads\\\/2019\\\/11\\\/Logo_Avatar_2-150x150.jpg\",\"caption\":\"Altominho.tv\"},\"url\":\"https:\\\/\\\/www.altominho.tv\\\/site\\\/author\\\/altominhotv-tecnico\\\/\"}]}<\/script>\n<!-- \/ Yoast SEO Premium plugin. -->","yoast_head_json":{"title":"Ponte da Barca formaliza Gemina\u00e7\u00e3o com Ballancourt-sur-Essonne","robots":{"index":"index","follow":"follow","max-snippet":"max-snippet:-1","max-image-preview":"max-image-preview:large","max-video-preview":"max-video-preview:-1"},"canonical":"https:\/\/www.altominho.tv\/site\/2024\/08\/21\/ponte-da-barca-formaliza-geminacao-com-ballancourt-sur-essonne\/","og_locale":"pt_PT","og_type":"article","og_title":"Ponte da Barca formaliza Gemina\u00e7\u00e3o com Ballancourt-sur-Essonne","og_description":"A C\u00e2mara Municipal de Ponte da Barca oficializou, na manh\u00e3 desta quarta-feira, a gemina\u00e7\u00e3o com o munic\u00edpio franc\u00eas de Ballancourt-sur-Essonne, num evento realizado no emblem\u00e1tico Mercado Pombalino, situado no Jardim dos Poetas. A cerim\u00f3nia, que contou com a presen\u00e7a de diversas personalidades e entidades, assinalou o culminar de um processo que come\u00e7ou com uma celebra\u00e7\u00e3o [&hellip;]","og_url":"https:\/\/www.altominho.tv\/site\/2024\/08\/21\/ponte-da-barca-formaliza-geminacao-com-ballancourt-sur-essonne\/","og_site_name":"Altominho.tv","article_publisher":"https:\/\/www.facebook.com\/altominhotv","article_published_time":"2024-08-21T15:46:52+00:00","article_modified_time":"2024-08-21T15:46:54+00:00","og_image":[{"width":2048,"height":1365,"url":"https:\/\/www.altominho.tv\/site\/wp-content\/uploads\/2024\/08\/456604393_500047846107935_1556136859958767100_n.jpg","type":"image\/jpeg"}],"author":"Altominho.tv","twitter_card":"summary_large_image","twitter_creator":"@altominhoTV","twitter_site":"@altominhoTV","twitter_misc":{"Escrito por":"Altominho.tv","Tempo estimado de leitura":"3 minutos"},"schema":{"@context":"https:\/\/schema.org","@graph":[{"@type":"Article","@id":"https:\/\/www.altominho.tv\/site\/2024\/08\/21\/ponte-da-barca-formaliza-geminacao-com-ballancourt-sur-essonne\/#article","isPartOf":{"@id":"https:\/\/www.altominho.tv\/site\/2024\/08\/21\/ponte-da-barca-formaliza-geminacao-com-ballancourt-sur-essonne\/"},"author":{"name":"Altominho.tv","@id":"https:\/\/www.altominho.tv\/site\/#\/schema\/person\/4e536851627d7914baf3dac752b6af22"},"headline":"Ponte da Barca formaliza Gemina\u00e7\u00e3o com Ballancourt-sur-Essonne","datePublished":"2024-08-21T15:46:52+00:00","dateModified":"2024-08-21T15:46:54+00:00","mainEntityOfPage":{"@id":"https:\/\/www.altominho.tv\/site\/2024\/08\/21\/ponte-da-barca-formaliza-geminacao-com-ballancourt-sur-essonne\/"},"wordCount":573,"image":{"@id":"https:\/\/www.altominho.tv\/site\/2024\/08\/21\/ponte-da-barca-formaliza-geminacao-com-ballancourt-sur-essonne\/#primaryimage"},"thumbnailUrl":"https:\/\/www.altominho.tv\/site\/wp-content\/uploads\/2024\/08\/456604393_500047846107935_1556136859958767100_n.jpg","keywords":["Sociedade"],"articleSection":["Ponte da Barca"],"inLanguage":"pt-PT","copyrightYear":"2024","copyrightHolder":{"@id":"https:\/\/www.altominho.tv\/site\/#organization"}},{"@type":"WebPage","@id":"https:\/\/www.altominho.tv\/site\/2024\/08\/21\/ponte-da-barca-formaliza-geminacao-com-ballancourt-sur-essonne\/","url":"https:\/\/www.altominho.tv\/site\/2024\/08\/21\/ponte-da-barca-formaliza-geminacao-com-ballancourt-sur-essonne\/","name":"Ponte da Barca formaliza Gemina\u00e7\u00e3o com Ballancourt-sur-Essonne","isPartOf":{"@id":"https:\/\/www.altominho.tv\/site\/#website"},"primaryImageOfPage":{"@id":"https:\/\/www.altominho.tv\/site\/2024\/08\/21\/ponte-da-barca-formaliza-geminacao-com-ballancourt-sur-essonne\/#primaryimage"},"image":{"@id":"https:\/\/www.altominho.tv\/site\/2024\/08\/21\/ponte-da-barca-formaliza-geminacao-com-ballancourt-sur-essonne\/#primaryimage"},"thumbnailUrl":"https:\/\/www.altominho.tv\/site\/wp-content\/uploads\/2024\/08\/456604393_500047846107935_1556136859958767100_n.jpg","datePublished":"2024-08-21T15:46:52+00:00","dateModified":"2024-08-21T15:46:54+00:00","author":{"@id":"https:\/\/www.altominho.tv\/site\/#\/schema\/person\/4e536851627d7914baf3dac752b6af22"},"breadcrumb":{"@id":"https:\/\/www.altominho.tv\/site\/2024\/08\/21\/ponte-da-barca-formaliza-geminacao-com-ballancourt-sur-essonne\/#breadcrumb"},"inLanguage":"pt-PT","potentialAction":[{"@type":"ReadAction","target":["https:\/\/www.altominho.tv\/site\/2024\/08\/21\/ponte-da-barca-formaliza-geminacao-com-ballancourt-sur-essonne\/"]}]},{"@type":"ImageObject","inLanguage":"pt-PT","@id":"https:\/\/www.altominho.tv\/site\/2024\/08\/21\/ponte-da-barca-formaliza-geminacao-com-ballancourt-sur-essonne\/#primaryimage","url":"https:\/\/www.altominho.tv\/site\/wp-content\/uploads\/2024\/08\/456604393_500047846107935_1556136859958767100_n.jpg","contentUrl":"https:\/\/www.altominho.tv\/site\/wp-content\/uploads\/2024\/08\/456604393_500047846107935_1556136859958767100_n.jpg","width":2048,"height":1365},{"@type":"BreadcrumbList","@id":"https:\/\/www.altominho.tv\/site\/2024\/08\/21\/ponte-da-barca-formaliza-geminacao-com-ballancourt-sur-essonne\/#breadcrumb","itemListElement":[{"@type":"ListItem","position":1,"name":"In\u00edcio","item":"https:\/\/www.altominho.tv\/site\/"},{"@type":"ListItem","position":2,"name":"Ponte da Barca formaliza Gemina\u00e7\u00e3o com Ballancourt-sur-Essonne"}]},{"@type":"WebSite","@id":"https:\/\/www.altominho.tv\/site\/#website","url":"https:\/\/www.altominho.tv\/site\/","name":"Altominho.tv","description":"A sua regi\u00e3o \u00e0 dist\u00e2ncia de um clique...","potentialAction":[{"@type":"SearchAction","target":{"@type":"EntryPoint","urlTemplate":"https:\/\/www.altominho.tv\/site\/?s={search_term_string}"},"query-input":{"@type":"PropertyValueSpecification","valueRequired":true,"valueName":"search_term_string"}}],"inLanguage":"pt-PT"},{"@type":"Person","@id":"https:\/\/www.altominho.tv\/site\/#\/schema\/person\/4e536851627d7914baf3dac752b6af22","name":"Altominho.tv","image":{"@type":"ImageObject","inLanguage":"pt-PT","@id":"https:\/\/www.altominho.tv\/site\/wp-content\/uploads\/2019\/11\/Logo_Avatar_2-150x150.jpg","url":"https:\/\/www.altominho.tv\/site\/wp-content\/uploads\/2019\/11\/Logo_Avatar_2-150x150.jpg","contentUrl":"https:\/\/www.altominho.tv\/site\/wp-content\/uploads\/2019\/11\/Logo_Avatar_2-150x150.jpg","caption":"Altominho.tv"},"url":"https:\/\/www.altominho.tv\/site\/author\/altominhotv-tecnico\/"}]}},"_links":{"self":[{"href":"https:\/\/www.altominho.tv\/site\/wp-json\/wp\/v2\/posts\/109858","targetHints":{"allow":["GET"]}}],"collection":[{"href":"https:\/\/www.altominho.tv\/site\/wp-json\/wp\/v2\/posts"}],"about":[{"href":"https:\/\/www.altominho.tv\/site\/wp-json\/wp\/v2\/types\/post"}],"author":[{"embeddable":true,"href":"https:\/\/www.altominho.tv\/site\/wp-json\/wp\/v2\/users\/1"}],"replies":[{"embeddable":true,"href":"https:\/\/www.altominho.tv\/site\/wp-json\/wp\/v2\/comments?post=109858"}],"version-history":[{"count":2,"href":"https:\/\/www.altominho.tv\/site\/wp-json\/wp\/v2\/posts\/109858\/revisions"}],"predecessor-version":[{"id":109860,"href":"https:\/\/www.altominho.tv\/site\/wp-json\/wp\/v2\/posts\/109858\/revisions\/109860"}],"wp:featuredmedia":[{"embeddable":true,"href":"https:\/\/www.altominho.tv\/site\/wp-json\/wp\/v2\/media\/109861"}],"wp:attachment":[{"href":"https:\/\/www.altominho.tv\/site\/wp-json\/wp\/v2\/media?parent=109858"}],"wp:term":[{"taxonomy":"category","embeddable":true,"href":"https:\/\/www.altominho.tv\/site\/wp-json\/wp\/v2\/categories?post=109858"},{"taxonomy":"post_tag","embeddable":true,"href":"https:\/\/www.altominho.tv\/site\/wp-json\/wp\/v2\/tags?post=109858"}],"curies":[{"name":"wp","href":"https:\/\/api.w.org\/{rel}","templated":true}]}}