{"id":109855,"date":"2024-08-21T16:15:39","date_gmt":"2024-08-21T15:15:39","guid":{"rendered":"https:\/\/www.altominho.tv\/site\/?p=109855"},"modified":"2024-08-21T16:15:42","modified_gmt":"2024-08-21T15:15:42","slug":"cerveira-e-lider-das-exportacoes-de-construcao-naval-com-872","status":"publish","type":"post","link":"https:\/\/www.altominho.tv\/site\/2024\/08\/21\/cerveira-e-lider-das-exportacoes-de-construcao-naval-com-872\/","title":{"rendered":"Cerveira \u00e9 l\u00edder das exporta\u00e7\u00f5es de constru\u00e7\u00e3o naval com 87,2%"},"content":{"rendered":"\n<p>\u00c9 mais um indicador distinto que corrobora a vigorosa din\u00e2mica das empresas de constru\u00e7\u00e3o naval com sede na Zona Industrial de Vila Nova de Cerveira. O concelho lidera as exporta\u00e7\u00f5es na ind\u00fastria da constru\u00e7\u00e3o naval em toda a Regi\u00e3o Norte (86 munic\u00edpios), com uma impressionante participa\u00e7\u00e3o de 87,2% no total da fileira. Os resultados divulgados pela CCDR-Norte indicam que Vila Nova de Cerveira passou de 69ME exportados em 2019 para 123ME em 2023, nesta \u00e1rea espec\u00edfica.<\/p>\n\n\n\n<p>\u201cO trabalho de perseveran\u00e7a dos nossos empres\u00e1rios, alicer\u00e7ado no bom desempenho dos seus colaboradores e das prof\u00edcuas parcerias s\u00f3 podia ter este merecido resultado. Um reconhecimento que vem corroborar as condi\u00e7\u00f5es singulares de recursos humanos, de infraestruturas de vanguarda e de posi\u00e7\u00e3o estrat\u00e9gica que Vila Nova de Cerveira oferece e, consequentemente, regozija-se com estes resultados regionais que deve orgulhar toda a comunidade cerveirense\u201d, assegura o Presidente da C\u00e2mara Municipal de Vila Nova de Cerveira, Rui Teixeira. E acrescenta: \u201cProsseguimos com a mesma convic\u00e7\u00e3o e confian\u00e7a de que o nosso papel, enquanto autarquia, \u00e9 dar resposta encontrando solu\u00e7\u00f5es vi\u00e1veis para manter este caminho de sucesso\u201d.<\/p>\n\n\n\n<p>As exporta\u00e7\u00f5es da fileira da constru\u00e7\u00e3o naval foram de 141ME em 2023, correspondendo a 0,52 % do total das exporta\u00e7\u00f5es da Regi\u00e3o Norte. Entre 2022 e 2023, as exporta\u00e7\u00f5es desta fileira aumentaram 12,4% e, num per\u00edodo mais alargado, entre 2011 e 2023, as exporta\u00e7\u00f5es da fileira registaram um aumento acentuado de 182,2%, que contrasta com um crescimento de 68,7% nas exporta\u00e7\u00f5es totais do Norte.<\/p>\n\n\n\n<p>Em 2023, as exporta\u00e7\u00f5es da fileira envolveram seis atividades econ\u00f3micas e 26 produtos diferenciados. A principal atividade econ\u00f3mica \u00e9 a constru\u00e7\u00e3o de embarca\u00e7\u00f5es de recreio e de desporto, da qual se destaca o concelho de Vila Nova de Cerveira com os 74,3% do total das exporta\u00e7\u00f5es da fileira, tendo como principais pa\u00edses-destino das exporta\u00e7\u00f5es a Fran\u00e7a (32,5%), a Alemanha (12,8%) e a Espanha (11%).<\/p>\n\n\n\n<p>J\u00e1 na fileira autom\u00f3vel, o concelho de Vila Nova de Cerveira tamb\u00e9m surge muito bem posicionado entre os 86 munic\u00edpios da Regi\u00e3o Norte. Em 2023, destaca-se como o 3\u00ba concelho mais exportador, ap\u00f3s Vila Nova de Famalic\u00e3o e Braga. De salientar que as exporta\u00e7\u00f5es da fileira autom\u00f3vel sediada no Norte atingiram 5 357 M\u20ac em 2023, o valor mais elevado entre todas as fileiras identificadas, correspondendo a 19,8% do total das exporta\u00e7\u00f5es da Regi\u00e3o. Entre 2022 e 2023, as exporta\u00e7\u00f5es desta fileira aumentaram 12,7%, em contraciclo com a estagna\u00e7\u00e3o registada no total do Norte. Num per\u00edodo mais longo, entre 2011 e 2023, o crescimento acumulado das exporta\u00e7\u00f5es da fileira autom\u00f3vel foi de 77,5%, acima do crescimento das exporta\u00e7\u00f5es totais da Regi\u00e3o (+68,7%).<\/p>\n","protected":false},"excerpt":{"rendered":"<p>\u00c9 mais um indicador distinto que corrobora a vigorosa din\u00e2mica das empresas de constru\u00e7\u00e3o naval com sede na Zona Industrial de Vila Nova de Cerveira. O concelho lidera as exporta\u00e7\u00f5es na ind\u00fastria da constru\u00e7\u00e3o naval em toda a Regi\u00e3o Norte (86 munic\u00edpios), com uma impressionante participa\u00e7\u00e3o de 87,2% no total da fileira. Os resultados divulgados [&hellip;]<\/p>\n","protected":false},"author":1,"featured_media":109856,"comment_status":"closed","ping_status":"closed","sticky":false,"template":"","format":"standard","meta":{"_exactmetrics_skip_tracking":false,"_exactmetrics_sitenote_active":false,"_exactmetrics_sitenote_note":"","_exactmetrics_sitenote_category":0,"footnotes":""},"categories":[15],"tags":[27],"class_list":["post-109855","post","type-post","status-publish","format-standard","has-post-thumbnail","hentry","category-vila-nova-de-cerveira","tag-sociedade"],"yoast_head":"<!-- This site is optimized with the Yoast SEO Premium plugin v27.5 (Yoast SEO v27.5) - https:\/\/yoast.com\/product\/yoast-seo-premium-wordpress\/ -->\n<title>Cerveira \u00e9 l\u00edder das exporta\u00e7\u00f5es de constru\u00e7\u00e3o naval com 87,2%<\/title>\n<meta name=\"robots\" content=\"index, follow, max-snippet:-1, max-image-preview:large, max-video-preview:-1\" \/>\n<link rel=\"canonical\" href=\"https:\/\/www.altominho.tv\/site\/2024\/08\/21\/cerveira-e-lider-das-exportacoes-de-construcao-naval-com-872\/\" \/>\n<meta property=\"og:locale\" content=\"pt_PT\" \/>\n<meta property=\"og:type\" content=\"article\" \/>\n<meta property=\"og:title\" content=\"Cerveira \u00e9 l\u00edder das exporta\u00e7\u00f5es de constru\u00e7\u00e3o naval com 87,2%\" \/>\n<meta property=\"og:description\" content=\"\u00c9 mais um indicador distinto que corrobora a vigorosa din\u00e2mica das empresas de constru\u00e7\u00e3o naval com sede na Zona Industrial de Vila Nova de Cerveira. O concelho lidera as exporta\u00e7\u00f5es na ind\u00fastria da constru\u00e7\u00e3o naval em toda a Regi\u00e3o Norte (86 munic\u00edpios), com uma impressionante participa\u00e7\u00e3o de 87,2% no total da fileira. Os resultados divulgados [&hellip;]\" \/>\n<meta property=\"og:url\" content=\"https:\/\/www.altominho.tv\/site\/2024\/08\/21\/cerveira-e-lider-das-exportacoes-de-construcao-naval-com-872\/\" \/>\n<meta property=\"og:site_name\" content=\"Altominho.tv\" \/>\n<meta property=\"article:publisher\" content=\"https:\/\/www.facebook.com\/altominhotv\" \/>\n<meta property=\"article:published_time\" content=\"2024-08-21T15:15:39+00:00\" \/>\n<meta property=\"article:modified_time\" content=\"2024-08-21T15:15:42+00:00\" \/>\n<meta property=\"og:image\" content=\"https:\/\/www.altominho.tv\/site\/wp-content\/uploads\/2024\/08\/zona_industrial_1_980_2500.png\" \/>\n\t<meta property=\"og:image:width\" content=\"750\" \/>\n\t<meta property=\"og:image:height\" content=\"460\" \/>\n\t<meta property=\"og:image:type\" content=\"image\/png\" \/>\n<meta name=\"author\" content=\"Altominho.tv\" \/>\n<meta name=\"twitter:card\" content=\"summary_large_image\" \/>\n<meta name=\"twitter:creator\" content=\"@altominhoTV\" \/>\n<meta name=\"twitter:site\" content=\"@altominhoTV\" \/>\n<meta name=\"twitter:label1\" content=\"Escrito por\" \/>\n\t<meta name=\"twitter:data1\" content=\"Altominho.tv\" \/>\n\t<meta name=\"twitter:label2\" content=\"Tempo estimado de leitura\" \/>\n\t<meta name=\"twitter:data2\" content=\"3 minutos\" \/>\n<script type=\"application\/ld+json\" class=\"yoast-schema-graph\">{\"@context\":\"https:\\\/\\\/schema.org\",\"@graph\":[{\"@type\":\"Article\",\"@id\":\"https:\\\/\\\/www.altominho.tv\\\/site\\\/2024\\\/08\\\/21\\\/cerveira-e-lider-das-exportacoes-de-construcao-naval-com-872\\\/#article\",\"isPartOf\":{\"@id\":\"https:\\\/\\\/www.altominho.tv\\\/site\\\/2024\\\/08\\\/21\\\/cerveira-e-lider-das-exportacoes-de-construcao-naval-com-872\\\/\"},\"author\":{\"name\":\"Altominho.tv\",\"@id\":\"https:\\\/\\\/www.altominho.tv\\\/site\\\/#\\\/schema\\\/person\\\/4e536851627d7914baf3dac752b6af22\"},\"headline\":\"Cerveira \u00e9 l\u00edder das exporta\u00e7\u00f5es de constru\u00e7\u00e3o naval com 87,2%\",\"datePublished\":\"2024-08-21T15:15:39+00:00\",\"dateModified\":\"2024-08-21T15:15:42+00:00\",\"mainEntityOfPage\":{\"@id\":\"https:\\\/\\\/www.altominho.tv\\\/site\\\/2024\\\/08\\\/21\\\/cerveira-e-lider-das-exportacoes-de-construcao-naval-com-872\\\/\"},\"wordCount\":459,\"image\":{\"@id\":\"https:\\\/\\\/www.altominho.tv\\\/site\\\/2024\\\/08\\\/21\\\/cerveira-e-lider-das-exportacoes-de-construcao-naval-com-872\\\/#primaryimage\"},\"thumbnailUrl\":\"https:\\\/\\\/www.altominho.tv\\\/site\\\/wp-content\\\/uploads\\\/2024\\\/08\\\/zona_industrial_1_980_2500.png\",\"keywords\":[\"Sociedade\"],\"articleSection\":[\"Vila Nova de Cerveira\"],\"inLanguage\":\"pt-PT\",\"copyrightYear\":\"2024\",\"copyrightHolder\":{\"@id\":\"https:\\\/\\\/www.altominho.tv\\\/site\\\/#organization\"}},{\"@type\":\"WebPage\",\"@id\":\"https:\\\/\\\/www.altominho.tv\\\/site\\\/2024\\\/08\\\/21\\\/cerveira-e-lider-das-exportacoes-de-construcao-naval-com-872\\\/\",\"url\":\"https:\\\/\\\/www.altominho.tv\\\/site\\\/2024\\\/08\\\/21\\\/cerveira-e-lider-das-exportacoes-de-construcao-naval-com-872\\\/\",\"name\":\"Cerveira \u00e9 l\u00edder das exporta\u00e7\u00f5es de constru\u00e7\u00e3o naval com 87,2%\",\"isPartOf\":{\"@id\":\"https:\\\/\\\/www.altominho.tv\\\/site\\\/#website\"},\"primaryImageOfPage\":{\"@id\":\"https:\\\/\\\/www.altominho.tv\\\/site\\\/2024\\\/08\\\/21\\\/cerveira-e-lider-das-exportacoes-de-construcao-naval-com-872\\\/#primaryimage\"},\"image\":{\"@id\":\"https:\\\/\\\/www.altominho.tv\\\/site\\\/2024\\\/08\\\/21\\\/cerveira-e-lider-das-exportacoes-de-construcao-naval-com-872\\\/#primaryimage\"},\"thumbnailUrl\":\"https:\\\/\\\/www.altominho.tv\\\/site\\\/wp-content\\\/uploads\\\/2024\\\/08\\\/zona_industrial_1_980_2500.png\",\"datePublished\":\"2024-08-21T15:15:39+00:00\",\"dateModified\":\"2024-08-21T15:15:42+00:00\",\"author\":{\"@id\":\"https:\\\/\\\/www.altominho.tv\\\/site\\\/#\\\/schema\\\/person\\\/4e536851627d7914baf3dac752b6af22\"},\"breadcrumb\":{\"@id\":\"https:\\\/\\\/www.altominho.tv\\\/site\\\/2024\\\/08\\\/21\\\/cerveira-e-lider-das-exportacoes-de-construcao-naval-com-872\\\/#breadcrumb\"},\"inLanguage\":\"pt-PT\",\"potentialAction\":[{\"@type\":\"ReadAction\",\"target\":[\"https:\\\/\\\/www.altominho.tv\\\/site\\\/2024\\\/08\\\/21\\\/cerveira-e-lider-das-exportacoes-de-construcao-naval-com-872\\\/\"]}]},{\"@type\":\"ImageObject\",\"inLanguage\":\"pt-PT\",\"@id\":\"https:\\\/\\\/www.altominho.tv\\\/site\\\/2024\\\/08\\\/21\\\/cerveira-e-lider-das-exportacoes-de-construcao-naval-com-872\\\/#primaryimage\",\"url\":\"https:\\\/\\\/www.altominho.tv\\\/site\\\/wp-content\\\/uploads\\\/2024\\\/08\\\/zona_industrial_1_980_2500.png\",\"contentUrl\":\"https:\\\/\\\/www.altominho.tv\\\/site\\\/wp-content\\\/uploads\\\/2024\\\/08\\\/zona_industrial_1_980_2500.png\",\"width\":750,\"height\":460},{\"@type\":\"BreadcrumbList\",\"@id\":\"https:\\\/\\\/www.altominho.tv\\\/site\\\/2024\\\/08\\\/21\\\/cerveira-e-lider-das-exportacoes-de-construcao-naval-com-872\\\/#breadcrumb\",\"itemListElement\":[{\"@type\":\"ListItem\",\"position\":1,\"name\":\"In\u00edcio\",\"item\":\"https:\\\/\\\/www.altominho.tv\\\/site\\\/\"},{\"@type\":\"ListItem\",\"position\":2,\"name\":\"Cerveira \u00e9 l\u00edder das exporta\u00e7\u00f5es de constru\u00e7\u00e3o naval com 87,2%\"}]},{\"@type\":\"WebSite\",\"@id\":\"https:\\\/\\\/www.altominho.tv\\\/site\\\/#website\",\"url\":\"https:\\\/\\\/www.altominho.tv\\\/site\\\/\",\"name\":\"Altominho.tv\",\"description\":\"A sua regi\u00e3o \u00e0 dist\u00e2ncia de um clique...\",\"potentialAction\":[{\"@type\":\"SearchAction\",\"target\":{\"@type\":\"EntryPoint\",\"urlTemplate\":\"https:\\\/\\\/www.altominho.tv\\\/site\\\/?s={search_term_string}\"},\"query-input\":{\"@type\":\"PropertyValueSpecification\",\"valueRequired\":true,\"valueName\":\"search_term_string\"}}],\"inLanguage\":\"pt-PT\"},{\"@type\":\"Person\",\"@id\":\"https:\\\/\\\/www.altominho.tv\\\/site\\\/#\\\/schema\\\/person\\\/4e536851627d7914baf3dac752b6af22\",\"name\":\"Altominho.tv\",\"image\":{\"@type\":\"ImageObject\",\"inLanguage\":\"pt-PT\",\"@id\":\"https:\\\/\\\/www.altominho.tv\\\/site\\\/wp-content\\\/uploads\\\/2019\\\/11\\\/Logo_Avatar_2-150x150.jpg\",\"url\":\"https:\\\/\\\/www.altominho.tv\\\/site\\\/wp-content\\\/uploads\\\/2019\\\/11\\\/Logo_Avatar_2-150x150.jpg\",\"contentUrl\":\"https:\\\/\\\/www.altominho.tv\\\/site\\\/wp-content\\\/uploads\\\/2019\\\/11\\\/Logo_Avatar_2-150x150.jpg\",\"caption\":\"Altominho.tv\"},\"url\":\"https:\\\/\\\/www.altominho.tv\\\/site\\\/author\\\/altominhotv-tecnico\\\/\"}]}<\/script>\n<!-- \/ Yoast SEO Premium plugin. -->","yoast_head_json":{"title":"Cerveira \u00e9 l\u00edder das exporta\u00e7\u00f5es de constru\u00e7\u00e3o naval com 87,2%","robots":{"index":"index","follow":"follow","max-snippet":"max-snippet:-1","max-image-preview":"max-image-preview:large","max-video-preview":"max-video-preview:-1"},"canonical":"https:\/\/www.altominho.tv\/site\/2024\/08\/21\/cerveira-e-lider-das-exportacoes-de-construcao-naval-com-872\/","og_locale":"pt_PT","og_type":"article","og_title":"Cerveira \u00e9 l\u00edder das exporta\u00e7\u00f5es de constru\u00e7\u00e3o naval com 87,2%","og_description":"\u00c9 mais um indicador distinto que corrobora a vigorosa din\u00e2mica das empresas de constru\u00e7\u00e3o naval com sede na Zona Industrial de Vila Nova de Cerveira. O concelho lidera as exporta\u00e7\u00f5es na ind\u00fastria da constru\u00e7\u00e3o naval em toda a Regi\u00e3o Norte (86 munic\u00edpios), com uma impressionante participa\u00e7\u00e3o de 87,2% no total da fileira. Os resultados divulgados [&hellip;]","og_url":"https:\/\/www.altominho.tv\/site\/2024\/08\/21\/cerveira-e-lider-das-exportacoes-de-construcao-naval-com-872\/","og_site_name":"Altominho.tv","article_publisher":"https:\/\/www.facebook.com\/altominhotv","article_published_time":"2024-08-21T15:15:39+00:00","article_modified_time":"2024-08-21T15:15:42+00:00","og_image":[{"width":750,"height":460,"url":"https:\/\/www.altominho.tv\/site\/wp-content\/uploads\/2024\/08\/zona_industrial_1_980_2500.png","type":"image\/png"}],"author":"Altominho.tv","twitter_card":"summary_large_image","twitter_creator":"@altominhoTV","twitter_site":"@altominhoTV","twitter_misc":{"Escrito por":"Altominho.tv","Tempo estimado de leitura":"3 minutos"},"schema":{"@context":"https:\/\/schema.org","@graph":[{"@type":"Article","@id":"https:\/\/www.altominho.tv\/site\/2024\/08\/21\/cerveira-e-lider-das-exportacoes-de-construcao-naval-com-872\/#article","isPartOf":{"@id":"https:\/\/www.altominho.tv\/site\/2024\/08\/21\/cerveira-e-lider-das-exportacoes-de-construcao-naval-com-872\/"},"author":{"name":"Altominho.tv","@id":"https:\/\/www.altominho.tv\/site\/#\/schema\/person\/4e536851627d7914baf3dac752b6af22"},"headline":"Cerveira \u00e9 l\u00edder das exporta\u00e7\u00f5es de constru\u00e7\u00e3o naval com 87,2%","datePublished":"2024-08-21T15:15:39+00:00","dateModified":"2024-08-21T15:15:42+00:00","mainEntityOfPage":{"@id":"https:\/\/www.altominho.tv\/site\/2024\/08\/21\/cerveira-e-lider-das-exportacoes-de-construcao-naval-com-872\/"},"wordCount":459,"image":{"@id":"https:\/\/www.altominho.tv\/site\/2024\/08\/21\/cerveira-e-lider-das-exportacoes-de-construcao-naval-com-872\/#primaryimage"},"thumbnailUrl":"https:\/\/www.altominho.tv\/site\/wp-content\/uploads\/2024\/08\/zona_industrial_1_980_2500.png","keywords":["Sociedade"],"articleSection":["Vila Nova de Cerveira"],"inLanguage":"pt-PT","copyrightYear":"2024","copyrightHolder":{"@id":"https:\/\/www.altominho.tv\/site\/#organization"}},{"@type":"WebPage","@id":"https:\/\/www.altominho.tv\/site\/2024\/08\/21\/cerveira-e-lider-das-exportacoes-de-construcao-naval-com-872\/","url":"https:\/\/www.altominho.tv\/site\/2024\/08\/21\/cerveira-e-lider-das-exportacoes-de-construcao-naval-com-872\/","name":"Cerveira \u00e9 l\u00edder das exporta\u00e7\u00f5es de constru\u00e7\u00e3o naval com 87,2%","isPartOf":{"@id":"https:\/\/www.altominho.tv\/site\/#website"},"primaryImageOfPage":{"@id":"https:\/\/www.altominho.tv\/site\/2024\/08\/21\/cerveira-e-lider-das-exportacoes-de-construcao-naval-com-872\/#primaryimage"},"image":{"@id":"https:\/\/www.altominho.tv\/site\/2024\/08\/21\/cerveira-e-lider-das-exportacoes-de-construcao-naval-com-872\/#primaryimage"},"thumbnailUrl":"https:\/\/www.altominho.tv\/site\/wp-content\/uploads\/2024\/08\/zona_industrial_1_980_2500.png","datePublished":"2024-08-21T15:15:39+00:00","dateModified":"2024-08-21T15:15:42+00:00","author":{"@id":"https:\/\/www.altominho.tv\/site\/#\/schema\/person\/4e536851627d7914baf3dac752b6af22"},"breadcrumb":{"@id":"https:\/\/www.altominho.tv\/site\/2024\/08\/21\/cerveira-e-lider-das-exportacoes-de-construcao-naval-com-872\/#breadcrumb"},"inLanguage":"pt-PT","potentialAction":[{"@type":"ReadAction","target":["https:\/\/www.altominho.tv\/site\/2024\/08\/21\/cerveira-e-lider-das-exportacoes-de-construcao-naval-com-872\/"]}]},{"@type":"ImageObject","inLanguage":"pt-PT","@id":"https:\/\/www.altominho.tv\/site\/2024\/08\/21\/cerveira-e-lider-das-exportacoes-de-construcao-naval-com-872\/#primaryimage","url":"https:\/\/www.altominho.tv\/site\/wp-content\/uploads\/2024\/08\/zona_industrial_1_980_2500.png","contentUrl":"https:\/\/www.altominho.tv\/site\/wp-content\/uploads\/2024\/08\/zona_industrial_1_980_2500.png","width":750,"height":460},{"@type":"BreadcrumbList","@id":"https:\/\/www.altominho.tv\/site\/2024\/08\/21\/cerveira-e-lider-das-exportacoes-de-construcao-naval-com-872\/#breadcrumb","itemListElement":[{"@type":"ListItem","position":1,"name":"In\u00edcio","item":"https:\/\/www.altominho.tv\/site\/"},{"@type":"ListItem","position":2,"name":"Cerveira \u00e9 l\u00edder das exporta\u00e7\u00f5es de constru\u00e7\u00e3o naval com 87,2%"}]},{"@type":"WebSite","@id":"https:\/\/www.altominho.tv\/site\/#website","url":"https:\/\/www.altominho.tv\/site\/","name":"Altominho.tv","description":"A sua regi\u00e3o \u00e0 dist\u00e2ncia de um clique...","potentialAction":[{"@type":"SearchAction","target":{"@type":"EntryPoint","urlTemplate":"https:\/\/www.altominho.tv\/site\/?s={search_term_string}"},"query-input":{"@type":"PropertyValueSpecification","valueRequired":true,"valueName":"search_term_string"}}],"inLanguage":"pt-PT"},{"@type":"Person","@id":"https:\/\/www.altominho.tv\/site\/#\/schema\/person\/4e536851627d7914baf3dac752b6af22","name":"Altominho.tv","image":{"@type":"ImageObject","inLanguage":"pt-PT","@id":"https:\/\/www.altominho.tv\/site\/wp-content\/uploads\/2019\/11\/Logo_Avatar_2-150x150.jpg","url":"https:\/\/www.altominho.tv\/site\/wp-content\/uploads\/2019\/11\/Logo_Avatar_2-150x150.jpg","contentUrl":"https:\/\/www.altominho.tv\/site\/wp-content\/uploads\/2019\/11\/Logo_Avatar_2-150x150.jpg","caption":"Altominho.tv"},"url":"https:\/\/www.altominho.tv\/site\/author\/altominhotv-tecnico\/"}]}},"_links":{"self":[{"href":"https:\/\/www.altominho.tv\/site\/wp-json\/wp\/v2\/posts\/109855","targetHints":{"allow":["GET"]}}],"collection":[{"href":"https:\/\/www.altominho.tv\/site\/wp-json\/wp\/v2\/posts"}],"about":[{"href":"https:\/\/www.altominho.tv\/site\/wp-json\/wp\/v2\/types\/post"}],"author":[{"embeddable":true,"href":"https:\/\/www.altominho.tv\/site\/wp-json\/wp\/v2\/users\/1"}],"replies":[{"embeddable":true,"href":"https:\/\/www.altominho.tv\/site\/wp-json\/wp\/v2\/comments?post=109855"}],"version-history":[{"count":1,"href":"https:\/\/www.altominho.tv\/site\/wp-json\/wp\/v2\/posts\/109855\/revisions"}],"predecessor-version":[{"id":109857,"href":"https:\/\/www.altominho.tv\/site\/wp-json\/wp\/v2\/posts\/109855\/revisions\/109857"}],"wp:featuredmedia":[{"embeddable":true,"href":"https:\/\/www.altominho.tv\/site\/wp-json\/wp\/v2\/media\/109856"}],"wp:attachment":[{"href":"https:\/\/www.altominho.tv\/site\/wp-json\/wp\/v2\/media?parent=109855"}],"wp:term":[{"taxonomy":"category","embeddable":true,"href":"https:\/\/www.altominho.tv\/site\/wp-json\/wp\/v2\/categories?post=109855"},{"taxonomy":"post_tag","embeddable":true,"href":"https:\/\/www.altominho.tv\/site\/wp-json\/wp\/v2\/tags?post=109855"}],"curies":[{"name":"wp","href":"https:\/\/api.w.org\/{rel}","templated":true}]}}