{"id":109848,"date":"2024-08-21T14:41:24","date_gmt":"2024-08-21T13:41:24","guid":{"rendered":"https:\/\/www.altominho.tv\/site\/?p=109848"},"modified":"2024-08-21T14:41:27","modified_gmt":"2024-08-21T13:41:27","slug":"navio-da-marinha-viana-do-castelo-em-missao-em-africa-durante-4-meses","status":"publish","type":"post","link":"https:\/\/www.altominho.tv\/site\/2024\/08\/21\/navio-da-marinha-viana-do-castelo-em-missao-em-africa-durante-4-meses\/","title":{"rendered":"Navio da Marinha Viana do Castelo em miss\u00e3o em \u00c1frica durante 4 meses"},"content":{"rendered":"\n<p>O navio da Marinha portuguesa Viana do Castelo vai participar durante os pr\u00f3ximos quatro meses na miss\u00e3o &#8220;Iniciativa Mar Aberto 2024&#8221;, na costa africana, estando previstas visitas a 10 pa\u00edses.<\/p>\n\n\n\n<p>Em comunicado, a Marinha indica que o Navio da Rep\u00fablica Portuguesa (NRP) Viana do Castelo largou hoje da Base Naval de Lisboa para a miss\u00e3o &#8220;Iniciativa Mar Aberto 2024&#8221;, uma cerim\u00f3nia que foi presidida pelo chefe do Estado-Maior da Armada, almirante Gouveia e Melo.<\/p>\n\n\n\n<p>&#8220;Esta miss\u00e3o ter\u00e1 a dura\u00e7\u00e3o de cerca de quatro meses ao longo da costa africana, estando prevista a visita a 10 pa\u00edses, incluindo todos os pa\u00edses africanos de l\u00edngua oficial portuguesa&#8221;, indica aquele ramo das For\u00e7as Armadas.<\/p>\n\n\n\n<p>De acordo com o comunicado, na cerim\u00f3nia Gouveia e Melo &#8220;enalteceu a relev\u00e2ncia da presen\u00e7a da Marinha no Atl\u00e2ntico Sul&#8221; e considerou que e a &#8220;Iniciativa Mar Aberto 2024 em \u00c1frica \u00e9 relevante para Portugal, para a Europa e para a NATO&#8221;.\u00a0<\/p>\n\n\n\n<p>A Marinha refere tamb\u00e9m que o NRP Viana do Castelo &#8220;\u00e9 comandado pelo capit\u00e3o-de-fragata Ricardo Jos\u00e9 S\u00e1 Granja e conta com um total de 57 militares embarcados, onde se incluem uma equipa de seguran\u00e7a de fuzileiros, uma equipa de mergulhadores sapadores e uma equipa operadora de sistemas a\u00e9reos n\u00e3o tripulados&#8221;.<\/p>\n\n\n\n<p>O comunicado assinala ainda que esta iniciativa arrancou em 2008 &#8220;como uma resposta do Estado portugu\u00eas face \u00e0 inseguran\u00e7a mar\u00edtima verificada num espa\u00e7o geogr\u00e1fico concreto, o Golfo da Guin\u00e9&#8221;, e visa &#8220;contribuir para o refor\u00e7o das rela\u00e7\u00f5es de coopera\u00e7\u00e3o e satisfazer os compromissos internacionais assumidos por Portugal no \u00e2mbito da Comunidade dos Pa\u00edses de L\u00edngua Portuguesa, e no \u00e2mbito das Presen\u00e7as Mar\u00edtimas Coordenadas da Uni\u00e3o Europeia&#8221;.<\/p>\n\n\n\n<p>&#8220;Desde que a Iniciativa Mar Aberto teve in\u00edcio, t\u00eam sido empenhados, de forma continuada, diversos meios navais e for\u00e7as de fuzileiros em a\u00e7\u00f5es de coopera\u00e7\u00e3o no dom\u00ednio da Defesa, no apoio ao desenvolvimento de uma cultura e capacidades de seguran\u00e7a mar\u00edtima em \u00c1frica. Estes esfor\u00e7os t\u00eam permitido consolidar o contributo de Portugal enquanto provedor ativo de seguran\u00e7a e capacita\u00e7\u00e3o mar\u00edtima&#8221;, salienta a Marinha.<\/p>\n","protected":false},"excerpt":{"rendered":"<p>O navio da Marinha portuguesa Viana do Castelo vai participar durante os pr\u00f3ximos quatro meses na miss\u00e3o &#8220;Iniciativa Mar Aberto 2024&#8221;, na costa africana, estando previstas visitas a 10 pa\u00edses. Em comunicado, a Marinha indica que o Navio da Rep\u00fablica Portuguesa (NRP) Viana do Castelo largou hoje da Base Naval de Lisboa para a miss\u00e3o [&hellip;]<\/p>\n","protected":false},"author":13,"featured_media":109849,"comment_status":"closed","ping_status":"closed","sticky":false,"template":"","format":"standard","meta":{"_exactmetrics_skip_tracking":false,"_exactmetrics_sitenote_active":false,"_exactmetrics_sitenote_note":"","_exactmetrics_sitenote_category":0,"footnotes":""},"categories":[14],"tags":[27],"class_list":["post-109848","post","type-post","status-publish","format-standard","has-post-thumbnail","hentry","category-viana-do-castelo","tag-sociedade"],"yoast_head":"<!-- This site is optimized with the Yoast SEO Premium plugin v27.4 (Yoast SEO v27.4) - https:\/\/yoast.com\/product\/yoast-seo-premium-wordpress\/ -->\n<title>Navio da Marinha Viana do Castelo em miss\u00e3o em \u00c1frica durante 4 meses<\/title>\n<meta name=\"robots\" content=\"index, follow, max-snippet:-1, max-image-preview:large, max-video-preview:-1\" \/>\n<link rel=\"canonical\" href=\"https:\/\/www.altominho.tv\/site\/2024\/08\/21\/navio-da-marinha-viana-do-castelo-em-missao-em-africa-durante-4-meses\/\" \/>\n<meta property=\"og:locale\" content=\"pt_PT\" \/>\n<meta property=\"og:type\" content=\"article\" \/>\n<meta property=\"og:title\" content=\"Navio da Marinha Viana do Castelo em miss\u00e3o em \u00c1frica durante 4 meses\" \/>\n<meta property=\"og:description\" content=\"O navio da Marinha portuguesa Viana do Castelo vai participar durante os pr\u00f3ximos quatro meses na miss\u00e3o &#8220;Iniciativa Mar Aberto 2024&#8221;, na costa africana, estando previstas visitas a 10 pa\u00edses. Em comunicado, a Marinha indica que o Navio da Rep\u00fablica Portuguesa (NRP) Viana do Castelo largou hoje da Base Naval de Lisboa para a miss\u00e3o [&hellip;]\" \/>\n<meta property=\"og:url\" content=\"https:\/\/www.altominho.tv\/site\/2024\/08\/21\/navio-da-marinha-viana-do-castelo-em-missao-em-africa-durante-4-meses\/\" \/>\n<meta property=\"og:site_name\" content=\"Altominho.tv\" \/>\n<meta property=\"article:publisher\" content=\"https:\/\/www.facebook.com\/altominhotv\" \/>\n<meta property=\"article:published_time\" content=\"2024-08-21T13:41:24+00:00\" \/>\n<meta property=\"article:modified_time\" content=\"2024-08-21T13:41:27+00:00\" \/>\n<meta property=\"og:image\" content=\"https:\/\/www.altominho.tv\/site\/wp-content\/uploads\/2024\/08\/Viana-Do-Castelo.jpg\" \/>\n\t<meta property=\"og:image:width\" content=\"2100\" \/>\n\t<meta property=\"og:image:height\" content=\"1406\" \/>\n\t<meta property=\"og:image:type\" content=\"image\/jpeg\" \/>\n<meta name=\"author\" content=\"Lusa\" \/>\n<meta name=\"twitter:card\" content=\"summary_large_image\" \/>\n<meta name=\"twitter:creator\" content=\"@altominhoTV\" \/>\n<meta name=\"twitter:site\" content=\"@altominhoTV\" \/>\n<meta name=\"twitter:label1\" content=\"Escrito por\" \/>\n\t<meta name=\"twitter:data1\" content=\"Lusa\" \/>\n\t<meta name=\"twitter:label2\" content=\"Tempo estimado de leitura\" \/>\n\t<meta name=\"twitter:data2\" content=\"3 minutos\" \/>\n<script type=\"application\/ld+json\" class=\"yoast-schema-graph\">{\"@context\":\"https:\\\/\\\/schema.org\",\"@graph\":[{\"@type\":\"Article\",\"@id\":\"https:\\\/\\\/www.altominho.tv\\\/site\\\/2024\\\/08\\\/21\\\/navio-da-marinha-viana-do-castelo-em-missao-em-africa-durante-4-meses\\\/#article\",\"isPartOf\":{\"@id\":\"https:\\\/\\\/www.altominho.tv\\\/site\\\/2024\\\/08\\\/21\\\/navio-da-marinha-viana-do-castelo-em-missao-em-africa-durante-4-meses\\\/\"},\"author\":{\"name\":\"Lusa\",\"@id\":\"https:\\\/\\\/www.altominho.tv\\\/site\\\/#\\\/schema\\\/person\\\/63f693da3e1899361cbe955c46f3232e\"},\"headline\":\"Navio da Marinha Viana do Castelo em miss\u00e3o em \u00c1frica durante 4 meses\",\"datePublished\":\"2024-08-21T13:41:24+00:00\",\"dateModified\":\"2024-08-21T13:41:27+00:00\",\"mainEntityOfPage\":{\"@id\":\"https:\\\/\\\/www.altominho.tv\\\/site\\\/2024\\\/08\\\/21\\\/navio-da-marinha-viana-do-castelo-em-missao-em-africa-durante-4-meses\\\/\"},\"wordCount\":382,\"image\":{\"@id\":\"https:\\\/\\\/www.altominho.tv\\\/site\\\/2024\\\/08\\\/21\\\/navio-da-marinha-viana-do-castelo-em-missao-em-africa-durante-4-meses\\\/#primaryimage\"},\"thumbnailUrl\":\"https:\\\/\\\/www.altominho.tv\\\/site\\\/wp-content\\\/uploads\\\/2024\\\/08\\\/Viana-Do-Castelo.jpg\",\"keywords\":[\"Sociedade\"],\"articleSection\":[\"Viana do Castelo\"],\"inLanguage\":\"pt-PT\",\"copyrightYear\":\"2024\",\"copyrightHolder\":{\"@id\":\"https:\\\/\\\/www.altominho.tv\\\/site\\\/#organization\"}},{\"@type\":\"WebPage\",\"@id\":\"https:\\\/\\\/www.altominho.tv\\\/site\\\/2024\\\/08\\\/21\\\/navio-da-marinha-viana-do-castelo-em-missao-em-africa-durante-4-meses\\\/\",\"url\":\"https:\\\/\\\/www.altominho.tv\\\/site\\\/2024\\\/08\\\/21\\\/navio-da-marinha-viana-do-castelo-em-missao-em-africa-durante-4-meses\\\/\",\"name\":\"Navio da Marinha Viana do Castelo em miss\u00e3o em \u00c1frica durante 4 meses\",\"isPartOf\":{\"@id\":\"https:\\\/\\\/www.altominho.tv\\\/site\\\/#website\"},\"primaryImageOfPage\":{\"@id\":\"https:\\\/\\\/www.altominho.tv\\\/site\\\/2024\\\/08\\\/21\\\/navio-da-marinha-viana-do-castelo-em-missao-em-africa-durante-4-meses\\\/#primaryimage\"},\"image\":{\"@id\":\"https:\\\/\\\/www.altominho.tv\\\/site\\\/2024\\\/08\\\/21\\\/navio-da-marinha-viana-do-castelo-em-missao-em-africa-durante-4-meses\\\/#primaryimage\"},\"thumbnailUrl\":\"https:\\\/\\\/www.altominho.tv\\\/site\\\/wp-content\\\/uploads\\\/2024\\\/08\\\/Viana-Do-Castelo.jpg\",\"datePublished\":\"2024-08-21T13:41:24+00:00\",\"dateModified\":\"2024-08-21T13:41:27+00:00\",\"author\":{\"@id\":\"https:\\\/\\\/www.altominho.tv\\\/site\\\/#\\\/schema\\\/person\\\/63f693da3e1899361cbe955c46f3232e\"},\"breadcrumb\":{\"@id\":\"https:\\\/\\\/www.altominho.tv\\\/site\\\/2024\\\/08\\\/21\\\/navio-da-marinha-viana-do-castelo-em-missao-em-africa-durante-4-meses\\\/#breadcrumb\"},\"inLanguage\":\"pt-PT\",\"potentialAction\":[{\"@type\":\"ReadAction\",\"target\":[\"https:\\\/\\\/www.altominho.tv\\\/site\\\/2024\\\/08\\\/21\\\/navio-da-marinha-viana-do-castelo-em-missao-em-africa-durante-4-meses\\\/\"]}]},{\"@type\":\"ImageObject\",\"inLanguage\":\"pt-PT\",\"@id\":\"https:\\\/\\\/www.altominho.tv\\\/site\\\/2024\\\/08\\\/21\\\/navio-da-marinha-viana-do-castelo-em-missao-em-africa-durante-4-meses\\\/#primaryimage\",\"url\":\"https:\\\/\\\/www.altominho.tv\\\/site\\\/wp-content\\\/uploads\\\/2024\\\/08\\\/Viana-Do-Castelo.jpg\",\"contentUrl\":\"https:\\\/\\\/www.altominho.tv\\\/site\\\/wp-content\\\/uploads\\\/2024\\\/08\\\/Viana-Do-Castelo.jpg\",\"width\":2100,\"height\":1406,\"caption\":\"Viana Do Castelo\"},{\"@type\":\"BreadcrumbList\",\"@id\":\"https:\\\/\\\/www.altominho.tv\\\/site\\\/2024\\\/08\\\/21\\\/navio-da-marinha-viana-do-castelo-em-missao-em-africa-durante-4-meses\\\/#breadcrumb\",\"itemListElement\":[{\"@type\":\"ListItem\",\"position\":1,\"name\":\"In\u00edcio\",\"item\":\"https:\\\/\\\/www.altominho.tv\\\/site\\\/\"},{\"@type\":\"ListItem\",\"position\":2,\"name\":\"Navio da Marinha Viana do Castelo em miss\u00e3o em \u00c1frica durante 4 meses\"}]},{\"@type\":\"WebSite\",\"@id\":\"https:\\\/\\\/www.altominho.tv\\\/site\\\/#website\",\"url\":\"https:\\\/\\\/www.altominho.tv\\\/site\\\/\",\"name\":\"Altominho.tv\",\"description\":\"A sua regi\u00e3o \u00e0 dist\u00e2ncia de um clique...\",\"potentialAction\":[{\"@type\":\"SearchAction\",\"target\":{\"@type\":\"EntryPoint\",\"urlTemplate\":\"https:\\\/\\\/www.altominho.tv\\\/site\\\/?s={search_term_string}\"},\"query-input\":{\"@type\":\"PropertyValueSpecification\",\"valueRequired\":true,\"valueName\":\"search_term_string\"}}],\"inLanguage\":\"pt-PT\"},{\"@type\":\"Person\",\"@id\":\"https:\\\/\\\/www.altominho.tv\\\/site\\\/#\\\/schema\\\/person\\\/63f693da3e1899361cbe955c46f3232e\",\"name\":\"Lusa\",\"image\":{\"@type\":\"ImageObject\",\"inLanguage\":\"pt-PT\",\"@id\":\"https:\\\/\\\/www.altominho.tv\\\/site\\\/wp-content\\\/uploads\\\/2019\\\/08\\\/LUSA_Logo.gif\",\"url\":\"https:\\\/\\\/www.altominho.tv\\\/site\\\/wp-content\\\/uploads\\\/2019\\\/08\\\/LUSA_Logo.gif\",\"contentUrl\":\"https:\\\/\\\/www.altominho.tv\\\/site\\\/wp-content\\\/uploads\\\/2019\\\/08\\\/LUSA_Logo.gif\",\"caption\":\"Lusa\"},\"sameAs\":[\"http:\\\/\\\/\\\/\\\/www.altominho.tv\\\/site\"],\"url\":\"https:\\\/\\\/www.altominho.tv\\\/site\\\/author\\\/lusa\\\/\"}]}<\/script>\n<!-- \/ Yoast SEO Premium plugin. -->","yoast_head_json":{"title":"Navio da Marinha Viana do Castelo em miss\u00e3o em \u00c1frica durante 4 meses","robots":{"index":"index","follow":"follow","max-snippet":"max-snippet:-1","max-image-preview":"max-image-preview:large","max-video-preview":"max-video-preview:-1"},"canonical":"https:\/\/www.altominho.tv\/site\/2024\/08\/21\/navio-da-marinha-viana-do-castelo-em-missao-em-africa-durante-4-meses\/","og_locale":"pt_PT","og_type":"article","og_title":"Navio da Marinha Viana do Castelo em miss\u00e3o em \u00c1frica durante 4 meses","og_description":"O navio da Marinha portuguesa Viana do Castelo vai participar durante os pr\u00f3ximos quatro meses na miss\u00e3o &#8220;Iniciativa Mar Aberto 2024&#8221;, na costa africana, estando previstas visitas a 10 pa\u00edses. Em comunicado, a Marinha indica que o Navio da Rep\u00fablica Portuguesa (NRP) Viana do Castelo largou hoje da Base Naval de Lisboa para a miss\u00e3o [&hellip;]","og_url":"https:\/\/www.altominho.tv\/site\/2024\/08\/21\/navio-da-marinha-viana-do-castelo-em-missao-em-africa-durante-4-meses\/","og_site_name":"Altominho.tv","article_publisher":"https:\/\/www.facebook.com\/altominhotv","article_published_time":"2024-08-21T13:41:24+00:00","article_modified_time":"2024-08-21T13:41:27+00:00","og_image":[{"width":2100,"height":1406,"url":"https:\/\/www.altominho.tv\/site\/wp-content\/uploads\/2024\/08\/Viana-Do-Castelo.jpg","type":"image\/jpeg"}],"author":"Lusa","twitter_card":"summary_large_image","twitter_creator":"@altominhoTV","twitter_site":"@altominhoTV","twitter_misc":{"Escrito por":"Lusa","Tempo estimado de leitura":"3 minutos"},"schema":{"@context":"https:\/\/schema.org","@graph":[{"@type":"Article","@id":"https:\/\/www.altominho.tv\/site\/2024\/08\/21\/navio-da-marinha-viana-do-castelo-em-missao-em-africa-durante-4-meses\/#article","isPartOf":{"@id":"https:\/\/www.altominho.tv\/site\/2024\/08\/21\/navio-da-marinha-viana-do-castelo-em-missao-em-africa-durante-4-meses\/"},"author":{"name":"Lusa","@id":"https:\/\/www.altominho.tv\/site\/#\/schema\/person\/63f693da3e1899361cbe955c46f3232e"},"headline":"Navio da Marinha Viana do Castelo em miss\u00e3o em \u00c1frica durante 4 meses","datePublished":"2024-08-21T13:41:24+00:00","dateModified":"2024-08-21T13:41:27+00:00","mainEntityOfPage":{"@id":"https:\/\/www.altominho.tv\/site\/2024\/08\/21\/navio-da-marinha-viana-do-castelo-em-missao-em-africa-durante-4-meses\/"},"wordCount":382,"image":{"@id":"https:\/\/www.altominho.tv\/site\/2024\/08\/21\/navio-da-marinha-viana-do-castelo-em-missao-em-africa-durante-4-meses\/#primaryimage"},"thumbnailUrl":"https:\/\/www.altominho.tv\/site\/wp-content\/uploads\/2024\/08\/Viana-Do-Castelo.jpg","keywords":["Sociedade"],"articleSection":["Viana do Castelo"],"inLanguage":"pt-PT","copyrightYear":"2024","copyrightHolder":{"@id":"https:\/\/www.altominho.tv\/site\/#organization"}},{"@type":"WebPage","@id":"https:\/\/www.altominho.tv\/site\/2024\/08\/21\/navio-da-marinha-viana-do-castelo-em-missao-em-africa-durante-4-meses\/","url":"https:\/\/www.altominho.tv\/site\/2024\/08\/21\/navio-da-marinha-viana-do-castelo-em-missao-em-africa-durante-4-meses\/","name":"Navio da Marinha Viana do Castelo em miss\u00e3o em \u00c1frica durante 4 meses","isPartOf":{"@id":"https:\/\/www.altominho.tv\/site\/#website"},"primaryImageOfPage":{"@id":"https:\/\/www.altominho.tv\/site\/2024\/08\/21\/navio-da-marinha-viana-do-castelo-em-missao-em-africa-durante-4-meses\/#primaryimage"},"image":{"@id":"https:\/\/www.altominho.tv\/site\/2024\/08\/21\/navio-da-marinha-viana-do-castelo-em-missao-em-africa-durante-4-meses\/#primaryimage"},"thumbnailUrl":"https:\/\/www.altominho.tv\/site\/wp-content\/uploads\/2024\/08\/Viana-Do-Castelo.jpg","datePublished":"2024-08-21T13:41:24+00:00","dateModified":"2024-08-21T13:41:27+00:00","author":{"@id":"https:\/\/www.altominho.tv\/site\/#\/schema\/person\/63f693da3e1899361cbe955c46f3232e"},"breadcrumb":{"@id":"https:\/\/www.altominho.tv\/site\/2024\/08\/21\/navio-da-marinha-viana-do-castelo-em-missao-em-africa-durante-4-meses\/#breadcrumb"},"inLanguage":"pt-PT","potentialAction":[{"@type":"ReadAction","target":["https:\/\/www.altominho.tv\/site\/2024\/08\/21\/navio-da-marinha-viana-do-castelo-em-missao-em-africa-durante-4-meses\/"]}]},{"@type":"ImageObject","inLanguage":"pt-PT","@id":"https:\/\/www.altominho.tv\/site\/2024\/08\/21\/navio-da-marinha-viana-do-castelo-em-missao-em-africa-durante-4-meses\/#primaryimage","url":"https:\/\/www.altominho.tv\/site\/wp-content\/uploads\/2024\/08\/Viana-Do-Castelo.jpg","contentUrl":"https:\/\/www.altominho.tv\/site\/wp-content\/uploads\/2024\/08\/Viana-Do-Castelo.jpg","width":2100,"height":1406,"caption":"Viana Do Castelo"},{"@type":"BreadcrumbList","@id":"https:\/\/www.altominho.tv\/site\/2024\/08\/21\/navio-da-marinha-viana-do-castelo-em-missao-em-africa-durante-4-meses\/#breadcrumb","itemListElement":[{"@type":"ListItem","position":1,"name":"In\u00edcio","item":"https:\/\/www.altominho.tv\/site\/"},{"@type":"ListItem","position":2,"name":"Navio da Marinha Viana do Castelo em miss\u00e3o em \u00c1frica durante 4 meses"}]},{"@type":"WebSite","@id":"https:\/\/www.altominho.tv\/site\/#website","url":"https:\/\/www.altominho.tv\/site\/","name":"Altominho.tv","description":"A sua regi\u00e3o \u00e0 dist\u00e2ncia de um clique...","potentialAction":[{"@type":"SearchAction","target":{"@type":"EntryPoint","urlTemplate":"https:\/\/www.altominho.tv\/site\/?s={search_term_string}"},"query-input":{"@type":"PropertyValueSpecification","valueRequired":true,"valueName":"search_term_string"}}],"inLanguage":"pt-PT"},{"@type":"Person","@id":"https:\/\/www.altominho.tv\/site\/#\/schema\/person\/63f693da3e1899361cbe955c46f3232e","name":"Lusa","image":{"@type":"ImageObject","inLanguage":"pt-PT","@id":"https:\/\/www.altominho.tv\/site\/wp-content\/uploads\/2019\/08\/LUSA_Logo.gif","url":"https:\/\/www.altominho.tv\/site\/wp-content\/uploads\/2019\/08\/LUSA_Logo.gif","contentUrl":"https:\/\/www.altominho.tv\/site\/wp-content\/uploads\/2019\/08\/LUSA_Logo.gif","caption":"Lusa"},"sameAs":["http:\/\/\/\/www.altominho.tv\/site"],"url":"https:\/\/www.altominho.tv\/site\/author\/lusa\/"}]}},"_links":{"self":[{"href":"https:\/\/www.altominho.tv\/site\/wp-json\/wp\/v2\/posts\/109848","targetHints":{"allow":["GET"]}}],"collection":[{"href":"https:\/\/www.altominho.tv\/site\/wp-json\/wp\/v2\/posts"}],"about":[{"href":"https:\/\/www.altominho.tv\/site\/wp-json\/wp\/v2\/types\/post"}],"author":[{"embeddable":true,"href":"https:\/\/www.altominho.tv\/site\/wp-json\/wp\/v2\/users\/13"}],"replies":[{"embeddable":true,"href":"https:\/\/www.altominho.tv\/site\/wp-json\/wp\/v2\/comments?post=109848"}],"version-history":[{"count":1,"href":"https:\/\/www.altominho.tv\/site\/wp-json\/wp\/v2\/posts\/109848\/revisions"}],"predecessor-version":[{"id":109850,"href":"https:\/\/www.altominho.tv\/site\/wp-json\/wp\/v2\/posts\/109848\/revisions\/109850"}],"wp:featuredmedia":[{"embeddable":true,"href":"https:\/\/www.altominho.tv\/site\/wp-json\/wp\/v2\/media\/109849"}],"wp:attachment":[{"href":"https:\/\/www.altominho.tv\/site\/wp-json\/wp\/v2\/media?parent=109848"}],"wp:term":[{"taxonomy":"category","embeddable":true,"href":"https:\/\/www.altominho.tv\/site\/wp-json\/wp\/v2\/categories?post=109848"},{"taxonomy":"post_tag","embeddable":true,"href":"https:\/\/www.altominho.tv\/site\/wp-json\/wp\/v2\/tags?post=109848"}],"curies":[{"name":"wp","href":"https:\/\/api.w.org\/{rel}","templated":true}]}}