{"id":109823,"date":"2024-08-20T17:18:31","date_gmt":"2024-08-20T16:18:31","guid":{"rendered":"https:\/\/www.altominho.tv\/site\/?p=109823"},"modified":"2024-08-20T17:18:34","modified_gmt":"2024-08-20T16:18:34","slug":"banhos-desaconselhados-na-praia-fluvial-da-lenta-em-vila-nova-de-cerveira","status":"publish","type":"post","link":"https:\/\/www.altominho.tv\/site\/2024\/08\/20\/banhos-desaconselhados-na-praia-fluvial-da-lenta-em-vila-nova-de-cerveira\/","title":{"rendered":"Banhos desaconselhados na praia fluvial da Lenta em Vila Nova de Cerveira"},"content":{"rendered":"\n<p>Os banhos na praia fluvial da Lenta em Vila Nova de Cerveira, distrito de Viana do Castelo, est\u00e3o desaconselhados desde hoje devido \u00e0 contamina\u00e7\u00e3o da \u00e1gua, adianta a Ag\u00eancia Portuguesa do Ambiente (APA).\u00a0<\/p>\n\n\n\n<p>Na sua p\u00e1gina de Internet, a APA refere que o desaconselhamento foi determinado hoje.\u00a0<\/p>\n\n\n\n<p>O motivo \u00e9 a contamina\u00e7\u00e3o microbiol\u00f3gica da \u00e1gua, acrescenta.\u00a0<\/p>\n\n\n\n<p>Em 2023, a praia fluvial da Lenta foi distinguida como \u201cPraia com Qualidade de Ouro 2023\u201d pela Quercus.\u00a0<\/p>\n\n\n\n<p>Entre 2011 e 2023, a \u00e1gua da praia teve classifica\u00e7\u00e3o excelente.\u00a0<\/p>\n","protected":false},"excerpt":{"rendered":"<p>Os banhos na praia fluvial da Lenta em Vila Nova de Cerveira, distrito de Viana do Castelo, est\u00e3o desaconselhados desde hoje devido \u00e0 contamina\u00e7\u00e3o da \u00e1gua, adianta a Ag\u00eancia Portuguesa do Ambiente (APA).\u00a0 Na sua p\u00e1gina de Internet, a APA refere que o desaconselhamento foi determinado hoje.\u00a0 O motivo \u00e9 a contamina\u00e7\u00e3o microbiol\u00f3gica da \u00e1gua, [&hellip;]<\/p>\n","protected":false},"author":13,"featured_media":109824,"comment_status":"closed","ping_status":"closed","sticky":false,"template":"","format":"standard","meta":{"_exactmetrics_skip_tracking":false,"_exactmetrics_sitenote_active":false,"_exactmetrics_sitenote_note":"","_exactmetrics_sitenote_category":0,"footnotes":""},"categories":[15],"tags":[27],"class_list":["post-109823","post","type-post","status-publish","format-standard","has-post-thumbnail","hentry","category-vila-nova-de-cerveira","tag-sociedade"],"yoast_head":"<!-- This site is optimized with the Yoast SEO Premium plugin v27.5 (Yoast SEO v27.5) - https:\/\/yoast.com\/product\/yoast-seo-premium-wordpress\/ -->\n<title>Banhos desaconselhados na praia fluvial da Lenta em Vila Nova de Cerveira<\/title>\n<meta name=\"robots\" content=\"index, follow, max-snippet:-1, max-image-preview:large, max-video-preview:-1\" \/>\n<link rel=\"canonical\" href=\"https:\/\/www.altominho.tv\/site\/2024\/08\/20\/banhos-desaconselhados-na-praia-fluvial-da-lenta-em-vila-nova-de-cerveira\/\" \/>\n<meta property=\"og:locale\" content=\"pt_PT\" \/>\n<meta property=\"og:type\" content=\"article\" \/>\n<meta property=\"og:title\" content=\"Banhos desaconselhados na praia fluvial da Lenta em Vila Nova de Cerveira\" \/>\n<meta property=\"og:description\" content=\"Os banhos na praia fluvial da Lenta em Vila Nova de Cerveira, distrito de Viana do Castelo, est\u00e3o desaconselhados desde hoje devido \u00e0 contamina\u00e7\u00e3o da \u00e1gua, adianta a Ag\u00eancia Portuguesa do Ambiente (APA).\u00a0 Na sua p\u00e1gina de Internet, a APA refere que o desaconselhamento foi determinado hoje.\u00a0 O motivo \u00e9 a contamina\u00e7\u00e3o microbiol\u00f3gica da \u00e1gua, [&hellip;]\" \/>\n<meta property=\"og:url\" content=\"https:\/\/www.altominho.tv\/site\/2024\/08\/20\/banhos-desaconselhados-na-praia-fluvial-da-lenta-em-vila-nova-de-cerveira\/\" \/>\n<meta property=\"og:site_name\" content=\"Altominho.tv\" \/>\n<meta property=\"article:publisher\" content=\"https:\/\/www.facebook.com\/altominhotv\" \/>\n<meta property=\"article:published_time\" content=\"2024-08-20T16:18:31+00:00\" \/>\n<meta property=\"article:modified_time\" content=\"2024-08-20T16:18:34+00:00\" \/>\n<meta property=\"og:image\" content=\"https:\/\/www.altominho.tv\/site\/wp-content\/uploads\/2024\/08\/Praia-da-Lenta-Bandeira-2023-1.jpeg\" \/>\n\t<meta property=\"og:image:width\" content=\"2000\" \/>\n\t<meta property=\"og:image:height\" content=\"1500\" \/>\n\t<meta property=\"og:image:type\" content=\"image\/jpeg\" \/>\n<meta name=\"author\" content=\"Lusa\" \/>\n<meta name=\"twitter:card\" content=\"summary_large_image\" \/>\n<meta name=\"twitter:creator\" content=\"@altominhoTV\" \/>\n<meta name=\"twitter:site\" content=\"@altominhoTV\" \/>\n<meta name=\"twitter:label1\" content=\"Escrito por\" \/>\n\t<meta name=\"twitter:data1\" content=\"Lusa\" \/>\n\t<meta name=\"twitter:label2\" content=\"Tempo estimado de leitura\" \/>\n\t<meta name=\"twitter:data2\" content=\"1 minuto\" \/>\n<script type=\"application\/ld+json\" class=\"yoast-schema-graph\">{\"@context\":\"https:\\\/\\\/schema.org\",\"@graph\":[{\"@type\":\"Article\",\"@id\":\"https:\\\/\\\/www.altominho.tv\\\/site\\\/2024\\\/08\\\/20\\\/banhos-desaconselhados-na-praia-fluvial-da-lenta-em-vila-nova-de-cerveira\\\/#article\",\"isPartOf\":{\"@id\":\"https:\\\/\\\/www.altominho.tv\\\/site\\\/2024\\\/08\\\/20\\\/banhos-desaconselhados-na-praia-fluvial-da-lenta-em-vila-nova-de-cerveira\\\/\"},\"author\":{\"name\":\"Lusa\",\"@id\":\"https:\\\/\\\/www.altominho.tv\\\/site\\\/#\\\/schema\\\/person\\\/63f693da3e1899361cbe955c46f3232e\"},\"headline\":\"Banhos desaconselhados na praia fluvial da Lenta em Vila Nova de Cerveira\",\"datePublished\":\"2024-08-20T16:18:31+00:00\",\"dateModified\":\"2024-08-20T16:18:34+00:00\",\"mainEntityOfPage\":{\"@id\":\"https:\\\/\\\/www.altominho.tv\\\/site\\\/2024\\\/08\\\/20\\\/banhos-desaconselhados-na-praia-fluvial-da-lenta-em-vila-nova-de-cerveira\\\/\"},\"wordCount\":98,\"image\":{\"@id\":\"https:\\\/\\\/www.altominho.tv\\\/site\\\/2024\\\/08\\\/20\\\/banhos-desaconselhados-na-praia-fluvial-da-lenta-em-vila-nova-de-cerveira\\\/#primaryimage\"},\"thumbnailUrl\":\"https:\\\/\\\/www.altominho.tv\\\/site\\\/wp-content\\\/uploads\\\/2024\\\/08\\\/Praia-da-Lenta-Bandeira-2023-1.jpeg\",\"keywords\":[\"Sociedade\"],\"articleSection\":[\"Vila Nova de Cerveira\"],\"inLanguage\":\"pt-PT\",\"copyrightYear\":\"2024\",\"copyrightHolder\":{\"@id\":\"https:\\\/\\\/www.altominho.tv\\\/site\\\/#organization\"}},{\"@type\":\"WebPage\",\"@id\":\"https:\\\/\\\/www.altominho.tv\\\/site\\\/2024\\\/08\\\/20\\\/banhos-desaconselhados-na-praia-fluvial-da-lenta-em-vila-nova-de-cerveira\\\/\",\"url\":\"https:\\\/\\\/www.altominho.tv\\\/site\\\/2024\\\/08\\\/20\\\/banhos-desaconselhados-na-praia-fluvial-da-lenta-em-vila-nova-de-cerveira\\\/\",\"name\":\"Banhos desaconselhados na praia fluvial da Lenta em Vila Nova de Cerveira\",\"isPartOf\":{\"@id\":\"https:\\\/\\\/www.altominho.tv\\\/site\\\/#website\"},\"primaryImageOfPage\":{\"@id\":\"https:\\\/\\\/www.altominho.tv\\\/site\\\/2024\\\/08\\\/20\\\/banhos-desaconselhados-na-praia-fluvial-da-lenta-em-vila-nova-de-cerveira\\\/#primaryimage\"},\"image\":{\"@id\":\"https:\\\/\\\/www.altominho.tv\\\/site\\\/2024\\\/08\\\/20\\\/banhos-desaconselhados-na-praia-fluvial-da-lenta-em-vila-nova-de-cerveira\\\/#primaryimage\"},\"thumbnailUrl\":\"https:\\\/\\\/www.altominho.tv\\\/site\\\/wp-content\\\/uploads\\\/2024\\\/08\\\/Praia-da-Lenta-Bandeira-2023-1.jpeg\",\"datePublished\":\"2024-08-20T16:18:31+00:00\",\"dateModified\":\"2024-08-20T16:18:34+00:00\",\"author\":{\"@id\":\"https:\\\/\\\/www.altominho.tv\\\/site\\\/#\\\/schema\\\/person\\\/63f693da3e1899361cbe955c46f3232e\"},\"breadcrumb\":{\"@id\":\"https:\\\/\\\/www.altominho.tv\\\/site\\\/2024\\\/08\\\/20\\\/banhos-desaconselhados-na-praia-fluvial-da-lenta-em-vila-nova-de-cerveira\\\/#breadcrumb\"},\"inLanguage\":\"pt-PT\",\"potentialAction\":[{\"@type\":\"ReadAction\",\"target\":[\"https:\\\/\\\/www.altominho.tv\\\/site\\\/2024\\\/08\\\/20\\\/banhos-desaconselhados-na-praia-fluvial-da-lenta-em-vila-nova-de-cerveira\\\/\"]}]},{\"@type\":\"ImageObject\",\"inLanguage\":\"pt-PT\",\"@id\":\"https:\\\/\\\/www.altominho.tv\\\/site\\\/2024\\\/08\\\/20\\\/banhos-desaconselhados-na-praia-fluvial-da-lenta-em-vila-nova-de-cerveira\\\/#primaryimage\",\"url\":\"https:\\\/\\\/www.altominho.tv\\\/site\\\/wp-content\\\/uploads\\\/2024\\\/08\\\/Praia-da-Lenta-Bandeira-2023-1.jpeg\",\"contentUrl\":\"https:\\\/\\\/www.altominho.tv\\\/site\\\/wp-content\\\/uploads\\\/2024\\\/08\\\/Praia-da-Lenta-Bandeira-2023-1.jpeg\",\"width\":2000,\"height\":1500},{\"@type\":\"BreadcrumbList\",\"@id\":\"https:\\\/\\\/www.altominho.tv\\\/site\\\/2024\\\/08\\\/20\\\/banhos-desaconselhados-na-praia-fluvial-da-lenta-em-vila-nova-de-cerveira\\\/#breadcrumb\",\"itemListElement\":[{\"@type\":\"ListItem\",\"position\":1,\"name\":\"In\u00edcio\",\"item\":\"https:\\\/\\\/www.altominho.tv\\\/site\\\/\"},{\"@type\":\"ListItem\",\"position\":2,\"name\":\"Banhos desaconselhados na praia fluvial da Lenta em Vila Nova de Cerveira\"}]},{\"@type\":\"WebSite\",\"@id\":\"https:\\\/\\\/www.altominho.tv\\\/site\\\/#website\",\"url\":\"https:\\\/\\\/www.altominho.tv\\\/site\\\/\",\"name\":\"Altominho.tv\",\"description\":\"A sua regi\u00e3o \u00e0 dist\u00e2ncia de um clique...\",\"potentialAction\":[{\"@type\":\"SearchAction\",\"target\":{\"@type\":\"EntryPoint\",\"urlTemplate\":\"https:\\\/\\\/www.altominho.tv\\\/site\\\/?s={search_term_string}\"},\"query-input\":{\"@type\":\"PropertyValueSpecification\",\"valueRequired\":true,\"valueName\":\"search_term_string\"}}],\"inLanguage\":\"pt-PT\"},{\"@type\":\"Person\",\"@id\":\"https:\\\/\\\/www.altominho.tv\\\/site\\\/#\\\/schema\\\/person\\\/63f693da3e1899361cbe955c46f3232e\",\"name\":\"Lusa\",\"image\":{\"@type\":\"ImageObject\",\"inLanguage\":\"pt-PT\",\"@id\":\"https:\\\/\\\/www.altominho.tv\\\/site\\\/wp-content\\\/uploads\\\/2019\\\/08\\\/LUSA_Logo.gif\",\"url\":\"https:\\\/\\\/www.altominho.tv\\\/site\\\/wp-content\\\/uploads\\\/2019\\\/08\\\/LUSA_Logo.gif\",\"contentUrl\":\"https:\\\/\\\/www.altominho.tv\\\/site\\\/wp-content\\\/uploads\\\/2019\\\/08\\\/LUSA_Logo.gif\",\"caption\":\"Lusa\"},\"sameAs\":[\"http:\\\/\\\/\\\/\\\/www.altominho.tv\\\/site\"],\"url\":\"https:\\\/\\\/www.altominho.tv\\\/site\\\/author\\\/lusa\\\/\"}]}<\/script>\n<!-- \/ Yoast SEO Premium plugin. -->","yoast_head_json":{"title":"Banhos desaconselhados na praia fluvial da Lenta em Vila Nova de Cerveira","robots":{"index":"index","follow":"follow","max-snippet":"max-snippet:-1","max-image-preview":"max-image-preview:large","max-video-preview":"max-video-preview:-1"},"canonical":"https:\/\/www.altominho.tv\/site\/2024\/08\/20\/banhos-desaconselhados-na-praia-fluvial-da-lenta-em-vila-nova-de-cerveira\/","og_locale":"pt_PT","og_type":"article","og_title":"Banhos desaconselhados na praia fluvial da Lenta em Vila Nova de Cerveira","og_description":"Os banhos na praia fluvial da Lenta em Vila Nova de Cerveira, distrito de Viana do Castelo, est\u00e3o desaconselhados desde hoje devido \u00e0 contamina\u00e7\u00e3o da \u00e1gua, adianta a Ag\u00eancia Portuguesa do Ambiente (APA).\u00a0 Na sua p\u00e1gina de Internet, a APA refere que o desaconselhamento foi determinado hoje.\u00a0 O motivo \u00e9 a contamina\u00e7\u00e3o microbiol\u00f3gica da \u00e1gua, [&hellip;]","og_url":"https:\/\/www.altominho.tv\/site\/2024\/08\/20\/banhos-desaconselhados-na-praia-fluvial-da-lenta-em-vila-nova-de-cerveira\/","og_site_name":"Altominho.tv","article_publisher":"https:\/\/www.facebook.com\/altominhotv","article_published_time":"2024-08-20T16:18:31+00:00","article_modified_time":"2024-08-20T16:18:34+00:00","og_image":[{"width":2000,"height":1500,"url":"https:\/\/www.altominho.tv\/site\/wp-content\/uploads\/2024\/08\/Praia-da-Lenta-Bandeira-2023-1.jpeg","type":"image\/jpeg"}],"author":"Lusa","twitter_card":"summary_large_image","twitter_creator":"@altominhoTV","twitter_site":"@altominhoTV","twitter_misc":{"Escrito por":"Lusa","Tempo estimado de leitura":"1 minuto"},"schema":{"@context":"https:\/\/schema.org","@graph":[{"@type":"Article","@id":"https:\/\/www.altominho.tv\/site\/2024\/08\/20\/banhos-desaconselhados-na-praia-fluvial-da-lenta-em-vila-nova-de-cerveira\/#article","isPartOf":{"@id":"https:\/\/www.altominho.tv\/site\/2024\/08\/20\/banhos-desaconselhados-na-praia-fluvial-da-lenta-em-vila-nova-de-cerveira\/"},"author":{"name":"Lusa","@id":"https:\/\/www.altominho.tv\/site\/#\/schema\/person\/63f693da3e1899361cbe955c46f3232e"},"headline":"Banhos desaconselhados na praia fluvial da Lenta em Vila Nova de Cerveira","datePublished":"2024-08-20T16:18:31+00:00","dateModified":"2024-08-20T16:18:34+00:00","mainEntityOfPage":{"@id":"https:\/\/www.altominho.tv\/site\/2024\/08\/20\/banhos-desaconselhados-na-praia-fluvial-da-lenta-em-vila-nova-de-cerveira\/"},"wordCount":98,"image":{"@id":"https:\/\/www.altominho.tv\/site\/2024\/08\/20\/banhos-desaconselhados-na-praia-fluvial-da-lenta-em-vila-nova-de-cerveira\/#primaryimage"},"thumbnailUrl":"https:\/\/www.altominho.tv\/site\/wp-content\/uploads\/2024\/08\/Praia-da-Lenta-Bandeira-2023-1.jpeg","keywords":["Sociedade"],"articleSection":["Vila Nova de Cerveira"],"inLanguage":"pt-PT","copyrightYear":"2024","copyrightHolder":{"@id":"https:\/\/www.altominho.tv\/site\/#organization"}},{"@type":"WebPage","@id":"https:\/\/www.altominho.tv\/site\/2024\/08\/20\/banhos-desaconselhados-na-praia-fluvial-da-lenta-em-vila-nova-de-cerveira\/","url":"https:\/\/www.altominho.tv\/site\/2024\/08\/20\/banhos-desaconselhados-na-praia-fluvial-da-lenta-em-vila-nova-de-cerveira\/","name":"Banhos desaconselhados na praia fluvial da Lenta em Vila Nova de Cerveira","isPartOf":{"@id":"https:\/\/www.altominho.tv\/site\/#website"},"primaryImageOfPage":{"@id":"https:\/\/www.altominho.tv\/site\/2024\/08\/20\/banhos-desaconselhados-na-praia-fluvial-da-lenta-em-vila-nova-de-cerveira\/#primaryimage"},"image":{"@id":"https:\/\/www.altominho.tv\/site\/2024\/08\/20\/banhos-desaconselhados-na-praia-fluvial-da-lenta-em-vila-nova-de-cerveira\/#primaryimage"},"thumbnailUrl":"https:\/\/www.altominho.tv\/site\/wp-content\/uploads\/2024\/08\/Praia-da-Lenta-Bandeira-2023-1.jpeg","datePublished":"2024-08-20T16:18:31+00:00","dateModified":"2024-08-20T16:18:34+00:00","author":{"@id":"https:\/\/www.altominho.tv\/site\/#\/schema\/person\/63f693da3e1899361cbe955c46f3232e"},"breadcrumb":{"@id":"https:\/\/www.altominho.tv\/site\/2024\/08\/20\/banhos-desaconselhados-na-praia-fluvial-da-lenta-em-vila-nova-de-cerveira\/#breadcrumb"},"inLanguage":"pt-PT","potentialAction":[{"@type":"ReadAction","target":["https:\/\/www.altominho.tv\/site\/2024\/08\/20\/banhos-desaconselhados-na-praia-fluvial-da-lenta-em-vila-nova-de-cerveira\/"]}]},{"@type":"ImageObject","inLanguage":"pt-PT","@id":"https:\/\/www.altominho.tv\/site\/2024\/08\/20\/banhos-desaconselhados-na-praia-fluvial-da-lenta-em-vila-nova-de-cerveira\/#primaryimage","url":"https:\/\/www.altominho.tv\/site\/wp-content\/uploads\/2024\/08\/Praia-da-Lenta-Bandeira-2023-1.jpeg","contentUrl":"https:\/\/www.altominho.tv\/site\/wp-content\/uploads\/2024\/08\/Praia-da-Lenta-Bandeira-2023-1.jpeg","width":2000,"height":1500},{"@type":"BreadcrumbList","@id":"https:\/\/www.altominho.tv\/site\/2024\/08\/20\/banhos-desaconselhados-na-praia-fluvial-da-lenta-em-vila-nova-de-cerveira\/#breadcrumb","itemListElement":[{"@type":"ListItem","position":1,"name":"In\u00edcio","item":"https:\/\/www.altominho.tv\/site\/"},{"@type":"ListItem","position":2,"name":"Banhos desaconselhados na praia fluvial da Lenta em Vila Nova de Cerveira"}]},{"@type":"WebSite","@id":"https:\/\/www.altominho.tv\/site\/#website","url":"https:\/\/www.altominho.tv\/site\/","name":"Altominho.tv","description":"A sua regi\u00e3o \u00e0 dist\u00e2ncia de um clique...","potentialAction":[{"@type":"SearchAction","target":{"@type":"EntryPoint","urlTemplate":"https:\/\/www.altominho.tv\/site\/?s={search_term_string}"},"query-input":{"@type":"PropertyValueSpecification","valueRequired":true,"valueName":"search_term_string"}}],"inLanguage":"pt-PT"},{"@type":"Person","@id":"https:\/\/www.altominho.tv\/site\/#\/schema\/person\/63f693da3e1899361cbe955c46f3232e","name":"Lusa","image":{"@type":"ImageObject","inLanguage":"pt-PT","@id":"https:\/\/www.altominho.tv\/site\/wp-content\/uploads\/2019\/08\/LUSA_Logo.gif","url":"https:\/\/www.altominho.tv\/site\/wp-content\/uploads\/2019\/08\/LUSA_Logo.gif","contentUrl":"https:\/\/www.altominho.tv\/site\/wp-content\/uploads\/2019\/08\/LUSA_Logo.gif","caption":"Lusa"},"sameAs":["http:\/\/\/\/www.altominho.tv\/site"],"url":"https:\/\/www.altominho.tv\/site\/author\/lusa\/"}]}},"_links":{"self":[{"href":"https:\/\/www.altominho.tv\/site\/wp-json\/wp\/v2\/posts\/109823","targetHints":{"allow":["GET"]}}],"collection":[{"href":"https:\/\/www.altominho.tv\/site\/wp-json\/wp\/v2\/posts"}],"about":[{"href":"https:\/\/www.altominho.tv\/site\/wp-json\/wp\/v2\/types\/post"}],"author":[{"embeddable":true,"href":"https:\/\/www.altominho.tv\/site\/wp-json\/wp\/v2\/users\/13"}],"replies":[{"embeddable":true,"href":"https:\/\/www.altominho.tv\/site\/wp-json\/wp\/v2\/comments?post=109823"}],"version-history":[{"count":1,"href":"https:\/\/www.altominho.tv\/site\/wp-json\/wp\/v2\/posts\/109823\/revisions"}],"predecessor-version":[{"id":109825,"href":"https:\/\/www.altominho.tv\/site\/wp-json\/wp\/v2\/posts\/109823\/revisions\/109825"}],"wp:featuredmedia":[{"embeddable":true,"href":"https:\/\/www.altominho.tv\/site\/wp-json\/wp\/v2\/media\/109824"}],"wp:attachment":[{"href":"https:\/\/www.altominho.tv\/site\/wp-json\/wp\/v2\/media?parent=109823"}],"wp:term":[{"taxonomy":"category","embeddable":true,"href":"https:\/\/www.altominho.tv\/site\/wp-json\/wp\/v2\/categories?post=109823"},{"taxonomy":"post_tag","embeddable":true,"href":"https:\/\/www.altominho.tv\/site\/wp-json\/wp\/v2\/tags?post=109823"}],"curies":[{"name":"wp","href":"https:\/\/api.w.org\/{rel}","templated":true}]}}