{"id":109810,"date":"2024-08-20T15:17:09","date_gmt":"2024-08-20T14:17:09","guid":{"rendered":"https:\/\/www.altominho.tv\/site\/?p=109810"},"modified":"2024-08-20T15:17:11","modified_gmt":"2024-08-20T14:17:11","slug":"arcos-de-valdevez-atividades-extracurriculares","status":"publish","type":"post","link":"https:\/\/www.altominho.tv\/site\/2024\/08\/20\/arcos-de-valdevez-atividades-extracurriculares\/","title":{"rendered":"Arcos de Valdevez contrata docentes para Atividades de Enriquecimento Curricular"},"content":{"rendered":"\n<p>A C\u00e2mara Municipal de Arcos de Valdevez autorizou a abertura de um procedimento para aquisi\u00e7\u00e3o de servi\u00e7os para contrata\u00e7\u00e3o de docentes para as Atividades de Enriquecimento Curricular para o Ano Letivo 2024-2025, pelo pre\u00e7o base de 48.122 euros.<\/p>\n\n\n\n<p>Para os alunos do 1\u00ba Ciclo, a autarquia disponibiliza as AEC\u00b4s &#8211; Atividades de Enriquecimento Curricular, atividades realizadas em parceria com o Minist\u00e9rio da Educa\u00e7\u00e3o e Tecnologia, nas \u00e1reas de Ingl\u00eas, Desporto, M\u00fasica, Pilates e Yoga e Sons e Tons.<\/p>\n\n\n\n<p>De igual modo desenvolve atividades de Acompanhamento e Apoio \u00e0 Fam\u00edlia nos Jardins-de-Inf\u00e2ncia da rede p\u00fablica municipal, nomeadamente de Anima\u00e7\u00e3o do Livro e da Leitura, Atividades de Express\u00e3o Pl\u00e1stica, Atividades Desportivas, Atividades de Express\u00e3o Musical e yoga.<\/p>\n\n\n\n<p>A autarquia deu nota que &#8220;a aposta na Educa\u00e7\u00e3o \u00e9 estrat\u00e9gica para o futuro, tratando-se de um pilar fundamental para o desenvolvimento e a competitividade do concelho. Por isso, esfor\u00e7a-se e empenha-se em ter uma oferta educativa de qualidade, atrav\u00e9s dos modelos de ensino\/aprendizagem, e de equipamentos escolares com condi\u00e7\u00f5es f\u00edsicas necess\u00e1rias para um maior conforto e o m\u00e1ximo desempenho dos alunos&#8221;.<\/p>\n","protected":false},"excerpt":{"rendered":"<p>A C\u00e2mara Municipal de Arcos de Valdevez autorizou a abertura de um procedimento para aquisi\u00e7\u00e3o de servi\u00e7os para contrata\u00e7\u00e3o de docentes para as Atividades de Enriquecimento Curricular para o Ano Letivo 2024-2025, pelo pre\u00e7o base de 48.122 euros. Para os alunos do 1\u00ba Ciclo, a autarquia disponibiliza as AEC\u00b4s &#8211; Atividades de Enriquecimento Curricular, atividades [&hellip;]<\/p>\n","protected":false},"author":7,"featured_media":109815,"comment_status":"closed","ping_status":"closed","sticky":false,"template":"","format":"standard","meta":{"_exactmetrics_skip_tracking":false,"_exactmetrics_sitenote_active":false,"_exactmetrics_sitenote_note":"","_exactmetrics_sitenote_category":0,"footnotes":""},"categories":[2],"tags":[22],"class_list":["post-109810","post","type-post","status-publish","format-standard","has-post-thumbnail","hentry","category-arcos-de-valdevez","tag-educacao"],"yoast_head":"<!-- This site is optimized with the Yoast SEO Premium plugin v27.5 (Yoast SEO v27.5) - https:\/\/yoast.com\/product\/yoast-seo-premium-wordpress\/ -->\n<title>Arcos de Valdevez contrata docentes para Atividades de Enriquecimento Curricular<\/title>\n<meta name=\"description\" content=\"O Munic\u00edpio de Arcos de Valdevez est\u00e1 a contratar docentes para Atividades de Enriquecimento Curricular, para o pr\u00f3ximo ano letivo.\" \/>\n<meta name=\"robots\" content=\"index, follow, max-snippet:-1, max-image-preview:large, max-video-preview:-1\" \/>\n<link rel=\"canonical\" href=\"https:\/\/www.altominho.tv\/site\/2024\/08\/20\/arcos-de-valdevez-atividades-extracurriculares\/\" \/>\n<meta property=\"og:locale\" content=\"pt_PT\" \/>\n<meta property=\"og:type\" content=\"article\" \/>\n<meta property=\"og:title\" content=\"Arcos de Valdevez contrata docentes para Atividades de Enriquecimento Curricular\" \/>\n<meta property=\"og:description\" content=\"O Munic\u00edpio de Arcos de Valdevez est\u00e1 a contratar docentes para Atividades de Enriquecimento Curricular, para o pr\u00f3ximo ano letivo.\" \/>\n<meta property=\"og:url\" content=\"https:\/\/www.altominho.tv\/site\/2024\/08\/20\/arcos-de-valdevez-atividades-extracurriculares\/\" \/>\n<meta property=\"og:site_name\" content=\"Altominho.tv\" \/>\n<meta property=\"article:publisher\" content=\"https:\/\/www.facebook.com\/altominhotv\" \/>\n<meta property=\"article:published_time\" content=\"2024-08-20T14:17:09+00:00\" \/>\n<meta property=\"article:modified_time\" content=\"2024-08-20T14:17:11+00:00\" \/>\n<meta property=\"og:image\" content=\"https:\/\/www.altominho.tv\/site\/wp-content\/uploads\/2024\/08\/aec_3.jpg\" \/>\n\t<meta property=\"og:image:width\" content=\"1600\" \/>\n\t<meta property=\"og:image:height\" content=\"1200\" \/>\n\t<meta property=\"og:image:type\" content=\"image\/jpeg\" \/>\n<meta name=\"author\" content=\"Andreia Cunha\" \/>\n<meta name=\"twitter:card\" content=\"summary_large_image\" \/>\n<meta name=\"twitter:creator\" content=\"@altominhoTV\" \/>\n<meta name=\"twitter:site\" content=\"@altominhoTV\" \/>\n<meta name=\"twitter:label1\" content=\"Escrito por\" \/>\n\t<meta name=\"twitter:data1\" content=\"Andreia Cunha\" \/>\n\t<meta name=\"twitter:label2\" content=\"Tempo estimado de leitura\" \/>\n\t<meta name=\"twitter:data2\" content=\"2 minutos\" \/>\n<script type=\"application\/ld+json\" class=\"yoast-schema-graph\">{\"@context\":\"https:\\\/\\\/schema.org\",\"@graph\":[{\"@type\":\"Article\",\"@id\":\"https:\\\/\\\/www.altominho.tv\\\/site\\\/2024\\\/08\\\/20\\\/arcos-de-valdevez-atividades-extracurriculares\\\/#article\",\"isPartOf\":{\"@id\":\"https:\\\/\\\/www.altominho.tv\\\/site\\\/2024\\\/08\\\/20\\\/arcos-de-valdevez-atividades-extracurriculares\\\/\"},\"author\":{\"name\":\"Andreia Cunha\",\"@id\":\"https:\\\/\\\/www.altominho.tv\\\/site\\\/#\\\/schema\\\/person\\\/a0e4ef6d041f98ca284393d8f1d97153\"},\"headline\":\"Arcos de Valdevez contrata docentes para Atividades de Enriquecimento Curricular\",\"datePublished\":\"2024-08-20T14:17:09+00:00\",\"dateModified\":\"2024-08-20T14:17:11+00:00\",\"mainEntityOfPage\":{\"@id\":\"https:\\\/\\\/www.altominho.tv\\\/site\\\/2024\\\/08\\\/20\\\/arcos-de-valdevez-atividades-extracurriculares\\\/\"},\"wordCount\":209,\"image\":{\"@id\":\"https:\\\/\\\/www.altominho.tv\\\/site\\\/2024\\\/08\\\/20\\\/arcos-de-valdevez-atividades-extracurriculares\\\/#primaryimage\"},\"thumbnailUrl\":\"https:\\\/\\\/www.altominho.tv\\\/site\\\/wp-content\\\/uploads\\\/2024\\\/08\\\/aec_3.jpg\",\"keywords\":[\"Educa\u00e7\u00e3o\"],\"articleSection\":[\"Arcos de Valdevez\"],\"inLanguage\":\"pt-PT\",\"copyrightYear\":\"2024\",\"copyrightHolder\":{\"@id\":\"https:\\\/\\\/www.altominho.tv\\\/site\\\/#organization\"}},{\"@type\":\"WebPage\",\"@id\":\"https:\\\/\\\/www.altominho.tv\\\/site\\\/2024\\\/08\\\/20\\\/arcos-de-valdevez-atividades-extracurriculares\\\/\",\"url\":\"https:\\\/\\\/www.altominho.tv\\\/site\\\/2024\\\/08\\\/20\\\/arcos-de-valdevez-atividades-extracurriculares\\\/\",\"name\":\"Arcos de Valdevez contrata docentes para Atividades de Enriquecimento Curricular\",\"isPartOf\":{\"@id\":\"https:\\\/\\\/www.altominho.tv\\\/site\\\/#website\"},\"primaryImageOfPage\":{\"@id\":\"https:\\\/\\\/www.altominho.tv\\\/site\\\/2024\\\/08\\\/20\\\/arcos-de-valdevez-atividades-extracurriculares\\\/#primaryimage\"},\"image\":{\"@id\":\"https:\\\/\\\/www.altominho.tv\\\/site\\\/2024\\\/08\\\/20\\\/arcos-de-valdevez-atividades-extracurriculares\\\/#primaryimage\"},\"thumbnailUrl\":\"https:\\\/\\\/www.altominho.tv\\\/site\\\/wp-content\\\/uploads\\\/2024\\\/08\\\/aec_3.jpg\",\"datePublished\":\"2024-08-20T14:17:09+00:00\",\"dateModified\":\"2024-08-20T14:17:11+00:00\",\"author\":{\"@id\":\"https:\\\/\\\/www.altominho.tv\\\/site\\\/#\\\/schema\\\/person\\\/a0e4ef6d041f98ca284393d8f1d97153\"},\"description\":\"O Munic\u00edpio de Arcos de Valdevez est\u00e1 a contratar docentes para Atividades de Enriquecimento Curricular, para o pr\u00f3ximo ano letivo.\",\"breadcrumb\":{\"@id\":\"https:\\\/\\\/www.altominho.tv\\\/site\\\/2024\\\/08\\\/20\\\/arcos-de-valdevez-atividades-extracurriculares\\\/#breadcrumb\"},\"inLanguage\":\"pt-PT\",\"potentialAction\":[{\"@type\":\"ReadAction\",\"target\":[\"https:\\\/\\\/www.altominho.tv\\\/site\\\/2024\\\/08\\\/20\\\/arcos-de-valdevez-atividades-extracurriculares\\\/\"]}]},{\"@type\":\"ImageObject\",\"inLanguage\":\"pt-PT\",\"@id\":\"https:\\\/\\\/www.altominho.tv\\\/site\\\/2024\\\/08\\\/20\\\/arcos-de-valdevez-atividades-extracurriculares\\\/#primaryimage\",\"url\":\"https:\\\/\\\/www.altominho.tv\\\/site\\\/wp-content\\\/uploads\\\/2024\\\/08\\\/aec_3.jpg\",\"contentUrl\":\"https:\\\/\\\/www.altominho.tv\\\/site\\\/wp-content\\\/uploads\\\/2024\\\/08\\\/aec_3.jpg\",\"width\":1600,\"height\":1200},{\"@type\":\"BreadcrumbList\",\"@id\":\"https:\\\/\\\/www.altominho.tv\\\/site\\\/2024\\\/08\\\/20\\\/arcos-de-valdevez-atividades-extracurriculares\\\/#breadcrumb\",\"itemListElement\":[{\"@type\":\"ListItem\",\"position\":1,\"name\":\"In\u00edcio\",\"item\":\"https:\\\/\\\/www.altominho.tv\\\/site\\\/\"},{\"@type\":\"ListItem\",\"position\":2,\"name\":\"Arcos de Valdevez contrata docentes para Atividades de Enriquecimento Curricular\"}]},{\"@type\":\"WebSite\",\"@id\":\"https:\\\/\\\/www.altominho.tv\\\/site\\\/#website\",\"url\":\"https:\\\/\\\/www.altominho.tv\\\/site\\\/\",\"name\":\"Altominho.tv\",\"description\":\"A sua regi\u00e3o \u00e0 dist\u00e2ncia de um clique...\",\"potentialAction\":[{\"@type\":\"SearchAction\",\"target\":{\"@type\":\"EntryPoint\",\"urlTemplate\":\"https:\\\/\\\/www.altominho.tv\\\/site\\\/?s={search_term_string}\"},\"query-input\":{\"@type\":\"PropertyValueSpecification\",\"valueRequired\":true,\"valueName\":\"search_term_string\"}}],\"inLanguage\":\"pt-PT\"},{\"@type\":\"Person\",\"@id\":\"https:\\\/\\\/www.altominho.tv\\\/site\\\/#\\\/schema\\\/person\\\/a0e4ef6d041f98ca284393d8f1d97153\",\"name\":\"Andreia Cunha\",\"image\":{\"@type\":\"ImageObject\",\"inLanguage\":\"pt-PT\",\"@id\":\"https:\\\/\\\/www.altominho.tv\\\/site\\\/wp-content\\\/uploads\\\/2017\\\/11\\\/Andreia_Cunha-1-150x150.jpg\",\"url\":\"https:\\\/\\\/www.altominho.tv\\\/site\\\/wp-content\\\/uploads\\\/2017\\\/11\\\/Andreia_Cunha-1-150x150.jpg\",\"contentUrl\":\"https:\\\/\\\/www.altominho.tv\\\/site\\\/wp-content\\\/uploads\\\/2017\\\/11\\\/Andreia_Cunha-1-150x150.jpg\",\"caption\":\"Andreia Cunha\"},\"url\":\"https:\\\/\\\/www.altominho.tv\\\/site\\\/author\\\/andreiacunha\\\/\"}]}<\/script>\n<!-- \/ Yoast SEO Premium plugin. -->","yoast_head_json":{"title":"Arcos de Valdevez contrata docentes para Atividades de Enriquecimento Curricular","description":"O Munic\u00edpio de Arcos de Valdevez est\u00e1 a contratar docentes para Atividades de Enriquecimento Curricular, para o pr\u00f3ximo ano letivo.","robots":{"index":"index","follow":"follow","max-snippet":"max-snippet:-1","max-image-preview":"max-image-preview:large","max-video-preview":"max-video-preview:-1"},"canonical":"https:\/\/www.altominho.tv\/site\/2024\/08\/20\/arcos-de-valdevez-atividades-extracurriculares\/","og_locale":"pt_PT","og_type":"article","og_title":"Arcos de Valdevez contrata docentes para Atividades de Enriquecimento Curricular","og_description":"O Munic\u00edpio de Arcos de Valdevez est\u00e1 a contratar docentes para Atividades de Enriquecimento Curricular, para o pr\u00f3ximo ano letivo.","og_url":"https:\/\/www.altominho.tv\/site\/2024\/08\/20\/arcos-de-valdevez-atividades-extracurriculares\/","og_site_name":"Altominho.tv","article_publisher":"https:\/\/www.facebook.com\/altominhotv","article_published_time":"2024-08-20T14:17:09+00:00","article_modified_time":"2024-08-20T14:17:11+00:00","og_image":[{"width":1600,"height":1200,"url":"https:\/\/www.altominho.tv\/site\/wp-content\/uploads\/2024\/08\/aec_3.jpg","type":"image\/jpeg"}],"author":"Andreia Cunha","twitter_card":"summary_large_image","twitter_creator":"@altominhoTV","twitter_site":"@altominhoTV","twitter_misc":{"Escrito por":"Andreia Cunha","Tempo estimado de leitura":"2 minutos"},"schema":{"@context":"https:\/\/schema.org","@graph":[{"@type":"Article","@id":"https:\/\/www.altominho.tv\/site\/2024\/08\/20\/arcos-de-valdevez-atividades-extracurriculares\/#article","isPartOf":{"@id":"https:\/\/www.altominho.tv\/site\/2024\/08\/20\/arcos-de-valdevez-atividades-extracurriculares\/"},"author":{"name":"Andreia Cunha","@id":"https:\/\/www.altominho.tv\/site\/#\/schema\/person\/a0e4ef6d041f98ca284393d8f1d97153"},"headline":"Arcos de Valdevez contrata docentes para Atividades de Enriquecimento Curricular","datePublished":"2024-08-20T14:17:09+00:00","dateModified":"2024-08-20T14:17:11+00:00","mainEntityOfPage":{"@id":"https:\/\/www.altominho.tv\/site\/2024\/08\/20\/arcos-de-valdevez-atividades-extracurriculares\/"},"wordCount":209,"image":{"@id":"https:\/\/www.altominho.tv\/site\/2024\/08\/20\/arcos-de-valdevez-atividades-extracurriculares\/#primaryimage"},"thumbnailUrl":"https:\/\/www.altominho.tv\/site\/wp-content\/uploads\/2024\/08\/aec_3.jpg","keywords":["Educa\u00e7\u00e3o"],"articleSection":["Arcos de Valdevez"],"inLanguage":"pt-PT","copyrightYear":"2024","copyrightHolder":{"@id":"https:\/\/www.altominho.tv\/site\/#organization"}},{"@type":"WebPage","@id":"https:\/\/www.altominho.tv\/site\/2024\/08\/20\/arcos-de-valdevez-atividades-extracurriculares\/","url":"https:\/\/www.altominho.tv\/site\/2024\/08\/20\/arcos-de-valdevez-atividades-extracurriculares\/","name":"Arcos de Valdevez contrata docentes para Atividades de Enriquecimento Curricular","isPartOf":{"@id":"https:\/\/www.altominho.tv\/site\/#website"},"primaryImageOfPage":{"@id":"https:\/\/www.altominho.tv\/site\/2024\/08\/20\/arcos-de-valdevez-atividades-extracurriculares\/#primaryimage"},"image":{"@id":"https:\/\/www.altominho.tv\/site\/2024\/08\/20\/arcos-de-valdevez-atividades-extracurriculares\/#primaryimage"},"thumbnailUrl":"https:\/\/www.altominho.tv\/site\/wp-content\/uploads\/2024\/08\/aec_3.jpg","datePublished":"2024-08-20T14:17:09+00:00","dateModified":"2024-08-20T14:17:11+00:00","author":{"@id":"https:\/\/www.altominho.tv\/site\/#\/schema\/person\/a0e4ef6d041f98ca284393d8f1d97153"},"description":"O Munic\u00edpio de Arcos de Valdevez est\u00e1 a contratar docentes para Atividades de Enriquecimento Curricular, para o pr\u00f3ximo ano letivo.","breadcrumb":{"@id":"https:\/\/www.altominho.tv\/site\/2024\/08\/20\/arcos-de-valdevez-atividades-extracurriculares\/#breadcrumb"},"inLanguage":"pt-PT","potentialAction":[{"@type":"ReadAction","target":["https:\/\/www.altominho.tv\/site\/2024\/08\/20\/arcos-de-valdevez-atividades-extracurriculares\/"]}]},{"@type":"ImageObject","inLanguage":"pt-PT","@id":"https:\/\/www.altominho.tv\/site\/2024\/08\/20\/arcos-de-valdevez-atividades-extracurriculares\/#primaryimage","url":"https:\/\/www.altominho.tv\/site\/wp-content\/uploads\/2024\/08\/aec_3.jpg","contentUrl":"https:\/\/www.altominho.tv\/site\/wp-content\/uploads\/2024\/08\/aec_3.jpg","width":1600,"height":1200},{"@type":"BreadcrumbList","@id":"https:\/\/www.altominho.tv\/site\/2024\/08\/20\/arcos-de-valdevez-atividades-extracurriculares\/#breadcrumb","itemListElement":[{"@type":"ListItem","position":1,"name":"In\u00edcio","item":"https:\/\/www.altominho.tv\/site\/"},{"@type":"ListItem","position":2,"name":"Arcos de Valdevez contrata docentes para Atividades de Enriquecimento Curricular"}]},{"@type":"WebSite","@id":"https:\/\/www.altominho.tv\/site\/#website","url":"https:\/\/www.altominho.tv\/site\/","name":"Altominho.tv","description":"A sua regi\u00e3o \u00e0 dist\u00e2ncia de um clique...","potentialAction":[{"@type":"SearchAction","target":{"@type":"EntryPoint","urlTemplate":"https:\/\/www.altominho.tv\/site\/?s={search_term_string}"},"query-input":{"@type":"PropertyValueSpecification","valueRequired":true,"valueName":"search_term_string"}}],"inLanguage":"pt-PT"},{"@type":"Person","@id":"https:\/\/www.altominho.tv\/site\/#\/schema\/person\/a0e4ef6d041f98ca284393d8f1d97153","name":"Andreia Cunha","image":{"@type":"ImageObject","inLanguage":"pt-PT","@id":"https:\/\/www.altominho.tv\/site\/wp-content\/uploads\/2017\/11\/Andreia_Cunha-1-150x150.jpg","url":"https:\/\/www.altominho.tv\/site\/wp-content\/uploads\/2017\/11\/Andreia_Cunha-1-150x150.jpg","contentUrl":"https:\/\/www.altominho.tv\/site\/wp-content\/uploads\/2017\/11\/Andreia_Cunha-1-150x150.jpg","caption":"Andreia Cunha"},"url":"https:\/\/www.altominho.tv\/site\/author\/andreiacunha\/"}]}},"_links":{"self":[{"href":"https:\/\/www.altominho.tv\/site\/wp-json\/wp\/v2\/posts\/109810","targetHints":{"allow":["GET"]}}],"collection":[{"href":"https:\/\/www.altominho.tv\/site\/wp-json\/wp\/v2\/posts"}],"about":[{"href":"https:\/\/www.altominho.tv\/site\/wp-json\/wp\/v2\/types\/post"}],"author":[{"embeddable":true,"href":"https:\/\/www.altominho.tv\/site\/wp-json\/wp\/v2\/users\/7"}],"replies":[{"embeddable":true,"href":"https:\/\/www.altominho.tv\/site\/wp-json\/wp\/v2\/comments?post=109810"}],"version-history":[{"count":1,"href":"https:\/\/www.altominho.tv\/site\/wp-json\/wp\/v2\/posts\/109810\/revisions"}],"predecessor-version":[{"id":109816,"href":"https:\/\/www.altominho.tv\/site\/wp-json\/wp\/v2\/posts\/109810\/revisions\/109816"}],"wp:featuredmedia":[{"embeddable":true,"href":"https:\/\/www.altominho.tv\/site\/wp-json\/wp\/v2\/media\/109815"}],"wp:attachment":[{"href":"https:\/\/www.altominho.tv\/site\/wp-json\/wp\/v2\/media?parent=109810"}],"wp:term":[{"taxonomy":"category","embeddable":true,"href":"https:\/\/www.altominho.tv\/site\/wp-json\/wp\/v2\/categories?post=109810"},{"taxonomy":"post_tag","embeddable":true,"href":"https:\/\/www.altominho.tv\/site\/wp-json\/wp\/v2\/tags?post=109810"}],"curies":[{"name":"wp","href":"https:\/\/api.w.org\/{rel}","templated":true}]}}