{"id":109783,"date":"2024-08-19T17:03:31","date_gmt":"2024-08-19T16:03:31","guid":{"rendered":"https:\/\/www.altominho.tv\/site\/?p=109783"},"modified":"2024-08-19T17:03:34","modified_gmt":"2024-08-19T16:03:34","slug":"montenegro-psd-eleicoes","status":"publish","type":"post","link":"https:\/\/www.altominho.tv\/site\/2024\/08\/19\/montenegro-psd-eleicoes\/","title":{"rendered":"Montenegro aposta em autarcas e deputados como mandat\u00e1rios distritais da candidatura \u00e0 lideran\u00e7a do PSD"},"content":{"rendered":"\n<p>A lista de 24 mandat\u00e1rios distritais escolhidos por Lu\u00eds Montenegro para a sua recandidatura \u00e0 presid\u00eancia do PSD nas diretas de setembro conta com dez atuais autarcas e oito antigos e atuais deputados.<\/p>\n\n\n\n<p>A lista hoje divulgada pela candidatura de Montenegro revela que o presidente dos sociais-democratas optou nos distritos de Viana do Castelo, Braga, Vila Real, Bragan\u00e7a, Porto, Viseu, Guarda, Leiria, Portalegre e na regi\u00e3o Oeste por nomes de autarcas da regi\u00e3o.<\/p>\n\n\n\n<p>Destes, sete cumprem atualmente fun\u00e7\u00f5es como presidentes de c\u00e2maras municipais como \u00e9 o caso de Jo\u00e3o Manuel Esteves, presidente da C\u00e2mara Municipal de Arcos de Valdevez e mandat\u00e1rio por Viana do Castelo, Fernando Queiroga, presidente do munic\u00edpio de Boticas e mandat\u00e1rio por Vila Real ou Jos\u00e9 Lu\u00eds Gaspar, presidente de Amarante, que foi a escolha de Montenegro no distrito do Porto.<\/p>\n\n\n\n<p>Fernando Ruas, de Viseu, Carlos Condesso, autarca de Figueira de Castelo Rodrigo, distrito da Guarda, Jos\u00e9 Bernardo, do Cadaval &#8211; mandat\u00e1rio da regi\u00e3o Oeste &#8211; e Fermelinda Carvalho, de Portalegre, completam a lista de presidentes da c\u00e2mara entre os escolhidos da candidatura de Montenegro, que vai avan\u00e7ar sob o lema \u201cAcreditar em Portugal\u201d.<\/p>\n\n\n\n<p>A lista conta tamb\u00e9m com vereadores &#8211; \u00e9 o caso dos distritos de Braga, com Jo\u00e3o Rodrigues do munic\u00edpio bracarense, e Bragan\u00e7a, com Miguel Jos\u00e9 Abrunhosa Martins, autarca brigantino.<\/p>\n\n\n\n<p>Das juntas de freguesia, houve apenas uma escolha: o presidente da freguesia de Ansi\u00e3o, Jorge Cancelinha, que \u00e9 o mandat\u00e1rio pelo distrito de Leiria.<\/p>\n\n\n\n<p>Tamb\u00e9m os atuais e antigos eleitos \u00e0 Assembleia da Rep\u00fablica assumem um papel de destaque nesta candidatura, com oito representantes nesta lista e com Almiro Pereira &#8211; rec\u00e9m-eleito pelo c\u00edrculo de Aveiro &#8211; a ser a escolha para mandat\u00e1rio financeiro.<\/p>\n\n\n\n<p>No distrito de Aveiro &#8211; de onde o atual l\u00edder do PSD e primeiro-ministro \u00e9 natural &#8211; a escolha recaiu sobre o antigo autarca de Vagos e atual deputado Silv\u00e9rio Regalado.<\/p>\n\n\n\n<p>Ainda no lote de atuais nomes da bancada social-democrata no parlamento, a mandat\u00e1ria de Lisboa \u00e9 Andreia Bernardo, de Coimbra, o deputado Maur\u00edcio Marques, em Set\u00fabal, S\u00f3nia dos Reis foi a escolhida, em Beja, o deputado Gon\u00e7alo Valente \u00e9 o mandat\u00e1rio e o mandat\u00e1rio de fora da Europa ser\u00e1 o deputado Fl\u00e1vio Martins, eleito por esse mesmo c\u00edrculo eleitoral nas \u00faltimas legislativas.<\/p>\n\n\n\n<p>Os ex-deputados Jos\u00e9 Mendes Bota e Carlos Gon\u00e7alves s\u00e3o as op\u00e7\u00f5es de Montenegro para Faro e a Europa, respetivamente.<\/p>\n\n\n\n<p>Nos A\u00e7ores e na Madeira, ser\u00e3o os secret\u00e1rios-gerais das estruturas partid\u00e1rias das regi\u00f5es &#8211; Lu\u00eds Pereira e Jos\u00e9 Prada &#8211; a assumirem o papel de mandat\u00e1rios. O mandat\u00e1rio da Juventude Social-Democrata (JSD) ser\u00e1 Jo\u00e3o Pedro Lu\u00eds, atual secret\u00e1rio-geral da \u2018jota\u2019.<\/p>\n\n\n\n<p>Das estruturas distritais, Lu\u00eds Montenegro escolheu para mandat\u00e1rios Manuel Frexes, presidente da distrital de Castelo Branco, Ricardo Oliveira, tesoureiro da distrital de Santar\u00e9m e Francisco Figueira, l\u00edder da Distrital de \u00c9vora.<\/p>\n\n\n\n<p>A dire\u00e7\u00e3o de campanha estar\u00e1 nas m\u00e3os do social-democrata Rui Rocha, antigo presidente da C\u00e2mara Municipal de Ansi\u00e3o, atualmente primeiro vogal da Comiss\u00e3o Pol\u00edtica Nacional do PSD e presidente da mesa da assembleia distrital do PSD\/Leiria.<\/p>\n\n\n\n<p>As diretas para a lideran\u00e7a do partido est\u00e3o agendadas para 06 de setembro, seguidas de Congresso entre 21 e 22 de setembro, em Braga.<\/p>\n\n\n\n<p>Este calend\u00e1rio eleitoral proposto pela Comiss\u00e3o Pol\u00edtica Nacional do PSD foi aprovado, apenas com uma absten\u00e7\u00e3o, na reuni\u00e3o do Conselho Nacional deste partido, \u00f3rg\u00e3o m\u00e1ximo entre congressos.<\/p>\n\n\n\n<p>O atual primeiro-ministro, Lu\u00eds Montenegro, vai recandidatar-se a um segundo mandato de dois anos como presidente do PSD, partido que lidera desde 2022.<\/p>\n","protected":false},"excerpt":{"rendered":"<p>A lista de 24 mandat\u00e1rios distritais escolhidos por Lu\u00eds Montenegro para a sua recandidatura \u00e0 presid\u00eancia do PSD nas diretas de setembro conta com dez atuais autarcas e oito antigos e atuais deputados. A lista hoje divulgada pela candidatura de Montenegro revela que o presidente dos sociais-democratas optou nos distritos de Viana do Castelo, Braga, [&hellip;]<\/p>\n","protected":false},"author":16,"featured_media":109784,"comment_status":"closed","ping_status":"closed","sticky":false,"template":"","format":"standard","meta":{"_exactmetrics_skip_tracking":false,"_exactmetrics_sitenote_active":false,"_exactmetrics_sitenote_note":"","_exactmetrics_sitenote_category":0,"footnotes":""},"categories":[56325],"tags":[27],"class_list":["post-109783","post","type-post","status-publish","format-standard","has-post-thumbnail","hentry","category-pais","tag-sociedade"],"yoast_head":"<!-- This site is optimized with the Yoast SEO Premium plugin v27.5 (Yoast SEO v27.5) - https:\/\/yoast.com\/product\/yoast-seo-premium-wordpress\/ -->\n<title>Montenegro aposta em autarcas e deputados como mandat\u00e1rios distritais da candidatura \u00e0 lideran\u00e7a do PSD<\/title>\n<meta name=\"description\" content=\"Montenegro aposta em autarcas e deputados como mandat\u00e1rios distritais da candidatura \u00e0 lideran\u00e7a do PSD.\" \/>\n<meta name=\"robots\" content=\"index, follow, max-snippet:-1, max-image-preview:large, max-video-preview:-1\" \/>\n<link rel=\"canonical\" href=\"https:\/\/www.altominho.tv\/site\/2024\/08\/19\/montenegro-psd-eleicoes\/\" \/>\n<meta property=\"og:locale\" content=\"pt_PT\" \/>\n<meta property=\"og:type\" content=\"article\" \/>\n<meta property=\"og:title\" content=\"Montenegro aposta em autarcas e deputados como mandat\u00e1rios distritais da candidatura \u00e0 lideran\u00e7a do PSD\" \/>\n<meta property=\"og:description\" content=\"Montenegro aposta em autarcas e deputados como mandat\u00e1rios distritais da candidatura \u00e0 lideran\u00e7a do PSD.\" \/>\n<meta property=\"og:url\" content=\"https:\/\/www.altominho.tv\/site\/2024\/08\/19\/montenegro-psd-eleicoes\/\" \/>\n<meta property=\"og:site_name\" content=\"Altominho.tv\" \/>\n<meta property=\"article:publisher\" content=\"https:\/\/www.facebook.com\/altominhotv\" \/>\n<meta property=\"article:published_time\" content=\"2024-08-19T16:03:31+00:00\" \/>\n<meta property=\"article:modified_time\" content=\"2024-08-19T16:03:34+00:00\" \/>\n<meta property=\"og:image\" content=\"https:\/\/www.altominho.tv\/site\/wp-content\/uploads\/2024\/08\/montenegro-1.jpg\" \/>\n\t<meta property=\"og:image:width\" content=\"1024\" \/>\n\t<meta property=\"og:image:height\" content=\"682\" \/>\n\t<meta property=\"og:image:type\" content=\"image\/jpeg\" \/>\n<meta name=\"author\" content=\"Andreia Cunha | Lusa\" \/>\n<meta name=\"twitter:card\" content=\"summary_large_image\" \/>\n<meta name=\"twitter:creator\" content=\"@altominhoTV\" \/>\n<meta name=\"twitter:site\" content=\"@altominhoTV\" \/>\n<meta name=\"twitter:label1\" content=\"Escrito por\" \/>\n\t<meta name=\"twitter:data1\" content=\"Andreia Cunha | Lusa\" \/>\n\t<meta name=\"twitter:label2\" content=\"Tempo estimado de leitura\" \/>\n\t<meta name=\"twitter:data2\" content=\"4 minutos\" \/>\n<script type=\"application\/ld+json\" class=\"yoast-schema-graph\">{\"@context\":\"https:\\\/\\\/schema.org\",\"@graph\":[{\"@type\":\"Article\",\"@id\":\"https:\\\/\\\/www.altominho.tv\\\/site\\\/2024\\\/08\\\/19\\\/montenegro-psd-eleicoes\\\/#article\",\"isPartOf\":{\"@id\":\"https:\\\/\\\/www.altominho.tv\\\/site\\\/2024\\\/08\\\/19\\\/montenegro-psd-eleicoes\\\/\"},\"author\":{\"name\":\"Andreia Cunha | Lusa\",\"@id\":\"https:\\\/\\\/www.altominho.tv\\\/site\\\/#\\\/schema\\\/person\\\/dbaf181c01b51ff40c9f461a905d321e\"},\"headline\":\"Montenegro aposta em autarcas e deputados como mandat\u00e1rios distritais da candidatura \u00e0 lideran\u00e7a do PSD\",\"datePublished\":\"2024-08-19T16:03:31+00:00\",\"dateModified\":\"2024-08-19T16:03:34+00:00\",\"mainEntityOfPage\":{\"@id\":\"https:\\\/\\\/www.altominho.tv\\\/site\\\/2024\\\/08\\\/19\\\/montenegro-psd-eleicoes\\\/\"},\"wordCount\":651,\"image\":{\"@id\":\"https:\\\/\\\/www.altominho.tv\\\/site\\\/2024\\\/08\\\/19\\\/montenegro-psd-eleicoes\\\/#primaryimage\"},\"thumbnailUrl\":\"https:\\\/\\\/www.altominho.tv\\\/site\\\/wp-content\\\/uploads\\\/2024\\\/08\\\/montenegro-1.jpg\",\"keywords\":[\"Sociedade\"],\"articleSection\":[\"Pa\u00eds\"],\"inLanguage\":\"pt-PT\",\"copyrightYear\":\"2024\",\"copyrightHolder\":{\"@id\":\"https:\\\/\\\/www.altominho.tv\\\/site\\\/#organization\"}},{\"@type\":\"WebPage\",\"@id\":\"https:\\\/\\\/www.altominho.tv\\\/site\\\/2024\\\/08\\\/19\\\/montenegro-psd-eleicoes\\\/\",\"url\":\"https:\\\/\\\/www.altominho.tv\\\/site\\\/2024\\\/08\\\/19\\\/montenegro-psd-eleicoes\\\/\",\"name\":\"Montenegro aposta em autarcas e deputados como mandat\u00e1rios distritais da candidatura \u00e0 lideran\u00e7a do PSD\",\"isPartOf\":{\"@id\":\"https:\\\/\\\/www.altominho.tv\\\/site\\\/#website\"},\"primaryImageOfPage\":{\"@id\":\"https:\\\/\\\/www.altominho.tv\\\/site\\\/2024\\\/08\\\/19\\\/montenegro-psd-eleicoes\\\/#primaryimage\"},\"image\":{\"@id\":\"https:\\\/\\\/www.altominho.tv\\\/site\\\/2024\\\/08\\\/19\\\/montenegro-psd-eleicoes\\\/#primaryimage\"},\"thumbnailUrl\":\"https:\\\/\\\/www.altominho.tv\\\/site\\\/wp-content\\\/uploads\\\/2024\\\/08\\\/montenegro-1.jpg\",\"datePublished\":\"2024-08-19T16:03:31+00:00\",\"dateModified\":\"2024-08-19T16:03:34+00:00\",\"author\":{\"@id\":\"https:\\\/\\\/www.altominho.tv\\\/site\\\/#\\\/schema\\\/person\\\/dbaf181c01b51ff40c9f461a905d321e\"},\"description\":\"Montenegro aposta em autarcas e deputados como mandat\u00e1rios distritais da candidatura \u00e0 lideran\u00e7a do PSD.\",\"breadcrumb\":{\"@id\":\"https:\\\/\\\/www.altominho.tv\\\/site\\\/2024\\\/08\\\/19\\\/montenegro-psd-eleicoes\\\/#breadcrumb\"},\"inLanguage\":\"pt-PT\",\"potentialAction\":[{\"@type\":\"ReadAction\",\"target\":[\"https:\\\/\\\/www.altominho.tv\\\/site\\\/2024\\\/08\\\/19\\\/montenegro-psd-eleicoes\\\/\"]}]},{\"@type\":\"ImageObject\",\"inLanguage\":\"pt-PT\",\"@id\":\"https:\\\/\\\/www.altominho.tv\\\/site\\\/2024\\\/08\\\/19\\\/montenegro-psd-eleicoes\\\/#primaryimage\",\"url\":\"https:\\\/\\\/www.altominho.tv\\\/site\\\/wp-content\\\/uploads\\\/2024\\\/08\\\/montenegro-1.jpg\",\"contentUrl\":\"https:\\\/\\\/www.altominho.tv\\\/site\\\/wp-content\\\/uploads\\\/2024\\\/08\\\/montenegro-1.jpg\",\"width\":1024,\"height\":682},{\"@type\":\"BreadcrumbList\",\"@id\":\"https:\\\/\\\/www.altominho.tv\\\/site\\\/2024\\\/08\\\/19\\\/montenegro-psd-eleicoes\\\/#breadcrumb\",\"itemListElement\":[{\"@type\":\"ListItem\",\"position\":1,\"name\":\"In\u00edcio\",\"item\":\"https:\\\/\\\/www.altominho.tv\\\/site\\\/\"},{\"@type\":\"ListItem\",\"position\":2,\"name\":\"Montenegro aposta em autarcas e deputados como mandat\u00e1rios distritais da candidatura \u00e0 lideran\u00e7a do PSD\"}]},{\"@type\":\"WebSite\",\"@id\":\"https:\\\/\\\/www.altominho.tv\\\/site\\\/#website\",\"url\":\"https:\\\/\\\/www.altominho.tv\\\/site\\\/\",\"name\":\"Altominho.tv\",\"description\":\"A sua regi\u00e3o \u00e0 dist\u00e2ncia de um clique...\",\"potentialAction\":[{\"@type\":\"SearchAction\",\"target\":{\"@type\":\"EntryPoint\",\"urlTemplate\":\"https:\\\/\\\/www.altominho.tv\\\/site\\\/?s={search_term_string}\"},\"query-input\":{\"@type\":\"PropertyValueSpecification\",\"valueRequired\":true,\"valueName\":\"search_term_string\"}}],\"inLanguage\":\"pt-PT\"},{\"@type\":\"Person\",\"@id\":\"https:\\\/\\\/www.altominho.tv\\\/site\\\/#\\\/schema\\\/person\\\/dbaf181c01b51ff40c9f461a905d321e\",\"name\":\"Andreia Cunha | Lusa\",\"image\":{\"@type\":\"ImageObject\",\"inLanguage\":\"pt-PT\",\"@id\":\"https:\\\/\\\/www.altominho.tv\\\/site\\\/wp-content\\\/uploads\\\/2017\\\/11\\\/Andreia_Cunha-1-150x150.jpg\",\"url\":\"https:\\\/\\\/www.altominho.tv\\\/site\\\/wp-content\\\/uploads\\\/2017\\\/11\\\/Andreia_Cunha-1-150x150.jpg\",\"contentUrl\":\"https:\\\/\\\/www.altominho.tv\\\/site\\\/wp-content\\\/uploads\\\/2017\\\/11\\\/Andreia_Cunha-1-150x150.jpg\",\"caption\":\"Andreia Cunha | Lusa\"},\"sameAs\":[\"https:\\\/\\\/www.altominho.tv\\\/site\"],\"url\":\"https:\\\/\\\/www.altominho.tv\\\/site\\\/author\\\/andreiacunhalusa\\\/\"}]}<\/script>\n<!-- \/ Yoast SEO Premium plugin. -->","yoast_head_json":{"title":"Montenegro aposta em autarcas e deputados como mandat\u00e1rios distritais da candidatura \u00e0 lideran\u00e7a do PSD","description":"Montenegro aposta em autarcas e deputados como mandat\u00e1rios distritais da candidatura \u00e0 lideran\u00e7a do PSD.","robots":{"index":"index","follow":"follow","max-snippet":"max-snippet:-1","max-image-preview":"max-image-preview:large","max-video-preview":"max-video-preview:-1"},"canonical":"https:\/\/www.altominho.tv\/site\/2024\/08\/19\/montenegro-psd-eleicoes\/","og_locale":"pt_PT","og_type":"article","og_title":"Montenegro aposta em autarcas e deputados como mandat\u00e1rios distritais da candidatura \u00e0 lideran\u00e7a do PSD","og_description":"Montenegro aposta em autarcas e deputados como mandat\u00e1rios distritais da candidatura \u00e0 lideran\u00e7a do PSD.","og_url":"https:\/\/www.altominho.tv\/site\/2024\/08\/19\/montenegro-psd-eleicoes\/","og_site_name":"Altominho.tv","article_publisher":"https:\/\/www.facebook.com\/altominhotv","article_published_time":"2024-08-19T16:03:31+00:00","article_modified_time":"2024-08-19T16:03:34+00:00","og_image":[{"width":1024,"height":682,"url":"https:\/\/www.altominho.tv\/site\/wp-content\/uploads\/2024\/08\/montenegro-1.jpg","type":"image\/jpeg"}],"author":"Andreia Cunha | Lusa","twitter_card":"summary_large_image","twitter_creator":"@altominhoTV","twitter_site":"@altominhoTV","twitter_misc":{"Escrito por":"Andreia Cunha | Lusa","Tempo estimado de leitura":"4 minutos"},"schema":{"@context":"https:\/\/schema.org","@graph":[{"@type":"Article","@id":"https:\/\/www.altominho.tv\/site\/2024\/08\/19\/montenegro-psd-eleicoes\/#article","isPartOf":{"@id":"https:\/\/www.altominho.tv\/site\/2024\/08\/19\/montenegro-psd-eleicoes\/"},"author":{"name":"Andreia Cunha | Lusa","@id":"https:\/\/www.altominho.tv\/site\/#\/schema\/person\/dbaf181c01b51ff40c9f461a905d321e"},"headline":"Montenegro aposta em autarcas e deputados como mandat\u00e1rios distritais da candidatura \u00e0 lideran\u00e7a do PSD","datePublished":"2024-08-19T16:03:31+00:00","dateModified":"2024-08-19T16:03:34+00:00","mainEntityOfPage":{"@id":"https:\/\/www.altominho.tv\/site\/2024\/08\/19\/montenegro-psd-eleicoes\/"},"wordCount":651,"image":{"@id":"https:\/\/www.altominho.tv\/site\/2024\/08\/19\/montenegro-psd-eleicoes\/#primaryimage"},"thumbnailUrl":"https:\/\/www.altominho.tv\/site\/wp-content\/uploads\/2024\/08\/montenegro-1.jpg","keywords":["Sociedade"],"articleSection":["Pa\u00eds"],"inLanguage":"pt-PT","copyrightYear":"2024","copyrightHolder":{"@id":"https:\/\/www.altominho.tv\/site\/#organization"}},{"@type":"WebPage","@id":"https:\/\/www.altominho.tv\/site\/2024\/08\/19\/montenegro-psd-eleicoes\/","url":"https:\/\/www.altominho.tv\/site\/2024\/08\/19\/montenegro-psd-eleicoes\/","name":"Montenegro aposta em autarcas e deputados como mandat\u00e1rios distritais da candidatura \u00e0 lideran\u00e7a do PSD","isPartOf":{"@id":"https:\/\/www.altominho.tv\/site\/#website"},"primaryImageOfPage":{"@id":"https:\/\/www.altominho.tv\/site\/2024\/08\/19\/montenegro-psd-eleicoes\/#primaryimage"},"image":{"@id":"https:\/\/www.altominho.tv\/site\/2024\/08\/19\/montenegro-psd-eleicoes\/#primaryimage"},"thumbnailUrl":"https:\/\/www.altominho.tv\/site\/wp-content\/uploads\/2024\/08\/montenegro-1.jpg","datePublished":"2024-08-19T16:03:31+00:00","dateModified":"2024-08-19T16:03:34+00:00","author":{"@id":"https:\/\/www.altominho.tv\/site\/#\/schema\/person\/dbaf181c01b51ff40c9f461a905d321e"},"description":"Montenegro aposta em autarcas e deputados como mandat\u00e1rios distritais da candidatura \u00e0 lideran\u00e7a do PSD.","breadcrumb":{"@id":"https:\/\/www.altominho.tv\/site\/2024\/08\/19\/montenegro-psd-eleicoes\/#breadcrumb"},"inLanguage":"pt-PT","potentialAction":[{"@type":"ReadAction","target":["https:\/\/www.altominho.tv\/site\/2024\/08\/19\/montenegro-psd-eleicoes\/"]}]},{"@type":"ImageObject","inLanguage":"pt-PT","@id":"https:\/\/www.altominho.tv\/site\/2024\/08\/19\/montenegro-psd-eleicoes\/#primaryimage","url":"https:\/\/www.altominho.tv\/site\/wp-content\/uploads\/2024\/08\/montenegro-1.jpg","contentUrl":"https:\/\/www.altominho.tv\/site\/wp-content\/uploads\/2024\/08\/montenegro-1.jpg","width":1024,"height":682},{"@type":"BreadcrumbList","@id":"https:\/\/www.altominho.tv\/site\/2024\/08\/19\/montenegro-psd-eleicoes\/#breadcrumb","itemListElement":[{"@type":"ListItem","position":1,"name":"In\u00edcio","item":"https:\/\/www.altominho.tv\/site\/"},{"@type":"ListItem","position":2,"name":"Montenegro aposta em autarcas e deputados como mandat\u00e1rios distritais da candidatura \u00e0 lideran\u00e7a do PSD"}]},{"@type":"WebSite","@id":"https:\/\/www.altominho.tv\/site\/#website","url":"https:\/\/www.altominho.tv\/site\/","name":"Altominho.tv","description":"A sua regi\u00e3o \u00e0 dist\u00e2ncia de um clique...","potentialAction":[{"@type":"SearchAction","target":{"@type":"EntryPoint","urlTemplate":"https:\/\/www.altominho.tv\/site\/?s={search_term_string}"},"query-input":{"@type":"PropertyValueSpecification","valueRequired":true,"valueName":"search_term_string"}}],"inLanguage":"pt-PT"},{"@type":"Person","@id":"https:\/\/www.altominho.tv\/site\/#\/schema\/person\/dbaf181c01b51ff40c9f461a905d321e","name":"Andreia Cunha | Lusa","image":{"@type":"ImageObject","inLanguage":"pt-PT","@id":"https:\/\/www.altominho.tv\/site\/wp-content\/uploads\/2017\/11\/Andreia_Cunha-1-150x150.jpg","url":"https:\/\/www.altominho.tv\/site\/wp-content\/uploads\/2017\/11\/Andreia_Cunha-1-150x150.jpg","contentUrl":"https:\/\/www.altominho.tv\/site\/wp-content\/uploads\/2017\/11\/Andreia_Cunha-1-150x150.jpg","caption":"Andreia Cunha | Lusa"},"sameAs":["https:\/\/www.altominho.tv\/site"],"url":"https:\/\/www.altominho.tv\/site\/author\/andreiacunhalusa\/"}]}},"_links":{"self":[{"href":"https:\/\/www.altominho.tv\/site\/wp-json\/wp\/v2\/posts\/109783","targetHints":{"allow":["GET"]}}],"collection":[{"href":"https:\/\/www.altominho.tv\/site\/wp-json\/wp\/v2\/posts"}],"about":[{"href":"https:\/\/www.altominho.tv\/site\/wp-json\/wp\/v2\/types\/post"}],"author":[{"embeddable":true,"href":"https:\/\/www.altominho.tv\/site\/wp-json\/wp\/v2\/users\/16"}],"replies":[{"embeddable":true,"href":"https:\/\/www.altominho.tv\/site\/wp-json\/wp\/v2\/comments?post=109783"}],"version-history":[{"count":1,"href":"https:\/\/www.altominho.tv\/site\/wp-json\/wp\/v2\/posts\/109783\/revisions"}],"predecessor-version":[{"id":109785,"href":"https:\/\/www.altominho.tv\/site\/wp-json\/wp\/v2\/posts\/109783\/revisions\/109785"}],"wp:featuredmedia":[{"embeddable":true,"href":"https:\/\/www.altominho.tv\/site\/wp-json\/wp\/v2\/media\/109784"}],"wp:attachment":[{"href":"https:\/\/www.altominho.tv\/site\/wp-json\/wp\/v2\/media?parent=109783"}],"wp:term":[{"taxonomy":"category","embeddable":true,"href":"https:\/\/www.altominho.tv\/site\/wp-json\/wp\/v2\/categories?post=109783"},{"taxonomy":"post_tag","embeddable":true,"href":"https:\/\/www.altominho.tv\/site\/wp-json\/wp\/v2\/tags?post=109783"}],"curies":[{"name":"wp","href":"https:\/\/api.w.org\/{rel}","templated":true}]}}