{"id":109779,"date":"2024-08-19T16:35:04","date_gmt":"2024-08-19T15:35:04","guid":{"rendered":"https:\/\/www.altominho.tv\/site\/?p=109779"},"modified":"2024-08-19T16:35:07","modified_gmt":"2024-08-19T15:35:07","slug":"arcos-de-valdevez-ipvc-residencia-academica","status":"publish","type":"post","link":"https:\/\/www.altominho.tv\/site\/2024\/08\/19\/arcos-de-valdevez-ipvc-residencia-academica\/","title":{"rendered":"Nova Resid\u00eancia Acad\u00e9mica do IPVC em Arcos de Valdevez"},"content":{"rendered":"\n<p>A C\u00e2mara Municipal de Arcos de Valdevez aprovou a abertura de um procedimento para transformar a antiga escola prim\u00e1ria de Guilhadeses numa nova resid\u00eancia de estudantes, para alunos do Polo de Arcos de Valdevez do IPVC, pelo valor base de 900.000 euros.<\/p>\n\n\n\n<p>&#8220;Atrav\u00e9s deste projeto pretende-se recuperar o edif\u00edcio existente, mantendo as suas carater\u00edsticas arquitet\u00f3nicas e ampliando o seu corpo principal&#8221;, deu hoje nota a autarquia.<\/p>\n\n\n\n<p>Assim, &#8220;o programa prev\u00ea 16 quartos com capacidade para 27 camas distribu\u00eddas por 5 quartos individuais (incluindo quarto para pessoas com mobilidade condicionada) e 11 quartos duplos. Os restantes espa\u00e7os de apoio s\u00e3o a copa, sala de refei\u00e7\u00f5es, rece\u00e7\u00e3o, lavandaria, sala de pessoal, sala de conv\u00edvio, sala de m\u00e1quinas, duas salas de estudo, gabinete de gest\u00e3o e seguran\u00e7a e lavandaria&#8221;.<\/p>\n\n\n\n<p>A autarquia arcuense deu ainda nota que pretende &#8220;apoiar os jovens na obten\u00e7\u00e3o de compet\u00eancias t\u00e9cnicas e profissionais de n\u00edvel superior de forma a conseguirem aceder a empregos mais qualificados e com maior rendimento, contribuindo tamb\u00e9m para a fixa\u00e7\u00e3o e atra\u00e7\u00e3o de pessoas para Arcos de Valdevez&#8221;.<\/p>\n\n\n\n<figure class=\"wp-block-image size-large\"><img loading=\"lazy\" decoding=\"async\" width=\"1024\" height=\"417\" src=\"https:\/\/www.altominho.tv\/site\/wp-content\/uploads\/2024\/08\/projeto-1024x417.jpg\" alt=\"\" class=\"wp-image-109781\" srcset=\"https:\/\/www.altominho.tv\/site\/wp-content\/uploads\/2024\/08\/projeto-1024x417.jpg 1024w, https:\/\/www.altominho.tv\/site\/wp-content\/uploads\/2024\/08\/projeto-770x313.jpg 770w, https:\/\/www.altominho.tv\/site\/wp-content\/uploads\/2024\/08\/projeto-768x313.jpg 768w, https:\/\/www.altominho.tv\/site\/wp-content\/uploads\/2024\/08\/projeto-370x151.jpg 370w, https:\/\/www.altominho.tv\/site\/wp-content\/uploads\/2024\/08\/projeto-270x110.jpg 270w, https:\/\/www.altominho.tv\/site\/wp-content\/uploads\/2024\/08\/projeto-570x232.jpg 570w, https:\/\/www.altominho.tv\/site\/wp-content\/uploads\/2024\/08\/projeto-740x301.jpg 740w, https:\/\/www.altominho.tv\/site\/wp-content\/uploads\/2024\/08\/projeto.jpg 1182w\" sizes=\"auto, (max-width: 1024px) 100vw, 1024px\" \/><\/figure>\n","protected":false},"excerpt":{"rendered":"<p>A C\u00e2mara Municipal de Arcos de Valdevez aprovou a abertura de um procedimento para transformar a antiga escola prim\u00e1ria de Guilhadeses numa nova resid\u00eancia de estudantes, para alunos do Polo de Arcos de Valdevez do IPVC, pelo valor base de 900.000 euros. &#8220;Atrav\u00e9s deste projeto pretende-se recuperar o edif\u00edcio existente, mantendo as suas carater\u00edsticas arquitet\u00f3nicas [&hellip;]<\/p>\n","protected":false},"author":7,"featured_media":109780,"comment_status":"closed","ping_status":"closed","sticky":false,"template":"","format":"standard","meta":{"_exactmetrics_skip_tracking":false,"_exactmetrics_sitenote_active":false,"_exactmetrics_sitenote_note":"","_exactmetrics_sitenote_category":0,"footnotes":""},"categories":[2],"tags":[27],"class_list":["post-109779","post","type-post","status-publish","format-standard","has-post-thumbnail","hentry","category-arcos-de-valdevez","tag-sociedade"],"yoast_head":"<!-- This site is optimized with the Yoast SEO Premium plugin v27.5 (Yoast SEO v27.5) - https:\/\/yoast.com\/product\/yoast-seo-premium-wordpress\/ -->\n<title>Nova Resid\u00eancia Acad\u00e9mica do IPVC em Arcos de Valdevez<\/title>\n<meta name=\"description\" content=\"Nova Resid\u00eancia Acad\u00e9mica do IPVC em Arcos de Valdevez.\" \/>\n<meta name=\"robots\" content=\"index, follow, max-snippet:-1, max-image-preview:large, max-video-preview:-1\" \/>\n<link rel=\"canonical\" href=\"https:\/\/www.altominho.tv\/site\/2024\/08\/19\/arcos-de-valdevez-ipvc-residencia-academica\/\" \/>\n<meta property=\"og:locale\" content=\"pt_PT\" \/>\n<meta property=\"og:type\" content=\"article\" \/>\n<meta property=\"og:title\" content=\"Nova Resid\u00eancia Acad\u00e9mica do IPVC em Arcos de Valdevez\" \/>\n<meta property=\"og:description\" content=\"Nova Resid\u00eancia Acad\u00e9mica do IPVC em Arcos de Valdevez.\" \/>\n<meta property=\"og:url\" content=\"https:\/\/www.altominho.tv\/site\/2024\/08\/19\/arcos-de-valdevez-ipvc-residencia-academica\/\" \/>\n<meta property=\"og:site_name\" content=\"Altominho.tv\" \/>\n<meta property=\"article:publisher\" content=\"https:\/\/www.facebook.com\/altominhotv\" \/>\n<meta property=\"article:published_time\" content=\"2024-08-19T15:35:04+00:00\" \/>\n<meta property=\"article:modified_time\" content=\"2024-08-19T15:35:07+00:00\" \/>\n<meta property=\"og:image\" content=\"https:\/\/www.altominho.tv\/site\/wp-content\/uploads\/2024\/08\/antiga-escola-guilhadeses.png\" \/>\n\t<meta property=\"og:image:width\" content=\"1675\" \/>\n\t<meta property=\"og:image:height\" content=\"651\" \/>\n\t<meta property=\"og:image:type\" content=\"image\/png\" \/>\n<meta name=\"author\" content=\"Andreia Cunha\" \/>\n<meta name=\"twitter:card\" content=\"summary_large_image\" \/>\n<meta name=\"twitter:creator\" content=\"@altominhoTV\" \/>\n<meta name=\"twitter:site\" content=\"@altominhoTV\" \/>\n<meta name=\"twitter:label1\" content=\"Escrito por\" \/>\n\t<meta name=\"twitter:data1\" content=\"Andreia Cunha\" \/>\n\t<meta name=\"twitter:label2\" content=\"Tempo estimado de leitura\" \/>\n\t<meta name=\"twitter:data2\" content=\"2 minutos\" \/>\n<script type=\"application\/ld+json\" class=\"yoast-schema-graph\">{\"@context\":\"https:\\\/\\\/schema.org\",\"@graph\":[{\"@type\":\"Article\",\"@id\":\"https:\\\/\\\/www.altominho.tv\\\/site\\\/2024\\\/08\\\/19\\\/arcos-de-valdevez-ipvc-residencia-academica\\\/#article\",\"isPartOf\":{\"@id\":\"https:\\\/\\\/www.altominho.tv\\\/site\\\/2024\\\/08\\\/19\\\/arcos-de-valdevez-ipvc-residencia-academica\\\/\"},\"author\":{\"name\":\"Andreia Cunha\",\"@id\":\"https:\\\/\\\/www.altominho.tv\\\/site\\\/#\\\/schema\\\/person\\\/a0e4ef6d041f98ca284393d8f1d97153\"},\"headline\":\"Nova Resid\u00eancia Acad\u00e9mica do IPVC em Arcos de Valdevez\",\"datePublished\":\"2024-08-19T15:35:04+00:00\",\"dateModified\":\"2024-08-19T15:35:07+00:00\",\"mainEntityOfPage\":{\"@id\":\"https:\\\/\\\/www.altominho.tv\\\/site\\\/2024\\\/08\\\/19\\\/arcos-de-valdevez-ipvc-residencia-academica\\\/\"},\"wordCount\":202,\"image\":{\"@id\":\"https:\\\/\\\/www.altominho.tv\\\/site\\\/2024\\\/08\\\/19\\\/arcos-de-valdevez-ipvc-residencia-academica\\\/#primaryimage\"},\"thumbnailUrl\":\"https:\\\/\\\/www.altominho.tv\\\/site\\\/wp-content\\\/uploads\\\/2024\\\/08\\\/antiga-escola-guilhadeses.png\",\"keywords\":[\"Sociedade\"],\"articleSection\":[\"Arcos de Valdevez\"],\"inLanguage\":\"pt-PT\",\"copyrightYear\":\"2024\",\"copyrightHolder\":{\"@id\":\"https:\\\/\\\/www.altominho.tv\\\/site\\\/#organization\"}},{\"@type\":\"WebPage\",\"@id\":\"https:\\\/\\\/www.altominho.tv\\\/site\\\/2024\\\/08\\\/19\\\/arcos-de-valdevez-ipvc-residencia-academica\\\/\",\"url\":\"https:\\\/\\\/www.altominho.tv\\\/site\\\/2024\\\/08\\\/19\\\/arcos-de-valdevez-ipvc-residencia-academica\\\/\",\"name\":\"Nova Resid\u00eancia Acad\u00e9mica do IPVC em Arcos de Valdevez\",\"isPartOf\":{\"@id\":\"https:\\\/\\\/www.altominho.tv\\\/site\\\/#website\"},\"primaryImageOfPage\":{\"@id\":\"https:\\\/\\\/www.altominho.tv\\\/site\\\/2024\\\/08\\\/19\\\/arcos-de-valdevez-ipvc-residencia-academica\\\/#primaryimage\"},\"image\":{\"@id\":\"https:\\\/\\\/www.altominho.tv\\\/site\\\/2024\\\/08\\\/19\\\/arcos-de-valdevez-ipvc-residencia-academica\\\/#primaryimage\"},\"thumbnailUrl\":\"https:\\\/\\\/www.altominho.tv\\\/site\\\/wp-content\\\/uploads\\\/2024\\\/08\\\/antiga-escola-guilhadeses.png\",\"datePublished\":\"2024-08-19T15:35:04+00:00\",\"dateModified\":\"2024-08-19T15:35:07+00:00\",\"author\":{\"@id\":\"https:\\\/\\\/www.altominho.tv\\\/site\\\/#\\\/schema\\\/person\\\/a0e4ef6d041f98ca284393d8f1d97153\"},\"description\":\"Nova Resid\u00eancia Acad\u00e9mica do IPVC em Arcos de Valdevez.\",\"breadcrumb\":{\"@id\":\"https:\\\/\\\/www.altominho.tv\\\/site\\\/2024\\\/08\\\/19\\\/arcos-de-valdevez-ipvc-residencia-academica\\\/#breadcrumb\"},\"inLanguage\":\"pt-PT\",\"potentialAction\":[{\"@type\":\"ReadAction\",\"target\":[\"https:\\\/\\\/www.altominho.tv\\\/site\\\/2024\\\/08\\\/19\\\/arcos-de-valdevez-ipvc-residencia-academica\\\/\"]}]},{\"@type\":\"ImageObject\",\"inLanguage\":\"pt-PT\",\"@id\":\"https:\\\/\\\/www.altominho.tv\\\/site\\\/2024\\\/08\\\/19\\\/arcos-de-valdevez-ipvc-residencia-academica\\\/#primaryimage\",\"url\":\"https:\\\/\\\/www.altominho.tv\\\/site\\\/wp-content\\\/uploads\\\/2024\\\/08\\\/antiga-escola-guilhadeses.png\",\"contentUrl\":\"https:\\\/\\\/www.altominho.tv\\\/site\\\/wp-content\\\/uploads\\\/2024\\\/08\\\/antiga-escola-guilhadeses.png\",\"width\":1675,\"height\":651},{\"@type\":\"BreadcrumbList\",\"@id\":\"https:\\\/\\\/www.altominho.tv\\\/site\\\/2024\\\/08\\\/19\\\/arcos-de-valdevez-ipvc-residencia-academica\\\/#breadcrumb\",\"itemListElement\":[{\"@type\":\"ListItem\",\"position\":1,\"name\":\"In\u00edcio\",\"item\":\"https:\\\/\\\/www.altominho.tv\\\/site\\\/\"},{\"@type\":\"ListItem\",\"position\":2,\"name\":\"Nova Resid\u00eancia Acad\u00e9mica do IPVC em Arcos de Valdevez\"}]},{\"@type\":\"WebSite\",\"@id\":\"https:\\\/\\\/www.altominho.tv\\\/site\\\/#website\",\"url\":\"https:\\\/\\\/www.altominho.tv\\\/site\\\/\",\"name\":\"Altominho.tv\",\"description\":\"A sua regi\u00e3o \u00e0 dist\u00e2ncia de um clique...\",\"potentialAction\":[{\"@type\":\"SearchAction\",\"target\":{\"@type\":\"EntryPoint\",\"urlTemplate\":\"https:\\\/\\\/www.altominho.tv\\\/site\\\/?s={search_term_string}\"},\"query-input\":{\"@type\":\"PropertyValueSpecification\",\"valueRequired\":true,\"valueName\":\"search_term_string\"}}],\"inLanguage\":\"pt-PT\"},{\"@type\":\"Person\",\"@id\":\"https:\\\/\\\/www.altominho.tv\\\/site\\\/#\\\/schema\\\/person\\\/a0e4ef6d041f98ca284393d8f1d97153\",\"name\":\"Andreia Cunha\",\"image\":{\"@type\":\"ImageObject\",\"inLanguage\":\"pt-PT\",\"@id\":\"https:\\\/\\\/www.altominho.tv\\\/site\\\/wp-content\\\/uploads\\\/2017\\\/11\\\/Andreia_Cunha-1-150x150.jpg\",\"url\":\"https:\\\/\\\/www.altominho.tv\\\/site\\\/wp-content\\\/uploads\\\/2017\\\/11\\\/Andreia_Cunha-1-150x150.jpg\",\"contentUrl\":\"https:\\\/\\\/www.altominho.tv\\\/site\\\/wp-content\\\/uploads\\\/2017\\\/11\\\/Andreia_Cunha-1-150x150.jpg\",\"caption\":\"Andreia Cunha\"},\"url\":\"https:\\\/\\\/www.altominho.tv\\\/site\\\/author\\\/andreiacunha\\\/\"}]}<\/script>\n<!-- \/ Yoast SEO Premium plugin. -->","yoast_head_json":{"title":"Nova Resid\u00eancia Acad\u00e9mica do IPVC em Arcos de Valdevez","description":"Nova Resid\u00eancia Acad\u00e9mica do IPVC em Arcos de Valdevez.","robots":{"index":"index","follow":"follow","max-snippet":"max-snippet:-1","max-image-preview":"max-image-preview:large","max-video-preview":"max-video-preview:-1"},"canonical":"https:\/\/www.altominho.tv\/site\/2024\/08\/19\/arcos-de-valdevez-ipvc-residencia-academica\/","og_locale":"pt_PT","og_type":"article","og_title":"Nova Resid\u00eancia Acad\u00e9mica do IPVC em Arcos de Valdevez","og_description":"Nova Resid\u00eancia Acad\u00e9mica do IPVC em Arcos de Valdevez.","og_url":"https:\/\/www.altominho.tv\/site\/2024\/08\/19\/arcos-de-valdevez-ipvc-residencia-academica\/","og_site_name":"Altominho.tv","article_publisher":"https:\/\/www.facebook.com\/altominhotv","article_published_time":"2024-08-19T15:35:04+00:00","article_modified_time":"2024-08-19T15:35:07+00:00","og_image":[{"width":1675,"height":651,"url":"https:\/\/www.altominho.tv\/site\/wp-content\/uploads\/2024\/08\/antiga-escola-guilhadeses.png","type":"image\/png"}],"author":"Andreia Cunha","twitter_card":"summary_large_image","twitter_creator":"@altominhoTV","twitter_site":"@altominhoTV","twitter_misc":{"Escrito por":"Andreia Cunha","Tempo estimado de leitura":"2 minutos"},"schema":{"@context":"https:\/\/schema.org","@graph":[{"@type":"Article","@id":"https:\/\/www.altominho.tv\/site\/2024\/08\/19\/arcos-de-valdevez-ipvc-residencia-academica\/#article","isPartOf":{"@id":"https:\/\/www.altominho.tv\/site\/2024\/08\/19\/arcos-de-valdevez-ipvc-residencia-academica\/"},"author":{"name":"Andreia Cunha","@id":"https:\/\/www.altominho.tv\/site\/#\/schema\/person\/a0e4ef6d041f98ca284393d8f1d97153"},"headline":"Nova Resid\u00eancia Acad\u00e9mica do IPVC em Arcos de Valdevez","datePublished":"2024-08-19T15:35:04+00:00","dateModified":"2024-08-19T15:35:07+00:00","mainEntityOfPage":{"@id":"https:\/\/www.altominho.tv\/site\/2024\/08\/19\/arcos-de-valdevez-ipvc-residencia-academica\/"},"wordCount":202,"image":{"@id":"https:\/\/www.altominho.tv\/site\/2024\/08\/19\/arcos-de-valdevez-ipvc-residencia-academica\/#primaryimage"},"thumbnailUrl":"https:\/\/www.altominho.tv\/site\/wp-content\/uploads\/2024\/08\/antiga-escola-guilhadeses.png","keywords":["Sociedade"],"articleSection":["Arcos de Valdevez"],"inLanguage":"pt-PT","copyrightYear":"2024","copyrightHolder":{"@id":"https:\/\/www.altominho.tv\/site\/#organization"}},{"@type":"WebPage","@id":"https:\/\/www.altominho.tv\/site\/2024\/08\/19\/arcos-de-valdevez-ipvc-residencia-academica\/","url":"https:\/\/www.altominho.tv\/site\/2024\/08\/19\/arcos-de-valdevez-ipvc-residencia-academica\/","name":"Nova Resid\u00eancia Acad\u00e9mica do IPVC em Arcos de Valdevez","isPartOf":{"@id":"https:\/\/www.altominho.tv\/site\/#website"},"primaryImageOfPage":{"@id":"https:\/\/www.altominho.tv\/site\/2024\/08\/19\/arcos-de-valdevez-ipvc-residencia-academica\/#primaryimage"},"image":{"@id":"https:\/\/www.altominho.tv\/site\/2024\/08\/19\/arcos-de-valdevez-ipvc-residencia-academica\/#primaryimage"},"thumbnailUrl":"https:\/\/www.altominho.tv\/site\/wp-content\/uploads\/2024\/08\/antiga-escola-guilhadeses.png","datePublished":"2024-08-19T15:35:04+00:00","dateModified":"2024-08-19T15:35:07+00:00","author":{"@id":"https:\/\/www.altominho.tv\/site\/#\/schema\/person\/a0e4ef6d041f98ca284393d8f1d97153"},"description":"Nova Resid\u00eancia Acad\u00e9mica do IPVC em Arcos de Valdevez.","breadcrumb":{"@id":"https:\/\/www.altominho.tv\/site\/2024\/08\/19\/arcos-de-valdevez-ipvc-residencia-academica\/#breadcrumb"},"inLanguage":"pt-PT","potentialAction":[{"@type":"ReadAction","target":["https:\/\/www.altominho.tv\/site\/2024\/08\/19\/arcos-de-valdevez-ipvc-residencia-academica\/"]}]},{"@type":"ImageObject","inLanguage":"pt-PT","@id":"https:\/\/www.altominho.tv\/site\/2024\/08\/19\/arcos-de-valdevez-ipvc-residencia-academica\/#primaryimage","url":"https:\/\/www.altominho.tv\/site\/wp-content\/uploads\/2024\/08\/antiga-escola-guilhadeses.png","contentUrl":"https:\/\/www.altominho.tv\/site\/wp-content\/uploads\/2024\/08\/antiga-escola-guilhadeses.png","width":1675,"height":651},{"@type":"BreadcrumbList","@id":"https:\/\/www.altominho.tv\/site\/2024\/08\/19\/arcos-de-valdevez-ipvc-residencia-academica\/#breadcrumb","itemListElement":[{"@type":"ListItem","position":1,"name":"In\u00edcio","item":"https:\/\/www.altominho.tv\/site\/"},{"@type":"ListItem","position":2,"name":"Nova Resid\u00eancia Acad\u00e9mica do IPVC em Arcos de Valdevez"}]},{"@type":"WebSite","@id":"https:\/\/www.altominho.tv\/site\/#website","url":"https:\/\/www.altominho.tv\/site\/","name":"Altominho.tv","description":"A sua regi\u00e3o \u00e0 dist\u00e2ncia de um clique...","potentialAction":[{"@type":"SearchAction","target":{"@type":"EntryPoint","urlTemplate":"https:\/\/www.altominho.tv\/site\/?s={search_term_string}"},"query-input":{"@type":"PropertyValueSpecification","valueRequired":true,"valueName":"search_term_string"}}],"inLanguage":"pt-PT"},{"@type":"Person","@id":"https:\/\/www.altominho.tv\/site\/#\/schema\/person\/a0e4ef6d041f98ca284393d8f1d97153","name":"Andreia Cunha","image":{"@type":"ImageObject","inLanguage":"pt-PT","@id":"https:\/\/www.altominho.tv\/site\/wp-content\/uploads\/2017\/11\/Andreia_Cunha-1-150x150.jpg","url":"https:\/\/www.altominho.tv\/site\/wp-content\/uploads\/2017\/11\/Andreia_Cunha-1-150x150.jpg","contentUrl":"https:\/\/www.altominho.tv\/site\/wp-content\/uploads\/2017\/11\/Andreia_Cunha-1-150x150.jpg","caption":"Andreia Cunha"},"url":"https:\/\/www.altominho.tv\/site\/author\/andreiacunha\/"}]}},"_links":{"self":[{"href":"https:\/\/www.altominho.tv\/site\/wp-json\/wp\/v2\/posts\/109779","targetHints":{"allow":["GET"]}}],"collection":[{"href":"https:\/\/www.altominho.tv\/site\/wp-json\/wp\/v2\/posts"}],"about":[{"href":"https:\/\/www.altominho.tv\/site\/wp-json\/wp\/v2\/types\/post"}],"author":[{"embeddable":true,"href":"https:\/\/www.altominho.tv\/site\/wp-json\/wp\/v2\/users\/7"}],"replies":[{"embeddable":true,"href":"https:\/\/www.altominho.tv\/site\/wp-json\/wp\/v2\/comments?post=109779"}],"version-history":[{"count":1,"href":"https:\/\/www.altominho.tv\/site\/wp-json\/wp\/v2\/posts\/109779\/revisions"}],"predecessor-version":[{"id":109782,"href":"https:\/\/www.altominho.tv\/site\/wp-json\/wp\/v2\/posts\/109779\/revisions\/109782"}],"wp:featuredmedia":[{"embeddable":true,"href":"https:\/\/www.altominho.tv\/site\/wp-json\/wp\/v2\/media\/109780"}],"wp:attachment":[{"href":"https:\/\/www.altominho.tv\/site\/wp-json\/wp\/v2\/media?parent=109779"}],"wp:term":[{"taxonomy":"category","embeddable":true,"href":"https:\/\/www.altominho.tv\/site\/wp-json\/wp\/v2\/categories?post=109779"},{"taxonomy":"post_tag","embeddable":true,"href":"https:\/\/www.altominho.tv\/site\/wp-json\/wp\/v2\/tags?post=109779"}],"curies":[{"name":"wp","href":"https:\/\/api.w.org\/{rel}","templated":true}]}}