{"id":109768,"date":"2024-08-19T12:03:16","date_gmt":"2024-08-19T11:03:16","guid":{"rendered":"https:\/\/www.altominho.tv\/site\/?p=109768"},"modified":"2024-08-19T12:03:19","modified_gmt":"2024-08-19T11:03:19","slug":"incendios-pais","status":"publish","type":"post","link":"https:\/\/www.altominho.tv\/site\/2024\/08\/19\/incendios-pais\/","title":{"rendered":"Inc\u00eandios: Agosto \u00e9 j\u00e1 o m\u00eas com mais \u00e1rea ardida em 2024 e duplicou face a julho"},"content":{"rendered":"\n<p>Agosto tem mais duas semanas pela frente, mas \u00e9 j\u00e1 o m\u00eas com mais \u00e1rea ardida em 2024 e duplicou os valores de julho, segundo os dados hoje revelados pelo Instituto da Conserva\u00e7\u00e3o da Natureza e das Florestas (ICNF).<\/p>\n\n\n\n<p>De acordo com o relat\u00f3rio provis\u00f3rio divulgado, de 01 a 15 de agosto arderam 3.484 hectares, enquanto no m\u00eas anterior os inc\u00eandios tinham consumido uma \u00e1rea de 1.582 hectares. A \u00e1rea ardida nestas primeiras duas semanas corresponde a 44% do total da \u00e1rea ardida este ano em Portugal continental e que \u00e9 de 7.949 hectares.<\/p>\n\n\n\n<p>A express\u00e3o do impacto das chamas nas \u00faltimas duas semanas foi sobretudo vis\u00edvel em \u00e1reas de mato (1.676 hectares), al\u00e9m dos povoamentos (1.175) e de zonas agr\u00edcolas (633), alterando o cen\u00e1rio que se tinha verificado no m\u00eas anterior, no qual tinha ardido uma \u00e1rea superior nos povoamentos (732) relativamente ao mato (475) ou \u00e0 agricultura (331).<\/p>\n\n\n\n<p>Este m\u00eas caminha tamb\u00e9m para um novo m\u00e1ximo no n\u00famero de inc\u00eandios rurais em 2024, uma vez que na primeira quinzena houve 722 ocorr\u00eancias, j\u00e1 n\u00e3o muito longe do total de 1.031 fogos registados em julho. Em termos anuais, houve j\u00e1 3.485 inc\u00eandios rurais.<\/p>\n\n\n\n<p>\u201cComparando os valores do ano de 2024 com o hist\u00f3rico dos 10 anos anteriores, assinala-se que se registaram menos 58% de inc\u00eandios rurais e menos 87% de \u00e1rea ardida relativamente \u00e0 m\u00e9dia anual do per\u00edodo\u201d, real\u00e7ou o ICNF, sublinhando: \u201cO ano de 2024 apresenta, at\u00e9 ao dia 15 de agosto, o valor mais reduzido em n\u00famero de inc\u00eandios e o valor mais reduzido de \u00e1rea ardida, desde 2014\u201d.<\/p>\n\n\n\n<p>As estat\u00edsticas para as causas dos inc\u00eandios entre janeiro e a primeira quinzena de agosto deste ano revelam que o incendiarismo \u00e9 a causa isolada mais frequente entre as 2.474 ocorr\u00eancias investigadas (das quais 1.843 com investiga\u00e7\u00f5es conclusivas), sendo respons\u00e1vel por 27% dos inc\u00eandios rurais \u2013 um n\u00famero superior aos 24% que se observavam no final de julho.<\/p>\n\n\n\n<p>No entanto, agregando os diferentes tipos de queimadas e usos do fogo alcan\u00e7a-se um total de 38% nas causas de inc\u00eandios, mas abaixo dos 42% que constavam do relat\u00f3rio at\u00e9 31 de julho.<\/p>\n\n\n\n<p>Entre as outras causas destacam-se tamb\u00e9m os inc\u00eandios rurais com origens acidentais (17%), provocados por outras causas n\u00e3o especificadas (10%), os reacendimentos (4%), a realiza\u00e7\u00e3o de fogueiras (2%) e os fogos causados por raz\u00f5es naturais, como a queda de raios (2%).<\/p>\n\n\n\n<p>A n\u00edvel regional, o distrito de Bragan\u00e7a passou a ser o que regista maior \u00e1rea ardida desde o in\u00edcio do ano, com 2.764 hectares (quase 35% do total nacional), ultrapassando Viana do Castelo, que liderava no final do m\u00eas passado com apenas 712 hectares e que \u00e9 agora o segundo com mais hectares consumidos pelo fogo (846), seguido de Beja, com 779.<\/p>\n\n\n\n<p>Para esta situa\u00e7\u00e3o pesou decisivamente o grande inc\u00eandio que deflagrou na regi\u00e3o de Vimioso na semana passada e que consumiu mais de dois mil hectares de terreno.<\/p>\n\n\n\n<p>J\u00e1 no n\u00famero de inc\u00eandios rurais sobressaem os distritos do Porto (594), Viana do Castelo (328) e Braga (288). Em sentido inverso, Bragan\u00e7a, que \u00e9 o distrito com mais \u00e1rea ardida, \u00e9 simultaneamente o que regista o n\u00famero mais baixo de ocorr\u00eancias, 66, a par de Coimbra.<\/p>\n","protected":false},"excerpt":{"rendered":"<p>Agosto tem mais duas semanas pela frente, mas \u00e9 j\u00e1 o m\u00eas com mais \u00e1rea ardida em 2024 e duplicou os valores de julho, segundo os dados hoje revelados pelo Instituto da Conserva\u00e7\u00e3o da Natureza e das Florestas (ICNF). De acordo com o relat\u00f3rio provis\u00f3rio divulgado, de 01 a 15 de agosto arderam 3.484 hectares, [&hellip;]<\/p>\n","protected":false},"author":16,"featured_media":109769,"comment_status":"closed","ping_status":"closed","sticky":false,"template":"","format":"standard","meta":{"_exactmetrics_skip_tracking":false,"_exactmetrics_sitenote_active":false,"_exactmetrics_sitenote_note":"","_exactmetrics_sitenote_category":0,"footnotes":""},"categories":[56325],"tags":[27],"class_list":["post-109768","post","type-post","status-publish","format-standard","has-post-thumbnail","hentry","category-pais","tag-sociedade"],"yoast_head":"<!-- This site is optimized with the Yoast SEO Premium plugin v27.5 (Yoast SEO v27.5) - https:\/\/yoast.com\/product\/yoast-seo-premium-wordpress\/ -->\n<title>Inc\u00eandios: Agosto \u00e9 j\u00e1 o m\u00eas com mais \u00e1rea ardida em 2024 e duplicou face a julho<\/title>\n<meta name=\"description\" content=\"Inc\u00eandios: Agosto \u00e9 j\u00e1 o m\u00eas com mais \u00e1rea ardida em 2024 e duplicou face a julho.\" \/>\n<meta name=\"robots\" content=\"index, follow, max-snippet:-1, max-image-preview:large, max-video-preview:-1\" \/>\n<link rel=\"canonical\" href=\"https:\/\/www.altominho.tv\/site\/2024\/08\/19\/incendios-pais\/\" \/>\n<meta property=\"og:locale\" content=\"pt_PT\" \/>\n<meta property=\"og:type\" content=\"article\" \/>\n<meta property=\"og:title\" content=\"Inc\u00eandios: Agosto \u00e9 j\u00e1 o m\u00eas com mais \u00e1rea ardida em 2024 e duplicou face a julho\" \/>\n<meta property=\"og:description\" content=\"Inc\u00eandios: Agosto \u00e9 j\u00e1 o m\u00eas com mais \u00e1rea ardida em 2024 e duplicou face a julho.\" \/>\n<meta property=\"og:url\" content=\"https:\/\/www.altominho.tv\/site\/2024\/08\/19\/incendios-pais\/\" \/>\n<meta property=\"og:site_name\" content=\"Altominho.tv\" \/>\n<meta property=\"article:publisher\" content=\"https:\/\/www.facebook.com\/altominhotv\" \/>\n<meta property=\"article:published_time\" content=\"2024-08-19T11:03:16+00:00\" \/>\n<meta property=\"article:modified_time\" content=\"2024-08-19T11:03:19+00:00\" \/>\n<meta property=\"og:image\" content=\"https:\/\/www.altominho.tv\/site\/wp-content\/uploads\/2024\/08\/Fogo.jpg\" \/>\n\t<meta property=\"og:image:width\" content=\"1216\" \/>\n\t<meta property=\"og:image:height\" content=\"769\" \/>\n\t<meta property=\"og:image:type\" content=\"image\/jpeg\" \/>\n<meta name=\"author\" content=\"Andreia Cunha | Lusa\" \/>\n<meta name=\"twitter:card\" content=\"summary_large_image\" \/>\n<meta name=\"twitter:creator\" content=\"@altominhoTV\" \/>\n<meta name=\"twitter:site\" content=\"@altominhoTV\" \/>\n<meta name=\"twitter:label1\" content=\"Escrito por\" \/>\n\t<meta name=\"twitter:data1\" content=\"Andreia Cunha | Lusa\" \/>\n\t<meta name=\"twitter:label2\" content=\"Tempo estimado de leitura\" \/>\n\t<meta name=\"twitter:data2\" content=\"3 minutos\" \/>\n<script type=\"application\/ld+json\" class=\"yoast-schema-graph\">{\"@context\":\"https:\\\/\\\/schema.org\",\"@graph\":[{\"@type\":\"Article\",\"@id\":\"https:\\\/\\\/www.altominho.tv\\\/site\\\/2024\\\/08\\\/19\\\/incendios-pais\\\/#article\",\"isPartOf\":{\"@id\":\"https:\\\/\\\/www.altominho.tv\\\/site\\\/2024\\\/08\\\/19\\\/incendios-pais\\\/\"},\"author\":{\"name\":\"Andreia Cunha | Lusa\",\"@id\":\"https:\\\/\\\/www.altominho.tv\\\/site\\\/#\\\/schema\\\/person\\\/dbaf181c01b51ff40c9f461a905d321e\"},\"headline\":\"Inc\u00eandios: Agosto \u00e9 j\u00e1 o m\u00eas com mais \u00e1rea ardida em 2024 e duplicou face a julho\",\"datePublished\":\"2024-08-19T11:03:16+00:00\",\"dateModified\":\"2024-08-19T11:03:19+00:00\",\"mainEntityOfPage\":{\"@id\":\"https:\\\/\\\/www.altominho.tv\\\/site\\\/2024\\\/08\\\/19\\\/incendios-pais\\\/\"},\"wordCount\":547,\"image\":{\"@id\":\"https:\\\/\\\/www.altominho.tv\\\/site\\\/2024\\\/08\\\/19\\\/incendios-pais\\\/#primaryimage\"},\"thumbnailUrl\":\"https:\\\/\\\/www.altominho.tv\\\/site\\\/wp-content\\\/uploads\\\/2024\\\/08\\\/Fogo.jpg\",\"keywords\":[\"Sociedade\"],\"articleSection\":[\"Pa\u00eds\"],\"inLanguage\":\"pt-PT\",\"copyrightYear\":\"2024\",\"copyrightHolder\":{\"@id\":\"https:\\\/\\\/www.altominho.tv\\\/site\\\/#organization\"}},{\"@type\":\"WebPage\",\"@id\":\"https:\\\/\\\/www.altominho.tv\\\/site\\\/2024\\\/08\\\/19\\\/incendios-pais\\\/\",\"url\":\"https:\\\/\\\/www.altominho.tv\\\/site\\\/2024\\\/08\\\/19\\\/incendios-pais\\\/\",\"name\":\"Inc\u00eandios: Agosto \u00e9 j\u00e1 o m\u00eas com mais \u00e1rea ardida em 2024 e duplicou face a julho\",\"isPartOf\":{\"@id\":\"https:\\\/\\\/www.altominho.tv\\\/site\\\/#website\"},\"primaryImageOfPage\":{\"@id\":\"https:\\\/\\\/www.altominho.tv\\\/site\\\/2024\\\/08\\\/19\\\/incendios-pais\\\/#primaryimage\"},\"image\":{\"@id\":\"https:\\\/\\\/www.altominho.tv\\\/site\\\/2024\\\/08\\\/19\\\/incendios-pais\\\/#primaryimage\"},\"thumbnailUrl\":\"https:\\\/\\\/www.altominho.tv\\\/site\\\/wp-content\\\/uploads\\\/2024\\\/08\\\/Fogo.jpg\",\"datePublished\":\"2024-08-19T11:03:16+00:00\",\"dateModified\":\"2024-08-19T11:03:19+00:00\",\"author\":{\"@id\":\"https:\\\/\\\/www.altominho.tv\\\/site\\\/#\\\/schema\\\/person\\\/dbaf181c01b51ff40c9f461a905d321e\"},\"description\":\"Inc\u00eandios: Agosto \u00e9 j\u00e1 o m\u00eas com mais \u00e1rea ardida em 2024 e duplicou face a julho.\",\"breadcrumb\":{\"@id\":\"https:\\\/\\\/www.altominho.tv\\\/site\\\/2024\\\/08\\\/19\\\/incendios-pais\\\/#breadcrumb\"},\"inLanguage\":\"pt-PT\",\"potentialAction\":[{\"@type\":\"ReadAction\",\"target\":[\"https:\\\/\\\/www.altominho.tv\\\/site\\\/2024\\\/08\\\/19\\\/incendios-pais\\\/\"]}]},{\"@type\":\"ImageObject\",\"inLanguage\":\"pt-PT\",\"@id\":\"https:\\\/\\\/www.altominho.tv\\\/site\\\/2024\\\/08\\\/19\\\/incendios-pais\\\/#primaryimage\",\"url\":\"https:\\\/\\\/www.altominho.tv\\\/site\\\/wp-content\\\/uploads\\\/2024\\\/08\\\/Fogo.jpg\",\"contentUrl\":\"https:\\\/\\\/www.altominho.tv\\\/site\\\/wp-content\\\/uploads\\\/2024\\\/08\\\/Fogo.jpg\",\"width\":1216,\"height\":769},{\"@type\":\"BreadcrumbList\",\"@id\":\"https:\\\/\\\/www.altominho.tv\\\/site\\\/2024\\\/08\\\/19\\\/incendios-pais\\\/#breadcrumb\",\"itemListElement\":[{\"@type\":\"ListItem\",\"position\":1,\"name\":\"In\u00edcio\",\"item\":\"https:\\\/\\\/www.altominho.tv\\\/site\\\/\"},{\"@type\":\"ListItem\",\"position\":2,\"name\":\"Inc\u00eandios: Agosto \u00e9 j\u00e1 o m\u00eas com mais \u00e1rea ardida em 2024 e duplicou face a julho\"}]},{\"@type\":\"WebSite\",\"@id\":\"https:\\\/\\\/www.altominho.tv\\\/site\\\/#website\",\"url\":\"https:\\\/\\\/www.altominho.tv\\\/site\\\/\",\"name\":\"Altominho.tv\",\"description\":\"A sua regi\u00e3o \u00e0 dist\u00e2ncia de um clique...\",\"potentialAction\":[{\"@type\":\"SearchAction\",\"target\":{\"@type\":\"EntryPoint\",\"urlTemplate\":\"https:\\\/\\\/www.altominho.tv\\\/site\\\/?s={search_term_string}\"},\"query-input\":{\"@type\":\"PropertyValueSpecification\",\"valueRequired\":true,\"valueName\":\"search_term_string\"}}],\"inLanguage\":\"pt-PT\"},{\"@type\":\"Person\",\"@id\":\"https:\\\/\\\/www.altominho.tv\\\/site\\\/#\\\/schema\\\/person\\\/dbaf181c01b51ff40c9f461a905d321e\",\"name\":\"Andreia Cunha | Lusa\",\"image\":{\"@type\":\"ImageObject\",\"inLanguage\":\"pt-PT\",\"@id\":\"https:\\\/\\\/www.altominho.tv\\\/site\\\/wp-content\\\/uploads\\\/2017\\\/11\\\/Andreia_Cunha-1-150x150.jpg\",\"url\":\"https:\\\/\\\/www.altominho.tv\\\/site\\\/wp-content\\\/uploads\\\/2017\\\/11\\\/Andreia_Cunha-1-150x150.jpg\",\"contentUrl\":\"https:\\\/\\\/www.altominho.tv\\\/site\\\/wp-content\\\/uploads\\\/2017\\\/11\\\/Andreia_Cunha-1-150x150.jpg\",\"caption\":\"Andreia Cunha | Lusa\"},\"sameAs\":[\"https:\\\/\\\/www.altominho.tv\\\/site\"],\"url\":\"https:\\\/\\\/www.altominho.tv\\\/site\\\/author\\\/andreiacunhalusa\\\/\"}]}<\/script>\n<!-- \/ Yoast SEO Premium plugin. -->","yoast_head_json":{"title":"Inc\u00eandios: Agosto \u00e9 j\u00e1 o m\u00eas com mais \u00e1rea ardida em 2024 e duplicou face a julho","description":"Inc\u00eandios: Agosto \u00e9 j\u00e1 o m\u00eas com mais \u00e1rea ardida em 2024 e duplicou face a julho.","robots":{"index":"index","follow":"follow","max-snippet":"max-snippet:-1","max-image-preview":"max-image-preview:large","max-video-preview":"max-video-preview:-1"},"canonical":"https:\/\/www.altominho.tv\/site\/2024\/08\/19\/incendios-pais\/","og_locale":"pt_PT","og_type":"article","og_title":"Inc\u00eandios: Agosto \u00e9 j\u00e1 o m\u00eas com mais \u00e1rea ardida em 2024 e duplicou face a julho","og_description":"Inc\u00eandios: Agosto \u00e9 j\u00e1 o m\u00eas com mais \u00e1rea ardida em 2024 e duplicou face a julho.","og_url":"https:\/\/www.altominho.tv\/site\/2024\/08\/19\/incendios-pais\/","og_site_name":"Altominho.tv","article_publisher":"https:\/\/www.facebook.com\/altominhotv","article_published_time":"2024-08-19T11:03:16+00:00","article_modified_time":"2024-08-19T11:03:19+00:00","og_image":[{"width":1216,"height":769,"url":"https:\/\/www.altominho.tv\/site\/wp-content\/uploads\/2024\/08\/Fogo.jpg","type":"image\/jpeg"}],"author":"Andreia Cunha | Lusa","twitter_card":"summary_large_image","twitter_creator":"@altominhoTV","twitter_site":"@altominhoTV","twitter_misc":{"Escrito por":"Andreia Cunha | Lusa","Tempo estimado de leitura":"3 minutos"},"schema":{"@context":"https:\/\/schema.org","@graph":[{"@type":"Article","@id":"https:\/\/www.altominho.tv\/site\/2024\/08\/19\/incendios-pais\/#article","isPartOf":{"@id":"https:\/\/www.altominho.tv\/site\/2024\/08\/19\/incendios-pais\/"},"author":{"name":"Andreia Cunha | Lusa","@id":"https:\/\/www.altominho.tv\/site\/#\/schema\/person\/dbaf181c01b51ff40c9f461a905d321e"},"headline":"Inc\u00eandios: Agosto \u00e9 j\u00e1 o m\u00eas com mais \u00e1rea ardida em 2024 e duplicou face a julho","datePublished":"2024-08-19T11:03:16+00:00","dateModified":"2024-08-19T11:03:19+00:00","mainEntityOfPage":{"@id":"https:\/\/www.altominho.tv\/site\/2024\/08\/19\/incendios-pais\/"},"wordCount":547,"image":{"@id":"https:\/\/www.altominho.tv\/site\/2024\/08\/19\/incendios-pais\/#primaryimage"},"thumbnailUrl":"https:\/\/www.altominho.tv\/site\/wp-content\/uploads\/2024\/08\/Fogo.jpg","keywords":["Sociedade"],"articleSection":["Pa\u00eds"],"inLanguage":"pt-PT","copyrightYear":"2024","copyrightHolder":{"@id":"https:\/\/www.altominho.tv\/site\/#organization"}},{"@type":"WebPage","@id":"https:\/\/www.altominho.tv\/site\/2024\/08\/19\/incendios-pais\/","url":"https:\/\/www.altominho.tv\/site\/2024\/08\/19\/incendios-pais\/","name":"Inc\u00eandios: Agosto \u00e9 j\u00e1 o m\u00eas com mais \u00e1rea ardida em 2024 e duplicou face a julho","isPartOf":{"@id":"https:\/\/www.altominho.tv\/site\/#website"},"primaryImageOfPage":{"@id":"https:\/\/www.altominho.tv\/site\/2024\/08\/19\/incendios-pais\/#primaryimage"},"image":{"@id":"https:\/\/www.altominho.tv\/site\/2024\/08\/19\/incendios-pais\/#primaryimage"},"thumbnailUrl":"https:\/\/www.altominho.tv\/site\/wp-content\/uploads\/2024\/08\/Fogo.jpg","datePublished":"2024-08-19T11:03:16+00:00","dateModified":"2024-08-19T11:03:19+00:00","author":{"@id":"https:\/\/www.altominho.tv\/site\/#\/schema\/person\/dbaf181c01b51ff40c9f461a905d321e"},"description":"Inc\u00eandios: Agosto \u00e9 j\u00e1 o m\u00eas com mais \u00e1rea ardida em 2024 e duplicou face a julho.","breadcrumb":{"@id":"https:\/\/www.altominho.tv\/site\/2024\/08\/19\/incendios-pais\/#breadcrumb"},"inLanguage":"pt-PT","potentialAction":[{"@type":"ReadAction","target":["https:\/\/www.altominho.tv\/site\/2024\/08\/19\/incendios-pais\/"]}]},{"@type":"ImageObject","inLanguage":"pt-PT","@id":"https:\/\/www.altominho.tv\/site\/2024\/08\/19\/incendios-pais\/#primaryimage","url":"https:\/\/www.altominho.tv\/site\/wp-content\/uploads\/2024\/08\/Fogo.jpg","contentUrl":"https:\/\/www.altominho.tv\/site\/wp-content\/uploads\/2024\/08\/Fogo.jpg","width":1216,"height":769},{"@type":"BreadcrumbList","@id":"https:\/\/www.altominho.tv\/site\/2024\/08\/19\/incendios-pais\/#breadcrumb","itemListElement":[{"@type":"ListItem","position":1,"name":"In\u00edcio","item":"https:\/\/www.altominho.tv\/site\/"},{"@type":"ListItem","position":2,"name":"Inc\u00eandios: Agosto \u00e9 j\u00e1 o m\u00eas com mais \u00e1rea ardida em 2024 e duplicou face a julho"}]},{"@type":"WebSite","@id":"https:\/\/www.altominho.tv\/site\/#website","url":"https:\/\/www.altominho.tv\/site\/","name":"Altominho.tv","description":"A sua regi\u00e3o \u00e0 dist\u00e2ncia de um clique...","potentialAction":[{"@type":"SearchAction","target":{"@type":"EntryPoint","urlTemplate":"https:\/\/www.altominho.tv\/site\/?s={search_term_string}"},"query-input":{"@type":"PropertyValueSpecification","valueRequired":true,"valueName":"search_term_string"}}],"inLanguage":"pt-PT"},{"@type":"Person","@id":"https:\/\/www.altominho.tv\/site\/#\/schema\/person\/dbaf181c01b51ff40c9f461a905d321e","name":"Andreia Cunha | Lusa","image":{"@type":"ImageObject","inLanguage":"pt-PT","@id":"https:\/\/www.altominho.tv\/site\/wp-content\/uploads\/2017\/11\/Andreia_Cunha-1-150x150.jpg","url":"https:\/\/www.altominho.tv\/site\/wp-content\/uploads\/2017\/11\/Andreia_Cunha-1-150x150.jpg","contentUrl":"https:\/\/www.altominho.tv\/site\/wp-content\/uploads\/2017\/11\/Andreia_Cunha-1-150x150.jpg","caption":"Andreia Cunha | Lusa"},"sameAs":["https:\/\/www.altominho.tv\/site"],"url":"https:\/\/www.altominho.tv\/site\/author\/andreiacunhalusa\/"}]}},"_links":{"self":[{"href":"https:\/\/www.altominho.tv\/site\/wp-json\/wp\/v2\/posts\/109768","targetHints":{"allow":["GET"]}}],"collection":[{"href":"https:\/\/www.altominho.tv\/site\/wp-json\/wp\/v2\/posts"}],"about":[{"href":"https:\/\/www.altominho.tv\/site\/wp-json\/wp\/v2\/types\/post"}],"author":[{"embeddable":true,"href":"https:\/\/www.altominho.tv\/site\/wp-json\/wp\/v2\/users\/16"}],"replies":[{"embeddable":true,"href":"https:\/\/www.altominho.tv\/site\/wp-json\/wp\/v2\/comments?post=109768"}],"version-history":[{"count":1,"href":"https:\/\/www.altominho.tv\/site\/wp-json\/wp\/v2\/posts\/109768\/revisions"}],"predecessor-version":[{"id":109770,"href":"https:\/\/www.altominho.tv\/site\/wp-json\/wp\/v2\/posts\/109768\/revisions\/109770"}],"wp:featuredmedia":[{"embeddable":true,"href":"https:\/\/www.altominho.tv\/site\/wp-json\/wp\/v2\/media\/109769"}],"wp:attachment":[{"href":"https:\/\/www.altominho.tv\/site\/wp-json\/wp\/v2\/media?parent=109768"}],"wp:term":[{"taxonomy":"category","embeddable":true,"href":"https:\/\/www.altominho.tv\/site\/wp-json\/wp\/v2\/categories?post=109768"},{"taxonomy":"post_tag","embeddable":true,"href":"https:\/\/www.altominho.tv\/site\/wp-json\/wp\/v2\/tags?post=109768"}],"curies":[{"name":"wp","href":"https:\/\/api.w.org\/{rel}","templated":true}]}}