{"id":109758,"date":"2024-08-19T11:10:57","date_gmt":"2024-08-19T10:10:57","guid":{"rendered":"https:\/\/www.altominho.tv\/site\/?p=109758"},"modified":"2024-08-19T11:22:48","modified_gmt":"2024-08-19T10:22:48","slug":"pais-incendios-3","status":"publish","type":"post","link":"https:\/\/www.altominho.tv\/site\/2024\/08\/19\/pais-incendios-3\/","title":{"rendered":"Perigo m\u00e1ximo de inc\u00eandio em mais de 40 concelhos"},"content":{"rendered":"\n<p>Mais de 40 concelhos est\u00e3o hoje em perigo m\u00e1ximo de inc\u00eandio devido ao tempo quente, que se vai manter esta semana, segundo o Instituto Portugu\u00eas do Mar e da Atmosfera (IPMA), que colocou oito distritos sob aviso amarelo.<\/p>\n\n\n\n<p>Em perigo m\u00e1ximo de inc\u00eandio est\u00e3o mais de 40 concelhos dos distritos de Santar\u00e9m, Faro, Portalegre, Castelo Branco, Guarda, Viseu e Bragan\u00e7a.<\/p>\n\n\n\n<p>A temperatura m\u00e1xima mais elevada prevista para hoje ser\u00e1 alcan\u00e7ada em \u00c9vora com 38 graus Celsius, seguida de Beja, Faro e Castelo Branco com 37, Portalegre 36 e Bragan\u00e7a 34.<\/p>\n\n\n\n<p>O IPMA colocou ainda v\u00e1rios concelhos de todos os distritos de Portugal continental em perigo muito elevado e elevado de inc\u00eandio.<\/p>\n\n\n\n<p>De acordo com os c\u00e1lculos do IPMA, o perigo de inc\u00eandio vai manter-se elevado em alguns distritos pelo menos at\u00e9 s\u00e1bado.<\/p>\n\n\n\n<p>Tamb\u00e9m a Madeira apresenta risco de inc\u00eandio, m\u00e1ximo, muito elevado e elevado, dependendo das regi\u00f5es.<\/p>\n\n\n\n<p>Este risco, determinado pelo IPMA, tem cinco n\u00edveis, que v\u00e3o de reduzido a m\u00e1ximo e os c\u00e1lculos s\u00e3o obtidos a partir da temperatura do ar, humidade relativa, velocidade do vento e quantidade de precipita\u00e7\u00e3o nas \u00faltimas 24 horas.<\/p>\n\n\n\n<p>Por causa do calor, o IPMA emitiu aviso amarelo para os distritos de Bragan\u00e7a, \u00c9vora, Guarda, Faro, Set\u00fabal, Beja, Castelo Branco e Portalegre at\u00e9 \u00e0s 18h00 de quarta-feira.<\/p>\n\n\n\n<p>Tamb\u00e9m o arquip\u00e9lago da Madeira est\u00e1 sob aviso laranja at\u00e9 \u00e0s 18h00 de hoje, passando depois a amarelo at\u00e9 \u00e0s 18:00 de ter\u00e7a-feira por causa do tempo quente.<\/p>\n\n\n\n<p>O aviso laranja \u00e9 emitido pelo IPMA sempre que existe &#8220;situa\u00e7\u00e3o meteorol\u00f3gica de risco moderado a elevado e o amarelo quando h\u00e1 uma situa\u00e7\u00e3o de risco para determinadas atividades dependentes da situa\u00e7\u00e3o meteorol\u00f3gica.<\/p>\n\n\n\n<p>O IPMA prev\u00ea para hoje no continente c\u00e9u pouco nublado ou limpo, temporariamente com nebulosidade no litoral, vento por vezes forte de norte na faixa costeira ocidental e nas terras altas e neblina ou nevoeiro matinal em alguns locais da faixa costeira ocidental.<\/p>\n\n\n\n<p>As temperaturas m\u00ednimas v\u00e3o oscilar entre os 15 graus (em Braga e Viana do Castelo) e os 24 (em Faro) e as m\u00e1ximas entre os 24 (em Aveiro) e os 38 (em \u00c9vora).<\/p>\n\n\n\n<p>Para o arquip\u00e9lago da Madeira est\u00e1 previsto c\u00e9u muito nublado, possibilidade de ocorr\u00eancia de chuva fraca at\u00e9 ao in\u00edcio da manh\u00e3 nas vertentes norte e terras altas.<\/p>\n\n\n\n<p>Est\u00e1 tamb\u00e9m previsto vento fraco a moderado de norte\/nordeste, soprando moderado a forte e por vezes com rajadas at\u00e9 70 km\/h nas terras altas e nos extremos leste e oeste da ilha da Madeira.<\/p>\n\n\n\n<p>No Funchal as temperaturas v\u00e3o variar entre os 23 e os 29 graus e no Porto Santo entre os 22 e os 27 graus.<\/p>\n","protected":false},"excerpt":{"rendered":"<p>Mais de 40 concelhos est\u00e3o hoje em perigo m\u00e1ximo de inc\u00eandio devido ao tempo quente, que se vai manter esta semana, segundo o Instituto Portugu\u00eas do Mar e da Atmosfera (IPMA), que colocou oito distritos sob aviso amarelo. Em perigo m\u00e1ximo de inc\u00eandio est\u00e3o mais de 40 concelhos dos distritos de Santar\u00e9m, Faro, Portalegre, Castelo [&hellip;]<\/p>\n","protected":false},"author":16,"featured_media":109762,"comment_status":"closed","ping_status":"closed","sticky":false,"template":"","format":"standard","meta":{"_exactmetrics_skip_tracking":false,"_exactmetrics_sitenote_active":false,"_exactmetrics_sitenote_note":"","_exactmetrics_sitenote_category":0,"footnotes":""},"categories":[56325],"tags":[27],"class_list":["post-109758","post","type-post","status-publish","format-standard","has-post-thumbnail","hentry","category-pais","tag-sociedade"],"yoast_head":"<!-- This site is optimized with the Yoast SEO Premium plugin v27.5 (Yoast SEO v27.5) - https:\/\/yoast.com\/product\/yoast-seo-premium-wordpress\/ -->\n<title>Perigo m\u00e1ximo de inc\u00eandio em mais de 40 concelhos<\/title>\n<meta name=\"description\" content=\"No dia de hoje, h\u00e1 perigo m\u00e1ximo de inc\u00eandio em mais de 40 concelhos do pa\u00eds.\" \/>\n<meta name=\"robots\" content=\"index, follow, max-snippet:-1, max-image-preview:large, max-video-preview:-1\" \/>\n<link rel=\"canonical\" href=\"https:\/\/www.altominho.tv\/site\/2024\/08\/19\/pais-incendios-3\/\" \/>\n<meta property=\"og:locale\" content=\"pt_PT\" \/>\n<meta property=\"og:type\" content=\"article\" \/>\n<meta property=\"og:title\" content=\"Perigo m\u00e1ximo de inc\u00eandio em mais de 40 concelhos\" \/>\n<meta property=\"og:description\" content=\"No dia de hoje, h\u00e1 perigo m\u00e1ximo de inc\u00eandio em mais de 40 concelhos do pa\u00eds.\" \/>\n<meta property=\"og:url\" content=\"https:\/\/www.altominho.tv\/site\/2024\/08\/19\/pais-incendios-3\/\" \/>\n<meta property=\"og:site_name\" content=\"Altominho.tv\" \/>\n<meta property=\"article:publisher\" content=\"https:\/\/www.facebook.com\/altominhotv\" \/>\n<meta property=\"article:published_time\" content=\"2024-08-19T10:10:57+00:00\" \/>\n<meta property=\"article:modified_time\" content=\"2024-08-19T10:22:48+00:00\" \/>\n<meta property=\"og:image\" content=\"https:\/\/www.altominho.tv\/site\/wp-content\/uploads\/2024\/08\/incendioss-740x416-1.jpg\" \/>\n\t<meta property=\"og:image:width\" content=\"740\" \/>\n\t<meta property=\"og:image:height\" content=\"416\" \/>\n\t<meta property=\"og:image:type\" content=\"image\/jpeg\" \/>\n<meta name=\"author\" content=\"Andreia Cunha | Lusa\" \/>\n<meta name=\"twitter:card\" content=\"summary_large_image\" \/>\n<meta name=\"twitter:creator\" content=\"@altominhoTV\" \/>\n<meta name=\"twitter:site\" content=\"@altominhoTV\" \/>\n<meta name=\"twitter:label1\" content=\"Escrito por\" \/>\n\t<meta name=\"twitter:data1\" content=\"Andreia Cunha | Lusa\" \/>\n\t<meta name=\"twitter:label2\" content=\"Tempo estimado de leitura\" \/>\n\t<meta name=\"twitter:data2\" content=\"3 minutos\" \/>\n<script type=\"application\/ld+json\" class=\"yoast-schema-graph\">{\"@context\":\"https:\\\/\\\/schema.org\",\"@graph\":[{\"@type\":\"Article\",\"@id\":\"https:\\\/\\\/www.altominho.tv\\\/site\\\/2024\\\/08\\\/19\\\/pais-incendios-3\\\/#article\",\"isPartOf\":{\"@id\":\"https:\\\/\\\/www.altominho.tv\\\/site\\\/2024\\\/08\\\/19\\\/pais-incendios-3\\\/\"},\"author\":{\"name\":\"Andreia Cunha | Lusa\",\"@id\":\"https:\\\/\\\/www.altominho.tv\\\/site\\\/#\\\/schema\\\/person\\\/dbaf181c01b51ff40c9f461a905d321e\"},\"headline\":\"Perigo m\u00e1ximo de inc\u00eandio em mais de 40 concelhos\",\"datePublished\":\"2024-08-19T10:10:57+00:00\",\"dateModified\":\"2024-08-19T10:22:48+00:00\",\"mainEntityOfPage\":{\"@id\":\"https:\\\/\\\/www.altominho.tv\\\/site\\\/2024\\\/08\\\/19\\\/pais-incendios-3\\\/\"},\"wordCount\":476,\"image\":{\"@id\":\"https:\\\/\\\/www.altominho.tv\\\/site\\\/2024\\\/08\\\/19\\\/pais-incendios-3\\\/#primaryimage\"},\"thumbnailUrl\":\"https:\\\/\\\/www.altominho.tv\\\/site\\\/wp-content\\\/uploads\\\/2024\\\/08\\\/incendioss-740x416-1.jpg\",\"keywords\":[\"Sociedade\"],\"articleSection\":[\"Pa\u00eds\"],\"inLanguage\":\"pt-PT\",\"copyrightYear\":\"2024\",\"copyrightHolder\":{\"@id\":\"https:\\\/\\\/www.altominho.tv\\\/site\\\/#organization\"}},{\"@type\":\"WebPage\",\"@id\":\"https:\\\/\\\/www.altominho.tv\\\/site\\\/2024\\\/08\\\/19\\\/pais-incendios-3\\\/\",\"url\":\"https:\\\/\\\/www.altominho.tv\\\/site\\\/2024\\\/08\\\/19\\\/pais-incendios-3\\\/\",\"name\":\"Perigo m\u00e1ximo de inc\u00eandio em mais de 40 concelhos\",\"isPartOf\":{\"@id\":\"https:\\\/\\\/www.altominho.tv\\\/site\\\/#website\"},\"primaryImageOfPage\":{\"@id\":\"https:\\\/\\\/www.altominho.tv\\\/site\\\/2024\\\/08\\\/19\\\/pais-incendios-3\\\/#primaryimage\"},\"image\":{\"@id\":\"https:\\\/\\\/www.altominho.tv\\\/site\\\/2024\\\/08\\\/19\\\/pais-incendios-3\\\/#primaryimage\"},\"thumbnailUrl\":\"https:\\\/\\\/www.altominho.tv\\\/site\\\/wp-content\\\/uploads\\\/2024\\\/08\\\/incendioss-740x416-1.jpg\",\"datePublished\":\"2024-08-19T10:10:57+00:00\",\"dateModified\":\"2024-08-19T10:22:48+00:00\",\"author\":{\"@id\":\"https:\\\/\\\/www.altominho.tv\\\/site\\\/#\\\/schema\\\/person\\\/dbaf181c01b51ff40c9f461a905d321e\"},\"description\":\"No dia de hoje, h\u00e1 perigo m\u00e1ximo de inc\u00eandio em mais de 40 concelhos do pa\u00eds.\",\"breadcrumb\":{\"@id\":\"https:\\\/\\\/www.altominho.tv\\\/site\\\/2024\\\/08\\\/19\\\/pais-incendios-3\\\/#breadcrumb\"},\"inLanguage\":\"pt-PT\",\"potentialAction\":[{\"@type\":\"ReadAction\",\"target\":[\"https:\\\/\\\/www.altominho.tv\\\/site\\\/2024\\\/08\\\/19\\\/pais-incendios-3\\\/\"]}]},{\"@type\":\"ImageObject\",\"inLanguage\":\"pt-PT\",\"@id\":\"https:\\\/\\\/www.altominho.tv\\\/site\\\/2024\\\/08\\\/19\\\/pais-incendios-3\\\/#primaryimage\",\"url\":\"https:\\\/\\\/www.altominho.tv\\\/site\\\/wp-content\\\/uploads\\\/2024\\\/08\\\/incendioss-740x416-1.jpg\",\"contentUrl\":\"https:\\\/\\\/www.altominho.tv\\\/site\\\/wp-content\\\/uploads\\\/2024\\\/08\\\/incendioss-740x416-1.jpg\",\"width\":740,\"height\":416},{\"@type\":\"BreadcrumbList\",\"@id\":\"https:\\\/\\\/www.altominho.tv\\\/site\\\/2024\\\/08\\\/19\\\/pais-incendios-3\\\/#breadcrumb\",\"itemListElement\":[{\"@type\":\"ListItem\",\"position\":1,\"name\":\"In\u00edcio\",\"item\":\"https:\\\/\\\/www.altominho.tv\\\/site\\\/\"},{\"@type\":\"ListItem\",\"position\":2,\"name\":\"Perigo m\u00e1ximo de inc\u00eandio em mais de 40 concelhos\"}]},{\"@type\":\"WebSite\",\"@id\":\"https:\\\/\\\/www.altominho.tv\\\/site\\\/#website\",\"url\":\"https:\\\/\\\/www.altominho.tv\\\/site\\\/\",\"name\":\"Altominho.tv\",\"description\":\"A sua regi\u00e3o \u00e0 dist\u00e2ncia de um clique...\",\"potentialAction\":[{\"@type\":\"SearchAction\",\"target\":{\"@type\":\"EntryPoint\",\"urlTemplate\":\"https:\\\/\\\/www.altominho.tv\\\/site\\\/?s={search_term_string}\"},\"query-input\":{\"@type\":\"PropertyValueSpecification\",\"valueRequired\":true,\"valueName\":\"search_term_string\"}}],\"inLanguage\":\"pt-PT\"},{\"@type\":\"Person\",\"@id\":\"https:\\\/\\\/www.altominho.tv\\\/site\\\/#\\\/schema\\\/person\\\/dbaf181c01b51ff40c9f461a905d321e\",\"name\":\"Andreia Cunha | Lusa\",\"image\":{\"@type\":\"ImageObject\",\"inLanguage\":\"pt-PT\",\"@id\":\"https:\\\/\\\/www.altominho.tv\\\/site\\\/wp-content\\\/uploads\\\/2017\\\/11\\\/Andreia_Cunha-1-150x150.jpg\",\"url\":\"https:\\\/\\\/www.altominho.tv\\\/site\\\/wp-content\\\/uploads\\\/2017\\\/11\\\/Andreia_Cunha-1-150x150.jpg\",\"contentUrl\":\"https:\\\/\\\/www.altominho.tv\\\/site\\\/wp-content\\\/uploads\\\/2017\\\/11\\\/Andreia_Cunha-1-150x150.jpg\",\"caption\":\"Andreia Cunha | Lusa\"},\"sameAs\":[\"https:\\\/\\\/www.altominho.tv\\\/site\"],\"url\":\"https:\\\/\\\/www.altominho.tv\\\/site\\\/author\\\/andreiacunhalusa\\\/\"}]}<\/script>\n<!-- \/ Yoast SEO Premium plugin. -->","yoast_head_json":{"title":"Perigo m\u00e1ximo de inc\u00eandio em mais de 40 concelhos","description":"No dia de hoje, h\u00e1 perigo m\u00e1ximo de inc\u00eandio em mais de 40 concelhos do pa\u00eds.","robots":{"index":"index","follow":"follow","max-snippet":"max-snippet:-1","max-image-preview":"max-image-preview:large","max-video-preview":"max-video-preview:-1"},"canonical":"https:\/\/www.altominho.tv\/site\/2024\/08\/19\/pais-incendios-3\/","og_locale":"pt_PT","og_type":"article","og_title":"Perigo m\u00e1ximo de inc\u00eandio em mais de 40 concelhos","og_description":"No dia de hoje, h\u00e1 perigo m\u00e1ximo de inc\u00eandio em mais de 40 concelhos do pa\u00eds.","og_url":"https:\/\/www.altominho.tv\/site\/2024\/08\/19\/pais-incendios-3\/","og_site_name":"Altominho.tv","article_publisher":"https:\/\/www.facebook.com\/altominhotv","article_published_time":"2024-08-19T10:10:57+00:00","article_modified_time":"2024-08-19T10:22:48+00:00","og_image":[{"width":740,"height":416,"url":"https:\/\/www.altominho.tv\/site\/wp-content\/uploads\/2024\/08\/incendioss-740x416-1.jpg","type":"image\/jpeg"}],"author":"Andreia Cunha | Lusa","twitter_card":"summary_large_image","twitter_creator":"@altominhoTV","twitter_site":"@altominhoTV","twitter_misc":{"Escrito por":"Andreia Cunha | Lusa","Tempo estimado de leitura":"3 minutos"},"schema":{"@context":"https:\/\/schema.org","@graph":[{"@type":"Article","@id":"https:\/\/www.altominho.tv\/site\/2024\/08\/19\/pais-incendios-3\/#article","isPartOf":{"@id":"https:\/\/www.altominho.tv\/site\/2024\/08\/19\/pais-incendios-3\/"},"author":{"name":"Andreia Cunha | Lusa","@id":"https:\/\/www.altominho.tv\/site\/#\/schema\/person\/dbaf181c01b51ff40c9f461a905d321e"},"headline":"Perigo m\u00e1ximo de inc\u00eandio em mais de 40 concelhos","datePublished":"2024-08-19T10:10:57+00:00","dateModified":"2024-08-19T10:22:48+00:00","mainEntityOfPage":{"@id":"https:\/\/www.altominho.tv\/site\/2024\/08\/19\/pais-incendios-3\/"},"wordCount":476,"image":{"@id":"https:\/\/www.altominho.tv\/site\/2024\/08\/19\/pais-incendios-3\/#primaryimage"},"thumbnailUrl":"https:\/\/www.altominho.tv\/site\/wp-content\/uploads\/2024\/08\/incendioss-740x416-1.jpg","keywords":["Sociedade"],"articleSection":["Pa\u00eds"],"inLanguage":"pt-PT","copyrightYear":"2024","copyrightHolder":{"@id":"https:\/\/www.altominho.tv\/site\/#organization"}},{"@type":"WebPage","@id":"https:\/\/www.altominho.tv\/site\/2024\/08\/19\/pais-incendios-3\/","url":"https:\/\/www.altominho.tv\/site\/2024\/08\/19\/pais-incendios-3\/","name":"Perigo m\u00e1ximo de inc\u00eandio em mais de 40 concelhos","isPartOf":{"@id":"https:\/\/www.altominho.tv\/site\/#website"},"primaryImageOfPage":{"@id":"https:\/\/www.altominho.tv\/site\/2024\/08\/19\/pais-incendios-3\/#primaryimage"},"image":{"@id":"https:\/\/www.altominho.tv\/site\/2024\/08\/19\/pais-incendios-3\/#primaryimage"},"thumbnailUrl":"https:\/\/www.altominho.tv\/site\/wp-content\/uploads\/2024\/08\/incendioss-740x416-1.jpg","datePublished":"2024-08-19T10:10:57+00:00","dateModified":"2024-08-19T10:22:48+00:00","author":{"@id":"https:\/\/www.altominho.tv\/site\/#\/schema\/person\/dbaf181c01b51ff40c9f461a905d321e"},"description":"No dia de hoje, h\u00e1 perigo m\u00e1ximo de inc\u00eandio em mais de 40 concelhos do pa\u00eds.","breadcrumb":{"@id":"https:\/\/www.altominho.tv\/site\/2024\/08\/19\/pais-incendios-3\/#breadcrumb"},"inLanguage":"pt-PT","potentialAction":[{"@type":"ReadAction","target":["https:\/\/www.altominho.tv\/site\/2024\/08\/19\/pais-incendios-3\/"]}]},{"@type":"ImageObject","inLanguage":"pt-PT","@id":"https:\/\/www.altominho.tv\/site\/2024\/08\/19\/pais-incendios-3\/#primaryimage","url":"https:\/\/www.altominho.tv\/site\/wp-content\/uploads\/2024\/08\/incendioss-740x416-1.jpg","contentUrl":"https:\/\/www.altominho.tv\/site\/wp-content\/uploads\/2024\/08\/incendioss-740x416-1.jpg","width":740,"height":416},{"@type":"BreadcrumbList","@id":"https:\/\/www.altominho.tv\/site\/2024\/08\/19\/pais-incendios-3\/#breadcrumb","itemListElement":[{"@type":"ListItem","position":1,"name":"In\u00edcio","item":"https:\/\/www.altominho.tv\/site\/"},{"@type":"ListItem","position":2,"name":"Perigo m\u00e1ximo de inc\u00eandio em mais de 40 concelhos"}]},{"@type":"WebSite","@id":"https:\/\/www.altominho.tv\/site\/#website","url":"https:\/\/www.altominho.tv\/site\/","name":"Altominho.tv","description":"A sua regi\u00e3o \u00e0 dist\u00e2ncia de um clique...","potentialAction":[{"@type":"SearchAction","target":{"@type":"EntryPoint","urlTemplate":"https:\/\/www.altominho.tv\/site\/?s={search_term_string}"},"query-input":{"@type":"PropertyValueSpecification","valueRequired":true,"valueName":"search_term_string"}}],"inLanguage":"pt-PT"},{"@type":"Person","@id":"https:\/\/www.altominho.tv\/site\/#\/schema\/person\/dbaf181c01b51ff40c9f461a905d321e","name":"Andreia Cunha | Lusa","image":{"@type":"ImageObject","inLanguage":"pt-PT","@id":"https:\/\/www.altominho.tv\/site\/wp-content\/uploads\/2017\/11\/Andreia_Cunha-1-150x150.jpg","url":"https:\/\/www.altominho.tv\/site\/wp-content\/uploads\/2017\/11\/Andreia_Cunha-1-150x150.jpg","contentUrl":"https:\/\/www.altominho.tv\/site\/wp-content\/uploads\/2017\/11\/Andreia_Cunha-1-150x150.jpg","caption":"Andreia Cunha | Lusa"},"sameAs":["https:\/\/www.altominho.tv\/site"],"url":"https:\/\/www.altominho.tv\/site\/author\/andreiacunhalusa\/"}]}},"_links":{"self":[{"href":"https:\/\/www.altominho.tv\/site\/wp-json\/wp\/v2\/posts\/109758","targetHints":{"allow":["GET"]}}],"collection":[{"href":"https:\/\/www.altominho.tv\/site\/wp-json\/wp\/v2\/posts"}],"about":[{"href":"https:\/\/www.altominho.tv\/site\/wp-json\/wp\/v2\/types\/post"}],"author":[{"embeddable":true,"href":"https:\/\/www.altominho.tv\/site\/wp-json\/wp\/v2\/users\/16"}],"replies":[{"embeddable":true,"href":"https:\/\/www.altominho.tv\/site\/wp-json\/wp\/v2\/comments?post=109758"}],"version-history":[{"count":2,"href":"https:\/\/www.altominho.tv\/site\/wp-json\/wp\/v2\/posts\/109758\/revisions"}],"predecessor-version":[{"id":109763,"href":"https:\/\/www.altominho.tv\/site\/wp-json\/wp\/v2\/posts\/109758\/revisions\/109763"}],"wp:featuredmedia":[{"embeddable":true,"href":"https:\/\/www.altominho.tv\/site\/wp-json\/wp\/v2\/media\/109762"}],"wp:attachment":[{"href":"https:\/\/www.altominho.tv\/site\/wp-json\/wp\/v2\/media?parent=109758"}],"wp:term":[{"taxonomy":"category","embeddable":true,"href":"https:\/\/www.altominho.tv\/site\/wp-json\/wp\/v2\/categories?post=109758"},{"taxonomy":"post_tag","embeddable":true,"href":"https:\/\/www.altominho.tv\/site\/wp-json\/wp\/v2\/tags?post=109758"}],"curies":[{"name":"wp","href":"https:\/\/api.w.org\/{rel}","templated":true}]}}