{"id":109749,"date":"2024-08-17T17:35:57","date_gmt":"2024-08-17T16:35:57","guid":{"rendered":"https:\/\/www.altominho.tv\/site\/?p=109749"},"modified":"2024-08-17T17:35:59","modified_gmt":"2024-08-17T16:35:59","slug":"incendio-arcos-de-valdevez","status":"publish","type":"post","link":"https:\/\/www.altominho.tv\/site\/2024\/08\/17\/incendio-arcos-de-valdevez\/","title":{"rendered":"Fogo em Arcos de Valdevez lavra com intensidade mas n\u00e3o h\u00e1 casas em perigo"},"content":{"rendered":"\n<p>Um inc\u00eandio rural que deflagrou hoje ao in\u00edcio da manh\u00e3 na freguesia de Cabreiros, concelho de Arcos de Valdevez, continua a lavrar com intensidade em duas frentes, mas n\u00e3o h\u00e1 casas em risco, disse fonte da Prote\u00e7\u00e3o Civil.<\/p>\n\n\n\n<p>Em declara\u00e7\u00f5es \u00e0 Lusa, fonte do Comando Sub-Regional do Alto Minho disse que no combate \u00e0s chamas, no distrito de Viana do Castelo, est\u00e3o envolvidos &#8220;cinco meios a\u00e9reos e um total de 53 operacionais e 14 ve\u00edculos&#8221; das corpora\u00e7\u00f5es de bombeiros de Mon\u00e7\u00e3o, Ponte da Barca e Arcos de Valdevez.<\/p>\n\n\n\n<p>A dificultar o combate a este fogo, segundo a mesma fonte, est\u00e3o \u201cos dif\u00edceis acessos\u201d, uma vez que o inc\u00eandio est\u00e1 a consumir uma zona de montanha.<\/p>\n\n\n\n<p>Grande parte do interior norte e centro do pa\u00eds continua hoje em risco m\u00e1ximo de inc\u00eandio rural, assim como os munic\u00edpios algarvios de Monchique, Silves, Loul\u00e9, S\u00e3o Br\u00e1s de Alportel e Tavira, indicou o Instituto Portugu\u00eas do Mar e da Atmosfera.<\/p>\n\n\n\n<p>Segundo a informa\u00e7\u00e3o dispon\u00edvel no &#8216;site&#8217; do Instituto Portugu\u00eas do Mar e da Atmosfera (IPMA), os concelhos em risco m\u00e1ximo integram os distritos de Vila Real, Bragan\u00e7a, Viseu, Guarda, Castelo Branco, Coimbra, Portalegre, Santar\u00e9m e Faro.<\/p>\n\n\n\n<p>J\u00e1 em risco muito elevado de inc\u00eandio est\u00e3o perto de uma centena de concelhos nos distritos de Viana do Castelo, Braga, Vila Real, Viseu, Porto, Aveiro, Coimbra, Castelo Branco, Leiria, Santar\u00e9m, Lisboa, Portalegre, Beja e Faro.<\/p>\n","protected":false},"excerpt":{"rendered":"<p>Um inc\u00eandio rural que deflagrou hoje ao in\u00edcio da manh\u00e3 na freguesia de Cabreiros, concelho de Arcos de Valdevez, continua a lavrar com intensidade em duas frentes, mas n\u00e3o h\u00e1 casas em risco, disse fonte da Prote\u00e7\u00e3o Civil. Em declara\u00e7\u00f5es \u00e0 Lusa, fonte do Comando Sub-Regional do Alto Minho disse que no combate \u00e0s chamas, [&hellip;]<\/p>\n","protected":false},"author":16,"featured_media":109750,"comment_status":"closed","ping_status":"closed","sticky":false,"template":"","format":"standard","meta":{"_exactmetrics_skip_tracking":false,"_exactmetrics_sitenote_active":false,"_exactmetrics_sitenote_note":"","_exactmetrics_sitenote_category":0,"footnotes":""},"categories":[2],"tags":[27],"class_list":["post-109749","post","type-post","status-publish","format-standard","has-post-thumbnail","hentry","category-arcos-de-valdevez","tag-sociedade"],"yoast_head":"<!-- This site is optimized with the Yoast SEO Premium plugin v27.5 (Yoast SEO v27.5) - https:\/\/yoast.com\/product\/yoast-seo-premium-wordpress\/ -->\n<title>Fogo em Arcos de Valdevez lavra com intensidade mas n\u00e3o h\u00e1 casas em perigo<\/title>\n<meta name=\"description\" content=\"Inc\u00eandios: Fogo em Arcos de Valdevez lavra com intensidade mas n\u00e3o h\u00e1 casas em perigo.\" \/>\n<meta name=\"robots\" content=\"index, follow, max-snippet:-1, max-image-preview:large, max-video-preview:-1\" \/>\n<link rel=\"canonical\" href=\"https:\/\/www.altominho.tv\/site\/2024\/08\/17\/incendio-arcos-de-valdevez\/\" \/>\n<meta property=\"og:locale\" content=\"pt_PT\" \/>\n<meta property=\"og:type\" content=\"article\" \/>\n<meta property=\"og:title\" content=\"Fogo em Arcos de Valdevez lavra com intensidade mas n\u00e3o h\u00e1 casas em perigo\" \/>\n<meta property=\"og:description\" content=\"Inc\u00eandios: Fogo em Arcos de Valdevez lavra com intensidade mas n\u00e3o h\u00e1 casas em perigo.\" \/>\n<meta property=\"og:url\" content=\"https:\/\/www.altominho.tv\/site\/2024\/08\/17\/incendio-arcos-de-valdevez\/\" \/>\n<meta property=\"og:site_name\" content=\"Altominho.tv\" \/>\n<meta property=\"article:publisher\" content=\"https:\/\/www.facebook.com\/altominhotv\" \/>\n<meta property=\"article:published_time\" content=\"2024-08-17T16:35:57+00:00\" \/>\n<meta property=\"article:modified_time\" content=\"2024-08-17T16:35:59+00:00\" \/>\n<meta property=\"og:image\" content=\"https:\/\/www.altominho.tv\/site\/wp-content\/uploads\/2024\/08\/ultima-hora-atv-arcos.jpeg\" \/>\n\t<meta property=\"og:image:width\" content=\"1536\" \/>\n\t<meta property=\"og:image:height\" content=\"864\" \/>\n\t<meta property=\"og:image:type\" content=\"image\/jpeg\" \/>\n<meta name=\"author\" content=\"Andreia Cunha | Lusa\" \/>\n<meta name=\"twitter:card\" content=\"summary_large_image\" \/>\n<meta name=\"twitter:creator\" content=\"@altominhoTV\" \/>\n<meta name=\"twitter:site\" content=\"@altominhoTV\" \/>\n<meta name=\"twitter:label1\" content=\"Escrito por\" \/>\n\t<meta name=\"twitter:data1\" content=\"Andreia Cunha | Lusa\" \/>\n\t<meta name=\"twitter:label2\" content=\"Tempo estimado de leitura\" \/>\n\t<meta name=\"twitter:data2\" content=\"2 minutos\" \/>\n<script type=\"application\/ld+json\" class=\"yoast-schema-graph\">{\"@context\":\"https:\\\/\\\/schema.org\",\"@graph\":[{\"@type\":\"Article\",\"@id\":\"https:\\\/\\\/www.altominho.tv\\\/site\\\/2024\\\/08\\\/17\\\/incendio-arcos-de-valdevez\\\/#article\",\"isPartOf\":{\"@id\":\"https:\\\/\\\/www.altominho.tv\\\/site\\\/2024\\\/08\\\/17\\\/incendio-arcos-de-valdevez\\\/\"},\"author\":{\"name\":\"Andreia Cunha | Lusa\",\"@id\":\"https:\\\/\\\/www.altominho.tv\\\/site\\\/#\\\/schema\\\/person\\\/dbaf181c01b51ff40c9f461a905d321e\"},\"headline\":\"Fogo em Arcos de Valdevez lavra com intensidade mas n\u00e3o h\u00e1 casas em perigo\",\"datePublished\":\"2024-08-17T16:35:57+00:00\",\"dateModified\":\"2024-08-17T16:35:59+00:00\",\"mainEntityOfPage\":{\"@id\":\"https:\\\/\\\/www.altominho.tv\\\/site\\\/2024\\\/08\\\/17\\\/incendio-arcos-de-valdevez\\\/\"},\"wordCount\":269,\"image\":{\"@id\":\"https:\\\/\\\/www.altominho.tv\\\/site\\\/2024\\\/08\\\/17\\\/incendio-arcos-de-valdevez\\\/#primaryimage\"},\"thumbnailUrl\":\"https:\\\/\\\/www.altominho.tv\\\/site\\\/wp-content\\\/uploads\\\/2024\\\/08\\\/ultima-hora-atv-arcos.jpeg\",\"keywords\":[\"Sociedade\"],\"articleSection\":[\"Arcos de Valdevez\"],\"inLanguage\":\"pt-PT\",\"copyrightYear\":\"2024\",\"copyrightHolder\":{\"@id\":\"https:\\\/\\\/www.altominho.tv\\\/site\\\/#organization\"}},{\"@type\":\"WebPage\",\"@id\":\"https:\\\/\\\/www.altominho.tv\\\/site\\\/2024\\\/08\\\/17\\\/incendio-arcos-de-valdevez\\\/\",\"url\":\"https:\\\/\\\/www.altominho.tv\\\/site\\\/2024\\\/08\\\/17\\\/incendio-arcos-de-valdevez\\\/\",\"name\":\"Fogo em Arcos de Valdevez lavra com intensidade mas n\u00e3o h\u00e1 casas em perigo\",\"isPartOf\":{\"@id\":\"https:\\\/\\\/www.altominho.tv\\\/site\\\/#website\"},\"primaryImageOfPage\":{\"@id\":\"https:\\\/\\\/www.altominho.tv\\\/site\\\/2024\\\/08\\\/17\\\/incendio-arcos-de-valdevez\\\/#primaryimage\"},\"image\":{\"@id\":\"https:\\\/\\\/www.altominho.tv\\\/site\\\/2024\\\/08\\\/17\\\/incendio-arcos-de-valdevez\\\/#primaryimage\"},\"thumbnailUrl\":\"https:\\\/\\\/www.altominho.tv\\\/site\\\/wp-content\\\/uploads\\\/2024\\\/08\\\/ultima-hora-atv-arcos.jpeg\",\"datePublished\":\"2024-08-17T16:35:57+00:00\",\"dateModified\":\"2024-08-17T16:35:59+00:00\",\"author\":{\"@id\":\"https:\\\/\\\/www.altominho.tv\\\/site\\\/#\\\/schema\\\/person\\\/dbaf181c01b51ff40c9f461a905d321e\"},\"description\":\"Inc\u00eandios: Fogo em Arcos de Valdevez lavra com intensidade mas n\u00e3o h\u00e1 casas em perigo.\",\"breadcrumb\":{\"@id\":\"https:\\\/\\\/www.altominho.tv\\\/site\\\/2024\\\/08\\\/17\\\/incendio-arcos-de-valdevez\\\/#breadcrumb\"},\"inLanguage\":\"pt-PT\",\"potentialAction\":[{\"@type\":\"ReadAction\",\"target\":[\"https:\\\/\\\/www.altominho.tv\\\/site\\\/2024\\\/08\\\/17\\\/incendio-arcos-de-valdevez\\\/\"]}]},{\"@type\":\"ImageObject\",\"inLanguage\":\"pt-PT\",\"@id\":\"https:\\\/\\\/www.altominho.tv\\\/site\\\/2024\\\/08\\\/17\\\/incendio-arcos-de-valdevez\\\/#primaryimage\",\"url\":\"https:\\\/\\\/www.altominho.tv\\\/site\\\/wp-content\\\/uploads\\\/2024\\\/08\\\/ultima-hora-atv-arcos.jpeg\",\"contentUrl\":\"https:\\\/\\\/www.altominho.tv\\\/site\\\/wp-content\\\/uploads\\\/2024\\\/08\\\/ultima-hora-atv-arcos.jpeg\",\"width\":1536,\"height\":864},{\"@type\":\"BreadcrumbList\",\"@id\":\"https:\\\/\\\/www.altominho.tv\\\/site\\\/2024\\\/08\\\/17\\\/incendio-arcos-de-valdevez\\\/#breadcrumb\",\"itemListElement\":[{\"@type\":\"ListItem\",\"position\":1,\"name\":\"In\u00edcio\",\"item\":\"https:\\\/\\\/www.altominho.tv\\\/site\\\/\"},{\"@type\":\"ListItem\",\"position\":2,\"name\":\"Fogo em Arcos de Valdevez lavra com intensidade mas n\u00e3o h\u00e1 casas em perigo\"}]},{\"@type\":\"WebSite\",\"@id\":\"https:\\\/\\\/www.altominho.tv\\\/site\\\/#website\",\"url\":\"https:\\\/\\\/www.altominho.tv\\\/site\\\/\",\"name\":\"Altominho.tv\",\"description\":\"A sua regi\u00e3o \u00e0 dist\u00e2ncia de um clique...\",\"potentialAction\":[{\"@type\":\"SearchAction\",\"target\":{\"@type\":\"EntryPoint\",\"urlTemplate\":\"https:\\\/\\\/www.altominho.tv\\\/site\\\/?s={search_term_string}\"},\"query-input\":{\"@type\":\"PropertyValueSpecification\",\"valueRequired\":true,\"valueName\":\"search_term_string\"}}],\"inLanguage\":\"pt-PT\"},{\"@type\":\"Person\",\"@id\":\"https:\\\/\\\/www.altominho.tv\\\/site\\\/#\\\/schema\\\/person\\\/dbaf181c01b51ff40c9f461a905d321e\",\"name\":\"Andreia Cunha | Lusa\",\"image\":{\"@type\":\"ImageObject\",\"inLanguage\":\"pt-PT\",\"@id\":\"https:\\\/\\\/www.altominho.tv\\\/site\\\/wp-content\\\/uploads\\\/2017\\\/11\\\/Andreia_Cunha-1-150x150.jpg\",\"url\":\"https:\\\/\\\/www.altominho.tv\\\/site\\\/wp-content\\\/uploads\\\/2017\\\/11\\\/Andreia_Cunha-1-150x150.jpg\",\"contentUrl\":\"https:\\\/\\\/www.altominho.tv\\\/site\\\/wp-content\\\/uploads\\\/2017\\\/11\\\/Andreia_Cunha-1-150x150.jpg\",\"caption\":\"Andreia Cunha | Lusa\"},\"sameAs\":[\"https:\\\/\\\/www.altominho.tv\\\/site\"],\"url\":\"https:\\\/\\\/www.altominho.tv\\\/site\\\/author\\\/andreiacunhalusa\\\/\"}]}<\/script>\n<!-- \/ Yoast SEO Premium plugin. -->","yoast_head_json":{"title":"Fogo em Arcos de Valdevez lavra com intensidade mas n\u00e3o h\u00e1 casas em perigo","description":"Inc\u00eandios: Fogo em Arcos de Valdevez lavra com intensidade mas n\u00e3o h\u00e1 casas em perigo.","robots":{"index":"index","follow":"follow","max-snippet":"max-snippet:-1","max-image-preview":"max-image-preview:large","max-video-preview":"max-video-preview:-1"},"canonical":"https:\/\/www.altominho.tv\/site\/2024\/08\/17\/incendio-arcos-de-valdevez\/","og_locale":"pt_PT","og_type":"article","og_title":"Fogo em Arcos de Valdevez lavra com intensidade mas n\u00e3o h\u00e1 casas em perigo","og_description":"Inc\u00eandios: Fogo em Arcos de Valdevez lavra com intensidade mas n\u00e3o h\u00e1 casas em perigo.","og_url":"https:\/\/www.altominho.tv\/site\/2024\/08\/17\/incendio-arcos-de-valdevez\/","og_site_name":"Altominho.tv","article_publisher":"https:\/\/www.facebook.com\/altominhotv","article_published_time":"2024-08-17T16:35:57+00:00","article_modified_time":"2024-08-17T16:35:59+00:00","og_image":[{"width":1536,"height":864,"url":"https:\/\/www.altominho.tv\/site\/wp-content\/uploads\/2024\/08\/ultima-hora-atv-arcos.jpeg","type":"image\/jpeg"}],"author":"Andreia Cunha | Lusa","twitter_card":"summary_large_image","twitter_creator":"@altominhoTV","twitter_site":"@altominhoTV","twitter_misc":{"Escrito por":"Andreia Cunha | Lusa","Tempo estimado de leitura":"2 minutos"},"schema":{"@context":"https:\/\/schema.org","@graph":[{"@type":"Article","@id":"https:\/\/www.altominho.tv\/site\/2024\/08\/17\/incendio-arcos-de-valdevez\/#article","isPartOf":{"@id":"https:\/\/www.altominho.tv\/site\/2024\/08\/17\/incendio-arcos-de-valdevez\/"},"author":{"name":"Andreia Cunha | Lusa","@id":"https:\/\/www.altominho.tv\/site\/#\/schema\/person\/dbaf181c01b51ff40c9f461a905d321e"},"headline":"Fogo em Arcos de Valdevez lavra com intensidade mas n\u00e3o h\u00e1 casas em perigo","datePublished":"2024-08-17T16:35:57+00:00","dateModified":"2024-08-17T16:35:59+00:00","mainEntityOfPage":{"@id":"https:\/\/www.altominho.tv\/site\/2024\/08\/17\/incendio-arcos-de-valdevez\/"},"wordCount":269,"image":{"@id":"https:\/\/www.altominho.tv\/site\/2024\/08\/17\/incendio-arcos-de-valdevez\/#primaryimage"},"thumbnailUrl":"https:\/\/www.altominho.tv\/site\/wp-content\/uploads\/2024\/08\/ultima-hora-atv-arcos.jpeg","keywords":["Sociedade"],"articleSection":["Arcos de Valdevez"],"inLanguage":"pt-PT","copyrightYear":"2024","copyrightHolder":{"@id":"https:\/\/www.altominho.tv\/site\/#organization"}},{"@type":"WebPage","@id":"https:\/\/www.altominho.tv\/site\/2024\/08\/17\/incendio-arcos-de-valdevez\/","url":"https:\/\/www.altominho.tv\/site\/2024\/08\/17\/incendio-arcos-de-valdevez\/","name":"Fogo em Arcos de Valdevez lavra com intensidade mas n\u00e3o h\u00e1 casas em perigo","isPartOf":{"@id":"https:\/\/www.altominho.tv\/site\/#website"},"primaryImageOfPage":{"@id":"https:\/\/www.altominho.tv\/site\/2024\/08\/17\/incendio-arcos-de-valdevez\/#primaryimage"},"image":{"@id":"https:\/\/www.altominho.tv\/site\/2024\/08\/17\/incendio-arcos-de-valdevez\/#primaryimage"},"thumbnailUrl":"https:\/\/www.altominho.tv\/site\/wp-content\/uploads\/2024\/08\/ultima-hora-atv-arcos.jpeg","datePublished":"2024-08-17T16:35:57+00:00","dateModified":"2024-08-17T16:35:59+00:00","author":{"@id":"https:\/\/www.altominho.tv\/site\/#\/schema\/person\/dbaf181c01b51ff40c9f461a905d321e"},"description":"Inc\u00eandios: Fogo em Arcos de Valdevez lavra com intensidade mas n\u00e3o h\u00e1 casas em perigo.","breadcrumb":{"@id":"https:\/\/www.altominho.tv\/site\/2024\/08\/17\/incendio-arcos-de-valdevez\/#breadcrumb"},"inLanguage":"pt-PT","potentialAction":[{"@type":"ReadAction","target":["https:\/\/www.altominho.tv\/site\/2024\/08\/17\/incendio-arcos-de-valdevez\/"]}]},{"@type":"ImageObject","inLanguage":"pt-PT","@id":"https:\/\/www.altominho.tv\/site\/2024\/08\/17\/incendio-arcos-de-valdevez\/#primaryimage","url":"https:\/\/www.altominho.tv\/site\/wp-content\/uploads\/2024\/08\/ultima-hora-atv-arcos.jpeg","contentUrl":"https:\/\/www.altominho.tv\/site\/wp-content\/uploads\/2024\/08\/ultima-hora-atv-arcos.jpeg","width":1536,"height":864},{"@type":"BreadcrumbList","@id":"https:\/\/www.altominho.tv\/site\/2024\/08\/17\/incendio-arcos-de-valdevez\/#breadcrumb","itemListElement":[{"@type":"ListItem","position":1,"name":"In\u00edcio","item":"https:\/\/www.altominho.tv\/site\/"},{"@type":"ListItem","position":2,"name":"Fogo em Arcos de Valdevez lavra com intensidade mas n\u00e3o h\u00e1 casas em perigo"}]},{"@type":"WebSite","@id":"https:\/\/www.altominho.tv\/site\/#website","url":"https:\/\/www.altominho.tv\/site\/","name":"Altominho.tv","description":"A sua regi\u00e3o \u00e0 dist\u00e2ncia de um clique...","potentialAction":[{"@type":"SearchAction","target":{"@type":"EntryPoint","urlTemplate":"https:\/\/www.altominho.tv\/site\/?s={search_term_string}"},"query-input":{"@type":"PropertyValueSpecification","valueRequired":true,"valueName":"search_term_string"}}],"inLanguage":"pt-PT"},{"@type":"Person","@id":"https:\/\/www.altominho.tv\/site\/#\/schema\/person\/dbaf181c01b51ff40c9f461a905d321e","name":"Andreia Cunha | Lusa","image":{"@type":"ImageObject","inLanguage":"pt-PT","@id":"https:\/\/www.altominho.tv\/site\/wp-content\/uploads\/2017\/11\/Andreia_Cunha-1-150x150.jpg","url":"https:\/\/www.altominho.tv\/site\/wp-content\/uploads\/2017\/11\/Andreia_Cunha-1-150x150.jpg","contentUrl":"https:\/\/www.altominho.tv\/site\/wp-content\/uploads\/2017\/11\/Andreia_Cunha-1-150x150.jpg","caption":"Andreia Cunha | Lusa"},"sameAs":["https:\/\/www.altominho.tv\/site"],"url":"https:\/\/www.altominho.tv\/site\/author\/andreiacunhalusa\/"}]}},"_links":{"self":[{"href":"https:\/\/www.altominho.tv\/site\/wp-json\/wp\/v2\/posts\/109749","targetHints":{"allow":["GET"]}}],"collection":[{"href":"https:\/\/www.altominho.tv\/site\/wp-json\/wp\/v2\/posts"}],"about":[{"href":"https:\/\/www.altominho.tv\/site\/wp-json\/wp\/v2\/types\/post"}],"author":[{"embeddable":true,"href":"https:\/\/www.altominho.tv\/site\/wp-json\/wp\/v2\/users\/16"}],"replies":[{"embeddable":true,"href":"https:\/\/www.altominho.tv\/site\/wp-json\/wp\/v2\/comments?post=109749"}],"version-history":[{"count":1,"href":"https:\/\/www.altominho.tv\/site\/wp-json\/wp\/v2\/posts\/109749\/revisions"}],"predecessor-version":[{"id":109751,"href":"https:\/\/www.altominho.tv\/site\/wp-json\/wp\/v2\/posts\/109749\/revisions\/109751"}],"wp:featuredmedia":[{"embeddable":true,"href":"https:\/\/www.altominho.tv\/site\/wp-json\/wp\/v2\/media\/109750"}],"wp:attachment":[{"href":"https:\/\/www.altominho.tv\/site\/wp-json\/wp\/v2\/media?parent=109749"}],"wp:term":[{"taxonomy":"category","embeddable":true,"href":"https:\/\/www.altominho.tv\/site\/wp-json\/wp\/v2\/categories?post=109749"},{"taxonomy":"post_tag","embeddable":true,"href":"https:\/\/www.altominho.tv\/site\/wp-json\/wp\/v2\/tags?post=109749"}],"curies":[{"name":"wp","href":"https:\/\/api.w.org\/{rel}","templated":true}]}}