{"id":109660,"date":"2024-08-13T09:07:33","date_gmt":"2024-08-13T08:07:33","guid":{"rendered":"https:\/\/www.altominho.tv\/site\/?p=109660"},"modified":"2024-08-13T09:08:47","modified_gmt":"2024-08-13T08:08:47","slug":"viana-do-castelo-acolheu-em-extase-iuri-leitao-o-novo-imperador-da-cidade","status":"publish","type":"post","link":"https:\/\/www.altominho.tv\/site\/2024\/08\/13\/viana-do-castelo-acolheu-em-extase-iuri-leitao-o-novo-imperador-da-cidade\/","title":{"rendered":"Viana do Castelo acolheu em \u00eaxtase I\u00fari Leit\u00e3o, o novo &#8220;imperador&#8221; da cidade"},"content":{"rendered":"<p>O ciclista I\u00fari Leit\u00e3o \u00e9 o novo \u201cimperador\u201d de Viana do Castelo, \u2018t\u00edtulo\u2019 ontem concedido pelo presidente da c\u00e2mara perante uma multid\u00e3o que acorreu \u00e0 principal pra\u00e7a da cidade para aclamar o campe\u00e3o ol\u00edmpico em Paris2024.<\/p>\n<p>Jos\u00e9 Freitas, a mulher Nazar\u00e9 e Ricardo Parente esperavam pacientemente a chegada do atleta aos Antigos Pa\u00e7os do Concelho, na Pra\u00e7a da Rep\u00fablica, no centro hist\u00f3rico de Viana do Castelo, destacando-se pelas t-shirts de apoio: nas costas da camisola, um pequeno porco, um leit\u00e3o, com asas e que pedala furiosamente uma bicicleta \u2013 \u201c#flyingpiggy\u201d, l\u00ea-se.<\/p>\n<p>Fazem parte de uma esp\u00e9cie de claque de I\u00fari Leit\u00e3o e s\u00e3o amigos de Santa Marta de Portuzelo.<\/p>\n<p>\u201c\u00c9 um orgulho para n\u00f3s! Nunca mais ser\u00e1 esquecido, est\u00e1 no nosso cora\u00e7\u00e3o\u201d, assegura Nazar\u00e9 Freitas \u00e0 Lusa, enquanto o marido lembra os \u201carrepios\u201d que sentiu ao ver as provas que deram a medalha de prata no concurso de omnium e o ouro, com Rui Oliveira, em Madison, ao vizinho que tem a alcunha de \u2018Flying Piggy\u2019.<\/p>\n<p>\u201cEst\u00e1vamos no cortejo de Santa Marta [de Portuzelo], mas nem o vimos bem, est\u00e1vamos a ver a prova no telem\u00f3vel\u201d, sorriem.<\/p>\n<p>Para Ricardo, \u201co Marcelo [Rebelo de Sousa] devia vir c\u00e1. Se fosse no futebol\u2026 \u00c9 o \u00fanico atleta portugu\u00eas que ganhou duas medalhas nos mesmos Jogos Ol\u00edmpicos. As modalidades tamb\u00e9m merecem\u201d, aponta.<\/p>\n<p>\u00c0s 21h15, menos de duas horas depois de aterrar no Porto, I\u00fari Leit\u00e3o chega \u00e0 pra\u00e7a repleta de gente atr\u00e1s de um cortejo de bombos que s\u00f3 para de tocar, j\u00e1 com o ciclista no palco, largos minutos depois.<\/p>\n<p>Incr\u00e9dulo com a rece\u00e7\u00e3o, o jovem de 26 anos leva as m\u00e3os \u00e0 cabe\u00e7a algumas vezes.<br \/>\n\u201cEste \u00e9 um dia inesquec\u00edvel. Nunca imaginei que a rece\u00e7\u00e3o pudesse ter esta dimens\u00e3o. Estou completamente incr\u00e9dulo. Consigo sentir o orgulho que as pessoas sentem por este resultado e por ser um vianense a conseguir estes feitos hist\u00f3ricos \u00fanicos no desporto nacional\u201d, disse mais tarde, aos jornalistas.<\/p>\n<p>O ciclista notou que esta \u00e9 \u201ca parte mais importante da temporada\u201d e sente-se no melhor momento de forma de sempre.<\/p>\n<p>\u201cN\u00e3o posso dizer que estou propriamente surpreendido porque foi exatamente para isto que trabalhei (\u2026). Se n\u00e3o aproveitar agora o embalo vou estar a desperdi\u00e7ar o trabalho que fiz at\u00e9 agora. Isto \u00e9 o que eu fa\u00e7o h\u00e1 muitos anos e trabalho para ser um dos melhores do mundo\u201d, disse.<\/p>\n<p>Antes, no palco, o presidente da Junta de Freguesia de Santa Marta de Portuzelo, Nuno Ferraz, resumiu o sentimento geral: \u201c\u00c9s o nosso orgulho! Santa Marta de Portuzelo \u00e9 a capital do folclore e agora tem o I\u00fari no cora\u00e7\u00e3o\u201d, atirou.<\/p>\n<p>J\u00e1 o diretor regional do norte do Instituto Portugu\u00eas do Desporto e Juventude, V\u00edtor Dias, considera o atleta \u201cuma inspira\u00e7\u00e3o como desportista e ser humano: representa tudo o que queremos no desporto em Portugal\u201d.<\/p>\n<p>O presidente da C\u00e2mara Municipal de Viana do Castelo, Lu\u00eds Nobre, junta-se \u00e0 \u201cemo\u00e7\u00e3o incr\u00edvel\u201d, agradecendo: \u201cobrigado por trazeres o esp\u00edrito ol\u00edmpico para a nossa pra\u00e7a maior\u201d.<\/p>\n<p>\u201cQueremos que sejas o nosso imperador, o imperador de Viana do Castelo, porque vencer como ele venceu s\u00f3 est\u00e1 ao alcance dos imperadores\u201d, diz o autarca que promete que, na pr\u00f3xima reuni\u00e3o de c\u00e2mara, vai propor a atribui\u00e7\u00e3o de cidad\u00e3o de honra da cidade a I\u00fari Leit\u00e3o.<\/p>\n<p>J\u00e1 na varanda, Lu\u00eds Nobre oferece ao novo \u201cimperador\u201d de Viana o ic\u00f3nico cora\u00e7\u00e3o de ouro de Viana do Castelo em filigrana e a seguir entra o \u201cWe are the champions\u201d, m\u00fasica dos Queen que se tornou hino dos campe\u00f5es.<\/p>\n","protected":false},"excerpt":{"rendered":"<p>O ciclista I\u00fari Leit\u00e3o \u00e9 o novo \u201cimperador\u201d de Viana do Castelo, \u2018t\u00edtulo\u2019 ontem concedido pelo presidente da c\u00e2mara perante uma multid\u00e3o que acorreu \u00e0 principal pra\u00e7a da cidade para aclamar o campe\u00e3o ol\u00edmpico em Paris2024. Jos\u00e9 Freitas, a mulher Nazar\u00e9 e Ricardo Parente esperavam pacientemente a chegada do atleta aos Antigos Pa\u00e7os do Concelho, [&hellip;]<\/p>\n","protected":false},"author":13,"featured_media":109661,"comment_status":"closed","ping_status":"closed","sticky":false,"template":"","format":"standard","meta":{"_exactmetrics_skip_tracking":false,"_exactmetrics_sitenote_active":false,"_exactmetrics_sitenote_note":"","_exactmetrics_sitenote_category":0,"footnotes":""},"categories":[14],"tags":[20],"class_list":["post-109660","post","type-post","status-publish","format-standard","has-post-thumbnail","hentry","category-viana-do-castelo","tag-desporto"],"yoast_head":"<!-- This site is optimized with the Yoast SEO Premium plugin v27.4 (Yoast SEO v27.4) - https:\/\/yoast.com\/product\/yoast-seo-premium-wordpress\/ -->\n<title>Viana do Castelo acolheu em \u00eaxtase I\u00fari Leit\u00e3o, o novo &quot;imperador&quot; da cidade<\/title>\n<meta name=\"description\" content=\"O ciclista I\u00fari Leit\u00e3o \u00e9 o novo \u201cimperador\u201d de Viana do Castelo, \u2018t\u00edtulo\u2019 concedido pelo presidente da c\u00e2mara perante uma multid\u00e3o que acorreu \u00e0 principal pra\u00e7a da cidade para aclamar o campe\u00e3o ol\u00edmpico em Paris2024.\" \/>\n<meta name=\"robots\" content=\"index, follow, max-snippet:-1, max-image-preview:large, max-video-preview:-1\" \/>\n<link rel=\"canonical\" href=\"https:\/\/www.altominho.tv\/site\/2024\/08\/13\/viana-do-castelo-acolheu-em-extase-iuri-leitao-o-novo-imperador-da-cidade\/\" \/>\n<meta property=\"og:locale\" content=\"pt_PT\" \/>\n<meta property=\"og:type\" content=\"article\" \/>\n<meta property=\"og:title\" content=\"Viana do Castelo acolheu em \u00eaxtase I\u00fari Leit\u00e3o, o novo &quot;imperador&quot; da cidade\" \/>\n<meta property=\"og:description\" content=\"O ciclista I\u00fari Leit\u00e3o \u00e9 o novo \u201cimperador\u201d de Viana do Castelo, \u2018t\u00edtulo\u2019 concedido pelo presidente da c\u00e2mara perante uma multid\u00e3o que acorreu \u00e0 principal pra\u00e7a da cidade para aclamar o campe\u00e3o ol\u00edmpico em Paris2024.\" \/>\n<meta property=\"og:url\" content=\"https:\/\/www.altominho.tv\/site\/2024\/08\/13\/viana-do-castelo-acolheu-em-extase-iuri-leitao-o-novo-imperador-da-cidade\/\" \/>\n<meta property=\"og:site_name\" content=\"Altominho.tv\" \/>\n<meta property=\"article:publisher\" content=\"https:\/\/www.facebook.com\/altominhotv\" \/>\n<meta property=\"article:published_time\" content=\"2024-08-13T08:07:33+00:00\" \/>\n<meta property=\"article:modified_time\" content=\"2024-08-13T08:08:47+00:00\" \/>\n<meta property=\"og:image\" content=\"https:\/\/www.altominho.tv\/site\/wp-content\/uploads\/2024\/08\/iuri-leitao.jpg\" \/>\n\t<meta property=\"og:image:width\" content=\"2000\" \/>\n\t<meta property=\"og:image:height\" content=\"1125\" \/>\n\t<meta property=\"og:image:type\" content=\"image\/jpeg\" \/>\n<meta name=\"author\" content=\"Lusa\" \/>\n<meta name=\"twitter:card\" content=\"summary_large_image\" \/>\n<meta name=\"twitter:creator\" content=\"@altominhoTV\" \/>\n<meta name=\"twitter:site\" content=\"@altominhoTV\" \/>\n<meta name=\"twitter:label1\" content=\"Escrito por\" \/>\n\t<meta name=\"twitter:data1\" content=\"Lusa\" \/>\n\t<meta name=\"twitter:label2\" content=\"Tempo estimado de leitura\" \/>\n\t<meta name=\"twitter:data2\" content=\"4 minutos\" \/>\n<script type=\"application\/ld+json\" class=\"yoast-schema-graph\">{\"@context\":\"https:\\\/\\\/schema.org\",\"@graph\":[{\"@type\":\"Article\",\"@id\":\"https:\\\/\\\/www.altominho.tv\\\/site\\\/2024\\\/08\\\/13\\\/viana-do-castelo-acolheu-em-extase-iuri-leitao-o-novo-imperador-da-cidade\\\/#article\",\"isPartOf\":{\"@id\":\"https:\\\/\\\/www.altominho.tv\\\/site\\\/2024\\\/08\\\/13\\\/viana-do-castelo-acolheu-em-extase-iuri-leitao-o-novo-imperador-da-cidade\\\/\"},\"author\":{\"name\":\"Lusa\",\"@id\":\"https:\\\/\\\/www.altominho.tv\\\/site\\\/#\\\/schema\\\/person\\\/63f693da3e1899361cbe955c46f3232e\"},\"headline\":\"Viana do Castelo acolheu em \u00eaxtase I\u00fari Leit\u00e3o, o novo &#8220;imperador&#8221; da cidade\",\"datePublished\":\"2024-08-13T08:07:33+00:00\",\"dateModified\":\"2024-08-13T08:08:47+00:00\",\"mainEntityOfPage\":{\"@id\":\"https:\\\/\\\/www.altominho.tv\\\/site\\\/2024\\\/08\\\/13\\\/viana-do-castelo-acolheu-em-extase-iuri-leitao-o-novo-imperador-da-cidade\\\/\"},\"wordCount\":648,\"image\":{\"@id\":\"https:\\\/\\\/www.altominho.tv\\\/site\\\/2024\\\/08\\\/13\\\/viana-do-castelo-acolheu-em-extase-iuri-leitao-o-novo-imperador-da-cidade\\\/#primaryimage\"},\"thumbnailUrl\":\"https:\\\/\\\/www.altominho.tv\\\/site\\\/wp-content\\\/uploads\\\/2024\\\/08\\\/iuri-leitao.jpg\",\"keywords\":[\"Desporto\"],\"articleSection\":[\"Viana do Castelo\"],\"inLanguage\":\"pt-PT\",\"copyrightYear\":\"2024\",\"copyrightHolder\":{\"@id\":\"https:\\\/\\\/www.altominho.tv\\\/site\\\/#organization\"}},{\"@type\":\"WebPage\",\"@id\":\"https:\\\/\\\/www.altominho.tv\\\/site\\\/2024\\\/08\\\/13\\\/viana-do-castelo-acolheu-em-extase-iuri-leitao-o-novo-imperador-da-cidade\\\/\",\"url\":\"https:\\\/\\\/www.altominho.tv\\\/site\\\/2024\\\/08\\\/13\\\/viana-do-castelo-acolheu-em-extase-iuri-leitao-o-novo-imperador-da-cidade\\\/\",\"name\":\"Viana do Castelo acolheu em \u00eaxtase I\u00fari Leit\u00e3o, o novo \\\"imperador\\\" da cidade\",\"isPartOf\":{\"@id\":\"https:\\\/\\\/www.altominho.tv\\\/site\\\/#website\"},\"primaryImageOfPage\":{\"@id\":\"https:\\\/\\\/www.altominho.tv\\\/site\\\/2024\\\/08\\\/13\\\/viana-do-castelo-acolheu-em-extase-iuri-leitao-o-novo-imperador-da-cidade\\\/#primaryimage\"},\"image\":{\"@id\":\"https:\\\/\\\/www.altominho.tv\\\/site\\\/2024\\\/08\\\/13\\\/viana-do-castelo-acolheu-em-extase-iuri-leitao-o-novo-imperador-da-cidade\\\/#primaryimage\"},\"thumbnailUrl\":\"https:\\\/\\\/www.altominho.tv\\\/site\\\/wp-content\\\/uploads\\\/2024\\\/08\\\/iuri-leitao.jpg\",\"datePublished\":\"2024-08-13T08:07:33+00:00\",\"dateModified\":\"2024-08-13T08:08:47+00:00\",\"author\":{\"@id\":\"https:\\\/\\\/www.altominho.tv\\\/site\\\/#\\\/schema\\\/person\\\/63f693da3e1899361cbe955c46f3232e\"},\"description\":\"O ciclista I\u00fari Leit\u00e3o \u00e9 o novo \u201cimperador\u201d de Viana do Castelo, \u2018t\u00edtulo\u2019 concedido pelo presidente da c\u00e2mara perante uma multid\u00e3o que acorreu \u00e0 principal pra\u00e7a da cidade para aclamar o campe\u00e3o ol\u00edmpico em Paris2024.\",\"breadcrumb\":{\"@id\":\"https:\\\/\\\/www.altominho.tv\\\/site\\\/2024\\\/08\\\/13\\\/viana-do-castelo-acolheu-em-extase-iuri-leitao-o-novo-imperador-da-cidade\\\/#breadcrumb\"},\"inLanguage\":\"pt-PT\",\"potentialAction\":[{\"@type\":\"ReadAction\",\"target\":[\"https:\\\/\\\/www.altominho.tv\\\/site\\\/2024\\\/08\\\/13\\\/viana-do-castelo-acolheu-em-extase-iuri-leitao-o-novo-imperador-da-cidade\\\/\"]}]},{\"@type\":\"ImageObject\",\"inLanguage\":\"pt-PT\",\"@id\":\"https:\\\/\\\/www.altominho.tv\\\/site\\\/2024\\\/08\\\/13\\\/viana-do-castelo-acolheu-em-extase-iuri-leitao-o-novo-imperador-da-cidade\\\/#primaryimage\",\"url\":\"https:\\\/\\\/www.altominho.tv\\\/site\\\/wp-content\\\/uploads\\\/2024\\\/08\\\/iuri-leitao.jpg\",\"contentUrl\":\"https:\\\/\\\/www.altominho.tv\\\/site\\\/wp-content\\\/uploads\\\/2024\\\/08\\\/iuri-leitao.jpg\",\"width\":2000,\"height\":1125},{\"@type\":\"BreadcrumbList\",\"@id\":\"https:\\\/\\\/www.altominho.tv\\\/site\\\/2024\\\/08\\\/13\\\/viana-do-castelo-acolheu-em-extase-iuri-leitao-o-novo-imperador-da-cidade\\\/#breadcrumb\",\"itemListElement\":[{\"@type\":\"ListItem\",\"position\":1,\"name\":\"In\u00edcio\",\"item\":\"https:\\\/\\\/www.altominho.tv\\\/site\\\/\"},{\"@type\":\"ListItem\",\"position\":2,\"name\":\"Viana do Castelo acolheu em \u00eaxtase I\u00fari Leit\u00e3o, o novo &#8220;imperador&#8221; da cidade\"}]},{\"@type\":\"WebSite\",\"@id\":\"https:\\\/\\\/www.altominho.tv\\\/site\\\/#website\",\"url\":\"https:\\\/\\\/www.altominho.tv\\\/site\\\/\",\"name\":\"Altominho.tv\",\"description\":\"A sua regi\u00e3o \u00e0 dist\u00e2ncia de um clique...\",\"potentialAction\":[{\"@type\":\"SearchAction\",\"target\":{\"@type\":\"EntryPoint\",\"urlTemplate\":\"https:\\\/\\\/www.altominho.tv\\\/site\\\/?s={search_term_string}\"},\"query-input\":{\"@type\":\"PropertyValueSpecification\",\"valueRequired\":true,\"valueName\":\"search_term_string\"}}],\"inLanguage\":\"pt-PT\"},{\"@type\":\"Person\",\"@id\":\"https:\\\/\\\/www.altominho.tv\\\/site\\\/#\\\/schema\\\/person\\\/63f693da3e1899361cbe955c46f3232e\",\"name\":\"Lusa\",\"image\":{\"@type\":\"ImageObject\",\"inLanguage\":\"pt-PT\",\"@id\":\"https:\\\/\\\/www.altominho.tv\\\/site\\\/wp-content\\\/uploads\\\/2019\\\/08\\\/LUSA_Logo.gif\",\"url\":\"https:\\\/\\\/www.altominho.tv\\\/site\\\/wp-content\\\/uploads\\\/2019\\\/08\\\/LUSA_Logo.gif\",\"contentUrl\":\"https:\\\/\\\/www.altominho.tv\\\/site\\\/wp-content\\\/uploads\\\/2019\\\/08\\\/LUSA_Logo.gif\",\"caption\":\"Lusa\"},\"sameAs\":[\"http:\\\/\\\/\\\/\\\/www.altominho.tv\\\/site\"],\"url\":\"https:\\\/\\\/www.altominho.tv\\\/site\\\/author\\\/lusa\\\/\"}]}<\/script>\n<!-- \/ Yoast SEO Premium plugin. -->","yoast_head_json":{"title":"Viana do Castelo acolheu em \u00eaxtase I\u00fari Leit\u00e3o, o novo \"imperador\" da cidade","description":"O ciclista I\u00fari Leit\u00e3o \u00e9 o novo \u201cimperador\u201d de Viana do Castelo, \u2018t\u00edtulo\u2019 concedido pelo presidente da c\u00e2mara perante uma multid\u00e3o que acorreu \u00e0 principal pra\u00e7a da cidade para aclamar o campe\u00e3o ol\u00edmpico em Paris2024.","robots":{"index":"index","follow":"follow","max-snippet":"max-snippet:-1","max-image-preview":"max-image-preview:large","max-video-preview":"max-video-preview:-1"},"canonical":"https:\/\/www.altominho.tv\/site\/2024\/08\/13\/viana-do-castelo-acolheu-em-extase-iuri-leitao-o-novo-imperador-da-cidade\/","og_locale":"pt_PT","og_type":"article","og_title":"Viana do Castelo acolheu em \u00eaxtase I\u00fari Leit\u00e3o, o novo \"imperador\" da cidade","og_description":"O ciclista I\u00fari Leit\u00e3o \u00e9 o novo \u201cimperador\u201d de Viana do Castelo, \u2018t\u00edtulo\u2019 concedido pelo presidente da c\u00e2mara perante uma multid\u00e3o que acorreu \u00e0 principal pra\u00e7a da cidade para aclamar o campe\u00e3o ol\u00edmpico em Paris2024.","og_url":"https:\/\/www.altominho.tv\/site\/2024\/08\/13\/viana-do-castelo-acolheu-em-extase-iuri-leitao-o-novo-imperador-da-cidade\/","og_site_name":"Altominho.tv","article_publisher":"https:\/\/www.facebook.com\/altominhotv","article_published_time":"2024-08-13T08:07:33+00:00","article_modified_time":"2024-08-13T08:08:47+00:00","og_image":[{"width":2000,"height":1125,"url":"https:\/\/www.altominho.tv\/site\/wp-content\/uploads\/2024\/08\/iuri-leitao.jpg","type":"image\/jpeg"}],"author":"Lusa","twitter_card":"summary_large_image","twitter_creator":"@altominhoTV","twitter_site":"@altominhoTV","twitter_misc":{"Escrito por":"Lusa","Tempo estimado de leitura":"4 minutos"},"schema":{"@context":"https:\/\/schema.org","@graph":[{"@type":"Article","@id":"https:\/\/www.altominho.tv\/site\/2024\/08\/13\/viana-do-castelo-acolheu-em-extase-iuri-leitao-o-novo-imperador-da-cidade\/#article","isPartOf":{"@id":"https:\/\/www.altominho.tv\/site\/2024\/08\/13\/viana-do-castelo-acolheu-em-extase-iuri-leitao-o-novo-imperador-da-cidade\/"},"author":{"name":"Lusa","@id":"https:\/\/www.altominho.tv\/site\/#\/schema\/person\/63f693da3e1899361cbe955c46f3232e"},"headline":"Viana do Castelo acolheu em \u00eaxtase I\u00fari Leit\u00e3o, o novo &#8220;imperador&#8221; da cidade","datePublished":"2024-08-13T08:07:33+00:00","dateModified":"2024-08-13T08:08:47+00:00","mainEntityOfPage":{"@id":"https:\/\/www.altominho.tv\/site\/2024\/08\/13\/viana-do-castelo-acolheu-em-extase-iuri-leitao-o-novo-imperador-da-cidade\/"},"wordCount":648,"image":{"@id":"https:\/\/www.altominho.tv\/site\/2024\/08\/13\/viana-do-castelo-acolheu-em-extase-iuri-leitao-o-novo-imperador-da-cidade\/#primaryimage"},"thumbnailUrl":"https:\/\/www.altominho.tv\/site\/wp-content\/uploads\/2024\/08\/iuri-leitao.jpg","keywords":["Desporto"],"articleSection":["Viana do Castelo"],"inLanguage":"pt-PT","copyrightYear":"2024","copyrightHolder":{"@id":"https:\/\/www.altominho.tv\/site\/#organization"}},{"@type":"WebPage","@id":"https:\/\/www.altominho.tv\/site\/2024\/08\/13\/viana-do-castelo-acolheu-em-extase-iuri-leitao-o-novo-imperador-da-cidade\/","url":"https:\/\/www.altominho.tv\/site\/2024\/08\/13\/viana-do-castelo-acolheu-em-extase-iuri-leitao-o-novo-imperador-da-cidade\/","name":"Viana do Castelo acolheu em \u00eaxtase I\u00fari Leit\u00e3o, o novo \"imperador\" da cidade","isPartOf":{"@id":"https:\/\/www.altominho.tv\/site\/#website"},"primaryImageOfPage":{"@id":"https:\/\/www.altominho.tv\/site\/2024\/08\/13\/viana-do-castelo-acolheu-em-extase-iuri-leitao-o-novo-imperador-da-cidade\/#primaryimage"},"image":{"@id":"https:\/\/www.altominho.tv\/site\/2024\/08\/13\/viana-do-castelo-acolheu-em-extase-iuri-leitao-o-novo-imperador-da-cidade\/#primaryimage"},"thumbnailUrl":"https:\/\/www.altominho.tv\/site\/wp-content\/uploads\/2024\/08\/iuri-leitao.jpg","datePublished":"2024-08-13T08:07:33+00:00","dateModified":"2024-08-13T08:08:47+00:00","author":{"@id":"https:\/\/www.altominho.tv\/site\/#\/schema\/person\/63f693da3e1899361cbe955c46f3232e"},"description":"O ciclista I\u00fari Leit\u00e3o \u00e9 o novo \u201cimperador\u201d de Viana do Castelo, \u2018t\u00edtulo\u2019 concedido pelo presidente da c\u00e2mara perante uma multid\u00e3o que acorreu \u00e0 principal pra\u00e7a da cidade para aclamar o campe\u00e3o ol\u00edmpico em Paris2024.","breadcrumb":{"@id":"https:\/\/www.altominho.tv\/site\/2024\/08\/13\/viana-do-castelo-acolheu-em-extase-iuri-leitao-o-novo-imperador-da-cidade\/#breadcrumb"},"inLanguage":"pt-PT","potentialAction":[{"@type":"ReadAction","target":["https:\/\/www.altominho.tv\/site\/2024\/08\/13\/viana-do-castelo-acolheu-em-extase-iuri-leitao-o-novo-imperador-da-cidade\/"]}]},{"@type":"ImageObject","inLanguage":"pt-PT","@id":"https:\/\/www.altominho.tv\/site\/2024\/08\/13\/viana-do-castelo-acolheu-em-extase-iuri-leitao-o-novo-imperador-da-cidade\/#primaryimage","url":"https:\/\/www.altominho.tv\/site\/wp-content\/uploads\/2024\/08\/iuri-leitao.jpg","contentUrl":"https:\/\/www.altominho.tv\/site\/wp-content\/uploads\/2024\/08\/iuri-leitao.jpg","width":2000,"height":1125},{"@type":"BreadcrumbList","@id":"https:\/\/www.altominho.tv\/site\/2024\/08\/13\/viana-do-castelo-acolheu-em-extase-iuri-leitao-o-novo-imperador-da-cidade\/#breadcrumb","itemListElement":[{"@type":"ListItem","position":1,"name":"In\u00edcio","item":"https:\/\/www.altominho.tv\/site\/"},{"@type":"ListItem","position":2,"name":"Viana do Castelo acolheu em \u00eaxtase I\u00fari Leit\u00e3o, o novo &#8220;imperador&#8221; da cidade"}]},{"@type":"WebSite","@id":"https:\/\/www.altominho.tv\/site\/#website","url":"https:\/\/www.altominho.tv\/site\/","name":"Altominho.tv","description":"A sua regi\u00e3o \u00e0 dist\u00e2ncia de um clique...","potentialAction":[{"@type":"SearchAction","target":{"@type":"EntryPoint","urlTemplate":"https:\/\/www.altominho.tv\/site\/?s={search_term_string}"},"query-input":{"@type":"PropertyValueSpecification","valueRequired":true,"valueName":"search_term_string"}}],"inLanguage":"pt-PT"},{"@type":"Person","@id":"https:\/\/www.altominho.tv\/site\/#\/schema\/person\/63f693da3e1899361cbe955c46f3232e","name":"Lusa","image":{"@type":"ImageObject","inLanguage":"pt-PT","@id":"https:\/\/www.altominho.tv\/site\/wp-content\/uploads\/2019\/08\/LUSA_Logo.gif","url":"https:\/\/www.altominho.tv\/site\/wp-content\/uploads\/2019\/08\/LUSA_Logo.gif","contentUrl":"https:\/\/www.altominho.tv\/site\/wp-content\/uploads\/2019\/08\/LUSA_Logo.gif","caption":"Lusa"},"sameAs":["http:\/\/\/\/www.altominho.tv\/site"],"url":"https:\/\/www.altominho.tv\/site\/author\/lusa\/"}]}},"_links":{"self":[{"href":"https:\/\/www.altominho.tv\/site\/wp-json\/wp\/v2\/posts\/109660","targetHints":{"allow":["GET"]}}],"collection":[{"href":"https:\/\/www.altominho.tv\/site\/wp-json\/wp\/v2\/posts"}],"about":[{"href":"https:\/\/www.altominho.tv\/site\/wp-json\/wp\/v2\/types\/post"}],"author":[{"embeddable":true,"href":"https:\/\/www.altominho.tv\/site\/wp-json\/wp\/v2\/users\/13"}],"replies":[{"embeddable":true,"href":"https:\/\/www.altominho.tv\/site\/wp-json\/wp\/v2\/comments?post=109660"}],"version-history":[{"count":2,"href":"https:\/\/www.altominho.tv\/site\/wp-json\/wp\/v2\/posts\/109660\/revisions"}],"predecessor-version":[{"id":109663,"href":"https:\/\/www.altominho.tv\/site\/wp-json\/wp\/v2\/posts\/109660\/revisions\/109663"}],"wp:featuredmedia":[{"embeddable":true,"href":"https:\/\/www.altominho.tv\/site\/wp-json\/wp\/v2\/media\/109661"}],"wp:attachment":[{"href":"https:\/\/www.altominho.tv\/site\/wp-json\/wp\/v2\/media?parent=109660"}],"wp:term":[{"taxonomy":"category","embeddable":true,"href":"https:\/\/www.altominho.tv\/site\/wp-json\/wp\/v2\/categories?post=109660"},{"taxonomy":"post_tag","embeddable":true,"href":"https:\/\/www.altominho.tv\/site\/wp-json\/wp\/v2\/tags?post=109660"}],"curies":[{"name":"wp","href":"https:\/\/api.w.org\/{rel}","templated":true}]}}