{"id":109651,"date":"2024-08-12T16:22:28","date_gmt":"2024-08-12T15:22:28","guid":{"rendered":"https:\/\/www.altominho.tv\/site\/?p=109651"},"modified":"2024-08-12T16:23:46","modified_gmt":"2024-08-12T15:23:46","slug":"fogos-rurais-quase-duplicam-em-julho-e-atingem-o-valor-mais-alto-de-2024","status":"publish","type":"post","link":"https:\/\/www.altominho.tv\/site\/2024\/08\/12\/fogos-rurais-quase-duplicam-em-julho-e-atingem-o-valor-mais-alto-de-2024\/","title":{"rendered":"Fogos rurais quase duplicam em julho e atingem o valor mais alto de 2024"},"content":{"rendered":"<p>O n\u00famero de inc\u00eandios rurais atingiu em julho o valor mais elevado deste ano, com 1.082 ocorr\u00eancias, quase o dobro face aos 596 inc\u00eandios rurais de junho, e foi tamb\u00e9m respons\u00e1vel pela maior \u00e1rea ardida do ano.<\/p>\n<p>Segundo os dados provis\u00f3rios do Instituto de Conserva\u00e7\u00e3o da Natureza e das Florestas (ICNF), os 1.082 inc\u00eandios rurais do \u00faltimo m\u00eas representam uma subida de cerca de 81% relativamente a junho, que era at\u00e9 agora o m\u00eas com mais ocorr\u00eancias em 2024, e correspondem a 38% do total (2.820) de fogos rurais registado entre janeiro e julho deste ano.<\/p>\n<p>Ainda assim, o registo de 1.082 inc\u00eandios rurais em julho est\u00e1 muito abaixo da m\u00e9dia da d\u00e9cada 2014-2023 para o mesmo per\u00edodo e que foi de 2.193.<\/p>\n<p>J\u00e1 ao n\u00edvel da \u00e1rea ardida, o m\u00eas passado foi tamb\u00e9m o que apresentou valores mais elevados neste ano, com 1.538 hectares afetados pelas chamas, acima dos 949 observados em junho, e correspondendo a 35% do total de 4.425 hectares ardidos em 2024.<\/p>\n<p>Na distribui\u00e7\u00e3o da \u00e1rea ardida, os povoamentos foram a \u00e1rea que mais ardeu em julho, com 732 hectares, seguida dos fogos rurais em matos (475) e zonas agr\u00edcolas (331).<br \/>\nTal como no n\u00famero de inc\u00eandios, tamb\u00e9m a compara\u00e7\u00e3o com a m\u00e9dia anual dos \u00faltimos 10 anos para este per\u00edodo \u00e9 favor\u00e1vel a 2024, uma vez que a m\u00e9dia de \u00e1rea ardida para julho era de 18.754 hectares.<\/p>\n<p>As estat\u00edsticas do ICNF para as causas dos inc\u00eandios entre janeiro e julho deste ano revelam que o incendiarismo \u00e9 a causa isolada mais frequente entre as 1.975 ocorr\u00eancias investigadas, sendo respons\u00e1vel por 24% dos inc\u00eandios rurais, \u00e0 frente das queimadas extensivas de sobrantes florestais ou agr\u00edcolas (16%).<\/p>\n<p>No entanto, agregando os diferentes tipos de queimadas e usos do fogo alcan\u00e7a-se um total de 42% nas causas de inc\u00eandios. Seguem-se os inc\u00eandios rurais com origens acidentais (16%), provocados por outras causas n\u00e3o especificadas (12%), os reacendimentos (3%), a realiza\u00e7\u00e3o de fogueiras (2%) e os fogos causados por raz\u00f5es naturais, como a queda de raios (1%).<\/p>\n<p>\u201cDo total de 2.820 inc\u00eandios rurais verificados no ano de 2024, 1.975 foram investigados e t\u00eam o processo de averigua\u00e7\u00e3o de causas conclu\u00eddo (70% do n\u00famero total de inc\u00eandios &#8211; respons\u00e1veis por 82% da \u00e1rea total ardida). Destes, a investiga\u00e7\u00e3o permitiu a atribui\u00e7\u00e3o de uma causa para 1.464 inc\u00eandios (74% dos inc\u00eandios investigados &#8211; respons\u00e1veis por 68% da \u00e1rea total ardida)\u201d, l\u00ea-se no relat\u00f3rio.<\/p>\n<p>Em termos regionais, os distritos de Porto (429), Viana do Castelo (265) e Braga (239) s\u00e3o aqueles que registam maior n\u00famero de inc\u00eandios rurais em 2024.<\/p>\n<p>Contudo, ao n\u00edvel de \u00e1rea ardida este ano destaca-se o distrito de Viana do Castelo, com 712 hectares, seguido de Beja (697) e de Braga (449).<\/p>\n","protected":false},"excerpt":{"rendered":"<p>O n\u00famero de inc\u00eandios rurais atingiu em julho o valor mais elevado deste ano, com 1.082 ocorr\u00eancias, quase o dobro face aos 596 inc\u00eandios rurais de junho, e foi tamb\u00e9m respons\u00e1vel pela maior \u00e1rea ardida do ano. Segundo os dados provis\u00f3rios do Instituto de Conserva\u00e7\u00e3o da Natureza e das Florestas (ICNF), os 1.082 inc\u00eandios rurais [&hellip;]<\/p>\n","protected":false},"author":13,"featured_media":83064,"comment_status":"closed","ping_status":"closed","sticky":false,"template":"","format":"standard","meta":{"_exactmetrics_skip_tracking":false,"_exactmetrics_sitenote_active":false,"_exactmetrics_sitenote_note":"","_exactmetrics_sitenote_category":0,"footnotes":""},"categories":[56325],"tags":[27],"class_list":["post-109651","post","type-post","status-publish","format-standard","has-post-thumbnail","hentry","category-pais","tag-sociedade"],"yoast_head":"<!-- This site is optimized with the Yoast SEO Premium plugin v27.5 (Yoast SEO v27.5) - https:\/\/yoast.com\/product\/yoast-seo-premium-wordpress\/ -->\n<title>Fogos rurais quase duplicam em julho e atingem o valor mais alto de 2024<\/title>\n<meta name=\"description\" content=\"O n\u00famero de inc\u00eandios rurais atingiu em julho o valor mais elevado deste ano, com 1.082 ocorr\u00eancias, quase o dobro face aos 596 inc\u00eandios rurais de junho, e foi tamb\u00e9m respons\u00e1vel pela maior \u00e1rea ardida do ano.\" \/>\n<meta name=\"robots\" content=\"index, follow, max-snippet:-1, max-image-preview:large, max-video-preview:-1\" \/>\n<link rel=\"canonical\" href=\"https:\/\/www.altominho.tv\/site\/2024\/08\/12\/fogos-rurais-quase-duplicam-em-julho-e-atingem-o-valor-mais-alto-de-2024\/\" \/>\n<meta property=\"og:locale\" content=\"pt_PT\" \/>\n<meta property=\"og:type\" content=\"article\" \/>\n<meta property=\"og:title\" content=\"Fogos rurais quase duplicam em julho e atingem o valor mais alto de 2024\" \/>\n<meta property=\"og:description\" content=\"O n\u00famero de inc\u00eandios rurais atingiu em julho o valor mais elevado deste ano, com 1.082 ocorr\u00eancias, quase o dobro face aos 596 inc\u00eandios rurais de junho, e foi tamb\u00e9m respons\u00e1vel pela maior \u00e1rea ardida do ano.\" \/>\n<meta property=\"og:url\" content=\"https:\/\/www.altominho.tv\/site\/2024\/08\/12\/fogos-rurais-quase-duplicam-em-julho-e-atingem-o-valor-mais-alto-de-2024\/\" \/>\n<meta property=\"og:site_name\" content=\"Altominho.tv\" \/>\n<meta property=\"article:publisher\" content=\"https:\/\/www.facebook.com\/altominhotv\" \/>\n<meta property=\"article:published_time\" content=\"2024-08-12T15:22:28+00:00\" \/>\n<meta property=\"article:modified_time\" content=\"2024-08-12T15:23:46+00:00\" \/>\n<meta property=\"og:image\" content=\"https:\/\/www.altominho.tv\/site\/wp-content\/uploads\/2022\/09\/fogos.jpeg\" \/>\n\t<meta property=\"og:image:width\" content=\"800\" \/>\n\t<meta property=\"og:image:height\" content=\"450\" \/>\n\t<meta property=\"og:image:type\" content=\"image\/jpeg\" \/>\n<meta name=\"author\" content=\"Lusa\" \/>\n<meta name=\"twitter:card\" content=\"summary_large_image\" \/>\n<meta name=\"twitter:creator\" content=\"@altominhoTV\" \/>\n<meta name=\"twitter:site\" content=\"@altominhoTV\" \/>\n<meta name=\"twitter:label1\" content=\"Escrito por\" \/>\n\t<meta name=\"twitter:data1\" content=\"Lusa\" \/>\n\t<meta name=\"twitter:label2\" content=\"Tempo estimado de leitura\" \/>\n\t<meta name=\"twitter:data2\" content=\"1 minuto\" \/>\n<script type=\"application\/ld+json\" class=\"yoast-schema-graph\">{\"@context\":\"https:\\\/\\\/schema.org\",\"@graph\":[{\"@type\":\"Article\",\"@id\":\"https:\\\/\\\/www.altominho.tv\\\/site\\\/2024\\\/08\\\/12\\\/fogos-rurais-quase-duplicam-em-julho-e-atingem-o-valor-mais-alto-de-2024\\\/#article\",\"isPartOf\":{\"@id\":\"https:\\\/\\\/www.altominho.tv\\\/site\\\/2024\\\/08\\\/12\\\/fogos-rurais-quase-duplicam-em-julho-e-atingem-o-valor-mais-alto-de-2024\\\/\"},\"author\":{\"name\":\"Lusa\",\"@id\":\"https:\\\/\\\/www.altominho.tv\\\/site\\\/#\\\/schema\\\/person\\\/63f693da3e1899361cbe955c46f3232e\"},\"headline\":\"Fogos rurais quase duplicam em julho e atingem o valor mais alto de 2024\",\"datePublished\":\"2024-08-12T15:22:28+00:00\",\"dateModified\":\"2024-08-12T15:23:46+00:00\",\"mainEntityOfPage\":{\"@id\":\"https:\\\/\\\/www.altominho.tv\\\/site\\\/2024\\\/08\\\/12\\\/fogos-rurais-quase-duplicam-em-julho-e-atingem-o-valor-mais-alto-de-2024\\\/\"},\"wordCount\":479,\"image\":{\"@id\":\"https:\\\/\\\/www.altominho.tv\\\/site\\\/2024\\\/08\\\/12\\\/fogos-rurais-quase-duplicam-em-julho-e-atingem-o-valor-mais-alto-de-2024\\\/#primaryimage\"},\"thumbnailUrl\":\"https:\\\/\\\/www.altominho.tv\\\/site\\\/wp-content\\\/uploads\\\/2022\\\/09\\\/fogos.jpeg\",\"keywords\":[\"Sociedade\"],\"articleSection\":[\"Pa\u00eds\"],\"inLanguage\":\"pt-PT\",\"copyrightYear\":\"2024\",\"copyrightHolder\":{\"@id\":\"https:\\\/\\\/www.altominho.tv\\\/site\\\/#organization\"}},{\"@type\":\"WebPage\",\"@id\":\"https:\\\/\\\/www.altominho.tv\\\/site\\\/2024\\\/08\\\/12\\\/fogos-rurais-quase-duplicam-em-julho-e-atingem-o-valor-mais-alto-de-2024\\\/\",\"url\":\"https:\\\/\\\/www.altominho.tv\\\/site\\\/2024\\\/08\\\/12\\\/fogos-rurais-quase-duplicam-em-julho-e-atingem-o-valor-mais-alto-de-2024\\\/\",\"name\":\"Fogos rurais quase duplicam em julho e atingem o valor mais alto de 2024\",\"isPartOf\":{\"@id\":\"https:\\\/\\\/www.altominho.tv\\\/site\\\/#website\"},\"primaryImageOfPage\":{\"@id\":\"https:\\\/\\\/www.altominho.tv\\\/site\\\/2024\\\/08\\\/12\\\/fogos-rurais-quase-duplicam-em-julho-e-atingem-o-valor-mais-alto-de-2024\\\/#primaryimage\"},\"image\":{\"@id\":\"https:\\\/\\\/www.altominho.tv\\\/site\\\/2024\\\/08\\\/12\\\/fogos-rurais-quase-duplicam-em-julho-e-atingem-o-valor-mais-alto-de-2024\\\/#primaryimage\"},\"thumbnailUrl\":\"https:\\\/\\\/www.altominho.tv\\\/site\\\/wp-content\\\/uploads\\\/2022\\\/09\\\/fogos.jpeg\",\"datePublished\":\"2024-08-12T15:22:28+00:00\",\"dateModified\":\"2024-08-12T15:23:46+00:00\",\"author\":{\"@id\":\"https:\\\/\\\/www.altominho.tv\\\/site\\\/#\\\/schema\\\/person\\\/63f693da3e1899361cbe955c46f3232e\"},\"description\":\"O n\u00famero de inc\u00eandios rurais atingiu em julho o valor mais elevado deste ano, com 1.082 ocorr\u00eancias, quase o dobro face aos 596 inc\u00eandios rurais de junho, e foi tamb\u00e9m respons\u00e1vel pela maior \u00e1rea ardida do ano.\",\"breadcrumb\":{\"@id\":\"https:\\\/\\\/www.altominho.tv\\\/site\\\/2024\\\/08\\\/12\\\/fogos-rurais-quase-duplicam-em-julho-e-atingem-o-valor-mais-alto-de-2024\\\/#breadcrumb\"},\"inLanguage\":\"pt-PT\",\"potentialAction\":[{\"@type\":\"ReadAction\",\"target\":[\"https:\\\/\\\/www.altominho.tv\\\/site\\\/2024\\\/08\\\/12\\\/fogos-rurais-quase-duplicam-em-julho-e-atingem-o-valor-mais-alto-de-2024\\\/\"]}]},{\"@type\":\"ImageObject\",\"inLanguage\":\"pt-PT\",\"@id\":\"https:\\\/\\\/www.altominho.tv\\\/site\\\/2024\\\/08\\\/12\\\/fogos-rurais-quase-duplicam-em-julho-e-atingem-o-valor-mais-alto-de-2024\\\/#primaryimage\",\"url\":\"https:\\\/\\\/www.altominho.tv\\\/site\\\/wp-content\\\/uploads\\\/2022\\\/09\\\/fogos.jpeg\",\"contentUrl\":\"https:\\\/\\\/www.altominho.tv\\\/site\\\/wp-content\\\/uploads\\\/2022\\\/09\\\/fogos.jpeg\",\"width\":800,\"height\":450},{\"@type\":\"BreadcrumbList\",\"@id\":\"https:\\\/\\\/www.altominho.tv\\\/site\\\/2024\\\/08\\\/12\\\/fogos-rurais-quase-duplicam-em-julho-e-atingem-o-valor-mais-alto-de-2024\\\/#breadcrumb\",\"itemListElement\":[{\"@type\":\"ListItem\",\"position\":1,\"name\":\"In\u00edcio\",\"item\":\"https:\\\/\\\/www.altominho.tv\\\/site\\\/\"},{\"@type\":\"ListItem\",\"position\":2,\"name\":\"Fogos rurais quase duplicam em julho e atingem o valor mais alto de 2024\"}]},{\"@type\":\"WebSite\",\"@id\":\"https:\\\/\\\/www.altominho.tv\\\/site\\\/#website\",\"url\":\"https:\\\/\\\/www.altominho.tv\\\/site\\\/\",\"name\":\"Altominho.tv\",\"description\":\"A sua regi\u00e3o \u00e0 dist\u00e2ncia de um clique...\",\"potentialAction\":[{\"@type\":\"SearchAction\",\"target\":{\"@type\":\"EntryPoint\",\"urlTemplate\":\"https:\\\/\\\/www.altominho.tv\\\/site\\\/?s={search_term_string}\"},\"query-input\":{\"@type\":\"PropertyValueSpecification\",\"valueRequired\":true,\"valueName\":\"search_term_string\"}}],\"inLanguage\":\"pt-PT\"},{\"@type\":\"Person\",\"@id\":\"https:\\\/\\\/www.altominho.tv\\\/site\\\/#\\\/schema\\\/person\\\/63f693da3e1899361cbe955c46f3232e\",\"name\":\"Lusa\",\"image\":{\"@type\":\"ImageObject\",\"inLanguage\":\"pt-PT\",\"@id\":\"https:\\\/\\\/www.altominho.tv\\\/site\\\/wp-content\\\/uploads\\\/2019\\\/08\\\/LUSA_Logo.gif\",\"url\":\"https:\\\/\\\/www.altominho.tv\\\/site\\\/wp-content\\\/uploads\\\/2019\\\/08\\\/LUSA_Logo.gif\",\"contentUrl\":\"https:\\\/\\\/www.altominho.tv\\\/site\\\/wp-content\\\/uploads\\\/2019\\\/08\\\/LUSA_Logo.gif\",\"caption\":\"Lusa\"},\"sameAs\":[\"http:\\\/\\\/\\\/\\\/www.altominho.tv\\\/site\"],\"url\":\"https:\\\/\\\/www.altominho.tv\\\/site\\\/author\\\/lusa\\\/\"}]}<\/script>\n<!-- \/ Yoast SEO Premium plugin. -->","yoast_head_json":{"title":"Fogos rurais quase duplicam em julho e atingem o valor mais alto de 2024","description":"O n\u00famero de inc\u00eandios rurais atingiu em julho o valor mais elevado deste ano, com 1.082 ocorr\u00eancias, quase o dobro face aos 596 inc\u00eandios rurais de junho, e foi tamb\u00e9m respons\u00e1vel pela maior \u00e1rea ardida do ano.","robots":{"index":"index","follow":"follow","max-snippet":"max-snippet:-1","max-image-preview":"max-image-preview:large","max-video-preview":"max-video-preview:-1"},"canonical":"https:\/\/www.altominho.tv\/site\/2024\/08\/12\/fogos-rurais-quase-duplicam-em-julho-e-atingem-o-valor-mais-alto-de-2024\/","og_locale":"pt_PT","og_type":"article","og_title":"Fogos rurais quase duplicam em julho e atingem o valor mais alto de 2024","og_description":"O n\u00famero de inc\u00eandios rurais atingiu em julho o valor mais elevado deste ano, com 1.082 ocorr\u00eancias, quase o dobro face aos 596 inc\u00eandios rurais de junho, e foi tamb\u00e9m respons\u00e1vel pela maior \u00e1rea ardida do ano.","og_url":"https:\/\/www.altominho.tv\/site\/2024\/08\/12\/fogos-rurais-quase-duplicam-em-julho-e-atingem-o-valor-mais-alto-de-2024\/","og_site_name":"Altominho.tv","article_publisher":"https:\/\/www.facebook.com\/altominhotv","article_published_time":"2024-08-12T15:22:28+00:00","article_modified_time":"2024-08-12T15:23:46+00:00","og_image":[{"width":800,"height":450,"url":"https:\/\/www.altominho.tv\/site\/wp-content\/uploads\/2022\/09\/fogos.jpeg","type":"image\/jpeg"}],"author":"Lusa","twitter_card":"summary_large_image","twitter_creator":"@altominhoTV","twitter_site":"@altominhoTV","twitter_misc":{"Escrito por":"Lusa","Tempo estimado de leitura":"1 minuto"},"schema":{"@context":"https:\/\/schema.org","@graph":[{"@type":"Article","@id":"https:\/\/www.altominho.tv\/site\/2024\/08\/12\/fogos-rurais-quase-duplicam-em-julho-e-atingem-o-valor-mais-alto-de-2024\/#article","isPartOf":{"@id":"https:\/\/www.altominho.tv\/site\/2024\/08\/12\/fogos-rurais-quase-duplicam-em-julho-e-atingem-o-valor-mais-alto-de-2024\/"},"author":{"name":"Lusa","@id":"https:\/\/www.altominho.tv\/site\/#\/schema\/person\/63f693da3e1899361cbe955c46f3232e"},"headline":"Fogos rurais quase duplicam em julho e atingem o valor mais alto de 2024","datePublished":"2024-08-12T15:22:28+00:00","dateModified":"2024-08-12T15:23:46+00:00","mainEntityOfPage":{"@id":"https:\/\/www.altominho.tv\/site\/2024\/08\/12\/fogos-rurais-quase-duplicam-em-julho-e-atingem-o-valor-mais-alto-de-2024\/"},"wordCount":479,"image":{"@id":"https:\/\/www.altominho.tv\/site\/2024\/08\/12\/fogos-rurais-quase-duplicam-em-julho-e-atingem-o-valor-mais-alto-de-2024\/#primaryimage"},"thumbnailUrl":"https:\/\/www.altominho.tv\/site\/wp-content\/uploads\/2022\/09\/fogos.jpeg","keywords":["Sociedade"],"articleSection":["Pa\u00eds"],"inLanguage":"pt-PT","copyrightYear":"2024","copyrightHolder":{"@id":"https:\/\/www.altominho.tv\/site\/#organization"}},{"@type":"WebPage","@id":"https:\/\/www.altominho.tv\/site\/2024\/08\/12\/fogos-rurais-quase-duplicam-em-julho-e-atingem-o-valor-mais-alto-de-2024\/","url":"https:\/\/www.altominho.tv\/site\/2024\/08\/12\/fogos-rurais-quase-duplicam-em-julho-e-atingem-o-valor-mais-alto-de-2024\/","name":"Fogos rurais quase duplicam em julho e atingem o valor mais alto de 2024","isPartOf":{"@id":"https:\/\/www.altominho.tv\/site\/#website"},"primaryImageOfPage":{"@id":"https:\/\/www.altominho.tv\/site\/2024\/08\/12\/fogos-rurais-quase-duplicam-em-julho-e-atingem-o-valor-mais-alto-de-2024\/#primaryimage"},"image":{"@id":"https:\/\/www.altominho.tv\/site\/2024\/08\/12\/fogos-rurais-quase-duplicam-em-julho-e-atingem-o-valor-mais-alto-de-2024\/#primaryimage"},"thumbnailUrl":"https:\/\/www.altominho.tv\/site\/wp-content\/uploads\/2022\/09\/fogos.jpeg","datePublished":"2024-08-12T15:22:28+00:00","dateModified":"2024-08-12T15:23:46+00:00","author":{"@id":"https:\/\/www.altominho.tv\/site\/#\/schema\/person\/63f693da3e1899361cbe955c46f3232e"},"description":"O n\u00famero de inc\u00eandios rurais atingiu em julho o valor mais elevado deste ano, com 1.082 ocorr\u00eancias, quase o dobro face aos 596 inc\u00eandios rurais de junho, e foi tamb\u00e9m respons\u00e1vel pela maior \u00e1rea ardida do ano.","breadcrumb":{"@id":"https:\/\/www.altominho.tv\/site\/2024\/08\/12\/fogos-rurais-quase-duplicam-em-julho-e-atingem-o-valor-mais-alto-de-2024\/#breadcrumb"},"inLanguage":"pt-PT","potentialAction":[{"@type":"ReadAction","target":["https:\/\/www.altominho.tv\/site\/2024\/08\/12\/fogos-rurais-quase-duplicam-em-julho-e-atingem-o-valor-mais-alto-de-2024\/"]}]},{"@type":"ImageObject","inLanguage":"pt-PT","@id":"https:\/\/www.altominho.tv\/site\/2024\/08\/12\/fogos-rurais-quase-duplicam-em-julho-e-atingem-o-valor-mais-alto-de-2024\/#primaryimage","url":"https:\/\/www.altominho.tv\/site\/wp-content\/uploads\/2022\/09\/fogos.jpeg","contentUrl":"https:\/\/www.altominho.tv\/site\/wp-content\/uploads\/2022\/09\/fogos.jpeg","width":800,"height":450},{"@type":"BreadcrumbList","@id":"https:\/\/www.altominho.tv\/site\/2024\/08\/12\/fogos-rurais-quase-duplicam-em-julho-e-atingem-o-valor-mais-alto-de-2024\/#breadcrumb","itemListElement":[{"@type":"ListItem","position":1,"name":"In\u00edcio","item":"https:\/\/www.altominho.tv\/site\/"},{"@type":"ListItem","position":2,"name":"Fogos rurais quase duplicam em julho e atingem o valor mais alto de 2024"}]},{"@type":"WebSite","@id":"https:\/\/www.altominho.tv\/site\/#website","url":"https:\/\/www.altominho.tv\/site\/","name":"Altominho.tv","description":"A sua regi\u00e3o \u00e0 dist\u00e2ncia de um clique...","potentialAction":[{"@type":"SearchAction","target":{"@type":"EntryPoint","urlTemplate":"https:\/\/www.altominho.tv\/site\/?s={search_term_string}"},"query-input":{"@type":"PropertyValueSpecification","valueRequired":true,"valueName":"search_term_string"}}],"inLanguage":"pt-PT"},{"@type":"Person","@id":"https:\/\/www.altominho.tv\/site\/#\/schema\/person\/63f693da3e1899361cbe955c46f3232e","name":"Lusa","image":{"@type":"ImageObject","inLanguage":"pt-PT","@id":"https:\/\/www.altominho.tv\/site\/wp-content\/uploads\/2019\/08\/LUSA_Logo.gif","url":"https:\/\/www.altominho.tv\/site\/wp-content\/uploads\/2019\/08\/LUSA_Logo.gif","contentUrl":"https:\/\/www.altominho.tv\/site\/wp-content\/uploads\/2019\/08\/LUSA_Logo.gif","caption":"Lusa"},"sameAs":["http:\/\/\/\/www.altominho.tv\/site"],"url":"https:\/\/www.altominho.tv\/site\/author\/lusa\/"}]}},"_links":{"self":[{"href":"https:\/\/www.altominho.tv\/site\/wp-json\/wp\/v2\/posts\/109651","targetHints":{"allow":["GET"]}}],"collection":[{"href":"https:\/\/www.altominho.tv\/site\/wp-json\/wp\/v2\/posts"}],"about":[{"href":"https:\/\/www.altominho.tv\/site\/wp-json\/wp\/v2\/types\/post"}],"author":[{"embeddable":true,"href":"https:\/\/www.altominho.tv\/site\/wp-json\/wp\/v2\/users\/13"}],"replies":[{"embeddable":true,"href":"https:\/\/www.altominho.tv\/site\/wp-json\/wp\/v2\/comments?post=109651"}],"version-history":[{"count":1,"href":"https:\/\/www.altominho.tv\/site\/wp-json\/wp\/v2\/posts\/109651\/revisions"}],"predecessor-version":[{"id":109652,"href":"https:\/\/www.altominho.tv\/site\/wp-json\/wp\/v2\/posts\/109651\/revisions\/109652"}],"wp:featuredmedia":[{"embeddable":true,"href":"https:\/\/www.altominho.tv\/site\/wp-json\/wp\/v2\/media\/83064"}],"wp:attachment":[{"href":"https:\/\/www.altominho.tv\/site\/wp-json\/wp\/v2\/media?parent=109651"}],"wp:term":[{"taxonomy":"category","embeddable":true,"href":"https:\/\/www.altominho.tv\/site\/wp-json\/wp\/v2\/categories?post=109651"},{"taxonomy":"post_tag","embeddable":true,"href":"https:\/\/www.altominho.tv\/site\/wp-json\/wp\/v2\/tags?post=109651"}],"curies":[{"name":"wp","href":"https:\/\/api.w.org\/{rel}","templated":true}]}}