{"id":109596,"date":"2024-08-10T09:50:16","date_gmt":"2024-08-10T08:50:16","guid":{"rendered":"https:\/\/www.altominho.tv\/site\/?p=109596"},"modified":"2024-08-10T09:50:18","modified_gmt":"2024-08-10T08:50:18","slug":"mais-de-um-terco-dos-presidentes-de-camara-estao-de-saida-nas-proximas-autarquicas","status":"publish","type":"post","link":"https:\/\/www.altominho.tv\/site\/2024\/08\/10\/mais-de-um-terco-dos-presidentes-de-camara-estao-de-saida-nas-proximas-autarquicas\/","title":{"rendered":"Mais de um ter\u00e7o dos presidentes de c\u00e2mara est\u00e3o de sa\u00edda nas pr\u00f3ximas aut\u00e1rquicas"},"content":{"rendered":"<p>Mais de um ter\u00e7o dos 308 presidentes de c\u00e2mara est\u00e3o impedidos de uma recandidatura nas pr\u00f3ximas elei\u00e7\u00f5es aut\u00e1rquicas devido \u00e0 limita\u00e7\u00e3o de mandatos, a maior parte dos quais de munic\u00edpios socialistas.<\/p>\n<p>A pouco mais de um ano das aut\u00e1rquicas, neste momento s\u00e3o 105 (do total de 308) os presidentes de c\u00e2mara que n\u00e3o se podem recandidatar nas pr\u00f3ximas aut\u00e1rquicas devido ao limite imposto por lei de elei\u00e7\u00e3o em tr\u00eas mandatos consecutivos \u00e0 frente do mesmo munic\u00edpio.<\/p>\n<p>Pelo menos outros 28 que estavam nesta situa\u00e7\u00e3o de fim de ciclo deixaram entretanto o cargo livre para a sucess\u00e3o dos seus vice-presidentes, j\u00e1 a pensar nas elei\u00e7\u00f5es do pr\u00f3ximo ano, um fen\u00f3meno que tem vindo a acontecer sobretudo nos \u00faltimos meses.<\/p>\n<p>Do total de presidentes em final de mandato, 54 s\u00e3o socialistas, 30 do PSD (sozinho ou coligado), 12 do PCP-PEV (de um total de 19 c\u00e2maras desta coliga\u00e7\u00e3o), tr\u00eas do CDS-PP (de seis munic\u00edpios), um \u00e9 o \u00fanico presidente do Juntos Pelo Povo (JPP), Filipe Sousa, autarca em Santa Cruz, na Madeira, e cinco s\u00e3o independentes, entre os quais Rui Moreira, que est\u00e1 de sa\u00edda da presid\u00eancia da C\u00e2mara do Porto.<\/p>\n<p>Nas principais autarquias do pa\u00eds, o PSD precisa de encontrar um candidato que substitua Carlos Carreiras em Cascais (no distrito de Lisboa), Ricardo Rio em Braga, Rog\u00e9rio Bacalhau em Faro e Ricardo Gon\u00e7alves em Santar\u00e9m, autarca que nos \u00faltimos dias foi apontado para dirigir o Instituto Portugu\u00eas do Desporto e Juventude, com o pr\u00f3prio a confirmar o convite, embora ainda sem uma decis\u00e3o oficial.<\/p>\n<p>O PSD tem ainda de encontrar um sucessor para Jos\u00e9 Ribau Esteves, com tr\u00eas mandatos \u00e0 frente de Aveiro, depois de j\u00e1 anteriormente ter cumprido o limite de mandatos na C\u00e2mara de \u00cdlhavo (entre 1997 e 2013).<\/p>\n<p>Entre outros, o PS tem em fim de mandato Bas\u00edlio Horta em Sintra (Lisboa), Eduardo V\u00edtor Rodrigues em Vila Nova de Gaia (Porto) e Rui Santos em Vila Real.<\/p>\n<p>A CDU (PCP-PEV) ter\u00e1 de arranjar sucessores para os presidentes de Cuba (Beja), Arraiolos (\u00c9vora), \u00c9vora, Sobral de Monte Agra\u00e7o (Lisboa), Avis e Monforte (Portalegre), Benavente (Santar\u00e9m), Gr\u00e2ndola, Palmela, Santiago do Cac\u00e9m e Alc\u00e1cer do Sal (Set\u00fabal) e Silves, no Algarve, onde em 2013 Rosa Palma retirou a c\u00e2mara ao PSD.<\/p>\n<p>V\u00edtor Proen\u00e7a, o comunista \u00e0 frente de Alc\u00e1cer do Sal desde 2013, tinha anteriormente cumprido o limite de mandatos como presidente da C\u00e2mara de Santiago do Cac\u00e9m, enquanto Carlos Pinto de S\u00e1, outro \u2018dinossauro\u2019 do PCP, n\u00e3o se pode recandidatar a \u00c9vora pelos mesmos motivos, mas j\u00e1 anteriormente tinha sido presidente de Montemor-o-Novo (\u00c9vora), entre 1993 e 2013.<\/p>\n<p>O CDS-PP, que sozinho tem atualmente a presid\u00eancia de seis c\u00e2maras municipais, vai ter de encontrar substitutos para tr\u00eas: Ant\u00f3nio Loureiro e Santos, de Albergaria-a-Velha, e Jos\u00e9 Pinheiro e Silva, de Vale de Cambra, ambos no distrito de Aveiro, e Lu\u00eds Silveira, presidente da C\u00e2mara de Velas, nos A\u00e7ores.<\/p>\n<p>Al\u00e9m de Rui Moreira, no Porto, h\u00e1 ainda outros quatro munic\u00edpios que est\u00e3o a ser dirigidos por movimentos independentes e que ter\u00e3o de mudar de presidente: Maria Teresa Bel\u00e9m, em Anadia (Aveiro), Ant\u00f3nio Anselmo, autarca em Borba (\u00c9vora), D\u00e9cio Nat\u00e1lio Pereira, na Calheta (A\u00e7ores), e o madeirense Ricardo Nascimento, eleito pelo movimento Ribeira Brava em Primeiro, embora com o apoio do PSD.<\/p>\n<p>H\u00e1 distritos onde as mudan\u00e7as de presidentes t\u00eam de ocorrer na maioria dos concelhos, com destaque para Castelo Branco, onde sete dos atuais 11 presidentes de c\u00e2mara est\u00e3o em fim de ciclo (Fernando Jorge, autarca de Oleiros em terceiro mandato, j\u00e1 tinha renunciado em maio de 2023 por motivos de sa\u00fade), e para a Madeira, onde ainda t\u00eam de sair seis do total de 10 autarcas (o presidente de C\u00e2mara de Lobos, Pedro Correia, estava no terceiro mandato e j\u00e1 saiu por ter sido eleito deputado).<\/p>\n<p>Onze munic\u00edpios mudam de presidente em Santar\u00e9m (sete do PS, tr\u00eas do PSD e um do PCP-PEV), nove no Porto (cinco do PS, tr\u00eas do PSD e o independente Rui Moreira), oito em Viseu (cinco socialistas e tr\u00eas do PSD), sete em Portalegre (tr\u00eas do PS, dois do PSD e dois do PCP) e outros sete nos A\u00e7ores (quatro do PS, um do PSD, um do CDS-PP e outro independente).<\/p>\n<p>No distrito de Aveiro est\u00e3o de sa\u00edda seis autarcas (tr\u00eas do PSD, dois do CDS-PP e uma independente), em Coimbra outros seis (todos socialistas) e ainda mais meia d\u00fazia em Lisboa (tr\u00eas do PS, dois do PSD e um da CDU).<\/p>\n<p>Braga tem cinco autarcas em final de ciclo (quatro social-democratas e um socialista) e em Faro outros cinco (tr\u00eas socialistas, um do PSD e uma do PCP).<\/p>\n<p>Com quatro autarcas no limite est\u00e3o \u00c9vora (dois s\u00e3o do PCP, um do PS e o independente de Borba), Guarda (dois PSD e dois PS) e Set\u00fabal (tr\u00eas do PCP-PEV e o socialista de Sines, Nuno Mascarenhas, envolvido na opera\u00e7\u00e3o Influencer).<\/p>\n<p>Em Viana do Castelo h\u00e1 tr\u00eas autarcas que n\u00e3o se podem recandidatar (dois socialistas e um social-democrata), em Vila Real outros tr\u00eas (dois do PS e um do PSD) e em Leiria est\u00e1 nesta situa\u00e7\u00e3o apenas Jos\u00e9 Abreu (PS), de Figueir\u00f3 dos Vinhos.<\/p>\n<p>Bragan\u00e7a \u00e9 o \u00fanico distrito sem presidentes em final de ciclo, depois da sa\u00edda dos tr\u00eas autarcas que tinha nestas condi\u00e7\u00f5es.<\/p>\n<p>Dos eleitos para um terceiro mandato em 2021, j\u00e1 sa\u00edram por diversos motivos pelo menos 28 presidentes, muitos dos quais na sequ\u00eancia das \u00faltimas elei\u00e7\u00f5es legislativas e europeias.<\/p>\n<p>Em Aveiro foram eleitos deputados do PSD os ent\u00e3o presidentes de Vagos, Santa Maria da Feira e Ovar, al\u00e9m dos autarcas de Valpa\u00e7os e Vila Pouca de Aguiar (Vila Real) e de Moncorvo (Bragan\u00e7a).<\/p>\n<p>Tamb\u00e9m s\u00e3o agora deputados os autarcas socialistas de Arruda dos Vinhos (Lisboa), de Vendas Novas (\u00c9vora) e da Nazar\u00e9 (Leiria).<\/p>\n<p>Quando estava no terceiro mandato na C\u00e2mara de Bragan\u00e7a, Hern\u00e2ni Dias foi eleito deputado e \u00e9 atualmente secret\u00e1rio de Estado do Poder Local, e Rui Ladeira, presidente de Vouzela, \u00e9 agora secret\u00e1rio de Estado das Florestas.<\/p>\n<p>Nas europeias, H\u00e9lder Sousa (PSD), Carla Tavares (PS) e Isilda Gomes (PS) foram eleitos eurodeputados e deixaram a presid\u00eancia das c\u00e2maras de Mafra e Amadora (Lisboa) e Portim\u00e3o, respetivamente.<\/p>\n<p>Outros autarcas deixaram os cargos para dirigir outras entidades: Raul Almeida j\u00e1 tinha deixado a c\u00e2mara social-democrata de Mira (Coimbra) para presidir ao Turismo do Centro, Nuno Canta (PS) deixou a C\u00e2mara do Montijo para dirigir a AMARSUL e mais recentemente, Ant\u00f3nio Martins, que era presidente de Vimioso, suspendeu o seu terceiro mandato para dirigir a Seguran\u00e7a Social de Bragan\u00e7a.<\/p>\n","protected":false},"excerpt":{"rendered":"<p>Mais de um ter\u00e7o dos 308 presidentes de c\u00e2mara est\u00e3o impedidos de uma recandidatura nas pr\u00f3ximas elei\u00e7\u00f5es aut\u00e1rquicas devido \u00e0 limita\u00e7\u00e3o de mandatos, a maior parte dos quais de munic\u00edpios socialistas. A pouco mais de um ano das aut\u00e1rquicas, neste momento s\u00e3o 105 (do total de 308) os presidentes de c\u00e2mara que n\u00e3o se podem [&hellip;]<\/p>\n","protected":false},"author":13,"featured_media":109597,"comment_status":"closed","ping_status":"closed","sticky":false,"template":"","format":"standard","meta":{"_exactmetrics_skip_tracking":false,"_exactmetrics_sitenote_active":false,"_exactmetrics_sitenote_note":"","_exactmetrics_sitenote_category":0,"footnotes":""},"categories":[56325],"tags":[56326],"class_list":["post-109596","post","type-post","status-publish","format-standard","has-post-thumbnail","hentry","category-pais","tag-politica"],"yoast_head":"<!-- This site is optimized with the Yoast SEO Premium plugin v27.5 (Yoast SEO v27.5) - https:\/\/yoast.com\/product\/yoast-seo-premium-wordpress\/ -->\n<title>Mais de um ter\u00e7o dos presidentes de c\u00e2mara est\u00e3o de sa\u00edda nas pr\u00f3ximas aut\u00e1rquicas<\/title>\n<meta name=\"description\" content=\"Mais de um ter\u00e7o dos 308 presidentes de c\u00e2mara est\u00e3o impedidos de uma recandidatura nas pr\u00f3ximas elei\u00e7\u00f5es aut\u00e1rquicas devido \u00e0 limita\u00e7\u00e3o de mandatos, a maior parte dos quais de munic\u00edpios socialistas.\" \/>\n<meta name=\"robots\" content=\"index, follow, max-snippet:-1, max-image-preview:large, max-video-preview:-1\" \/>\n<link rel=\"canonical\" href=\"https:\/\/www.altominho.tv\/site\/2024\/08\/10\/mais-de-um-terco-dos-presidentes-de-camara-estao-de-saida-nas-proximas-autarquicas\/\" \/>\n<meta property=\"og:locale\" content=\"pt_PT\" \/>\n<meta property=\"og:type\" content=\"article\" \/>\n<meta property=\"og:title\" content=\"Mais de um ter\u00e7o dos presidentes de c\u00e2mara est\u00e3o de sa\u00edda nas pr\u00f3ximas aut\u00e1rquicas\" \/>\n<meta property=\"og:description\" content=\"Mais de um ter\u00e7o dos 308 presidentes de c\u00e2mara est\u00e3o impedidos de uma recandidatura nas pr\u00f3ximas elei\u00e7\u00f5es aut\u00e1rquicas devido \u00e0 limita\u00e7\u00e3o de mandatos, a maior parte dos quais de munic\u00edpios socialistas.\" \/>\n<meta property=\"og:url\" content=\"https:\/\/www.altominho.tv\/site\/2024\/08\/10\/mais-de-um-terco-dos-presidentes-de-camara-estao-de-saida-nas-proximas-autarquicas\/\" \/>\n<meta property=\"og:site_name\" content=\"Altominho.tv\" \/>\n<meta property=\"article:publisher\" content=\"https:\/\/www.facebook.com\/altominhotv\" \/>\n<meta property=\"article:published_time\" content=\"2024-08-10T08:50:16+00:00\" \/>\n<meta property=\"article:modified_time\" content=\"2024-08-10T08:50:18+00:00\" \/>\n<meta property=\"og:image\" content=\"https:\/\/www.altominho.tv\/site\/wp-content\/uploads\/2024\/08\/presidentes.jpg\" \/>\n\t<meta property=\"og:image:width\" content=\"2000\" \/>\n\t<meta property=\"og:image:height\" content=\"1125\" \/>\n\t<meta property=\"og:image:type\" content=\"image\/jpeg\" \/>\n<meta name=\"author\" content=\"Lusa\" \/>\n<meta name=\"twitter:card\" content=\"summary_large_image\" \/>\n<meta name=\"twitter:creator\" content=\"@altominhoTV\" \/>\n<meta name=\"twitter:site\" content=\"@altominhoTV\" \/>\n<meta name=\"twitter:label1\" content=\"Escrito por\" \/>\n\t<meta name=\"twitter:data1\" content=\"Lusa\" \/>\n\t<meta name=\"twitter:label2\" content=\"Tempo estimado de leitura\" \/>\n\t<meta name=\"twitter:data2\" content=\"7 minutos\" \/>\n<script type=\"application\/ld+json\" class=\"yoast-schema-graph\">{\"@context\":\"https:\\\/\\\/schema.org\",\"@graph\":[{\"@type\":\"Article\",\"@id\":\"https:\\\/\\\/www.altominho.tv\\\/site\\\/2024\\\/08\\\/10\\\/mais-de-um-terco-dos-presidentes-de-camara-estao-de-saida-nas-proximas-autarquicas\\\/#article\",\"isPartOf\":{\"@id\":\"https:\\\/\\\/www.altominho.tv\\\/site\\\/2024\\\/08\\\/10\\\/mais-de-um-terco-dos-presidentes-de-camara-estao-de-saida-nas-proximas-autarquicas\\\/\"},\"author\":{\"name\":\"Lusa\",\"@id\":\"https:\\\/\\\/www.altominho.tv\\\/site\\\/#\\\/schema\\\/person\\\/63f693da3e1899361cbe955c46f3232e\"},\"headline\":\"Mais de um ter\u00e7o dos presidentes de c\u00e2mara est\u00e3o de sa\u00edda nas pr\u00f3ximas aut\u00e1rquicas\",\"datePublished\":\"2024-08-10T08:50:16+00:00\",\"dateModified\":\"2024-08-10T08:50:18+00:00\",\"mainEntityOfPage\":{\"@id\":\"https:\\\/\\\/www.altominho.tv\\\/site\\\/2024\\\/08\\\/10\\\/mais-de-um-terco-dos-presidentes-de-camara-estao-de-saida-nas-proximas-autarquicas\\\/\"},\"wordCount\":1195,\"image\":{\"@id\":\"https:\\\/\\\/www.altominho.tv\\\/site\\\/2024\\\/08\\\/10\\\/mais-de-um-terco-dos-presidentes-de-camara-estao-de-saida-nas-proximas-autarquicas\\\/#primaryimage\"},\"thumbnailUrl\":\"https:\\\/\\\/www.altominho.tv\\\/site\\\/wp-content\\\/uploads\\\/2024\\\/08\\\/presidentes.jpg\",\"keywords\":[\"Pol\u00edtica\"],\"articleSection\":[\"Pa\u00eds\"],\"inLanguage\":\"pt-PT\",\"copyrightYear\":\"2024\",\"copyrightHolder\":{\"@id\":\"https:\\\/\\\/www.altominho.tv\\\/site\\\/#organization\"}},{\"@type\":\"WebPage\",\"@id\":\"https:\\\/\\\/www.altominho.tv\\\/site\\\/2024\\\/08\\\/10\\\/mais-de-um-terco-dos-presidentes-de-camara-estao-de-saida-nas-proximas-autarquicas\\\/\",\"url\":\"https:\\\/\\\/www.altominho.tv\\\/site\\\/2024\\\/08\\\/10\\\/mais-de-um-terco-dos-presidentes-de-camara-estao-de-saida-nas-proximas-autarquicas\\\/\",\"name\":\"Mais de um ter\u00e7o dos presidentes de c\u00e2mara est\u00e3o de sa\u00edda nas pr\u00f3ximas aut\u00e1rquicas\",\"isPartOf\":{\"@id\":\"https:\\\/\\\/www.altominho.tv\\\/site\\\/#website\"},\"primaryImageOfPage\":{\"@id\":\"https:\\\/\\\/www.altominho.tv\\\/site\\\/2024\\\/08\\\/10\\\/mais-de-um-terco-dos-presidentes-de-camara-estao-de-saida-nas-proximas-autarquicas\\\/#primaryimage\"},\"image\":{\"@id\":\"https:\\\/\\\/www.altominho.tv\\\/site\\\/2024\\\/08\\\/10\\\/mais-de-um-terco-dos-presidentes-de-camara-estao-de-saida-nas-proximas-autarquicas\\\/#primaryimage\"},\"thumbnailUrl\":\"https:\\\/\\\/www.altominho.tv\\\/site\\\/wp-content\\\/uploads\\\/2024\\\/08\\\/presidentes.jpg\",\"datePublished\":\"2024-08-10T08:50:16+00:00\",\"dateModified\":\"2024-08-10T08:50:18+00:00\",\"author\":{\"@id\":\"https:\\\/\\\/www.altominho.tv\\\/site\\\/#\\\/schema\\\/person\\\/63f693da3e1899361cbe955c46f3232e\"},\"description\":\"Mais de um ter\u00e7o dos 308 presidentes de c\u00e2mara est\u00e3o impedidos de uma recandidatura nas pr\u00f3ximas elei\u00e7\u00f5es aut\u00e1rquicas devido \u00e0 limita\u00e7\u00e3o de mandatos, a maior parte dos quais de munic\u00edpios socialistas.\",\"breadcrumb\":{\"@id\":\"https:\\\/\\\/www.altominho.tv\\\/site\\\/2024\\\/08\\\/10\\\/mais-de-um-terco-dos-presidentes-de-camara-estao-de-saida-nas-proximas-autarquicas\\\/#breadcrumb\"},\"inLanguage\":\"pt-PT\",\"potentialAction\":[{\"@type\":\"ReadAction\",\"target\":[\"https:\\\/\\\/www.altominho.tv\\\/site\\\/2024\\\/08\\\/10\\\/mais-de-um-terco-dos-presidentes-de-camara-estao-de-saida-nas-proximas-autarquicas\\\/\"]}]},{\"@type\":\"ImageObject\",\"inLanguage\":\"pt-PT\",\"@id\":\"https:\\\/\\\/www.altominho.tv\\\/site\\\/2024\\\/08\\\/10\\\/mais-de-um-terco-dos-presidentes-de-camara-estao-de-saida-nas-proximas-autarquicas\\\/#primaryimage\",\"url\":\"https:\\\/\\\/www.altominho.tv\\\/site\\\/wp-content\\\/uploads\\\/2024\\\/08\\\/presidentes.jpg\",\"contentUrl\":\"https:\\\/\\\/www.altominho.tv\\\/site\\\/wp-content\\\/uploads\\\/2024\\\/08\\\/presidentes.jpg\",\"width\":2000,\"height\":1125},{\"@type\":\"BreadcrumbList\",\"@id\":\"https:\\\/\\\/www.altominho.tv\\\/site\\\/2024\\\/08\\\/10\\\/mais-de-um-terco-dos-presidentes-de-camara-estao-de-saida-nas-proximas-autarquicas\\\/#breadcrumb\",\"itemListElement\":[{\"@type\":\"ListItem\",\"position\":1,\"name\":\"In\u00edcio\",\"item\":\"https:\\\/\\\/www.altominho.tv\\\/site\\\/\"},{\"@type\":\"ListItem\",\"position\":2,\"name\":\"Mais de um ter\u00e7o dos presidentes de c\u00e2mara est\u00e3o de sa\u00edda nas pr\u00f3ximas aut\u00e1rquicas\"}]},{\"@type\":\"WebSite\",\"@id\":\"https:\\\/\\\/www.altominho.tv\\\/site\\\/#website\",\"url\":\"https:\\\/\\\/www.altominho.tv\\\/site\\\/\",\"name\":\"Altominho.tv\",\"description\":\"A sua regi\u00e3o \u00e0 dist\u00e2ncia de um clique...\",\"potentialAction\":[{\"@type\":\"SearchAction\",\"target\":{\"@type\":\"EntryPoint\",\"urlTemplate\":\"https:\\\/\\\/www.altominho.tv\\\/site\\\/?s={search_term_string}\"},\"query-input\":{\"@type\":\"PropertyValueSpecification\",\"valueRequired\":true,\"valueName\":\"search_term_string\"}}],\"inLanguage\":\"pt-PT\"},{\"@type\":\"Person\",\"@id\":\"https:\\\/\\\/www.altominho.tv\\\/site\\\/#\\\/schema\\\/person\\\/63f693da3e1899361cbe955c46f3232e\",\"name\":\"Lusa\",\"image\":{\"@type\":\"ImageObject\",\"inLanguage\":\"pt-PT\",\"@id\":\"https:\\\/\\\/www.altominho.tv\\\/site\\\/wp-content\\\/uploads\\\/2019\\\/08\\\/LUSA_Logo.gif\",\"url\":\"https:\\\/\\\/www.altominho.tv\\\/site\\\/wp-content\\\/uploads\\\/2019\\\/08\\\/LUSA_Logo.gif\",\"contentUrl\":\"https:\\\/\\\/www.altominho.tv\\\/site\\\/wp-content\\\/uploads\\\/2019\\\/08\\\/LUSA_Logo.gif\",\"caption\":\"Lusa\"},\"sameAs\":[\"http:\\\/\\\/\\\/\\\/www.altominho.tv\\\/site\"],\"url\":\"https:\\\/\\\/www.altominho.tv\\\/site\\\/author\\\/lusa\\\/\"}]}<\/script>\n<!-- \/ Yoast SEO Premium plugin. -->","yoast_head_json":{"title":"Mais de um ter\u00e7o dos presidentes de c\u00e2mara est\u00e3o de sa\u00edda nas pr\u00f3ximas aut\u00e1rquicas","description":"Mais de um ter\u00e7o dos 308 presidentes de c\u00e2mara est\u00e3o impedidos de uma recandidatura nas pr\u00f3ximas elei\u00e7\u00f5es aut\u00e1rquicas devido \u00e0 limita\u00e7\u00e3o de mandatos, a maior parte dos quais de munic\u00edpios socialistas.","robots":{"index":"index","follow":"follow","max-snippet":"max-snippet:-1","max-image-preview":"max-image-preview:large","max-video-preview":"max-video-preview:-1"},"canonical":"https:\/\/www.altominho.tv\/site\/2024\/08\/10\/mais-de-um-terco-dos-presidentes-de-camara-estao-de-saida-nas-proximas-autarquicas\/","og_locale":"pt_PT","og_type":"article","og_title":"Mais de um ter\u00e7o dos presidentes de c\u00e2mara est\u00e3o de sa\u00edda nas pr\u00f3ximas aut\u00e1rquicas","og_description":"Mais de um ter\u00e7o dos 308 presidentes de c\u00e2mara est\u00e3o impedidos de uma recandidatura nas pr\u00f3ximas elei\u00e7\u00f5es aut\u00e1rquicas devido \u00e0 limita\u00e7\u00e3o de mandatos, a maior parte dos quais de munic\u00edpios socialistas.","og_url":"https:\/\/www.altominho.tv\/site\/2024\/08\/10\/mais-de-um-terco-dos-presidentes-de-camara-estao-de-saida-nas-proximas-autarquicas\/","og_site_name":"Altominho.tv","article_publisher":"https:\/\/www.facebook.com\/altominhotv","article_published_time":"2024-08-10T08:50:16+00:00","article_modified_time":"2024-08-10T08:50:18+00:00","og_image":[{"width":2000,"height":1125,"url":"https:\/\/www.altominho.tv\/site\/wp-content\/uploads\/2024\/08\/presidentes.jpg","type":"image\/jpeg"}],"author":"Lusa","twitter_card":"summary_large_image","twitter_creator":"@altominhoTV","twitter_site":"@altominhoTV","twitter_misc":{"Escrito por":"Lusa","Tempo estimado de leitura":"7 minutos"},"schema":{"@context":"https:\/\/schema.org","@graph":[{"@type":"Article","@id":"https:\/\/www.altominho.tv\/site\/2024\/08\/10\/mais-de-um-terco-dos-presidentes-de-camara-estao-de-saida-nas-proximas-autarquicas\/#article","isPartOf":{"@id":"https:\/\/www.altominho.tv\/site\/2024\/08\/10\/mais-de-um-terco-dos-presidentes-de-camara-estao-de-saida-nas-proximas-autarquicas\/"},"author":{"name":"Lusa","@id":"https:\/\/www.altominho.tv\/site\/#\/schema\/person\/63f693da3e1899361cbe955c46f3232e"},"headline":"Mais de um ter\u00e7o dos presidentes de c\u00e2mara est\u00e3o de sa\u00edda nas pr\u00f3ximas aut\u00e1rquicas","datePublished":"2024-08-10T08:50:16+00:00","dateModified":"2024-08-10T08:50:18+00:00","mainEntityOfPage":{"@id":"https:\/\/www.altominho.tv\/site\/2024\/08\/10\/mais-de-um-terco-dos-presidentes-de-camara-estao-de-saida-nas-proximas-autarquicas\/"},"wordCount":1195,"image":{"@id":"https:\/\/www.altominho.tv\/site\/2024\/08\/10\/mais-de-um-terco-dos-presidentes-de-camara-estao-de-saida-nas-proximas-autarquicas\/#primaryimage"},"thumbnailUrl":"https:\/\/www.altominho.tv\/site\/wp-content\/uploads\/2024\/08\/presidentes.jpg","keywords":["Pol\u00edtica"],"articleSection":["Pa\u00eds"],"inLanguage":"pt-PT","copyrightYear":"2024","copyrightHolder":{"@id":"https:\/\/www.altominho.tv\/site\/#organization"}},{"@type":"WebPage","@id":"https:\/\/www.altominho.tv\/site\/2024\/08\/10\/mais-de-um-terco-dos-presidentes-de-camara-estao-de-saida-nas-proximas-autarquicas\/","url":"https:\/\/www.altominho.tv\/site\/2024\/08\/10\/mais-de-um-terco-dos-presidentes-de-camara-estao-de-saida-nas-proximas-autarquicas\/","name":"Mais de um ter\u00e7o dos presidentes de c\u00e2mara est\u00e3o de sa\u00edda nas pr\u00f3ximas aut\u00e1rquicas","isPartOf":{"@id":"https:\/\/www.altominho.tv\/site\/#website"},"primaryImageOfPage":{"@id":"https:\/\/www.altominho.tv\/site\/2024\/08\/10\/mais-de-um-terco-dos-presidentes-de-camara-estao-de-saida-nas-proximas-autarquicas\/#primaryimage"},"image":{"@id":"https:\/\/www.altominho.tv\/site\/2024\/08\/10\/mais-de-um-terco-dos-presidentes-de-camara-estao-de-saida-nas-proximas-autarquicas\/#primaryimage"},"thumbnailUrl":"https:\/\/www.altominho.tv\/site\/wp-content\/uploads\/2024\/08\/presidentes.jpg","datePublished":"2024-08-10T08:50:16+00:00","dateModified":"2024-08-10T08:50:18+00:00","author":{"@id":"https:\/\/www.altominho.tv\/site\/#\/schema\/person\/63f693da3e1899361cbe955c46f3232e"},"description":"Mais de um ter\u00e7o dos 308 presidentes de c\u00e2mara est\u00e3o impedidos de uma recandidatura nas pr\u00f3ximas elei\u00e7\u00f5es aut\u00e1rquicas devido \u00e0 limita\u00e7\u00e3o de mandatos, a maior parte dos quais de munic\u00edpios socialistas.","breadcrumb":{"@id":"https:\/\/www.altominho.tv\/site\/2024\/08\/10\/mais-de-um-terco-dos-presidentes-de-camara-estao-de-saida-nas-proximas-autarquicas\/#breadcrumb"},"inLanguage":"pt-PT","potentialAction":[{"@type":"ReadAction","target":["https:\/\/www.altominho.tv\/site\/2024\/08\/10\/mais-de-um-terco-dos-presidentes-de-camara-estao-de-saida-nas-proximas-autarquicas\/"]}]},{"@type":"ImageObject","inLanguage":"pt-PT","@id":"https:\/\/www.altominho.tv\/site\/2024\/08\/10\/mais-de-um-terco-dos-presidentes-de-camara-estao-de-saida-nas-proximas-autarquicas\/#primaryimage","url":"https:\/\/www.altominho.tv\/site\/wp-content\/uploads\/2024\/08\/presidentes.jpg","contentUrl":"https:\/\/www.altominho.tv\/site\/wp-content\/uploads\/2024\/08\/presidentes.jpg","width":2000,"height":1125},{"@type":"BreadcrumbList","@id":"https:\/\/www.altominho.tv\/site\/2024\/08\/10\/mais-de-um-terco-dos-presidentes-de-camara-estao-de-saida-nas-proximas-autarquicas\/#breadcrumb","itemListElement":[{"@type":"ListItem","position":1,"name":"In\u00edcio","item":"https:\/\/www.altominho.tv\/site\/"},{"@type":"ListItem","position":2,"name":"Mais de um ter\u00e7o dos presidentes de c\u00e2mara est\u00e3o de sa\u00edda nas pr\u00f3ximas aut\u00e1rquicas"}]},{"@type":"WebSite","@id":"https:\/\/www.altominho.tv\/site\/#website","url":"https:\/\/www.altominho.tv\/site\/","name":"Altominho.tv","description":"A sua regi\u00e3o \u00e0 dist\u00e2ncia de um clique...","potentialAction":[{"@type":"SearchAction","target":{"@type":"EntryPoint","urlTemplate":"https:\/\/www.altominho.tv\/site\/?s={search_term_string}"},"query-input":{"@type":"PropertyValueSpecification","valueRequired":true,"valueName":"search_term_string"}}],"inLanguage":"pt-PT"},{"@type":"Person","@id":"https:\/\/www.altominho.tv\/site\/#\/schema\/person\/63f693da3e1899361cbe955c46f3232e","name":"Lusa","image":{"@type":"ImageObject","inLanguage":"pt-PT","@id":"https:\/\/www.altominho.tv\/site\/wp-content\/uploads\/2019\/08\/LUSA_Logo.gif","url":"https:\/\/www.altominho.tv\/site\/wp-content\/uploads\/2019\/08\/LUSA_Logo.gif","contentUrl":"https:\/\/www.altominho.tv\/site\/wp-content\/uploads\/2019\/08\/LUSA_Logo.gif","caption":"Lusa"},"sameAs":["http:\/\/\/\/www.altominho.tv\/site"],"url":"https:\/\/www.altominho.tv\/site\/author\/lusa\/"}]}},"_links":{"self":[{"href":"https:\/\/www.altominho.tv\/site\/wp-json\/wp\/v2\/posts\/109596","targetHints":{"allow":["GET"]}}],"collection":[{"href":"https:\/\/www.altominho.tv\/site\/wp-json\/wp\/v2\/posts"}],"about":[{"href":"https:\/\/www.altominho.tv\/site\/wp-json\/wp\/v2\/types\/post"}],"author":[{"embeddable":true,"href":"https:\/\/www.altominho.tv\/site\/wp-json\/wp\/v2\/users\/13"}],"replies":[{"embeddable":true,"href":"https:\/\/www.altominho.tv\/site\/wp-json\/wp\/v2\/comments?post=109596"}],"version-history":[{"count":1,"href":"https:\/\/www.altominho.tv\/site\/wp-json\/wp\/v2\/posts\/109596\/revisions"}],"predecessor-version":[{"id":109598,"href":"https:\/\/www.altominho.tv\/site\/wp-json\/wp\/v2\/posts\/109596\/revisions\/109598"}],"wp:featuredmedia":[{"embeddable":true,"href":"https:\/\/www.altominho.tv\/site\/wp-json\/wp\/v2\/media\/109597"}],"wp:attachment":[{"href":"https:\/\/www.altominho.tv\/site\/wp-json\/wp\/v2\/media?parent=109596"}],"wp:term":[{"taxonomy":"category","embeddable":true,"href":"https:\/\/www.altominho.tv\/site\/wp-json\/wp\/v2\/categories?post=109596"},{"taxonomy":"post_tag","embeddable":true,"href":"https:\/\/www.altominho.tv\/site\/wp-json\/wp\/v2\/tags?post=109596"}],"curies":[{"name":"wp","href":"https:\/\/api.w.org\/{rel}","templated":true}]}}