{"id":109552,"date":"2024-08-09T14:16:27","date_gmt":"2024-08-09T13:16:27","guid":{"rendered":"https:\/\/www.altominho.tv\/site\/?p=109552"},"modified":"2024-08-09T14:25:31","modified_gmt":"2024-08-09T13:25:31","slug":"associacao-arte-danca-de-arcos-de-valdevez-premiada-em-varias-competicoes-nacionais-e-internacionais","status":"publish","type":"post","link":"https:\/\/www.altominho.tv\/site\/2024\/08\/09\/associacao-arte-danca-de-arcos-de-valdevez-premiada-em-varias-competicoes-nacionais-e-internacionais\/","title":{"rendered":"Associa\u00e7\u00e3o Arte Dan\u00e7a de Arcos de Valdevez premiada em v\u00e1rias competi\u00e7\u00f5es nacionais e internacionais"},"content":{"rendered":"\n<p class=\"wp-block-paragraph\">A associa\u00e7\u00e3o de Arte Dan\u00e7a de Arcos de Valdevez\/Dance Fuel tem conseguido grandes resultados em competi\u00e7\u00f5es nacionais e internacionais de dan\u00e7a.<\/p>\n\n\n\n<p class=\"wp-block-paragraph\">A EDADA \u2013 Dance Fuel forma quase duas centenas de alunos na \u00e1rea da dan\u00e7a, em<br>distintas modalidades como a dan\u00e7a jazz, ballet cl\u00e1ssico, dan\u00e7a commercial, dan\u00e7a<br>contempor\u00e2nea, acrodance, introdu\u00e7\u00e3o \u00e0 dan\u00e7a e prepara\u00e7\u00e3o f\u00edsica para bailarinos. A escola conta com profissionais formados e certificados e orgulha-se de ser a \u00fanica escola a certificar alunos nas modalidades de dan\u00e7a Jazz e ballet cl\u00e1ssico.<\/p>\n\n\n\n<p class=\"wp-block-paragraph\">Anualmente realiza os exames IDTA \u2013 International Dance Teachers Association, tendo obtido 5 classifica\u00e7\u00f5es de m\u00e9rito, com classifica\u00e7\u00f5es entre os 70 e os 84 pontos, e 12 Distin\u00e7\u00f5es, com classifica\u00e7\u00f5es entre os 85 e 100 pontos.<\/p>\n\n\n\n<p class=\"wp-block-paragraph\">No \u00faltimo ano letivo tamb\u00e9m conquistou grandes pr\u00e9mios em competi\u00e7\u00f5es como o All Dance Portugal, em Santa Maria da Feira, com 5 coreografias apuradas para o mundial e 10 para o europeu, destas 1 primeiro lugar, dois segundos e um terceiro.<\/p>\n\n\n\n<p class=\"wp-block-paragraph\">No Stars Dance Galicia, em Ourense, Espanha, arrecadou tr\u00eas primeiros lugares, 2<br>segundos, dois terceiros e dois quartos. Conseguiu ainda os pr\u00e9mios de melhor coreografia solo teens; melhor vesti\u00e1rio Acrodance e melhor core\u00f3grafa Acrodance. No All Dance Europe conseguiu dois primeiros lugares, um segundo e ainda um 5\u00ba, um 7\u00ba, um 8\u00ba e um 9\u00ba.<\/p>\n\n\n\n<p class=\"wp-block-paragraph\">A autarquia tem apoiado a escola\/associa\u00e7\u00e3o arcuense e felicita-a pela grande capacidade e profissionalismo da escola\/associa\u00e7\u00e3o arcuense, assim como enaltece o talento dos jovens bailarinos do concelho.<\/p>\n","protected":false},"excerpt":{"rendered":"<p>A associa\u00e7\u00e3o de Arte Dan\u00e7a de Arcos de Valdevez\/Dance Fuel tem conseguido grandes resultados em competi\u00e7\u00f5es nacionais e internacionais de dan\u00e7a. A EDADA \u2013 Dance Fuel forma quase duas centenas de alunos na \u00e1rea da dan\u00e7a, emdistintas modalidades como a dan\u00e7a jazz, ballet cl\u00e1ssico, dan\u00e7a commercial, dan\u00e7acontempor\u00e2nea, acrodance, introdu\u00e7\u00e3o \u00e0 dan\u00e7a e prepara\u00e7\u00e3o f\u00edsica para [&hellip;]<\/p>\n","protected":false},"author":1,"featured_media":109553,"comment_status":"closed","ping_status":"closed","sticky":false,"template":"","format":"standard","meta":{"_exactmetrics_skip_tracking":false,"footnotes":""},"categories":[2],"tags":[27],"class_list":["post-109552","post","type-post","status-publish","format-standard","has-post-thumbnail","hentry","category-arcos-de-valdevez","tag-sociedade"],"yoast_head":"<!-- This site is optimized with the Yoast SEO Premium plugin v28.3 (Yoast SEO v28.3) - https:\/\/yoast.com\/product\/yoast-seo-premium-wordpress\/ -->\n<title>Associa\u00e7\u00e3o Arte Dan\u00e7a de Arcos de Valdevez premiada em v\u00e1rias competi\u00e7\u00f5es nacionais e internacionais<\/title>\n<meta name=\"robots\" content=\"index, follow, max-snippet:-1, max-image-preview:large, max-video-preview:-1\" \/>\n<link rel=\"canonical\" href=\"https:\/\/www.altominho.tv\/site\/2024\/08\/09\/associacao-arte-danca-de-arcos-de-valdevez-premiada-em-varias-competicoes-nacionais-e-internacionais\/\" \/>\n<meta property=\"og:locale\" content=\"pt_PT\" \/>\n<meta property=\"og:type\" content=\"article\" \/>\n<meta property=\"og:title\" content=\"Associa\u00e7\u00e3o Arte Dan\u00e7a de Arcos de Valdevez premiada em v\u00e1rias competi\u00e7\u00f5es nacionais e internacionais\" \/>\n<meta property=\"og:description\" content=\"A associa\u00e7\u00e3o de Arte Dan\u00e7a de Arcos de Valdevez\/Dance Fuel tem conseguido grandes resultados em competi\u00e7\u00f5es nacionais e internacionais de dan\u00e7a. A EDADA \u2013 Dance Fuel forma quase duas centenas de alunos na \u00e1rea da dan\u00e7a, emdistintas modalidades como a dan\u00e7a jazz, ballet cl\u00e1ssico, dan\u00e7a commercial, dan\u00e7acontempor\u00e2nea, acrodance, introdu\u00e7\u00e3o \u00e0 dan\u00e7a e prepara\u00e7\u00e3o f\u00edsica para [&hellip;]\" \/>\n<meta property=\"og:url\" content=\"https:\/\/www.altominho.tv\/site\/2024\/08\/09\/associacao-arte-danca-de-arcos-de-valdevez-premiada-em-varias-competicoes-nacionais-e-internacionais\/\" \/>\n<meta property=\"og:site_name\" content=\"Altominho.tv\" \/>\n<meta property=\"article:publisher\" content=\"https:\/\/www.facebook.com\/altominhotv\" \/>\n<meta property=\"article:published_time\" content=\"2024-08-09T13:16:27+00:00\" \/>\n<meta property=\"article:modified_time\" content=\"2024-08-09T13:25:31+00:00\" \/>\n<meta property=\"og:image\" content=\"https:\/\/www.altominho.tv\/site\/wp-content\/uploads\/2024\/08\/dance_fuel__3__1_1024_2500.jpg\" \/>\n\t<meta property=\"og:image:width\" content=\"1024\" \/>\n\t<meta property=\"og:image:height\" content=\"684\" \/>\n\t<meta property=\"og:image:type\" content=\"image\/jpeg\" \/>\n<meta name=\"author\" content=\"Altominho.tv\" \/>\n<meta name=\"twitter:card\" content=\"summary_large_image\" \/>\n<meta name=\"twitter:creator\" content=\"@altominhoTV\" \/>\n<meta name=\"twitter:site\" content=\"@altominhoTV\" \/>\n<meta name=\"twitter:label1\" content=\"Escrito por\" \/>\n\t<meta name=\"twitter:data1\" content=\"Altominho.tv\" \/>\n\t<meta name=\"twitter:label2\" content=\"Tempo estimado de leitura\" \/>\n\t<meta name=\"twitter:data2\" content=\"2 minutos\" \/>\n<script type=\"application\/ld+json\" class=\"yoast-schema-graph\">{\"@context\":\"https:\\\/\\\/schema.org\",\"@graph\":[{\"@type\":\"Article\",\"@id\":\"https:\\\/\\\/www.altominho.tv\\\/site\\\/2024\\\/08\\\/09\\\/associacao-arte-danca-de-arcos-de-valdevez-premiada-em-varias-competicoes-nacionais-e-internacionais\\\/#article\",\"isPartOf\":{\"@id\":\"https:\\\/\\\/www.altominho.tv\\\/site\\\/2024\\\/08\\\/09\\\/associacao-arte-danca-de-arcos-de-valdevez-premiada-em-varias-competicoes-nacionais-e-internacionais\\\/\"},\"author\":{\"name\":\"Altominho.tv\",\"@id\":\"https:\\\/\\\/www.altominho.tv\\\/site\\\/#\\\/schema\\\/person\\\/4e536851627d7914baf3dac752b6af22\"},\"headline\":\"Associa\u00e7\u00e3o Arte Dan\u00e7a de Arcos de Valdevez premiada em v\u00e1rias competi\u00e7\u00f5es nacionais e internacionais\",\"datePublished\":\"2024-08-09T13:16:27+00:00\",\"dateModified\":\"2024-08-09T13:25:31+00:00\",\"mainEntityOfPage\":{\"@id\":\"https:\\\/\\\/www.altominho.tv\\\/site\\\/2024\\\/08\\\/09\\\/associacao-arte-danca-de-arcos-de-valdevez-premiada-em-varias-competicoes-nacionais-e-internacionais\\\/\"},\"wordCount\":275,\"image\":{\"@id\":\"https:\\\/\\\/www.altominho.tv\\\/site\\\/2024\\\/08\\\/09\\\/associacao-arte-danca-de-arcos-de-valdevez-premiada-em-varias-competicoes-nacionais-e-internacionais\\\/#primaryimage\"},\"thumbnailUrl\":\"https:\\\/\\\/www.altominho.tv\\\/site\\\/wp-content\\\/uploads\\\/2024\\\/08\\\/dance_fuel__3__1_1024_2500.jpg\",\"keywords\":[\"Sociedade\"],\"articleSection\":[\"Arcos de Valdevez\"],\"inLanguage\":\"pt-PT\",\"copyrightYear\":\"2024\",\"copyrightHolder\":{\"@id\":\"https:\\\/\\\/www.altominho.tv\\\/site\\\/#organization\"}},{\"@type\":\"WebPage\",\"@id\":\"https:\\\/\\\/www.altominho.tv\\\/site\\\/2024\\\/08\\\/09\\\/associacao-arte-danca-de-arcos-de-valdevez-premiada-em-varias-competicoes-nacionais-e-internacionais\\\/\",\"url\":\"https:\\\/\\\/www.altominho.tv\\\/site\\\/2024\\\/08\\\/09\\\/associacao-arte-danca-de-arcos-de-valdevez-premiada-em-varias-competicoes-nacionais-e-internacionais\\\/\",\"name\":\"Associa\u00e7\u00e3o Arte Dan\u00e7a de Arcos de Valdevez premiada em v\u00e1rias competi\u00e7\u00f5es nacionais e internacionais\",\"isPartOf\":{\"@id\":\"https:\\\/\\\/www.altominho.tv\\\/site\\\/#website\"},\"primaryImageOfPage\":{\"@id\":\"https:\\\/\\\/www.altominho.tv\\\/site\\\/2024\\\/08\\\/09\\\/associacao-arte-danca-de-arcos-de-valdevez-premiada-em-varias-competicoes-nacionais-e-internacionais\\\/#primaryimage\"},\"image\":{\"@id\":\"https:\\\/\\\/www.altominho.tv\\\/site\\\/2024\\\/08\\\/09\\\/associacao-arte-danca-de-arcos-de-valdevez-premiada-em-varias-competicoes-nacionais-e-internacionais\\\/#primaryimage\"},\"thumbnailUrl\":\"https:\\\/\\\/www.altominho.tv\\\/site\\\/wp-content\\\/uploads\\\/2024\\\/08\\\/dance_fuel__3__1_1024_2500.jpg\",\"datePublished\":\"2024-08-09T13:16:27+00:00\",\"dateModified\":\"2024-08-09T13:25:31+00:00\",\"author\":{\"@id\":\"https:\\\/\\\/www.altominho.tv\\\/site\\\/#\\\/schema\\\/person\\\/4e536851627d7914baf3dac752b6af22\"},\"breadcrumb\":{\"@id\":\"https:\\\/\\\/www.altominho.tv\\\/site\\\/2024\\\/08\\\/09\\\/associacao-arte-danca-de-arcos-de-valdevez-premiada-em-varias-competicoes-nacionais-e-internacionais\\\/#breadcrumb\"},\"inLanguage\":\"pt-PT\",\"potentialAction\":[{\"@type\":\"ReadAction\",\"target\":[\"https:\\\/\\\/www.altominho.tv\\\/site\\\/2024\\\/08\\\/09\\\/associacao-arte-danca-de-arcos-de-valdevez-premiada-em-varias-competicoes-nacionais-e-internacionais\\\/\"]}]},{\"@type\":\"ImageObject\",\"inLanguage\":\"pt-PT\",\"@id\":\"https:\\\/\\\/www.altominho.tv\\\/site\\\/2024\\\/08\\\/09\\\/associacao-arte-danca-de-arcos-de-valdevez-premiada-em-varias-competicoes-nacionais-e-internacionais\\\/#primaryimage\",\"url\":\"https:\\\/\\\/www.altominho.tv\\\/site\\\/wp-content\\\/uploads\\\/2024\\\/08\\\/dance_fuel__3__1_1024_2500.jpg\",\"contentUrl\":\"https:\\\/\\\/www.altominho.tv\\\/site\\\/wp-content\\\/uploads\\\/2024\\\/08\\\/dance_fuel__3__1_1024_2500.jpg\",\"width\":1024,\"height\":684},{\"@type\":\"BreadcrumbList\",\"@id\":\"https:\\\/\\\/www.altominho.tv\\\/site\\\/2024\\\/08\\\/09\\\/associacao-arte-danca-de-arcos-de-valdevez-premiada-em-varias-competicoes-nacionais-e-internacionais\\\/#breadcrumb\",\"itemListElement\":[{\"@type\":\"ListItem\",\"position\":1,\"name\":\"In\u00edcio\",\"item\":\"https:\\\/\\\/www.altominho.tv\\\/site\\\/\"},{\"@type\":\"ListItem\",\"position\":2,\"name\":\"Associa\u00e7\u00e3o Arte Dan\u00e7a de Arcos de Valdevez premiada em v\u00e1rias competi\u00e7\u00f5es nacionais e internacionais\"}]},{\"@type\":\"WebSite\",\"@id\":\"https:\\\/\\\/www.altominho.tv\\\/site\\\/#website\",\"url\":\"https:\\\/\\\/www.altominho.tv\\\/site\\\/\",\"name\":\"Altominho.tv\",\"description\":\"A sua regi\u00e3o \u00e0 dist\u00e2ncia de um clique...\",\"potentialAction\":[{\"@type\":\"SearchAction\",\"target\":{\"@type\":\"EntryPoint\",\"urlTemplate\":\"https:\\\/\\\/www.altominho.tv\\\/site\\\/?s={search_term_string}\"},\"query-input\":{\"@type\":\"PropertyValueSpecification\",\"valueRequired\":true,\"valueName\":\"search_term_string\"}}],\"inLanguage\":\"pt-PT\"},{\"@type\":\"Person\",\"@id\":\"https:\\\/\\\/www.altominho.tv\\\/site\\\/#\\\/schema\\\/person\\\/4e536851627d7914baf3dac752b6af22\",\"name\":\"Altominho.tv\",\"image\":{\"@type\":\"ImageObject\",\"inLanguage\":\"pt-PT\",\"@id\":\"https:\\\/\\\/www.altominho.tv\\\/site\\\/wp-content\\\/uploads\\\/2019\\\/11\\\/Logo_Avatar_2-150x150.jpg\",\"url\":\"https:\\\/\\\/www.altominho.tv\\\/site\\\/wp-content\\\/uploads\\\/2019\\\/11\\\/Logo_Avatar_2-150x150.jpg\",\"contentUrl\":\"https:\\\/\\\/www.altominho.tv\\\/site\\\/wp-content\\\/uploads\\\/2019\\\/11\\\/Logo_Avatar_2-150x150.jpg\",\"caption\":\"Altominho.tv\"},\"url\":\"https:\\\/\\\/www.altominho.tv\\\/site\\\/author\\\/altominhotv-tecnico\\\/\"}]}<\/script>\n<!-- \/ Yoast SEO Premium plugin. -->","yoast_head_json":{"title":"Associa\u00e7\u00e3o Arte Dan\u00e7a de Arcos de Valdevez premiada em v\u00e1rias competi\u00e7\u00f5es nacionais e internacionais","robots":{"index":"index","follow":"follow","max-snippet":"max-snippet:-1","max-image-preview":"max-image-preview:large","max-video-preview":"max-video-preview:-1"},"canonical":"https:\/\/www.altominho.tv\/site\/2024\/08\/09\/associacao-arte-danca-de-arcos-de-valdevez-premiada-em-varias-competicoes-nacionais-e-internacionais\/","og_locale":"pt_PT","og_type":"article","og_title":"Associa\u00e7\u00e3o Arte Dan\u00e7a de Arcos de Valdevez premiada em v\u00e1rias competi\u00e7\u00f5es nacionais e internacionais","og_description":"A associa\u00e7\u00e3o de Arte Dan\u00e7a de Arcos de Valdevez\/Dance Fuel tem conseguido grandes resultados em competi\u00e7\u00f5es nacionais e internacionais de dan\u00e7a. A EDADA \u2013 Dance Fuel forma quase duas centenas de alunos na \u00e1rea da dan\u00e7a, emdistintas modalidades como a dan\u00e7a jazz, ballet cl\u00e1ssico, dan\u00e7a commercial, dan\u00e7acontempor\u00e2nea, acrodance, introdu\u00e7\u00e3o \u00e0 dan\u00e7a e prepara\u00e7\u00e3o f\u00edsica para [&hellip;]","og_url":"https:\/\/www.altominho.tv\/site\/2024\/08\/09\/associacao-arte-danca-de-arcos-de-valdevez-premiada-em-varias-competicoes-nacionais-e-internacionais\/","og_site_name":"Altominho.tv","article_publisher":"https:\/\/www.facebook.com\/altominhotv","article_published_time":"2024-08-09T13:16:27+00:00","article_modified_time":"2024-08-09T13:25:31+00:00","og_image":[{"width":1024,"height":684,"url":"https:\/\/www.altominho.tv\/site\/wp-content\/uploads\/2024\/08\/dance_fuel__3__1_1024_2500.jpg","type":"image\/jpeg"}],"author":"Altominho.tv","twitter_card":"summary_large_image","twitter_creator":"@altominhoTV","twitter_site":"@altominhoTV","twitter_misc":{"Escrito por":"Altominho.tv","Tempo estimado de leitura":"2 minutos"},"schema":{"@context":"https:\/\/schema.org","@graph":[{"@type":"Article","@id":"https:\/\/www.altominho.tv\/site\/2024\/08\/09\/associacao-arte-danca-de-arcos-de-valdevez-premiada-em-varias-competicoes-nacionais-e-internacionais\/#article","isPartOf":{"@id":"https:\/\/www.altominho.tv\/site\/2024\/08\/09\/associacao-arte-danca-de-arcos-de-valdevez-premiada-em-varias-competicoes-nacionais-e-internacionais\/"},"author":{"name":"Altominho.tv","@id":"https:\/\/www.altominho.tv\/site\/#\/schema\/person\/4e536851627d7914baf3dac752b6af22"},"headline":"Associa\u00e7\u00e3o Arte Dan\u00e7a de Arcos de Valdevez premiada em v\u00e1rias competi\u00e7\u00f5es nacionais e internacionais","datePublished":"2024-08-09T13:16:27+00:00","dateModified":"2024-08-09T13:25:31+00:00","mainEntityOfPage":{"@id":"https:\/\/www.altominho.tv\/site\/2024\/08\/09\/associacao-arte-danca-de-arcos-de-valdevez-premiada-em-varias-competicoes-nacionais-e-internacionais\/"},"wordCount":275,"image":{"@id":"https:\/\/www.altominho.tv\/site\/2024\/08\/09\/associacao-arte-danca-de-arcos-de-valdevez-premiada-em-varias-competicoes-nacionais-e-internacionais\/#primaryimage"},"thumbnailUrl":"https:\/\/www.altominho.tv\/site\/wp-content\/uploads\/2024\/08\/dance_fuel__3__1_1024_2500.jpg","keywords":["Sociedade"],"articleSection":["Arcos de Valdevez"],"inLanguage":"pt-PT","copyrightYear":"2024","copyrightHolder":{"@id":"https:\/\/www.altominho.tv\/site\/#organization"}},{"@type":"WebPage","@id":"https:\/\/www.altominho.tv\/site\/2024\/08\/09\/associacao-arte-danca-de-arcos-de-valdevez-premiada-em-varias-competicoes-nacionais-e-internacionais\/","url":"https:\/\/www.altominho.tv\/site\/2024\/08\/09\/associacao-arte-danca-de-arcos-de-valdevez-premiada-em-varias-competicoes-nacionais-e-internacionais\/","name":"Associa\u00e7\u00e3o Arte Dan\u00e7a de Arcos de Valdevez premiada em v\u00e1rias competi\u00e7\u00f5es nacionais e internacionais","isPartOf":{"@id":"https:\/\/www.altominho.tv\/site\/#website"},"primaryImageOfPage":{"@id":"https:\/\/www.altominho.tv\/site\/2024\/08\/09\/associacao-arte-danca-de-arcos-de-valdevez-premiada-em-varias-competicoes-nacionais-e-internacionais\/#primaryimage"},"image":{"@id":"https:\/\/www.altominho.tv\/site\/2024\/08\/09\/associacao-arte-danca-de-arcos-de-valdevez-premiada-em-varias-competicoes-nacionais-e-internacionais\/#primaryimage"},"thumbnailUrl":"https:\/\/www.altominho.tv\/site\/wp-content\/uploads\/2024\/08\/dance_fuel__3__1_1024_2500.jpg","datePublished":"2024-08-09T13:16:27+00:00","dateModified":"2024-08-09T13:25:31+00:00","author":{"@id":"https:\/\/www.altominho.tv\/site\/#\/schema\/person\/4e536851627d7914baf3dac752b6af22"},"breadcrumb":{"@id":"https:\/\/www.altominho.tv\/site\/2024\/08\/09\/associacao-arte-danca-de-arcos-de-valdevez-premiada-em-varias-competicoes-nacionais-e-internacionais\/#breadcrumb"},"inLanguage":"pt-PT","potentialAction":[{"@type":"ReadAction","target":["https:\/\/www.altominho.tv\/site\/2024\/08\/09\/associacao-arte-danca-de-arcos-de-valdevez-premiada-em-varias-competicoes-nacionais-e-internacionais\/"]}]},{"@type":"ImageObject","inLanguage":"pt-PT","@id":"https:\/\/www.altominho.tv\/site\/2024\/08\/09\/associacao-arte-danca-de-arcos-de-valdevez-premiada-em-varias-competicoes-nacionais-e-internacionais\/#primaryimage","url":"https:\/\/www.altominho.tv\/site\/wp-content\/uploads\/2024\/08\/dance_fuel__3__1_1024_2500.jpg","contentUrl":"https:\/\/www.altominho.tv\/site\/wp-content\/uploads\/2024\/08\/dance_fuel__3__1_1024_2500.jpg","width":1024,"height":684},{"@type":"BreadcrumbList","@id":"https:\/\/www.altominho.tv\/site\/2024\/08\/09\/associacao-arte-danca-de-arcos-de-valdevez-premiada-em-varias-competicoes-nacionais-e-internacionais\/#breadcrumb","itemListElement":[{"@type":"ListItem","position":1,"name":"In\u00edcio","item":"https:\/\/www.altominho.tv\/site\/"},{"@type":"ListItem","position":2,"name":"Associa\u00e7\u00e3o Arte Dan\u00e7a de Arcos de Valdevez premiada em v\u00e1rias competi\u00e7\u00f5es nacionais e internacionais"}]},{"@type":"WebSite","@id":"https:\/\/www.altominho.tv\/site\/#website","url":"https:\/\/www.altominho.tv\/site\/","name":"Altominho.tv","description":"A sua regi\u00e3o \u00e0 dist\u00e2ncia de um clique...","potentialAction":[{"@type":"SearchAction","target":{"@type":"EntryPoint","urlTemplate":"https:\/\/www.altominho.tv\/site\/?s={search_term_string}"},"query-input":{"@type":"PropertyValueSpecification","valueRequired":true,"valueName":"search_term_string"}}],"inLanguage":"pt-PT"},{"@type":"Person","@id":"https:\/\/www.altominho.tv\/site\/#\/schema\/person\/4e536851627d7914baf3dac752b6af22","name":"Altominho.tv","image":{"@type":"ImageObject","inLanguage":"pt-PT","@id":"https:\/\/www.altominho.tv\/site\/wp-content\/uploads\/2019\/11\/Logo_Avatar_2-150x150.jpg","url":"https:\/\/www.altominho.tv\/site\/wp-content\/uploads\/2019\/11\/Logo_Avatar_2-150x150.jpg","contentUrl":"https:\/\/www.altominho.tv\/site\/wp-content\/uploads\/2019\/11\/Logo_Avatar_2-150x150.jpg","caption":"Altominho.tv"},"url":"https:\/\/www.altominho.tv\/site\/author\/altominhotv-tecnico\/"}]}},"_links":{"self":[{"href":"https:\/\/www.altominho.tv\/site\/wp-json\/wp\/v2\/posts\/109552","targetHints":{"allow":["GET"]}}],"collection":[{"href":"https:\/\/www.altominho.tv\/site\/wp-json\/wp\/v2\/posts"}],"about":[{"href":"https:\/\/www.altominho.tv\/site\/wp-json\/wp\/v2\/types\/post"}],"author":[{"embeddable":true,"href":"https:\/\/www.altominho.tv\/site\/wp-json\/wp\/v2\/users\/1"}],"replies":[{"embeddable":true,"href":"https:\/\/www.altominho.tv\/site\/wp-json\/wp\/v2\/comments?post=109552"}],"version-history":[{"count":2,"href":"https:\/\/www.altominho.tv\/site\/wp-json\/wp\/v2\/posts\/109552\/revisions"}],"predecessor-version":[{"id":109561,"href":"https:\/\/www.altominho.tv\/site\/wp-json\/wp\/v2\/posts\/109552\/revisions\/109561"}],"wp:featuredmedia":[{"embeddable":true,"href":"https:\/\/www.altominho.tv\/site\/wp-json\/wp\/v2\/media\/109553"}],"wp:attachment":[{"href":"https:\/\/www.altominho.tv\/site\/wp-json\/wp\/v2\/media?parent=109552"}],"wp:term":[{"taxonomy":"category","embeddable":true,"href":"https:\/\/www.altominho.tv\/site\/wp-json\/wp\/v2\/categories?post=109552"},{"taxonomy":"post_tag","embeddable":true,"href":"https:\/\/www.altominho.tv\/site\/wp-json\/wp\/v2\/tags?post=109552"}],"curies":[{"name":"wp","href":"https:\/\/api.w.org\/{rel}","templated":true}]}}