{"id":109343,"date":"2024-08-01T14:07:16","date_gmt":"2024-08-01T13:07:16","guid":{"rendered":"https:\/\/www.altominho.tv\/site\/?p=109343"},"modified":"2024-08-01T14:37:11","modified_gmt":"2024-08-01T13:37:11","slug":"camara-de-viana-do-castelo-ensinou-portugues-a-157-migrantes-de-26-nacionalidades","status":"publish","type":"post","link":"https:\/\/www.altominho.tv\/site\/2024\/08\/01\/camara-de-viana-do-castelo-ensinou-portugues-a-157-migrantes-de-26-nacionalidades\/","title":{"rendered":"C\u00e2mara de Viana do Castelo ensinou portugu\u00eas a 157 migrantes de 26 nacionalidades"},"content":{"rendered":"<p>A C\u00e2mara Municipal de Viana do Castelo promoveu, esta ano letivo, o ensino de\u00a0portugu\u00eas a 157 migrantes de 26 nacionalidades. Esta quarta-feira, a Vereadora da\u00a0Coes\u00e3o Social, Carlota Borges, marcou presen\u00e7a no piquenique de encerramento das\u00a0aulas de portugu\u00eas para migrantes, num momento de conv\u00edvio que juntou professores,\u00a0t\u00e9cnicos e alunos.<\/p>\n<p>Para o piquenique, os alunos migrantes contribu\u00edram para iguarias dos\u00a0respetivos pa\u00edses, num conv\u00edvio que teve tamb\u00e9m como objetivo agradecer o trabalho\u00a0dos 10 professores volunt\u00e1rios que, ao longo do ano, lecionaram as aulas, de uma\u00a0forma totalmente gratuita, numa perspetiva de integra\u00e7\u00e3o atrav\u00e9s da l\u00edngua.<\/p>\n<p>Este ano, as aulas de portugu\u00eas para migrantes contaram com a presen\u00e7a de\u00a0157 inscritos de 26 nacionalidades, destacando-se migrantes n\u00e3o s\u00f3 da Uni\u00e3o\u00a0Europeia, como da Su\u00e9cia, mas tamb\u00e9m dos Estados Unidos da Am\u00e9rica, Paquist\u00e3o,\u00a0\u00cdndia, Reino Unido, \u00c1frica do Sul, Chile, Venezuela, Ucr\u00e2nia, Col\u00f4mbia, Su\u00ed\u00e7a, M\u00e9xico,\u00a0R\u00fassia, Bol\u00edvia, entre outros.<\/p>\n<p>Em breve, o Munic\u00edpio vai abrir as vagas para o ano letivo 2024 \/ 2025. No\u00a0\u00e2mbito das pol\u00edticas locais de acolhimento e integra\u00e7\u00e3o de migrantes, o Munic\u00edpio de\u00a0Viana do Castelo tem vindo a desenvolver um conjunto de atividades com vista \u00e0\u00a0promo\u00e7\u00e3o da coes\u00e3o social e interculturalidade, das quais se destacam as aulas de\u00a0l\u00edngua portuguesa, ministradas semanalmente. Destinam-se a qualquer cidad\u00e3o\u00a0estrangeiro que pretenda aprender ou aperfei\u00e7oar a l\u00edngua portuguesa e conhecer\u00a0Portugal e a sua cultura.<\/p>\n<p>As aulas t\u00eam a dura\u00e7\u00e3o de 2 horas semanais e funcionam durante o per\u00edodo\u00a0escolar normal (de setembro a junho), com interrup\u00e7\u00e3o nas f\u00e9rias de Natal, P\u00e1scoa e\u00a0Ver\u00e3o.<\/p>\n","protected":false},"excerpt":{"rendered":"<p>A C\u00e2mara Municipal de Viana do Castelo promoveu, esta ano letivo, o ensino de\u00a0portugu\u00eas a 157 migrantes de 26 nacionalidades. Esta quarta-feira, a Vereadora da\u00a0Coes\u00e3o Social, Carlota Borges, marcou presen\u00e7a no piquenique de encerramento das\u00a0aulas de portugu\u00eas para migrantes, num momento de conv\u00edvio que juntou professores,\u00a0t\u00e9cnicos e alunos. Para o piquenique, os alunos migrantes contribu\u00edram [&hellip;]<\/p>\n","protected":false},"author":1,"featured_media":109344,"comment_status":"closed","ping_status":"closed","sticky":false,"template":"","format":"standard","meta":{"_exactmetrics_skip_tracking":false,"footnotes":""},"categories":[14],"tags":[27],"class_list":["post-109343","post","type-post","status-publish","format-standard","has-post-thumbnail","hentry","category-viana-do-castelo","tag-sociedade"],"yoast_head":"<!-- This site is optimized with the Yoast SEO Premium plugin v28.3 (Yoast SEO v28.3) - https:\/\/yoast.com\/product\/yoast-seo-premium-wordpress\/ -->\n<title>C\u00e2mara de Viana do Castelo ensinou portugu\u00eas a 157 migrantes de 26 nacionalidades<\/title>\n<meta name=\"robots\" content=\"index, follow, max-snippet:-1, max-image-preview:large, max-video-preview:-1\" \/>\n<link rel=\"canonical\" href=\"https:\/\/www.altominho.tv\/site\/2024\/08\/01\/camara-de-viana-do-castelo-ensinou-portugues-a-157-migrantes-de-26-nacionalidades\/\" \/>\n<meta property=\"og:locale\" content=\"pt_PT\" \/>\n<meta property=\"og:type\" content=\"article\" \/>\n<meta property=\"og:title\" content=\"C\u00e2mara de Viana do Castelo ensinou portugu\u00eas a 157 migrantes de 26 nacionalidades\" \/>\n<meta property=\"og:description\" content=\"A C\u00e2mara Municipal de Viana do Castelo promoveu, esta ano letivo, o ensino de\u00a0portugu\u00eas a 157 migrantes de 26 nacionalidades. Esta quarta-feira, a Vereadora da\u00a0Coes\u00e3o Social, Carlota Borges, marcou presen\u00e7a no piquenique de encerramento das\u00a0aulas de portugu\u00eas para migrantes, num momento de conv\u00edvio que juntou professores,\u00a0t\u00e9cnicos e alunos. Para o piquenique, os alunos migrantes contribu\u00edram [&hellip;]\" \/>\n<meta property=\"og:url\" content=\"https:\/\/www.altominho.tv\/site\/2024\/08\/01\/camara-de-viana-do-castelo-ensinou-portugues-a-157-migrantes-de-26-nacionalidades\/\" \/>\n<meta property=\"og:site_name\" content=\"Altominho.tv\" \/>\n<meta property=\"article:publisher\" content=\"https:\/\/www.facebook.com\/altominhotv\" \/>\n<meta property=\"article:published_time\" content=\"2024-08-01T13:07:16+00:00\" \/>\n<meta property=\"article:modified_time\" content=\"2024-08-01T13:37:11+00:00\" \/>\n<meta property=\"og:image\" content=\"https:\/\/www.altominho.tv\/site\/wp-content\/uploads\/2024\/08\/migrantes-scaled.jpg\" \/>\n\t<meta property=\"og:image:width\" content=\"2560\" \/>\n\t<meta property=\"og:image:height\" content=\"1703\" \/>\n\t<meta property=\"og:image:type\" content=\"image\/jpeg\" \/>\n<meta name=\"author\" content=\"Altominho.tv\" \/>\n<meta name=\"twitter:card\" content=\"summary_large_image\" \/>\n<meta name=\"twitter:creator\" content=\"@altominhoTV\" \/>\n<meta name=\"twitter:site\" content=\"@altominhoTV\" \/>\n<meta name=\"twitter:label1\" content=\"Escrito por\" \/>\n\t<meta name=\"twitter:data1\" content=\"Altominho.tv\" \/>\n\t<meta name=\"twitter:label2\" content=\"Tempo estimado de leitura\" \/>\n\t<meta name=\"twitter:data2\" content=\"1 minuto\" \/>\n<script type=\"application\/ld+json\" class=\"yoast-schema-graph\">{\"@context\":\"https:\\\/\\\/schema.org\",\"@graph\":[{\"@type\":\"Article\",\"@id\":\"https:\\\/\\\/www.altominho.tv\\\/site\\\/2024\\\/08\\\/01\\\/camara-de-viana-do-castelo-ensinou-portugues-a-157-migrantes-de-26-nacionalidades\\\/#article\",\"isPartOf\":{\"@id\":\"https:\\\/\\\/www.altominho.tv\\\/site\\\/2024\\\/08\\\/01\\\/camara-de-viana-do-castelo-ensinou-portugues-a-157-migrantes-de-26-nacionalidades\\\/\"},\"author\":{\"name\":\"Altominho.tv\",\"@id\":\"https:\\\/\\\/www.altominho.tv\\\/site\\\/#\\\/schema\\\/person\\\/4e536851627d7914baf3dac752b6af22\"},\"headline\":\"C\u00e2mara de Viana do Castelo ensinou portugu\u00eas a 157 migrantes de 26 nacionalidades\",\"datePublished\":\"2024-08-01T13:07:16+00:00\",\"dateModified\":\"2024-08-01T13:37:11+00:00\",\"mainEntityOfPage\":{\"@id\":\"https:\\\/\\\/www.altominho.tv\\\/site\\\/2024\\\/08\\\/01\\\/camara-de-viana-do-castelo-ensinou-portugues-a-157-migrantes-de-26-nacionalidades\\\/\"},\"wordCount\":308,\"image\":{\"@id\":\"https:\\\/\\\/www.altominho.tv\\\/site\\\/2024\\\/08\\\/01\\\/camara-de-viana-do-castelo-ensinou-portugues-a-157-migrantes-de-26-nacionalidades\\\/#primaryimage\"},\"thumbnailUrl\":\"https:\\\/\\\/www.altominho.tv\\\/site\\\/wp-content\\\/uploads\\\/2024\\\/08\\\/migrantes-scaled.jpg\",\"keywords\":[\"Sociedade\"],\"articleSection\":[\"Viana do Castelo\"],\"inLanguage\":\"pt-PT\",\"copyrightYear\":\"2024\",\"copyrightHolder\":{\"@id\":\"https:\\\/\\\/www.altominho.tv\\\/site\\\/#organization\"}},{\"@type\":\"WebPage\",\"@id\":\"https:\\\/\\\/www.altominho.tv\\\/site\\\/2024\\\/08\\\/01\\\/camara-de-viana-do-castelo-ensinou-portugues-a-157-migrantes-de-26-nacionalidades\\\/\",\"url\":\"https:\\\/\\\/www.altominho.tv\\\/site\\\/2024\\\/08\\\/01\\\/camara-de-viana-do-castelo-ensinou-portugues-a-157-migrantes-de-26-nacionalidades\\\/\",\"name\":\"C\u00e2mara de Viana do Castelo ensinou portugu\u00eas a 157 migrantes de 26 nacionalidades\",\"isPartOf\":{\"@id\":\"https:\\\/\\\/www.altominho.tv\\\/site\\\/#website\"},\"primaryImageOfPage\":{\"@id\":\"https:\\\/\\\/www.altominho.tv\\\/site\\\/2024\\\/08\\\/01\\\/camara-de-viana-do-castelo-ensinou-portugues-a-157-migrantes-de-26-nacionalidades\\\/#primaryimage\"},\"image\":{\"@id\":\"https:\\\/\\\/www.altominho.tv\\\/site\\\/2024\\\/08\\\/01\\\/camara-de-viana-do-castelo-ensinou-portugues-a-157-migrantes-de-26-nacionalidades\\\/#primaryimage\"},\"thumbnailUrl\":\"https:\\\/\\\/www.altominho.tv\\\/site\\\/wp-content\\\/uploads\\\/2024\\\/08\\\/migrantes-scaled.jpg\",\"datePublished\":\"2024-08-01T13:07:16+00:00\",\"dateModified\":\"2024-08-01T13:37:11+00:00\",\"author\":{\"@id\":\"https:\\\/\\\/www.altominho.tv\\\/site\\\/#\\\/schema\\\/person\\\/4e536851627d7914baf3dac752b6af22\"},\"breadcrumb\":{\"@id\":\"https:\\\/\\\/www.altominho.tv\\\/site\\\/2024\\\/08\\\/01\\\/camara-de-viana-do-castelo-ensinou-portugues-a-157-migrantes-de-26-nacionalidades\\\/#breadcrumb\"},\"inLanguage\":\"pt-PT\",\"potentialAction\":[{\"@type\":\"ReadAction\",\"target\":[\"https:\\\/\\\/www.altominho.tv\\\/site\\\/2024\\\/08\\\/01\\\/camara-de-viana-do-castelo-ensinou-portugues-a-157-migrantes-de-26-nacionalidades\\\/\"]}]},{\"@type\":\"ImageObject\",\"inLanguage\":\"pt-PT\",\"@id\":\"https:\\\/\\\/www.altominho.tv\\\/site\\\/2024\\\/08\\\/01\\\/camara-de-viana-do-castelo-ensinou-portugues-a-157-migrantes-de-26-nacionalidades\\\/#primaryimage\",\"url\":\"https:\\\/\\\/www.altominho.tv\\\/site\\\/wp-content\\\/uploads\\\/2024\\\/08\\\/migrantes-scaled.jpg\",\"contentUrl\":\"https:\\\/\\\/www.altominho.tv\\\/site\\\/wp-content\\\/uploads\\\/2024\\\/08\\\/migrantes-scaled.jpg\",\"width\":2560,\"height\":1703},{\"@type\":\"BreadcrumbList\",\"@id\":\"https:\\\/\\\/www.altominho.tv\\\/site\\\/2024\\\/08\\\/01\\\/camara-de-viana-do-castelo-ensinou-portugues-a-157-migrantes-de-26-nacionalidades\\\/#breadcrumb\",\"itemListElement\":[{\"@type\":\"ListItem\",\"position\":1,\"name\":\"In\u00edcio\",\"item\":\"https:\\\/\\\/www.altominho.tv\\\/site\\\/\"},{\"@type\":\"ListItem\",\"position\":2,\"name\":\"C\u00e2mara de Viana do Castelo ensinou portugu\u00eas a 157 migrantes de 26 nacionalidades\"}]},{\"@type\":\"WebSite\",\"@id\":\"https:\\\/\\\/www.altominho.tv\\\/site\\\/#website\",\"url\":\"https:\\\/\\\/www.altominho.tv\\\/site\\\/\",\"name\":\"Altominho.tv\",\"description\":\"A sua regi\u00e3o \u00e0 dist\u00e2ncia de um clique...\",\"potentialAction\":[{\"@type\":\"SearchAction\",\"target\":{\"@type\":\"EntryPoint\",\"urlTemplate\":\"https:\\\/\\\/www.altominho.tv\\\/site\\\/?s={search_term_string}\"},\"query-input\":{\"@type\":\"PropertyValueSpecification\",\"valueRequired\":true,\"valueName\":\"search_term_string\"}}],\"inLanguage\":\"pt-PT\"},{\"@type\":\"Person\",\"@id\":\"https:\\\/\\\/www.altominho.tv\\\/site\\\/#\\\/schema\\\/person\\\/4e536851627d7914baf3dac752b6af22\",\"name\":\"Altominho.tv\",\"image\":{\"@type\":\"ImageObject\",\"inLanguage\":\"pt-PT\",\"@id\":\"https:\\\/\\\/www.altominho.tv\\\/site\\\/wp-content\\\/uploads\\\/2019\\\/11\\\/Logo_Avatar_2-150x150.jpg\",\"url\":\"https:\\\/\\\/www.altominho.tv\\\/site\\\/wp-content\\\/uploads\\\/2019\\\/11\\\/Logo_Avatar_2-150x150.jpg\",\"contentUrl\":\"https:\\\/\\\/www.altominho.tv\\\/site\\\/wp-content\\\/uploads\\\/2019\\\/11\\\/Logo_Avatar_2-150x150.jpg\",\"caption\":\"Altominho.tv\"},\"url\":\"https:\\\/\\\/www.altominho.tv\\\/site\\\/author\\\/altominhotv-tecnico\\\/\"}]}<\/script>\n<!-- \/ Yoast SEO Premium plugin. -->","yoast_head_json":{"title":"C\u00e2mara de Viana do Castelo ensinou portugu\u00eas a 157 migrantes de 26 nacionalidades","robots":{"index":"index","follow":"follow","max-snippet":"max-snippet:-1","max-image-preview":"max-image-preview:large","max-video-preview":"max-video-preview:-1"},"canonical":"https:\/\/www.altominho.tv\/site\/2024\/08\/01\/camara-de-viana-do-castelo-ensinou-portugues-a-157-migrantes-de-26-nacionalidades\/","og_locale":"pt_PT","og_type":"article","og_title":"C\u00e2mara de Viana do Castelo ensinou portugu\u00eas a 157 migrantes de 26 nacionalidades","og_description":"A C\u00e2mara Municipal de Viana do Castelo promoveu, esta ano letivo, o ensino de\u00a0portugu\u00eas a 157 migrantes de 26 nacionalidades. Esta quarta-feira, a Vereadora da\u00a0Coes\u00e3o Social, Carlota Borges, marcou presen\u00e7a no piquenique de encerramento das\u00a0aulas de portugu\u00eas para migrantes, num momento de conv\u00edvio que juntou professores,\u00a0t\u00e9cnicos e alunos. Para o piquenique, os alunos migrantes contribu\u00edram [&hellip;]","og_url":"https:\/\/www.altominho.tv\/site\/2024\/08\/01\/camara-de-viana-do-castelo-ensinou-portugues-a-157-migrantes-de-26-nacionalidades\/","og_site_name":"Altominho.tv","article_publisher":"https:\/\/www.facebook.com\/altominhotv","article_published_time":"2024-08-01T13:07:16+00:00","article_modified_time":"2024-08-01T13:37:11+00:00","og_image":[{"width":2560,"height":1703,"url":"https:\/\/www.altominho.tv\/site\/wp-content\/uploads\/2024\/08\/migrantes-scaled.jpg","type":"image\/jpeg"}],"author":"Altominho.tv","twitter_card":"summary_large_image","twitter_creator":"@altominhoTV","twitter_site":"@altominhoTV","twitter_misc":{"Escrito por":"Altominho.tv","Tempo estimado de leitura":"1 minuto"},"schema":{"@context":"https:\/\/schema.org","@graph":[{"@type":"Article","@id":"https:\/\/www.altominho.tv\/site\/2024\/08\/01\/camara-de-viana-do-castelo-ensinou-portugues-a-157-migrantes-de-26-nacionalidades\/#article","isPartOf":{"@id":"https:\/\/www.altominho.tv\/site\/2024\/08\/01\/camara-de-viana-do-castelo-ensinou-portugues-a-157-migrantes-de-26-nacionalidades\/"},"author":{"name":"Altominho.tv","@id":"https:\/\/www.altominho.tv\/site\/#\/schema\/person\/4e536851627d7914baf3dac752b6af22"},"headline":"C\u00e2mara de Viana do Castelo ensinou portugu\u00eas a 157 migrantes de 26 nacionalidades","datePublished":"2024-08-01T13:07:16+00:00","dateModified":"2024-08-01T13:37:11+00:00","mainEntityOfPage":{"@id":"https:\/\/www.altominho.tv\/site\/2024\/08\/01\/camara-de-viana-do-castelo-ensinou-portugues-a-157-migrantes-de-26-nacionalidades\/"},"wordCount":308,"image":{"@id":"https:\/\/www.altominho.tv\/site\/2024\/08\/01\/camara-de-viana-do-castelo-ensinou-portugues-a-157-migrantes-de-26-nacionalidades\/#primaryimage"},"thumbnailUrl":"https:\/\/www.altominho.tv\/site\/wp-content\/uploads\/2024\/08\/migrantes-scaled.jpg","keywords":["Sociedade"],"articleSection":["Viana do Castelo"],"inLanguage":"pt-PT","copyrightYear":"2024","copyrightHolder":{"@id":"https:\/\/www.altominho.tv\/site\/#organization"}},{"@type":"WebPage","@id":"https:\/\/www.altominho.tv\/site\/2024\/08\/01\/camara-de-viana-do-castelo-ensinou-portugues-a-157-migrantes-de-26-nacionalidades\/","url":"https:\/\/www.altominho.tv\/site\/2024\/08\/01\/camara-de-viana-do-castelo-ensinou-portugues-a-157-migrantes-de-26-nacionalidades\/","name":"C\u00e2mara de Viana do Castelo ensinou portugu\u00eas a 157 migrantes de 26 nacionalidades","isPartOf":{"@id":"https:\/\/www.altominho.tv\/site\/#website"},"primaryImageOfPage":{"@id":"https:\/\/www.altominho.tv\/site\/2024\/08\/01\/camara-de-viana-do-castelo-ensinou-portugues-a-157-migrantes-de-26-nacionalidades\/#primaryimage"},"image":{"@id":"https:\/\/www.altominho.tv\/site\/2024\/08\/01\/camara-de-viana-do-castelo-ensinou-portugues-a-157-migrantes-de-26-nacionalidades\/#primaryimage"},"thumbnailUrl":"https:\/\/www.altominho.tv\/site\/wp-content\/uploads\/2024\/08\/migrantes-scaled.jpg","datePublished":"2024-08-01T13:07:16+00:00","dateModified":"2024-08-01T13:37:11+00:00","author":{"@id":"https:\/\/www.altominho.tv\/site\/#\/schema\/person\/4e536851627d7914baf3dac752b6af22"},"breadcrumb":{"@id":"https:\/\/www.altominho.tv\/site\/2024\/08\/01\/camara-de-viana-do-castelo-ensinou-portugues-a-157-migrantes-de-26-nacionalidades\/#breadcrumb"},"inLanguage":"pt-PT","potentialAction":[{"@type":"ReadAction","target":["https:\/\/www.altominho.tv\/site\/2024\/08\/01\/camara-de-viana-do-castelo-ensinou-portugues-a-157-migrantes-de-26-nacionalidades\/"]}]},{"@type":"ImageObject","inLanguage":"pt-PT","@id":"https:\/\/www.altominho.tv\/site\/2024\/08\/01\/camara-de-viana-do-castelo-ensinou-portugues-a-157-migrantes-de-26-nacionalidades\/#primaryimage","url":"https:\/\/www.altominho.tv\/site\/wp-content\/uploads\/2024\/08\/migrantes-scaled.jpg","contentUrl":"https:\/\/www.altominho.tv\/site\/wp-content\/uploads\/2024\/08\/migrantes-scaled.jpg","width":2560,"height":1703},{"@type":"BreadcrumbList","@id":"https:\/\/www.altominho.tv\/site\/2024\/08\/01\/camara-de-viana-do-castelo-ensinou-portugues-a-157-migrantes-de-26-nacionalidades\/#breadcrumb","itemListElement":[{"@type":"ListItem","position":1,"name":"In\u00edcio","item":"https:\/\/www.altominho.tv\/site\/"},{"@type":"ListItem","position":2,"name":"C\u00e2mara de Viana do Castelo ensinou portugu\u00eas a 157 migrantes de 26 nacionalidades"}]},{"@type":"WebSite","@id":"https:\/\/www.altominho.tv\/site\/#website","url":"https:\/\/www.altominho.tv\/site\/","name":"Altominho.tv","description":"A sua regi\u00e3o \u00e0 dist\u00e2ncia de um clique...","potentialAction":[{"@type":"SearchAction","target":{"@type":"EntryPoint","urlTemplate":"https:\/\/www.altominho.tv\/site\/?s={search_term_string}"},"query-input":{"@type":"PropertyValueSpecification","valueRequired":true,"valueName":"search_term_string"}}],"inLanguage":"pt-PT"},{"@type":"Person","@id":"https:\/\/www.altominho.tv\/site\/#\/schema\/person\/4e536851627d7914baf3dac752b6af22","name":"Altominho.tv","image":{"@type":"ImageObject","inLanguage":"pt-PT","@id":"https:\/\/www.altominho.tv\/site\/wp-content\/uploads\/2019\/11\/Logo_Avatar_2-150x150.jpg","url":"https:\/\/www.altominho.tv\/site\/wp-content\/uploads\/2019\/11\/Logo_Avatar_2-150x150.jpg","contentUrl":"https:\/\/www.altominho.tv\/site\/wp-content\/uploads\/2019\/11\/Logo_Avatar_2-150x150.jpg","caption":"Altominho.tv"},"url":"https:\/\/www.altominho.tv\/site\/author\/altominhotv-tecnico\/"}]}},"_links":{"self":[{"href":"https:\/\/www.altominho.tv\/site\/wp-json\/wp\/v2\/posts\/109343","targetHints":{"allow":["GET"]}}],"collection":[{"href":"https:\/\/www.altominho.tv\/site\/wp-json\/wp\/v2\/posts"}],"about":[{"href":"https:\/\/www.altominho.tv\/site\/wp-json\/wp\/v2\/types\/post"}],"author":[{"embeddable":true,"href":"https:\/\/www.altominho.tv\/site\/wp-json\/wp\/v2\/users\/1"}],"replies":[{"embeddable":true,"href":"https:\/\/www.altominho.tv\/site\/wp-json\/wp\/v2\/comments?post=109343"}],"version-history":[{"count":3,"href":"https:\/\/www.altominho.tv\/site\/wp-json\/wp\/v2\/posts\/109343\/revisions"}],"predecessor-version":[{"id":109353,"href":"https:\/\/www.altominho.tv\/site\/wp-json\/wp\/v2\/posts\/109343\/revisions\/109353"}],"wp:featuredmedia":[{"embeddable":true,"href":"https:\/\/www.altominho.tv\/site\/wp-json\/wp\/v2\/media\/109344"}],"wp:attachment":[{"href":"https:\/\/www.altominho.tv\/site\/wp-json\/wp\/v2\/media?parent=109343"}],"wp:term":[{"taxonomy":"category","embeddable":true,"href":"https:\/\/www.altominho.tv\/site\/wp-json\/wp\/v2\/categories?post=109343"},{"taxonomy":"post_tag","embeddable":true,"href":"https:\/\/www.altominho.tv\/site\/wp-json\/wp\/v2\/tags?post=109343"}],"curies":[{"name":"wp","href":"https:\/\/api.w.org\/{rel}","templated":true}]}}